{"id":462788,"date":"2026-04-30T13:47:54","date_gmt":"2026-04-30T16:47:54","guid":{"rendered":"https:\/\/portaltela.pt\/noticias\/2026\/04\/30\/escultura-de-banksy-em-londres-expoe-cegueira-do-poder\/"},"modified":"2026-04-30T13:47:54","modified_gmt":"2026-04-30T16:47:54","slug":"escultura-de-banksy-em-londres-expoe-cegueira-do-poder","status":"publish","type":"post","link":"https:\/\/portaltela.pt\/lazer\/2026\/04\/30\/escultura-de-banksy-em-londres-expoe-cegueira-do-poder\/","title":{"rendered":"Escultura de Banksy em Londres exp\u00f5e cegueira do poder"},"content":{"rendered":"<p>A nova escultura de Banksy surgeu na quarta-feira num plinto em Waterloo Place, em St. James, no cora\u00e7\u00e3o de Londres. Um homem de facto, com o peito \u00e0 mostra, avan\u00e7a orgulhosamente segurando uma bandeira de grandes dimens\u00f5es que tapa-lhe o rosto. A pe\u00e7a fica a um passo do vazio.<\/p>\n<p>A obra foi anunciada num v\u00eddeo publicado na conta de Instagram do artista na tarde de hoje, confirmando a autoria. Waterloo Place \u00e9 descrita pela BBC como uma zona hist\u00f3rica, ladeada por est\u00e1tuas de figuras como Edward VII e Florence Nightingale.<\/p>\n<p>A est\u00e1tua sugere um coment\u00e1rio sobre poder e nacionalismo, com o homem a caminhar triunfante enquanto a bandeira impede a vis\u00e3o. Analysts ouvidos pela BBC associam a pe\u00e7a a cr\u00edticas ao imperialismo brit\u00e2nico e aos tempos pol\u00edticos atuais.<\/p>\n<h3>Contexto e liga\u00e7\u00f5es com trabalhos anteriores<\/h3>\n<p>Antes desta instala\u00e7\u00e3o, Banksy publicou trabalhos em Londres no final de 2025, incluindo uma pe\u00e7a no Pal\u00e1cio de Justi\u00e7a ligada a deten\u00e7\u00f5es de manifestantes contra a interven\u00e7\u00e3o em Gaza. Em Bayswater, houve uma obra com crian\u00e7as sem-abrigo, interpretada como um coment\u00e1rio sobre habita\u00e7\u00e3o na capital.<\/p>\n<p>Dados do The Guardian indicam que o n\u00famero de pessoas sem-abrigo em Inglaterra aumentou 45% desde 2012, contexto que algumas pe\u00e7as de Banksy t\u00eam vindo a reflectir de forma cr\u00edtica. O artista, associado a Robin Gunningham segundo a Reuters, mant\u00e9m-se sem pron\u00fancias p\u00fablicas sobre a identidade.<\/p>\n","protected":false},"excerpt":{"rendered":"<ul>\n<li>Uma escultura de Banksy foi instalada em Waterloo Place, no cora\u00e7\u00e3o de Londres, retratando um homem de fato a caminhar com uma bandeira gigante que lhe tapa o rosto, prestes a cair do pedestal.<\/li>\n<li>A obra foi revelada publicamente na quarta-feira, com a assinatura na base do plinto e confirma\u00e7\u00e3o da autoria num v\u00eddeo publicado no Instagram do artista na quinta-feira.<\/li>\n<li>A escolha do local e a imagem geram um coment\u00e1rio sobre o nacionalismo e o poder, associando o gesto de orgulho ao risco de queda.<\/li>\n<li>Banksy tem hist\u00f3rico de usar obras p\u00fablicas como coment\u00e1rio pol\u00edtico; anteriores interven\u00e7\u00f5es em Londres inclu\u00edram murais com tem\u00e1ticas de habita\u00e7\u00e3o e justi\u00e7a, em contextos de controv\u00e9rsia social.<\/li>\n<li>Em mar\u00e7o, a Reuters apontou que Robin Gunningham seria a identidade por detr\u00e1s do pseud\u00f3nimo Banksy, not\u00edcia que mant\u00e9m o artista sem se pronunciar sobre a sua identidade.<\/li>\n<\/ul>\n","protected":false},"author":2,"featured_media":462797,"comment_status":"closed","ping_status":"closed","sticky":false,"template":"","format":"standard","meta":{"footnotes":""},"categories":[7375,7381],"tags":[8036,7756,7983,8796,8484,7913],"class_list":["post-462788","post","type-post","status-publish","format-standard","has-post-thumbnail","hentry","category-cultura","category-lazer","tag-_arte","tag-_cultura","tag-_historia","tag-_londres","tag-_poder-publico","tag-_politica"],"yoast_head":"<!-- This site is optimized with the Yoast SEO plugin v27.2 - https:\/\/yoast.com\/product\/yoast-seo-wordpress\/ -->\n<title>Escultura de Banksy em Londres exp\u00f5e cegueira do poder - Portal Tela Portugal<\/title>\n<meta name=\"robots\" content=\"index, follow, max-snippet:-1, max-image-preview:large, max-video-preview:-1\" \/>\n<meta property=\"og:locale\" content=\"pt_PT\" \/>\n<meta property=\"og:type\" content=\"article\" \/>\n<meta property=\"og:title\" content=\"Escultura de Banksy em Londres exp\u00f5e cegueira do poder - Portal Tela Portugal\" \/>\n<meta property=\"og:description\" content=\"Uma escultura de Banksy foi instalada em Waterloo Place, no cora\u00e7\u00e3o de Londres, retratando um homem de fato a caminhar com uma bandeira gigante que lhe tapa o rosto, prestes a cair do pedestal. A obra foi revelada publicamente na quarta-feira, com a assinatura na base do plinto e confirma\u00e7\u00e3o da autoria num v\u00eddeo publicado no Instagram do artista na quinta-feira. A escolha do local e a imagem geram um coment\u00e1rio sobre o nacionalismo e o poder, associando o gesto de orgulho ao risco de queda. Banksy tem hist\u00f3rico de usar obras p\u00fablicas como coment\u00e1rio pol\u00edtico; anteriores interven\u00e7\u00f5es em Londres inclu\u00edram murais com tem\u00e1ticas de habita\u00e7\u00e3o e justi\u00e7a, em contextos de controv\u00e9rsia social. Em mar\u00e7o, a Reuters apontou que Robin Gunningham seria a identidade por detr\u00e1s do pseud\u00f3nimo Banksy, not\u00edcia que mant\u00e9m o artista sem se pronunciar sobre a sua identidade.\" \/>\n<meta property=\"og:url\" content=\"https:\/\/portaltela.pt\/noticias\/2026\/04\/30\/escultura-de-banksy-em-londres-expoe-cegueira-do-poder\/\" \/>\n<meta property=\"og:site_name\" content=\"Portal Tela Portugal\" \/>\n<meta property=\"article:published_time\" content=\"2026-04-30T16:47:54+00:00\" \/>\n<meta name=\"author\" content=\"Telinha\" \/>\n<meta name=\"twitter:card\" content=\"summary_large_image\" \/>\n<meta name=\"twitter:label1\" content=\"Escrito por\" \/>\n\t<meta name=\"twitter:data1\" content=\"Telinha\" \/>\n\t<meta name=\"twitter:label2\" content=\"Tempo estimado de leitura\" \/>\n\t<meta name=\"twitter:data2\" content=\"1 minuto\" \/>\n<script type=\"application\/ld+json\" class=\"yoast-schema-graph\">{\"@context\":\"https:\/\/schema.org\",\"@graph\":[{\"@type\":\"Article\",\"@id\":\"https:\/\/portaltela.pt\/noticias\/2026\/04\/30\/escultura-de-banksy-em-londres-expoe-cegueira-do-poder\/#article\",\"isPartOf\":{\"@id\":\"https:\/\/portaltela.pt\/noticias\/2026\/04\/30\/escultura-de-banksy-em-londres-expoe-cegueira-do-poder\/\"},\"author\":{\"name\":\"Telinha\",\"@id\":\"https:\/\/portaltela.pt\/#\/schema\/person\/c4278d4a6028830caff9ee44b42d32ed\"},\"headline\":\"Escultura de Banksy em Londres exp\u00f5e cegueira do poder\",\"datePublished\":\"2026-04-30T16:47:54+00:00\",\"mainEntityOfPage\":{\"@id\":\"https:\/\/portaltela.pt\/noticias\/2026\/04\/30\/escultura-de-banksy-em-londres-expoe-cegueira-do-poder\/\"},\"wordCount\":261,\"image\":{\"@id\":\"https:\/\/portaltela.pt\/noticias\/2026\/04\/30\/escultura-de-banksy-em-londres-expoe-cegueira-do-poder\/#primaryimage\"},\"thumbnailUrl\":\"https:\/\/portaltela.pt\/s.01k8rhncp4jt1\/2026\/04\/2085278.jpg\",\"keywords\":[\"_arte\",\"_cultura\",\"_hist\u00f3ria\",\"_Londres\",\"_poder p\u00fablico\",\"_pol\u00edtica\"],\"articleSection\":[\"Cultura\",\"Lazer\"],\"inLanguage\":\"pt-PT\"},{\"@type\":\"WebPage\",\"@id\":\"https:\/\/portaltela.pt\/noticias\/2026\/04\/30\/escultura-de-banksy-em-londres-expoe-cegueira-do-poder\/\",\"url\":\"https:\/\/portaltela.pt\/noticias\/2026\/04\/30\/escultura-de-banksy-em-londres-expoe-cegueira-do-poder\/\",\"name\":\"Escultura de Banksy em Londres exp\u00f5e cegueira do poder - Portal Tela Portugal\",\"isPartOf\":{\"@id\":\"https:\/\/portaltela.pt\/#website\"},\"primaryImageOfPage\":{\"@id\":\"https:\/\/portaltela.pt\/noticias\/2026\/04\/30\/escultura-de-banksy-em-londres-expoe-cegueira-do-poder\/#primaryimage\"},\"image\":{\"@id\":\"https:\/\/portaltela.pt\/noticias\/2026\/04\/30\/escultura-de-banksy-em-londres-expoe-cegueira-do-poder\/#primaryimage\"},\"thumbnailUrl\":\"https:\/\/portaltela.pt\/s.01k8rhncp4jt1\/2026\/04\/2085278.jpg\",\"datePublished\":\"2026-04-30T16:47:54+00:00\",\"author\":{\"@id\":\"https:\/\/portaltela.pt\/#\/schema\/person\/c4278d4a6028830caff9ee44b42d32ed\"},\"breadcrumb\":{\"@id\":\"https:\/\/portaltela.pt\/noticias\/2026\/04\/30\/escultura-de-banksy-em-londres-expoe-cegueira-do-poder\/#breadcrumb\"},\"inLanguage\":\"pt-PT\",\"potentialAction\":[{\"@type\":\"ReadAction\",\"target\":[\"https:\/\/portaltela.pt\/noticias\/2026\/04\/30\/escultura-de-banksy-em-londres-expoe-cegueira-do-poder\/\"]}]},{\"@type\":\"ImageObject\",\"inLanguage\":\"pt-PT\",\"@id\":\"https:\/\/portaltela.pt\/noticias\/2026\/04\/30\/escultura-de-banksy-em-londres-expoe-cegueira-do-poder\/#primaryimage\",\"url\":\"https:\/\/portaltela.pt\/s.01k8rhncp4jt1\/2026\/04\/2085278.jpg\",\"contentUrl\":\"https:\/\/portaltela.pt\/s.01k8rhncp4jt1\/2026\/04\/2085278.jpg\",\"width\":796,\"height\":448,\"caption\":\"A est\u00e1tua apareceu em Waterloo Place na quarta-feira, um dia antes de Banksy confirmar a sua autoria\"},{\"@type\":\"BreadcrumbList\",\"@id\":\"https:\/\/portaltela.pt\/noticias\/2026\/04\/30\/escultura-de-banksy-em-londres-expoe-cegueira-do-poder\/#breadcrumb\",\"itemListElement\":[{\"@type\":\"ListItem\",\"position\":1,\"name\":\"In\u00edcio\",\"item\":\"https:\/\/portaltela.pt\/\"},{\"@type\":\"ListItem\",\"position\":2,\"name\":\"Escultura de Banksy em Londres exp\u00f5e cegueira do poder\"}]},{\"@type\":\"WebSite\",\"@id\":\"https:\/\/portaltela.pt\/#website\",\"url\":\"https:\/\/portaltela.pt\/\",\"name\":\"Portal Tela Portugal\",\"description\":\"\",\"potentialAction\":[{\"@type\":\"SearchAction\",\"target\":{\"@type\":\"EntryPoint\",\"urlTemplate\":\"https:\/\/portaltela.pt\/?s={search_term_string}\"},\"query-input\":{\"@type\":\"PropertyValueSpecification\",\"valueRequired\":true,\"valueName\":\"search_term_string\"}}],\"inLanguage\":\"pt-PT\"},{\"@type\":\"Person\",\"@id\":\"https:\/\/portaltela.pt\/#\/schema\/person\/c4278d4a6028830caff9ee44b42d32ed\",\"name\":\"Telinha\",\"image\":{\"@type\":\"ImageObject\",\"inLanguage\":\"pt-PT\",\"@id\":\"https:\/\/portaltela.pt\/s.01k8rhncp4jt1\/2025\/11\/talking-bot-125x125.png\",\"url\":\"https:\/\/portaltela.pt\/s.01k8rhncp4jt1\/2025\/11\/talking-bot-125x125.png\",\"contentUrl\":\"https:\/\/portaltela.pt\/s.01k8rhncp4jt1\/2025\/11\/talking-bot-125x125.png\",\"caption\":\"Telinha\"},\"sameAs\":[\"https:\/\/portaltela.pt\/\"],\"url\":\"https:\/\/portaltela.pt\/por\/367410592786\/\"}]}<\/script>\n<!-- \/ Yoast SEO plugin. -->","yoast_head_json":{"title":"Escultura de Banksy em Londres exp\u00f5e cegueira do poder - Portal Tela Portugal","robots":{"index":"index","follow":"follow","max-snippet":"max-snippet:-1","max-image-preview":"max-image-preview:large","max-video-preview":"max-video-preview:-1"},"og_locale":"pt_PT","og_type":"article","og_title":"Escultura de Banksy em Londres exp\u00f5e cegueira do poder - Portal Tela Portugal","og_description":"Uma escultura de Banksy foi instalada em Waterloo Place, no cora\u00e7\u00e3o de Londres, retratando um homem de fato a caminhar com uma bandeira gigante que lhe tapa o rosto, prestes a cair do pedestal. A obra foi revelada publicamente na quarta-feira, com a assinatura na base do plinto e confirma\u00e7\u00e3o da autoria num v\u00eddeo publicado no Instagram do artista na quinta-feira. A escolha do local e a imagem geram um coment\u00e1rio sobre o nacionalismo e o poder, associando o gesto de orgulho ao risco de queda. Banksy tem hist\u00f3rico de usar obras p\u00fablicas como coment\u00e1rio pol\u00edtico; anteriores interven\u00e7\u00f5es em Londres inclu\u00edram murais com tem\u00e1ticas de habita\u00e7\u00e3o e justi\u00e7a, em contextos de controv\u00e9rsia social. Em mar\u00e7o, a Reuters apontou que Robin Gunningham seria a identidade por detr\u00e1s do pseud\u00f3nimo Banksy, not\u00edcia que mant\u00e9m o artista sem se pronunciar sobre a sua identidade.","og_url":"https:\/\/portaltela.pt\/noticias\/2026\/04\/30\/escultura-de-banksy-em-londres-expoe-cegueira-do-poder\/","og_site_name":"Portal Tela Portugal","article_published_time":"2026-04-30T16:47:54+00:00","author":"Telinha","twitter_card":"summary_large_image","twitter_misc":{"Escrito por":"Telinha","Tempo estimado de leitura":"1 minuto"},"schema":{"@context":"https:\/\/schema.org","@graph":[{"@type":"Article","@id":"https:\/\/portaltela.pt\/noticias\/2026\/04\/30\/escultura-de-banksy-em-londres-expoe-cegueira-do-poder\/#article","isPartOf":{"@id":"https:\/\/portaltela.pt\/noticias\/2026\/04\/30\/escultura-de-banksy-em-londres-expoe-cegueira-do-poder\/"},"author":{"name":"Telinha","@id":"https:\/\/portaltela.pt\/#\/schema\/person\/c4278d4a6028830caff9ee44b42d32ed"},"headline":"Escultura de Banksy em Londres exp\u00f5e cegueira do poder","datePublished":"2026-04-30T16:47:54+00:00","mainEntityOfPage":{"@id":"https:\/\/portaltela.pt\/noticias\/2026\/04\/30\/escultura-de-banksy-em-londres-expoe-cegueira-do-poder\/"},"wordCount":261,"image":{"@id":"https:\/\/portaltela.pt\/noticias\/2026\/04\/30\/escultura-de-banksy-em-londres-expoe-cegueira-do-poder\/#primaryimage"},"thumbnailUrl":"https:\/\/portaltela.pt\/s.01k8rhncp4jt1\/2026\/04\/2085278.jpg","keywords":["_arte","_cultura","_hist\u00f3ria","_Londres","_poder p\u00fablico","_pol\u00edtica"],"articleSection":["Cultura","Lazer"],"inLanguage":"pt-PT"},{"@type":"WebPage","@id":"https:\/\/portaltela.pt\/noticias\/2026\/04\/30\/escultura-de-banksy-em-londres-expoe-cegueira-do-poder\/","url":"https:\/\/portaltela.pt\/noticias\/2026\/04\/30\/escultura-de-banksy-em-londres-expoe-cegueira-do-poder\/","name":"Escultura de Banksy em Londres exp\u00f5e cegueira do poder - Portal Tela Portugal","isPartOf":{"@id":"https:\/\/portaltela.pt\/#website"},"primaryImageOfPage":{"@id":"https:\/\/portaltela.pt\/noticias\/2026\/04\/30\/escultura-de-banksy-em-londres-expoe-cegueira-do-poder\/#primaryimage"},"image":{"@id":"https:\/\/portaltela.pt\/noticias\/2026\/04\/30\/escultura-de-banksy-em-londres-expoe-cegueira-do-poder\/#primaryimage"},"thumbnailUrl":"https:\/\/portaltela.pt\/s.01k8rhncp4jt1\/2026\/04\/2085278.jpg","datePublished":"2026-04-30T16:47:54+00:00","author":{"@id":"https:\/\/portaltela.pt\/#\/schema\/person\/c4278d4a6028830caff9ee44b42d32ed"},"breadcrumb":{"@id":"https:\/\/portaltela.pt\/noticias\/2026\/04\/30\/escultura-de-banksy-em-londres-expoe-cegueira-do-poder\/#breadcrumb"},"inLanguage":"pt-PT","potentialAction":[{"@type":"ReadAction","target":["https:\/\/portaltela.pt\/noticias\/2026\/04\/30\/escultura-de-banksy-em-londres-expoe-cegueira-do-poder\/"]}]},{"@type":"ImageObject","inLanguage":"pt-PT","@id":"https:\/\/portaltela.pt\/noticias\/2026\/04\/30\/escultura-de-banksy-em-londres-expoe-cegueira-do-poder\/#primaryimage","url":"https:\/\/portaltela.pt\/s.01k8rhncp4jt1\/2026\/04\/2085278.jpg","contentUrl":"https:\/\/portaltela.pt\/s.01k8rhncp4jt1\/2026\/04\/2085278.jpg","width":796,"height":448,"caption":"A est\u00e1tua apareceu em Waterloo Place na quarta-feira, um dia antes de Banksy confirmar a sua autoria"},{"@type":"BreadcrumbList","@id":"https:\/\/portaltela.pt\/noticias\/2026\/04\/30\/escultura-de-banksy-em-londres-expoe-cegueira-do-poder\/#breadcrumb","itemListElement":[{"@type":"ListItem","position":1,"name":"In\u00edcio","item":"https:\/\/portaltela.pt\/"},{"@type":"ListItem","position":2,"name":"Escultura de Banksy em Londres exp\u00f5e cegueira do poder"}]},{"@type":"WebSite","@id":"https:\/\/portaltela.pt\/#website","url":"https:\/\/portaltela.pt\/","name":"Portal Tela Portugal","description":"","potentialAction":[{"@type":"SearchAction","target":{"@type":"EntryPoint","urlTemplate":"https:\/\/portaltela.pt\/?s={search_term_string}"},"query-input":{"@type":"PropertyValueSpecification","valueRequired":true,"valueName":"search_term_string"}}],"inLanguage":"pt-PT"},{"@type":"Person","@id":"https:\/\/portaltela.pt\/#\/schema\/person\/c4278d4a6028830caff9ee44b42d32ed","name":"Telinha","image":{"@type":"ImageObject","inLanguage":"pt-PT","@id":"https:\/\/portaltela.pt\/s.01k8rhncp4jt1\/2025\/11\/talking-bot-125x125.png","url":"https:\/\/portaltela.pt\/s.01k8rhncp4jt1\/2025\/11\/talking-bot-125x125.png","contentUrl":"https:\/\/portaltela.pt\/s.01k8rhncp4jt1\/2025\/11\/talking-bot-125x125.png","caption":"Telinha"},"sameAs":["https:\/\/portaltela.pt\/"],"url":"https:\/\/portaltela.pt\/por\/367410592786\/"}]}},"_links":{"self":[{"href":"https:\/\/portaltela.pt\/api\/wp\/v2\/posts\/462788","targetHints":{"allow":["GET"]}}],"collection":[{"href":"https:\/\/portaltela.pt\/api\/wp\/v2\/posts"}],"about":[{"href":"https:\/\/portaltela.pt\/api\/wp\/v2\/types\/post"}],"author":[{"embeddable":true,"href":"https:\/\/portaltela.pt\/api\/wp\/v2\/users\/2"}],"replies":[{"embeddable":true,"href":"https:\/\/portaltela.pt\/api\/wp\/v2\/comments?post=462788"}],"version-history":[{"count":0,"href":"https:\/\/portaltela.pt\/api\/wp\/v2\/posts\/462788\/revisions"}],"wp:featuredmedia":[{"embeddable":true,"href":"https:\/\/portaltela.pt\/api\/wp\/v2\/media\/462797"}],"wp:attachment":[{"href":"https:\/\/portaltela.pt\/api\/wp\/v2\/media?parent=462788"}],"wp:term":[{"taxonomy":"category","embeddable":true,"href":"https:\/\/portaltela.pt\/api\/wp\/v2\/categories?post=462788"},{"taxonomy":"post_tag","embeddable":true,"href":"https:\/\/portaltela.pt\/api\/wp\/v2\/tags?post=462788"}],"curies":[{"name":"wp","href":"https:\/\/api.w.org\/{rel}","templated":true}]}}