{"id":462779,"date":"2026-04-30T13:47:47","date_gmt":"2026-04-30T16:47:47","guid":{"rendered":"https:\/\/portaltela.pt\/noticias\/2026\/04\/30\/pm-britanico-vaiado-durante-visita-a-bairro-judeu-apos-ataque-antissemita\/"},"modified":"2026-04-30T13:47:47","modified_gmt":"2026-04-30T16:47:47","slug":"pm-britanico-vaiado-durante-visita-a-bairro-judeu-apos-ataque-antissemita","status":"publish","type":"post","link":"https:\/\/portaltela.pt\/noticias\/internacional\/2026\/04\/30\/pm-britanico-vaiado-durante-visita-a-bairro-judeu-apos-ataque-antissemita\/","title":{"rendered":"PM brit\u00e2nico vaiado durante visita a bairro judeu ap\u00f3s ataque antissemita"},"content":{"rendered":"<p>O Primeiro-Ministro brit\u00e2nico foi vaiado durante uma visita a um bairro de popula\u00e7\u00e3o judaica, ap\u00f3s um ataque antissemita divulgado recentemente. A visita teve como objetivo mostrar apoio \u00e0 comunidade e condenar o ato de viol\u00eancia.<\/p>\n<p>Fontes oficiais n\u00e3o confirmaram detalhes adicionais sobre a data, o local exato da passagem ou quem participou na vaiada. A comunica\u00e7\u00e3o do governo indica que a a\u00e7\u00e3o foi pautada pela solidariedade \u00e0s v\u00edtimas.<\/p>\n<p>Analistas dizem que a rea\u00e7\u00e3o p\u00fablica pode refletir tens\u00f5es locais e a sensibilidade do tema, especialmente em ambientes comunit\u00e1rios atingidos pelo medo. A cr\u00edtica n\u00e3o altera o tom oficial de condena\u00e7\u00e3o ao ataque.<\/p>\n","protected":false},"excerpt":{"rendered":"<ul>\n<li>O primeiro-ministro brit\u00e2nico foi vaiado durante uma visita a um bairro judaico.<\/li>\n<li>A visita ocorreu ap\u00f3s um ataque antissemita na regi\u00e3o.<\/li>\n<li>O epis\u00f3dio ocorre no contexto de tens\u00f5es entre comunidades locais e autoridades.<\/li>\n<\/ul>\n","protected":false},"author":2,"featured_media":462790,"comment_status":"closed","ping_status":"closed","sticky":false,"template":"","format":"standard","meta":{"footnotes":""},"categories":[4,7127],"tags":[8504,8475,8668,7952,7913,8101],"class_list":["post-462779","post","type-post","status-publish","format-standard","has-post-thumbnail","hentry","category-internacional","category-politica-internacional","tag-_antissemitismo","tag-_comunidade","tag-_condenacao","tag-_governo","tag-_politica","tag-_reino-unido"],"yoast_head":"<!-- This site is optimized with the Yoast SEO plugin v27.2 - https:\/\/yoast.com\/product\/yoast-seo-wordpress\/ -->\n<title>PM brit\u00e2nico vaiado durante visita a bairro judeu ap\u00f3s ataque antissemita - Portal Tela Portugal<\/title>\n<meta name=\"robots\" content=\"index, follow, max-snippet:-1, max-image-preview:large, max-video-preview:-1\" \/>\n<meta property=\"og:locale\" content=\"pt_PT\" \/>\n<meta property=\"og:type\" content=\"article\" \/>\n<meta property=\"og:title\" content=\"PM brit\u00e2nico vaiado durante visita a bairro judeu ap\u00f3s ataque antissemita - Portal Tela Portugal\" \/>\n<meta property=\"og:description\" content=\"O primeiro-ministro brit\u00e2nico foi vaiado durante uma visita a um bairro judaico. A visita ocorreu ap\u00f3s um ataque antissemita na regi\u00e3o. O epis\u00f3dio ocorre no contexto de tens\u00f5es entre comunidades locais e autoridades.\" \/>\n<meta property=\"og:url\" content=\"https:\/\/portaltela.pt\/noticias\/2026\/04\/30\/pm-britanico-vaiado-durante-visita-a-bairro-judeu-apos-ataque-antissemita\/\" \/>\n<meta property=\"og:site_name\" content=\"Portal Tela Portugal\" \/>\n<meta property=\"article:published_time\" content=\"2026-04-30T16:47:47+00:00\" \/>\n<meta name=\"author\" content=\"Telinha\" \/>\n<meta name=\"twitter:card\" content=\"summary_large_image\" \/>\n<meta name=\"twitter:label1\" content=\"Escrito por\" \/>\n\t<meta name=\"twitter:data1\" content=\"Telinha\" \/>\n\t<meta name=\"twitter:label2\" content=\"Tempo estimado de leitura\" \/>\n\t<meta name=\"twitter:data2\" content=\"1 minuto\" \/>\n<script type=\"application\/ld+json\" class=\"yoast-schema-graph\">{\"@context\":\"https:\/\/schema.org\",\"@graph\":[{\"@type\":\"Article\",\"@id\":\"https:\/\/portaltela.pt\/noticias\/2026\/04\/30\/pm-britanico-vaiado-durante-visita-a-bairro-judeu-apos-ataque-antissemita\/#article\",\"isPartOf\":{\"@id\":\"https:\/\/portaltela.pt\/noticias\/2026\/04\/30\/pm-britanico-vaiado-durante-visita-a-bairro-judeu-apos-ataque-antissemita\/\"},\"author\":{\"name\":\"Telinha\",\"@id\":\"https:\/\/portaltela.pt\/#\/schema\/person\/c4278d4a6028830caff9ee44b42d32ed\"},\"headline\":\"PM brit\u00e2nico vaiado durante visita a bairro judeu ap\u00f3s ataque antissemita\",\"datePublished\":\"2026-04-30T16:47:47+00:00\",\"mainEntityOfPage\":{\"@id\":\"https:\/\/portaltela.pt\/noticias\/2026\/04\/30\/pm-britanico-vaiado-durante-visita-a-bairro-judeu-apos-ataque-antissemita\/\"},\"wordCount\":128,\"image\":{\"@id\":\"https:\/\/portaltela.pt\/noticias\/2026\/04\/30\/pm-britanico-vaiado-durante-visita-a-bairro-judeu-apos-ataque-antissemita\/#primaryimage\"},\"thumbnailUrl\":\"https:\/\/portaltela.pt\/s.01k8rhncp4jt1\/2026\/04\/CACHE_780X1200_ANALOG_WATERMARKED_47022556_10188044095623.jpg\",\"keywords\":[\"_antissemitismo\",\"_comunidade\",\"_condena\u00e7\u00e3o\",\"_governo\",\"_pol\u00edtica\",\"_Reino Unido\"],\"articleSection\":[\"Internacional\",\"Pol\u00edtica Internacional\"],\"inLanguage\":\"pt-PT\"},{\"@type\":\"WebPage\",\"@id\":\"https:\/\/portaltela.pt\/noticias\/2026\/04\/30\/pm-britanico-vaiado-durante-visita-a-bairro-judeu-apos-ataque-antissemita\/\",\"url\":\"https:\/\/portaltela.pt\/noticias\/2026\/04\/30\/pm-britanico-vaiado-durante-visita-a-bairro-judeu-apos-ataque-antissemita\/\",\"name\":\"PM brit\u00e2nico vaiado durante visita a bairro judeu ap\u00f3s ataque antissemita - Portal Tela Portugal\",\"isPartOf\":{\"@id\":\"https:\/\/portaltela.pt\/#website\"},\"primaryImageOfPage\":{\"@id\":\"https:\/\/portaltela.pt\/noticias\/2026\/04\/30\/pm-britanico-vaiado-durante-visita-a-bairro-judeu-apos-ataque-antissemita\/#primaryimage\"},\"image\":{\"@id\":\"https:\/\/portaltela.pt\/noticias\/2026\/04\/30\/pm-britanico-vaiado-durante-visita-a-bairro-judeu-apos-ataque-antissemita\/#primaryimage\"},\"thumbnailUrl\":\"https:\/\/portaltela.pt\/s.01k8rhncp4jt1\/2026\/04\/CACHE_780X1200_ANALOG_WATERMARKED_47022556_10188044095623.jpg\",\"datePublished\":\"2026-04-30T16:47:47+00:00\",\"author\":{\"@id\":\"https:\/\/portaltela.pt\/#\/schema\/person\/c4278d4a6028830caff9ee44b42d32ed\"},\"breadcrumb\":{\"@id\":\"https:\/\/portaltela.pt\/noticias\/2026\/04\/30\/pm-britanico-vaiado-durante-visita-a-bairro-judeu-apos-ataque-antissemita\/#breadcrumb\"},\"inLanguage\":\"pt-PT\",\"potentialAction\":[{\"@type\":\"ReadAction\",\"target\":[\"https:\/\/portaltela.pt\/noticias\/2026\/04\/30\/pm-britanico-vaiado-durante-visita-a-bairro-judeu-apos-ataque-antissemita\/\"]}]},{\"@type\":\"ImageObject\",\"inLanguage\":\"pt-PT\",\"@id\":\"https:\/\/portaltela.pt\/noticias\/2026\/04\/30\/pm-britanico-vaiado-durante-visita-a-bairro-judeu-apos-ataque-antissemita\/#primaryimage\",\"url\":\"https:\/\/portaltela.pt\/s.01k8rhncp4jt1\/2026\/04\/CACHE_780X1200_ANALOG_WATERMARKED_47022556_10188044095623.jpg\",\"contentUrl\":\"https:\/\/portaltela.pt\/s.01k8rhncp4jt1\/2026\/04\/CACHE_780X1200_ANALOG_WATERMARKED_47022556_10188044095623.jpg\",\"width\":796,\"height\":448,\"caption\":\"Photo\"},{\"@type\":\"BreadcrumbList\",\"@id\":\"https:\/\/portaltela.pt\/noticias\/2026\/04\/30\/pm-britanico-vaiado-durante-visita-a-bairro-judeu-apos-ataque-antissemita\/#breadcrumb\",\"itemListElement\":[{\"@type\":\"ListItem\",\"position\":1,\"name\":\"In\u00edcio\",\"item\":\"https:\/\/portaltela.pt\/\"},{\"@type\":\"ListItem\",\"position\":2,\"name\":\"PM brit\u00e2nico vaiado durante visita a bairro judeu ap\u00f3s ataque antissemita\"}]},{\"@type\":\"WebSite\",\"@id\":\"https:\/\/portaltela.pt\/#website\",\"url\":\"https:\/\/portaltela.pt\/\",\"name\":\"Portal Tela Portugal\",\"description\":\"\",\"potentialAction\":[{\"@type\":\"SearchAction\",\"target\":{\"@type\":\"EntryPoint\",\"urlTemplate\":\"https:\/\/portaltela.pt\/?s={search_term_string}\"},\"query-input\":{\"@type\":\"PropertyValueSpecification\",\"valueRequired\":true,\"valueName\":\"search_term_string\"}}],\"inLanguage\":\"pt-PT\"},{\"@type\":\"Person\",\"@id\":\"https:\/\/portaltela.pt\/#\/schema\/person\/c4278d4a6028830caff9ee44b42d32ed\",\"name\":\"Telinha\",\"image\":{\"@type\":\"ImageObject\",\"inLanguage\":\"pt-PT\",\"@id\":\"https:\/\/portaltela.pt\/s.01k8rhncp4jt1\/2025\/11\/talking-bot-125x125.png\",\"url\":\"https:\/\/portaltela.pt\/s.01k8rhncp4jt1\/2025\/11\/talking-bot-125x125.png\",\"contentUrl\":\"https:\/\/portaltela.pt\/s.01k8rhncp4jt1\/2025\/11\/talking-bot-125x125.png\",\"caption\":\"Telinha\"},\"sameAs\":[\"https:\/\/portaltela.pt\/\"],\"url\":\"https:\/\/portaltela.pt\/por\/367410592786\/\"}]}<\/script>\n<!-- \/ Yoast SEO plugin. -->","yoast_head_json":{"title":"PM brit\u00e2nico vaiado durante visita a bairro judeu ap\u00f3s ataque antissemita - Portal Tela Portugal","robots":{"index":"index","follow":"follow","max-snippet":"max-snippet:-1","max-image-preview":"max-image-preview:large","max-video-preview":"max-video-preview:-1"},"og_locale":"pt_PT","og_type":"article","og_title":"PM brit\u00e2nico vaiado durante visita a bairro judeu ap\u00f3s ataque antissemita - Portal Tela Portugal","og_description":"O primeiro-ministro brit\u00e2nico foi vaiado durante uma visita a um bairro judaico. A visita ocorreu ap\u00f3s um ataque antissemita na regi\u00e3o. O epis\u00f3dio ocorre no contexto de tens\u00f5es entre comunidades locais e autoridades.","og_url":"https:\/\/portaltela.pt\/noticias\/2026\/04\/30\/pm-britanico-vaiado-durante-visita-a-bairro-judeu-apos-ataque-antissemita\/","og_site_name":"Portal Tela Portugal","article_published_time":"2026-04-30T16:47:47+00:00","author":"Telinha","twitter_card":"summary_large_image","twitter_misc":{"Escrito por":"Telinha","Tempo estimado de leitura":"1 minuto"},"schema":{"@context":"https:\/\/schema.org","@graph":[{"@type":"Article","@id":"https:\/\/portaltela.pt\/noticias\/2026\/04\/30\/pm-britanico-vaiado-durante-visita-a-bairro-judeu-apos-ataque-antissemita\/#article","isPartOf":{"@id":"https:\/\/portaltela.pt\/noticias\/2026\/04\/30\/pm-britanico-vaiado-durante-visita-a-bairro-judeu-apos-ataque-antissemita\/"},"author":{"name":"Telinha","@id":"https:\/\/portaltela.pt\/#\/schema\/person\/c4278d4a6028830caff9ee44b42d32ed"},"headline":"PM brit\u00e2nico vaiado durante visita a bairro judeu ap\u00f3s ataque antissemita","datePublished":"2026-04-30T16:47:47+00:00","mainEntityOfPage":{"@id":"https:\/\/portaltela.pt\/noticias\/2026\/04\/30\/pm-britanico-vaiado-durante-visita-a-bairro-judeu-apos-ataque-antissemita\/"},"wordCount":128,"image":{"@id":"https:\/\/portaltela.pt\/noticias\/2026\/04\/30\/pm-britanico-vaiado-durante-visita-a-bairro-judeu-apos-ataque-antissemita\/#primaryimage"},"thumbnailUrl":"https:\/\/portaltela.pt\/s.01k8rhncp4jt1\/2026\/04\/CACHE_780X1200_ANALOG_WATERMARKED_47022556_10188044095623.jpg","keywords":["_antissemitismo","_comunidade","_condena\u00e7\u00e3o","_governo","_pol\u00edtica","_Reino Unido"],"articleSection":["Internacional","Pol\u00edtica Internacional"],"inLanguage":"pt-PT"},{"@type":"WebPage","@id":"https:\/\/portaltela.pt\/noticias\/2026\/04\/30\/pm-britanico-vaiado-durante-visita-a-bairro-judeu-apos-ataque-antissemita\/","url":"https:\/\/portaltela.pt\/noticias\/2026\/04\/30\/pm-britanico-vaiado-durante-visita-a-bairro-judeu-apos-ataque-antissemita\/","name":"PM brit\u00e2nico vaiado durante visita a bairro judeu ap\u00f3s ataque antissemita - Portal Tela Portugal","isPartOf":{"@id":"https:\/\/portaltela.pt\/#website"},"primaryImageOfPage":{"@id":"https:\/\/portaltela.pt\/noticias\/2026\/04\/30\/pm-britanico-vaiado-durante-visita-a-bairro-judeu-apos-ataque-antissemita\/#primaryimage"},"image":{"@id":"https:\/\/portaltela.pt\/noticias\/2026\/04\/30\/pm-britanico-vaiado-durante-visita-a-bairro-judeu-apos-ataque-antissemita\/#primaryimage"},"thumbnailUrl":"https:\/\/portaltela.pt\/s.01k8rhncp4jt1\/2026\/04\/CACHE_780X1200_ANALOG_WATERMARKED_47022556_10188044095623.jpg","datePublished":"2026-04-30T16:47:47+00:00","author":{"@id":"https:\/\/portaltela.pt\/#\/schema\/person\/c4278d4a6028830caff9ee44b42d32ed"},"breadcrumb":{"@id":"https:\/\/portaltela.pt\/noticias\/2026\/04\/30\/pm-britanico-vaiado-durante-visita-a-bairro-judeu-apos-ataque-antissemita\/#breadcrumb"},"inLanguage":"pt-PT","potentialAction":[{"@type":"ReadAction","target":["https:\/\/portaltela.pt\/noticias\/2026\/04\/30\/pm-britanico-vaiado-durante-visita-a-bairro-judeu-apos-ataque-antissemita\/"]}]},{"@type":"ImageObject","inLanguage":"pt-PT","@id":"https:\/\/portaltela.pt\/noticias\/2026\/04\/30\/pm-britanico-vaiado-durante-visita-a-bairro-judeu-apos-ataque-antissemita\/#primaryimage","url":"https:\/\/portaltela.pt\/s.01k8rhncp4jt1\/2026\/04\/CACHE_780X1200_ANALOG_WATERMARKED_47022556_10188044095623.jpg","contentUrl":"https:\/\/portaltela.pt\/s.01k8rhncp4jt1\/2026\/04\/CACHE_780X1200_ANALOG_WATERMARKED_47022556_10188044095623.jpg","width":796,"height":448,"caption":"Photo"},{"@type":"BreadcrumbList","@id":"https:\/\/portaltela.pt\/noticias\/2026\/04\/30\/pm-britanico-vaiado-durante-visita-a-bairro-judeu-apos-ataque-antissemita\/#breadcrumb","itemListElement":[{"@type":"ListItem","position":1,"name":"In\u00edcio","item":"https:\/\/portaltela.pt\/"},{"@type":"ListItem","position":2,"name":"PM brit\u00e2nico vaiado durante visita a bairro judeu ap\u00f3s ataque antissemita"}]},{"@type":"WebSite","@id":"https:\/\/portaltela.pt\/#website","url":"https:\/\/portaltela.pt\/","name":"Portal Tela Portugal","description":"","potentialAction":[{"@type":"SearchAction","target":{"@type":"EntryPoint","urlTemplate":"https:\/\/portaltela.pt\/?s={search_term_string}"},"query-input":{"@type":"PropertyValueSpecification","valueRequired":true,"valueName":"search_term_string"}}],"inLanguage":"pt-PT"},{"@type":"Person","@id":"https:\/\/portaltela.pt\/#\/schema\/person\/c4278d4a6028830caff9ee44b42d32ed","name":"Telinha","image":{"@type":"ImageObject","inLanguage":"pt-PT","@id":"https:\/\/portaltela.pt\/s.01k8rhncp4jt1\/2025\/11\/talking-bot-125x125.png","url":"https:\/\/portaltela.pt\/s.01k8rhncp4jt1\/2025\/11\/talking-bot-125x125.png","contentUrl":"https:\/\/portaltela.pt\/s.01k8rhncp4jt1\/2025\/11\/talking-bot-125x125.png","caption":"Telinha"},"sameAs":["https:\/\/portaltela.pt\/"],"url":"https:\/\/portaltela.pt\/por\/367410592786\/"}]}},"_links":{"self":[{"href":"https:\/\/portaltela.pt\/api\/wp\/v2\/posts\/462779","targetHints":{"allow":["GET"]}}],"collection":[{"href":"https:\/\/portaltela.pt\/api\/wp\/v2\/posts"}],"about":[{"href":"https:\/\/portaltela.pt\/api\/wp\/v2\/types\/post"}],"author":[{"embeddable":true,"href":"https:\/\/portaltela.pt\/api\/wp\/v2\/users\/2"}],"replies":[{"embeddable":true,"href":"https:\/\/portaltela.pt\/api\/wp\/v2\/comments?post=462779"}],"version-history":[{"count":0,"href":"https:\/\/portaltela.pt\/api\/wp\/v2\/posts\/462779\/revisions"}],"wp:featuredmedia":[{"embeddable":true,"href":"https:\/\/portaltela.pt\/api\/wp\/v2\/media\/462790"}],"wp:attachment":[{"href":"https:\/\/portaltela.pt\/api\/wp\/v2\/media?parent=462779"}],"wp:term":[{"taxonomy":"category","embeddable":true,"href":"https:\/\/portaltela.pt\/api\/wp\/v2\/categories?post=462779"},{"taxonomy":"post_tag","embeddable":true,"href":"https:\/\/portaltela.pt\/api\/wp\/v2\/tags?post=462779"}],"curies":[{"name":"wp","href":"https:\/\/api.w.org\/{rel}","templated":true}]}}