{"id":462778,"date":"2026-04-30T13:47:45","date_gmt":"2026-04-30T16:47:45","guid":{"rendered":"https:\/\/portaltela.pt\/noticias\/2026\/04\/30\/iniciativa-liberal-lamenta-greve-geral-e-critica-centrais-sindicais\/"},"modified":"2026-04-30T13:47:45","modified_gmt":"2026-04-30T16:47:45","slug":"iniciativa-liberal-lamenta-greve-geral-e-critica-centrais-sindicais","status":"publish","type":"post","link":"https:\/\/portaltela.pt\/noticias\/politica\/2026\/04\/30\/iniciativa-liberal-lamenta-greve-geral-e-critica-centrais-sindicais\/","title":{"rendered":"Iniciativa Liberal lamenta greve geral e cr\u00edtica centrais sindicais"},"content":{"rendered":"<p>A Iniciativa Liberal comunicou a sua posi\u00e7\u00e3o sobre uma eventual nova greve geral, lamentando a possibilidade e criticando as centrais sindicais. A l\u00edder do partido, Mariana Leit\u00e3o, disse aos jornalistas que a paragem estaria ligada \u00e0 revis\u00e3o da lei laboral. A interven\u00e7\u00e3o ocorreu \u00e0 margem da feira Ovibeja, em Beja.<\/p>\n<p>A presidente afirmou que qualquer altera\u00e7\u00e3o laboral fica condicionada pela actua\u00e7\u00e3o das centrais sindicais, que disse representar poucos trabalhadores e estarem ligadas a uma vis\u00e3o do passado. A IL v\u00ea essa mentalidade como entrave \u00e0 moderniza\u00e7\u00e3o.<\/p>\n<p>Mariana Leit\u00e3o reiterou que o partido est\u00e1 do lado oposto, visando melhores sal\u00e1rios, crescimento econ\u00f3mico e maior produ\u00e7\u00e3o de riqueza para uma vida digna. A l\u00edder disse que o pa\u00eds precisa de avan\u00e7os que beneficiem a generalidade da popula\u00e7\u00e3o.<\/p>\n<p>Sobre a proposta de descer a idade da reforma, a l\u00edder liberal considerou-a irrealista e destinada a ganhos eleitorais. Alega que tal medida compromete a sustentabilidade da Seguran\u00e7a Social e o sistema de pens\u00f5es.<\/p>\n<p>A respons\u00e1vel pela IL alertou que a medida pode aumentar a precariedade entre os jovens e criar um cen\u00e1rio de pens\u00f5es inadequadas no futuro. Prop\u00f4s em alternativa incentivar poupan\u00e7a e reduzir impostos sobre a poupan\u00e7a.<\/p>\n<h3>Ponto de vista econ\u00f3mico e social<\/h3>\n<p>Os liberais defendem uma pol\u00edtica que promova poupan\u00e7a privada e um pilar de capitaliza\u00e7\u00e3o para a Seguran\u00e7a Social. O objetivo \u00e9 assegurar estabilidade financeira para as pens\u00f5es e reduzir depend\u00eancia de apoios correntes.<\/p>\n","protected":false},"excerpt":{"rendered":"<ul>\n<li>A presidente da Iniciativa Liberal, Mariana Leit\u00e3o, lamentou a eventual marca\u00e7\u00e3o de uma nova greve geral contra a revis\u00e3o da lei laboral.<\/li>\n<li>Acrescentou que as centrais sindicais representam \u201cmuito poucos trabalhadores\u201d e est\u00e3o \u201camarradas ao s\u00e9culo passado\u201d.<\/li>\n<li>Afirmou que esse condicionado impede altera\u00e7\u00f5es no pa\u00eds, levando a resist\u00eancia ou greve sempre que algo muda, mesmo que seja positivo.<\/li>\n<li>A IL diz estar \u201cdo lado oposto\u201d e defender melhores sal\u00e1rios, mais crescimento econ\u00f3mico e mais produ\u00e7\u00e3o de riqueza para garantir uma vida digna.<\/li>\n<li>Comentou ainda a proposta de descida da idade da reforma do Chega, considerando-a irrealista por poder comprometer a sustentabilidade da Seguran\u00e7a Social e as pens\u00f5es.<\/li>\n<\/ul>\n","protected":false},"author":2,"featured_media":462795,"comment_status":"closed","ping_status":"closed","sticky":false,"template":"","format":"standard","meta":{"footnotes":""},"categories":[1,5],"tags":[10041,1164,1482,8917,1733,243],"class_list":["post-462778","post","type-post","status-publish","format-standard","has-post-thumbnail","hentry","category-noticias","category-politica","tag-capitalizacao","tag-greve","tag-iniciativa-liberal","tag-lei-do-trabalho","tag-poupanca","tag-seguranca-social"],"yoast_head":"<!-- This site is optimized with the Yoast SEO plugin v27.2 - https:\/\/yoast.com\/product\/yoast-seo-wordpress\/ -->\n<title>Iniciativa Liberal lamenta greve geral e cr\u00edtica centrais sindicais - Portal Tela Portugal<\/title>\n<meta name=\"robots\" content=\"index, follow, max-snippet:-1, max-image-preview:large, max-video-preview:-1\" \/>\n<meta property=\"og:locale\" content=\"pt_PT\" \/>\n<meta property=\"og:type\" content=\"article\" \/>\n<meta property=\"og:title\" content=\"Iniciativa Liberal lamenta greve geral e cr\u00edtica centrais sindicais - Portal Tela Portugal\" \/>\n<meta property=\"og:description\" content=\"A presidente da Iniciativa Liberal, Mariana Leit\u00e3o, lamentou a eventual marca\u00e7\u00e3o de uma nova greve geral contra a revis\u00e3o da lei laboral. Acrescentou que as centrais sindicais representam \u201cmuito poucos trabalhadores\u201d e est\u00e3o \u201camarradas ao s\u00e9culo passado\u201d. Afirmou que esse condicionado impede altera\u00e7\u00f5es no pa\u00eds, levando a resist\u00eancia ou greve sempre que algo muda, mesmo que seja positivo. A IL diz estar \u201cdo lado oposto\u201d e defender melhores sal\u00e1rios, mais crescimento econ\u00f3mico e mais produ\u00e7\u00e3o de riqueza para garantir uma vida digna. Comentou ainda a proposta de descida da idade da reforma do Chega, considerando-a irrealista por poder comprometer a sustentabilidade da Seguran\u00e7a Social e as pens\u00f5es.\" \/>\n<meta property=\"og:url\" content=\"https:\/\/portaltela.pt\/noticias\/2026\/04\/30\/iniciativa-liberal-lamenta-greve-geral-e-critica-centrais-sindicais\/\" \/>\n<meta property=\"og:site_name\" content=\"Portal Tela Portugal\" \/>\n<meta property=\"article:published_time\" content=\"2026-04-30T16:47:45+00:00\" \/>\n<meta name=\"author\" content=\"Telinha\" \/>\n<meta name=\"twitter:card\" content=\"summary_large_image\" \/>\n<meta name=\"twitter:label1\" content=\"Escrito por\" \/>\n\t<meta name=\"twitter:data1\" content=\"Telinha\" \/>\n\t<meta name=\"twitter:label2\" content=\"Tempo estimado de leitura\" \/>\n\t<meta name=\"twitter:data2\" content=\"1 minuto\" \/>\n<script type=\"application\/ld+json\" class=\"yoast-schema-graph\">{\"@context\":\"https:\/\/schema.org\",\"@graph\":[{\"@type\":\"Article\",\"@id\":\"https:\/\/portaltela.pt\/noticias\/2026\/04\/30\/iniciativa-liberal-lamenta-greve-geral-e-critica-centrais-sindicais\/#article\",\"isPartOf\":{\"@id\":\"https:\/\/portaltela.pt\/noticias\/2026\/04\/30\/iniciativa-liberal-lamenta-greve-geral-e-critica-centrais-sindicais\/\"},\"author\":{\"name\":\"Telinha\",\"@id\":\"https:\/\/portaltela.pt\/#\/schema\/person\/c4278d4a6028830caff9ee44b42d32ed\"},\"headline\":\"Iniciativa Liberal lamenta greve geral e cr\u00edtica centrais sindicais\",\"datePublished\":\"2026-04-30T16:47:45+00:00\",\"mainEntityOfPage\":{\"@id\":\"https:\/\/portaltela.pt\/noticias\/2026\/04\/30\/iniciativa-liberal-lamenta-greve-geral-e-critica-centrais-sindicais\/\"},\"wordCount\":272,\"image\":{\"@id\":\"https:\/\/portaltela.pt\/noticias\/2026\/04\/30\/iniciativa-liberal-lamenta-greve-geral-e-critica-centrais-sindicais\/#primaryimage\"},\"thumbnailUrl\":\"https:\/\/portaltela.pt\/s.01k8rhncp4jt1\/2026\/04\/image-1731.jpg\",\"keywords\":[\"capitaliza\u00e7\u00e3o\",\"greve\",\"Iniciativa Liberal\",\"Lei do Trabalho\",\"poupan\u00e7a\",\"seguran\u00e7a social\"],\"articleSection\":[\"Not\u00edcias\",\"Pol\u00edtica\"],\"inLanguage\":\"pt-PT\"},{\"@type\":\"WebPage\",\"@id\":\"https:\/\/portaltela.pt\/noticias\/2026\/04\/30\/iniciativa-liberal-lamenta-greve-geral-e-critica-centrais-sindicais\/\",\"url\":\"https:\/\/portaltela.pt\/noticias\/2026\/04\/30\/iniciativa-liberal-lamenta-greve-geral-e-critica-centrais-sindicais\/\",\"name\":\"Iniciativa Liberal lamenta greve geral e cr\u00edtica centrais sindicais - Portal Tela Portugal\",\"isPartOf\":{\"@id\":\"https:\/\/portaltela.pt\/#website\"},\"primaryImageOfPage\":{\"@id\":\"https:\/\/portaltela.pt\/noticias\/2026\/04\/30\/iniciativa-liberal-lamenta-greve-geral-e-critica-centrais-sindicais\/#primaryimage\"},\"image\":{\"@id\":\"https:\/\/portaltela.pt\/noticias\/2026\/04\/30\/iniciativa-liberal-lamenta-greve-geral-e-critica-centrais-sindicais\/#primaryimage\"},\"thumbnailUrl\":\"https:\/\/portaltela.pt\/s.01k8rhncp4jt1\/2026\/04\/image-1731.jpg\",\"datePublished\":\"2026-04-30T16:47:45+00:00\",\"author\":{\"@id\":\"https:\/\/portaltela.pt\/#\/schema\/person\/c4278d4a6028830caff9ee44b42d32ed\"},\"breadcrumb\":{\"@id\":\"https:\/\/portaltela.pt\/noticias\/2026\/04\/30\/iniciativa-liberal-lamenta-greve-geral-e-critica-centrais-sindicais\/#breadcrumb\"},\"inLanguage\":\"pt-PT\",\"potentialAction\":[{\"@type\":\"ReadAction\",\"target\":[\"https:\/\/portaltela.pt\/noticias\/2026\/04\/30\/iniciativa-liberal-lamenta-greve-geral-e-critica-centrais-sindicais\/\"]}]},{\"@type\":\"ImageObject\",\"inLanguage\":\"pt-PT\",\"@id\":\"https:\/\/portaltela.pt\/noticias\/2026\/04\/30\/iniciativa-liberal-lamenta-greve-geral-e-critica-centrais-sindicais\/#primaryimage\",\"url\":\"https:\/\/portaltela.pt\/s.01k8rhncp4jt1\/2026\/04\/image-1731.jpg\",\"contentUrl\":\"https:\/\/portaltela.pt\/s.01k8rhncp4jt1\/2026\/04\/image-1731.jpg\",\"width\":796,\"height\":448,\"caption\":\"Mariana Leit\u00e3o, l\u00edder da Iniciativa Liberal\"},{\"@type\":\"BreadcrumbList\",\"@id\":\"https:\/\/portaltela.pt\/noticias\/2026\/04\/30\/iniciativa-liberal-lamenta-greve-geral-e-critica-centrais-sindicais\/#breadcrumb\",\"itemListElement\":[{\"@type\":\"ListItem\",\"position\":1,\"name\":\"In\u00edcio\",\"item\":\"https:\/\/portaltela.pt\/\"},{\"@type\":\"ListItem\",\"position\":2,\"name\":\"Iniciativa Liberal lamenta greve geral e cr\u00edtica centrais sindicais\"}]},{\"@type\":\"WebSite\",\"@id\":\"https:\/\/portaltela.pt\/#website\",\"url\":\"https:\/\/portaltela.pt\/\",\"name\":\"Portal Tela Portugal\",\"description\":\"\",\"potentialAction\":[{\"@type\":\"SearchAction\",\"target\":{\"@type\":\"EntryPoint\",\"urlTemplate\":\"https:\/\/portaltela.pt\/?s={search_term_string}\"},\"query-input\":{\"@type\":\"PropertyValueSpecification\",\"valueRequired\":true,\"valueName\":\"search_term_string\"}}],\"inLanguage\":\"pt-PT\"},{\"@type\":\"Person\",\"@id\":\"https:\/\/portaltela.pt\/#\/schema\/person\/c4278d4a6028830caff9ee44b42d32ed\",\"name\":\"Telinha\",\"image\":{\"@type\":\"ImageObject\",\"inLanguage\":\"pt-PT\",\"@id\":\"https:\/\/portaltela.pt\/s.01k8rhncp4jt1\/2025\/11\/talking-bot-125x125.png\",\"url\":\"https:\/\/portaltela.pt\/s.01k8rhncp4jt1\/2025\/11\/talking-bot-125x125.png\",\"contentUrl\":\"https:\/\/portaltela.pt\/s.01k8rhncp4jt1\/2025\/11\/talking-bot-125x125.png\",\"caption\":\"Telinha\"},\"sameAs\":[\"https:\/\/portaltela.pt\/\"],\"url\":\"https:\/\/portaltela.pt\/por\/367410592786\/\"}]}<\/script>\n<!-- \/ Yoast SEO plugin. -->","yoast_head_json":{"title":"Iniciativa Liberal lamenta greve geral e cr\u00edtica centrais sindicais - Portal Tela Portugal","robots":{"index":"index","follow":"follow","max-snippet":"max-snippet:-1","max-image-preview":"max-image-preview:large","max-video-preview":"max-video-preview:-1"},"og_locale":"pt_PT","og_type":"article","og_title":"Iniciativa Liberal lamenta greve geral e cr\u00edtica centrais sindicais - Portal Tela Portugal","og_description":"A presidente da Iniciativa Liberal, Mariana Leit\u00e3o, lamentou a eventual marca\u00e7\u00e3o de uma nova greve geral contra a revis\u00e3o da lei laboral. Acrescentou que as centrais sindicais representam \u201cmuito poucos trabalhadores\u201d e est\u00e3o \u201camarradas ao s\u00e9culo passado\u201d. Afirmou que esse condicionado impede altera\u00e7\u00f5es no pa\u00eds, levando a resist\u00eancia ou greve sempre que algo muda, mesmo que seja positivo. A IL diz estar \u201cdo lado oposto\u201d e defender melhores sal\u00e1rios, mais crescimento econ\u00f3mico e mais produ\u00e7\u00e3o de riqueza para garantir uma vida digna. Comentou ainda a proposta de descida da idade da reforma do Chega, considerando-a irrealista por poder comprometer a sustentabilidade da Seguran\u00e7a Social e as pens\u00f5es.","og_url":"https:\/\/portaltela.pt\/noticias\/2026\/04\/30\/iniciativa-liberal-lamenta-greve-geral-e-critica-centrais-sindicais\/","og_site_name":"Portal Tela Portugal","article_published_time":"2026-04-30T16:47:45+00:00","author":"Telinha","twitter_card":"summary_large_image","twitter_misc":{"Escrito por":"Telinha","Tempo estimado de leitura":"1 minuto"},"schema":{"@context":"https:\/\/schema.org","@graph":[{"@type":"Article","@id":"https:\/\/portaltela.pt\/noticias\/2026\/04\/30\/iniciativa-liberal-lamenta-greve-geral-e-critica-centrais-sindicais\/#article","isPartOf":{"@id":"https:\/\/portaltela.pt\/noticias\/2026\/04\/30\/iniciativa-liberal-lamenta-greve-geral-e-critica-centrais-sindicais\/"},"author":{"name":"Telinha","@id":"https:\/\/portaltela.pt\/#\/schema\/person\/c4278d4a6028830caff9ee44b42d32ed"},"headline":"Iniciativa Liberal lamenta greve geral e cr\u00edtica centrais sindicais","datePublished":"2026-04-30T16:47:45+00:00","mainEntityOfPage":{"@id":"https:\/\/portaltela.pt\/noticias\/2026\/04\/30\/iniciativa-liberal-lamenta-greve-geral-e-critica-centrais-sindicais\/"},"wordCount":272,"image":{"@id":"https:\/\/portaltela.pt\/noticias\/2026\/04\/30\/iniciativa-liberal-lamenta-greve-geral-e-critica-centrais-sindicais\/#primaryimage"},"thumbnailUrl":"https:\/\/portaltela.pt\/s.01k8rhncp4jt1\/2026\/04\/image-1731.jpg","keywords":["capitaliza\u00e7\u00e3o","greve","Iniciativa Liberal","Lei do Trabalho","poupan\u00e7a","seguran\u00e7a social"],"articleSection":["Not\u00edcias","Pol\u00edtica"],"inLanguage":"pt-PT"},{"@type":"WebPage","@id":"https:\/\/portaltela.pt\/noticias\/2026\/04\/30\/iniciativa-liberal-lamenta-greve-geral-e-critica-centrais-sindicais\/","url":"https:\/\/portaltela.pt\/noticias\/2026\/04\/30\/iniciativa-liberal-lamenta-greve-geral-e-critica-centrais-sindicais\/","name":"Iniciativa Liberal lamenta greve geral e cr\u00edtica centrais sindicais - Portal Tela Portugal","isPartOf":{"@id":"https:\/\/portaltela.pt\/#website"},"primaryImageOfPage":{"@id":"https:\/\/portaltela.pt\/noticias\/2026\/04\/30\/iniciativa-liberal-lamenta-greve-geral-e-critica-centrais-sindicais\/#primaryimage"},"image":{"@id":"https:\/\/portaltela.pt\/noticias\/2026\/04\/30\/iniciativa-liberal-lamenta-greve-geral-e-critica-centrais-sindicais\/#primaryimage"},"thumbnailUrl":"https:\/\/portaltela.pt\/s.01k8rhncp4jt1\/2026\/04\/image-1731.jpg","datePublished":"2026-04-30T16:47:45+00:00","author":{"@id":"https:\/\/portaltela.pt\/#\/schema\/person\/c4278d4a6028830caff9ee44b42d32ed"},"breadcrumb":{"@id":"https:\/\/portaltela.pt\/noticias\/2026\/04\/30\/iniciativa-liberal-lamenta-greve-geral-e-critica-centrais-sindicais\/#breadcrumb"},"inLanguage":"pt-PT","potentialAction":[{"@type":"ReadAction","target":["https:\/\/portaltela.pt\/noticias\/2026\/04\/30\/iniciativa-liberal-lamenta-greve-geral-e-critica-centrais-sindicais\/"]}]},{"@type":"ImageObject","inLanguage":"pt-PT","@id":"https:\/\/portaltela.pt\/noticias\/2026\/04\/30\/iniciativa-liberal-lamenta-greve-geral-e-critica-centrais-sindicais\/#primaryimage","url":"https:\/\/portaltela.pt\/s.01k8rhncp4jt1\/2026\/04\/image-1731.jpg","contentUrl":"https:\/\/portaltela.pt\/s.01k8rhncp4jt1\/2026\/04\/image-1731.jpg","width":796,"height":448,"caption":"Mariana Leit\u00e3o, l\u00edder da Iniciativa Liberal"},{"@type":"BreadcrumbList","@id":"https:\/\/portaltela.pt\/noticias\/2026\/04\/30\/iniciativa-liberal-lamenta-greve-geral-e-critica-centrais-sindicais\/#breadcrumb","itemListElement":[{"@type":"ListItem","position":1,"name":"In\u00edcio","item":"https:\/\/portaltela.pt\/"},{"@type":"ListItem","position":2,"name":"Iniciativa Liberal lamenta greve geral e cr\u00edtica centrais sindicais"}]},{"@type":"WebSite","@id":"https:\/\/portaltela.pt\/#website","url":"https:\/\/portaltela.pt\/","name":"Portal Tela Portugal","description":"","potentialAction":[{"@type":"SearchAction","target":{"@type":"EntryPoint","urlTemplate":"https:\/\/portaltela.pt\/?s={search_term_string}"},"query-input":{"@type":"PropertyValueSpecification","valueRequired":true,"valueName":"search_term_string"}}],"inLanguage":"pt-PT"},{"@type":"Person","@id":"https:\/\/portaltela.pt\/#\/schema\/person\/c4278d4a6028830caff9ee44b42d32ed","name":"Telinha","image":{"@type":"ImageObject","inLanguage":"pt-PT","@id":"https:\/\/portaltela.pt\/s.01k8rhncp4jt1\/2025\/11\/talking-bot-125x125.png","url":"https:\/\/portaltela.pt\/s.01k8rhncp4jt1\/2025\/11\/talking-bot-125x125.png","contentUrl":"https:\/\/portaltela.pt\/s.01k8rhncp4jt1\/2025\/11\/talking-bot-125x125.png","caption":"Telinha"},"sameAs":["https:\/\/portaltela.pt\/"],"url":"https:\/\/portaltela.pt\/por\/367410592786\/"}]}},"_links":{"self":[{"href":"https:\/\/portaltela.pt\/api\/wp\/v2\/posts\/462778","targetHints":{"allow":["GET"]}}],"collection":[{"href":"https:\/\/portaltela.pt\/api\/wp\/v2\/posts"}],"about":[{"href":"https:\/\/portaltela.pt\/api\/wp\/v2\/types\/post"}],"author":[{"embeddable":true,"href":"https:\/\/portaltela.pt\/api\/wp\/v2\/users\/2"}],"replies":[{"embeddable":true,"href":"https:\/\/portaltela.pt\/api\/wp\/v2\/comments?post=462778"}],"version-history":[{"count":0,"href":"https:\/\/portaltela.pt\/api\/wp\/v2\/posts\/462778\/revisions"}],"wp:featuredmedia":[{"embeddable":true,"href":"https:\/\/portaltela.pt\/api\/wp\/v2\/media\/462795"}],"wp:attachment":[{"href":"https:\/\/portaltela.pt\/api\/wp\/v2\/media?parent=462778"}],"wp:term":[{"taxonomy":"category","embeddable":true,"href":"https:\/\/portaltela.pt\/api\/wp\/v2\/categories?post=462778"},{"taxonomy":"post_tag","embeddable":true,"href":"https:\/\/portaltela.pt\/api\/wp\/v2\/tags?post=462778"}],"curies":[{"name":"wp","href":"https:\/\/api.w.org\/{rel}","templated":true}]}}