{"id":462773,"date":"2026-04-30T13:47:38","date_gmt":"2026-04-30T16:47:38","guid":{"rendered":"https:\/\/portaltela.pt\/noticias\/2026\/04\/30\/jovem-atropelada-por-comboio-na-estacao-braco-de-prata-lisboa\/"},"modified":"2026-04-30T13:47:38","modified_gmt":"2026-04-30T16:47:38","slug":"jovem-atropelada-por-comboio-na-estacao-braco-de-prata-lisboa","status":"publish","type":"post","link":"https:\/\/portaltela.pt\/acidentes\/2026\/04\/30\/jovem-atropelada-por-comboio-na-estacao-braco-de-prata-lisboa\/","title":{"rendered":"Jovem atropelada por comboio na esta\u00e7\u00e3o Bra\u00e7o de Prata, Lisboa"},"content":{"rendered":"<p>Uma jovem de 22 anos morreu hoje ao ser atropelada por um comboio na Esta\u00e7\u00e3o Ferrovi\u00e1ria de Bra\u00e7o de Prata, em Lisboa. O incidente ocorreu na tarde desta quinta-feira, com o alerta a ser dado \u00e0s 15h48.<\/p>\n<p>Segundo informa\u00e7\u00f5es dispon\u00edveis, 15 operacionais e 4 ve\u00edculos dos Bombeiros Sapadores de Lisboa estiveram no local. A v\u00edtima teve o \u00f3bito declarado no local por um t\u00e9cnico do INEM.<\/p>\n<p>Conforme apurado pelo CM, as linhas 1 e 2 est\u00e3o cortadas, enquanto as linhas 3 e 4 permanecem em funcionamento.<\/p>\n<h3>Linhas cortadas e opera\u00e7\u00f5es<\/h3>\n<p>A circula\u00e7\u00e3o sofreu interrup\u00e7\u00f5es nas linhas 1 e 2 da esta\u00e7\u00e3o Bra\u00e7o de Prata, afetando o servi\u00e7o ferrovi\u00e1rio na \u00e1rea. N\u00e3o houve confirma\u00e7\u00e3o de feridos adicionais ou de causas espec\u00edficas do atropelamento neste momento. O corpo foi removido apenas ap\u00f3s a conclus\u00e3o das dilig\u00eancias no local.<\/p>\n<p>As autoridades est\u00e3o a investigar as circunst\u00e2ncias do incidente. A circula\u00e7\u00e3o dever\u00e1 manter-se condicionada at\u00e9 nova avalia\u00e7\u00e3o. O CM contactou fontes oficiais para obter informa\u00e7\u00f5es adicionais sobre o caso.<\/p>\n","protected":false},"excerpt":{"rendered":"<ul>\n<li>Jovem de 22 anos morreu atropelada por um comboio na esta\u00e7\u00e3o de Bra\u00e7o de Prata, em Lisboa.<\/li>\n<li>O acidente levou ao corte de duas linhas da esta\u00e7\u00e3o, as linhas 1 e 2, mantendo as linhas 3 e 4 a operar.<\/li>\n<li>O alerta foi dado \u00e0s 15h48.<\/li>\n<li>Participaram no atendimento 15 operacionais e 4 ve\u00edculos dos Bombeiros Sapadores de Lisboa.<\/li>\n<li>O \u00f3bito foi declarado no local por um t\u00e9cnico do INEM.<\/li>\n<\/ul>\n","protected":false},"author":2,"featured_media":462783,"comment_status":"closed","ping_status":"closed","sticky":false,"template":"","format":"standard","meta":{"footnotes":""},"categories":[6849],"tags":[8184,9022,8054,7974,8418,8287],"class_list":["post-462773","post","type-post","status-publish","format-standard","has-post-thumbnail","hentry","category-acidentes","tag-_acidente-ferroviario","tag-_atropelamento","tag-_bombeiros","tag-_lisboa","tag-_obitos","tag-_transporte"],"yoast_head":"<!-- This site is optimized with the Yoast SEO plugin v27.2 - https:\/\/yoast.com\/product\/yoast-seo-wordpress\/ -->\n<title>Jovem atropelada por comboio na esta\u00e7\u00e3o Bra\u00e7o de Prata, Lisboa - Portal Tela Portugal<\/title>\n<meta name=\"robots\" content=\"index, follow, max-snippet:-1, max-image-preview:large, max-video-preview:-1\" \/>\n<meta property=\"og:locale\" content=\"pt_PT\" \/>\n<meta property=\"og:type\" content=\"article\" \/>\n<meta property=\"og:title\" content=\"Jovem atropelada por comboio na esta\u00e7\u00e3o Bra\u00e7o de Prata, Lisboa - Portal Tela Portugal\" \/>\n<meta property=\"og:description\" content=\"Jovem de 22 anos morreu atropelada por um comboio na esta\u00e7\u00e3o de Bra\u00e7o de Prata, em Lisboa. O acidente levou ao corte de duas linhas da esta\u00e7\u00e3o, as linhas 1 e 2, mantendo as linhas 3 e 4 a operar. O alerta foi dado \u00e0s 15h48. Participaram no atendimento 15 operacionais e 4 ve\u00edculos dos Bombeiros Sapadores de Lisboa. O \u00f3bito foi declarado no local por um t\u00e9cnico do INEM.\" \/>\n<meta property=\"og:url\" content=\"https:\/\/portaltela.pt\/noticias\/2026\/04\/30\/jovem-atropelada-por-comboio-na-estacao-braco-de-prata-lisboa\/\" \/>\n<meta property=\"og:site_name\" content=\"Portal Tela Portugal\" \/>\n<meta property=\"article:published_time\" content=\"2026-04-30T16:47:38+00:00\" \/>\n<meta name=\"author\" content=\"Telinha\" \/>\n<meta name=\"twitter:card\" content=\"summary_large_image\" \/>\n<meta name=\"twitter:label1\" content=\"Escrito por\" \/>\n\t<meta name=\"twitter:data1\" content=\"Telinha\" \/>\n\t<meta name=\"twitter:label2\" content=\"Tempo estimado de leitura\" \/>\n\t<meta name=\"twitter:data2\" content=\"1 minuto\" \/>\n<script type=\"application\/ld+json\" class=\"yoast-schema-graph\">{\"@context\":\"https:\/\/schema.org\",\"@graph\":[{\"@type\":\"Article\",\"@id\":\"https:\/\/portaltela.pt\/noticias\/2026\/04\/30\/jovem-atropelada-por-comboio-na-estacao-braco-de-prata-lisboa\/#article\",\"isPartOf\":{\"@id\":\"https:\/\/portaltela.pt\/noticias\/2026\/04\/30\/jovem-atropelada-por-comboio-na-estacao-braco-de-prata-lisboa\/\"},\"author\":{\"name\":\"Telinha\",\"@id\":\"https:\/\/portaltela.pt\/#\/schema\/person\/c4278d4a6028830caff9ee44b42d32ed\"},\"headline\":\"Jovem atropelada por comboio na esta\u00e7\u00e3o Bra\u00e7o de Prata, Lisboa\",\"datePublished\":\"2026-04-30T16:47:38+00:00\",\"mainEntityOfPage\":{\"@id\":\"https:\/\/portaltela.pt\/noticias\/2026\/04\/30\/jovem-atropelada-por-comboio-na-estacao-braco-de-prata-lisboa\/\"},\"wordCount\":195,\"image\":{\"@id\":\"https:\/\/portaltela.pt\/noticias\/2026\/04\/30\/jovem-atropelada-por-comboio-na-estacao-braco-de-prata-lisboa\/#primaryimage\"},\"thumbnailUrl\":\"https:\/\/portaltela.pt\/s.01k8rhncp4jt1\/2026\/04\/img_1500x1000uu2017-05-15-15-39-00-628400.jpg\",\"keywords\":[\"_acidente ferrovi\u00e1rio\",\"_atropelamento\",\"_Bombeiros\",\"_Lisboa\",\"_\u00f3bitos\",\"_transporte\"],\"articleSection\":[\"Acidentes\"],\"inLanguage\":\"pt-PT\"},{\"@type\":\"WebPage\",\"@id\":\"https:\/\/portaltela.pt\/noticias\/2026\/04\/30\/jovem-atropelada-por-comboio-na-estacao-braco-de-prata-lisboa\/\",\"url\":\"https:\/\/portaltela.pt\/noticias\/2026\/04\/30\/jovem-atropelada-por-comboio-na-estacao-braco-de-prata-lisboa\/\",\"name\":\"Jovem atropelada por comboio na esta\u00e7\u00e3o Bra\u00e7o de Prata, Lisboa - Portal Tela Portugal\",\"isPartOf\":{\"@id\":\"https:\/\/portaltela.pt\/#website\"},\"primaryImageOfPage\":{\"@id\":\"https:\/\/portaltela.pt\/noticias\/2026\/04\/30\/jovem-atropelada-por-comboio-na-estacao-braco-de-prata-lisboa\/#primaryimage\"},\"image\":{\"@id\":\"https:\/\/portaltela.pt\/noticias\/2026\/04\/30\/jovem-atropelada-por-comboio-na-estacao-braco-de-prata-lisboa\/#primaryimage\"},\"thumbnailUrl\":\"https:\/\/portaltela.pt\/s.01k8rhncp4jt1\/2026\/04\/img_1500x1000uu2017-05-15-15-39-00-628400.jpg\",\"datePublished\":\"2026-04-30T16:47:38+00:00\",\"author\":{\"@id\":\"https:\/\/portaltela.pt\/#\/schema\/person\/c4278d4a6028830caff9ee44b42d32ed\"},\"breadcrumb\":{\"@id\":\"https:\/\/portaltela.pt\/noticias\/2026\/04\/30\/jovem-atropelada-por-comboio-na-estacao-braco-de-prata-lisboa\/#breadcrumb\"},\"inLanguage\":\"pt-PT\",\"potentialAction\":[{\"@type\":\"ReadAction\",\"target\":[\"https:\/\/portaltela.pt\/noticias\/2026\/04\/30\/jovem-atropelada-por-comboio-na-estacao-braco-de-prata-lisboa\/\"]}]},{\"@type\":\"ImageObject\",\"inLanguage\":\"pt-PT\",\"@id\":\"https:\/\/portaltela.pt\/noticias\/2026\/04\/30\/jovem-atropelada-por-comboio-na-estacao-braco-de-prata-lisboa\/#primaryimage\",\"url\":\"https:\/\/portaltela.pt\/s.01k8rhncp4jt1\/2026\/04\/img_1500x1000uu2017-05-15-15-39-00-628400.jpg\",\"contentUrl\":\"https:\/\/portaltela.pt\/s.01k8rhncp4jt1\/2026\/04\/img_1500x1000uu2017-05-15-15-39-00-628400.jpg\",\"width\":796,\"height\":448,\"caption\":\"Esta\u00e7\u00e3o de comboios de Bra\u00e7o de Prata, em Lisboa\"},{\"@type\":\"BreadcrumbList\",\"@id\":\"https:\/\/portaltela.pt\/noticias\/2026\/04\/30\/jovem-atropelada-por-comboio-na-estacao-braco-de-prata-lisboa\/#breadcrumb\",\"itemListElement\":[{\"@type\":\"ListItem\",\"position\":1,\"name\":\"In\u00edcio\",\"item\":\"https:\/\/portaltela.pt\/\"},{\"@type\":\"ListItem\",\"position\":2,\"name\":\"Jovem atropelada por comboio na esta\u00e7\u00e3o Bra\u00e7o de Prata, Lisboa\"}]},{\"@type\":\"WebSite\",\"@id\":\"https:\/\/portaltela.pt\/#website\",\"url\":\"https:\/\/portaltela.pt\/\",\"name\":\"Portal Tela Portugal\",\"description\":\"\",\"potentialAction\":[{\"@type\":\"SearchAction\",\"target\":{\"@type\":\"EntryPoint\",\"urlTemplate\":\"https:\/\/portaltela.pt\/?s={search_term_string}\"},\"query-input\":{\"@type\":\"PropertyValueSpecification\",\"valueRequired\":true,\"valueName\":\"search_term_string\"}}],\"inLanguage\":\"pt-PT\"},{\"@type\":\"Person\",\"@id\":\"https:\/\/portaltela.pt\/#\/schema\/person\/c4278d4a6028830caff9ee44b42d32ed\",\"name\":\"Telinha\",\"image\":{\"@type\":\"ImageObject\",\"inLanguage\":\"pt-PT\",\"@id\":\"https:\/\/portaltela.pt\/s.01k8rhncp4jt1\/2025\/11\/talking-bot-125x125.png\",\"url\":\"https:\/\/portaltela.pt\/s.01k8rhncp4jt1\/2025\/11\/talking-bot-125x125.png\",\"contentUrl\":\"https:\/\/portaltela.pt\/s.01k8rhncp4jt1\/2025\/11\/talking-bot-125x125.png\",\"caption\":\"Telinha\"},\"sameAs\":[\"https:\/\/portaltela.pt\/\"],\"url\":\"https:\/\/portaltela.pt\/por\/367410592786\/\"}]}<\/script>\n<!-- \/ Yoast SEO plugin. -->","yoast_head_json":{"title":"Jovem atropelada por comboio na esta\u00e7\u00e3o Bra\u00e7o de Prata, Lisboa - Portal Tela Portugal","robots":{"index":"index","follow":"follow","max-snippet":"max-snippet:-1","max-image-preview":"max-image-preview:large","max-video-preview":"max-video-preview:-1"},"og_locale":"pt_PT","og_type":"article","og_title":"Jovem atropelada por comboio na esta\u00e7\u00e3o Bra\u00e7o de Prata, Lisboa - Portal Tela Portugal","og_description":"Jovem de 22 anos morreu atropelada por um comboio na esta\u00e7\u00e3o de Bra\u00e7o de Prata, em Lisboa. O acidente levou ao corte de duas linhas da esta\u00e7\u00e3o, as linhas 1 e 2, mantendo as linhas 3 e 4 a operar. O alerta foi dado \u00e0s 15h48. Participaram no atendimento 15 operacionais e 4 ve\u00edculos dos Bombeiros Sapadores de Lisboa. O \u00f3bito foi declarado no local por um t\u00e9cnico do INEM.","og_url":"https:\/\/portaltela.pt\/noticias\/2026\/04\/30\/jovem-atropelada-por-comboio-na-estacao-braco-de-prata-lisboa\/","og_site_name":"Portal Tela Portugal","article_published_time":"2026-04-30T16:47:38+00:00","author":"Telinha","twitter_card":"summary_large_image","twitter_misc":{"Escrito por":"Telinha","Tempo estimado de leitura":"1 minuto"},"schema":{"@context":"https:\/\/schema.org","@graph":[{"@type":"Article","@id":"https:\/\/portaltela.pt\/noticias\/2026\/04\/30\/jovem-atropelada-por-comboio-na-estacao-braco-de-prata-lisboa\/#article","isPartOf":{"@id":"https:\/\/portaltela.pt\/noticias\/2026\/04\/30\/jovem-atropelada-por-comboio-na-estacao-braco-de-prata-lisboa\/"},"author":{"name":"Telinha","@id":"https:\/\/portaltela.pt\/#\/schema\/person\/c4278d4a6028830caff9ee44b42d32ed"},"headline":"Jovem atropelada por comboio na esta\u00e7\u00e3o Bra\u00e7o de Prata, Lisboa","datePublished":"2026-04-30T16:47:38+00:00","mainEntityOfPage":{"@id":"https:\/\/portaltela.pt\/noticias\/2026\/04\/30\/jovem-atropelada-por-comboio-na-estacao-braco-de-prata-lisboa\/"},"wordCount":195,"image":{"@id":"https:\/\/portaltela.pt\/noticias\/2026\/04\/30\/jovem-atropelada-por-comboio-na-estacao-braco-de-prata-lisboa\/#primaryimage"},"thumbnailUrl":"https:\/\/portaltela.pt\/s.01k8rhncp4jt1\/2026\/04\/img_1500x1000uu2017-05-15-15-39-00-628400.jpg","keywords":["_acidente ferrovi\u00e1rio","_atropelamento","_Bombeiros","_Lisboa","_\u00f3bitos","_transporte"],"articleSection":["Acidentes"],"inLanguage":"pt-PT"},{"@type":"WebPage","@id":"https:\/\/portaltela.pt\/noticias\/2026\/04\/30\/jovem-atropelada-por-comboio-na-estacao-braco-de-prata-lisboa\/","url":"https:\/\/portaltela.pt\/noticias\/2026\/04\/30\/jovem-atropelada-por-comboio-na-estacao-braco-de-prata-lisboa\/","name":"Jovem atropelada por comboio na esta\u00e7\u00e3o Bra\u00e7o de Prata, Lisboa - Portal Tela Portugal","isPartOf":{"@id":"https:\/\/portaltela.pt\/#website"},"primaryImageOfPage":{"@id":"https:\/\/portaltela.pt\/noticias\/2026\/04\/30\/jovem-atropelada-por-comboio-na-estacao-braco-de-prata-lisboa\/#primaryimage"},"image":{"@id":"https:\/\/portaltela.pt\/noticias\/2026\/04\/30\/jovem-atropelada-por-comboio-na-estacao-braco-de-prata-lisboa\/#primaryimage"},"thumbnailUrl":"https:\/\/portaltela.pt\/s.01k8rhncp4jt1\/2026\/04\/img_1500x1000uu2017-05-15-15-39-00-628400.jpg","datePublished":"2026-04-30T16:47:38+00:00","author":{"@id":"https:\/\/portaltela.pt\/#\/schema\/person\/c4278d4a6028830caff9ee44b42d32ed"},"breadcrumb":{"@id":"https:\/\/portaltela.pt\/noticias\/2026\/04\/30\/jovem-atropelada-por-comboio-na-estacao-braco-de-prata-lisboa\/#breadcrumb"},"inLanguage":"pt-PT","potentialAction":[{"@type":"ReadAction","target":["https:\/\/portaltela.pt\/noticias\/2026\/04\/30\/jovem-atropelada-por-comboio-na-estacao-braco-de-prata-lisboa\/"]}]},{"@type":"ImageObject","inLanguage":"pt-PT","@id":"https:\/\/portaltela.pt\/noticias\/2026\/04\/30\/jovem-atropelada-por-comboio-na-estacao-braco-de-prata-lisboa\/#primaryimage","url":"https:\/\/portaltela.pt\/s.01k8rhncp4jt1\/2026\/04\/img_1500x1000uu2017-05-15-15-39-00-628400.jpg","contentUrl":"https:\/\/portaltela.pt\/s.01k8rhncp4jt1\/2026\/04\/img_1500x1000uu2017-05-15-15-39-00-628400.jpg","width":796,"height":448,"caption":"Esta\u00e7\u00e3o de comboios de Bra\u00e7o de Prata, em Lisboa"},{"@type":"BreadcrumbList","@id":"https:\/\/portaltela.pt\/noticias\/2026\/04\/30\/jovem-atropelada-por-comboio-na-estacao-braco-de-prata-lisboa\/#breadcrumb","itemListElement":[{"@type":"ListItem","position":1,"name":"In\u00edcio","item":"https:\/\/portaltela.pt\/"},{"@type":"ListItem","position":2,"name":"Jovem atropelada por comboio na esta\u00e7\u00e3o Bra\u00e7o de Prata, Lisboa"}]},{"@type":"WebSite","@id":"https:\/\/portaltela.pt\/#website","url":"https:\/\/portaltela.pt\/","name":"Portal Tela Portugal","description":"","potentialAction":[{"@type":"SearchAction","target":{"@type":"EntryPoint","urlTemplate":"https:\/\/portaltela.pt\/?s={search_term_string}"},"query-input":{"@type":"PropertyValueSpecification","valueRequired":true,"valueName":"search_term_string"}}],"inLanguage":"pt-PT"},{"@type":"Person","@id":"https:\/\/portaltela.pt\/#\/schema\/person\/c4278d4a6028830caff9ee44b42d32ed","name":"Telinha","image":{"@type":"ImageObject","inLanguage":"pt-PT","@id":"https:\/\/portaltela.pt\/s.01k8rhncp4jt1\/2025\/11\/talking-bot-125x125.png","url":"https:\/\/portaltela.pt\/s.01k8rhncp4jt1\/2025\/11\/talking-bot-125x125.png","contentUrl":"https:\/\/portaltela.pt\/s.01k8rhncp4jt1\/2025\/11\/talking-bot-125x125.png","caption":"Telinha"},"sameAs":["https:\/\/portaltela.pt\/"],"url":"https:\/\/portaltela.pt\/por\/367410592786\/"}]}},"_links":{"self":[{"href":"https:\/\/portaltela.pt\/api\/wp\/v2\/posts\/462773","targetHints":{"allow":["GET"]}}],"collection":[{"href":"https:\/\/portaltela.pt\/api\/wp\/v2\/posts"}],"about":[{"href":"https:\/\/portaltela.pt\/api\/wp\/v2\/types\/post"}],"author":[{"embeddable":true,"href":"https:\/\/portaltela.pt\/api\/wp\/v2\/users\/2"}],"replies":[{"embeddable":true,"href":"https:\/\/portaltela.pt\/api\/wp\/v2\/comments?post=462773"}],"version-history":[{"count":0,"href":"https:\/\/portaltela.pt\/api\/wp\/v2\/posts\/462773\/revisions"}],"wp:featuredmedia":[{"embeddable":true,"href":"https:\/\/portaltela.pt\/api\/wp\/v2\/media\/462783"}],"wp:attachment":[{"href":"https:\/\/portaltela.pt\/api\/wp\/v2\/media?parent=462773"}],"wp:term":[{"taxonomy":"category","embeddable":true,"href":"https:\/\/portaltela.pt\/api\/wp\/v2\/categories?post=462773"},{"taxonomy":"post_tag","embeddable":true,"href":"https:\/\/portaltela.pt\/api\/wp\/v2\/tags?post=462773"}],"curies":[{"name":"wp","href":"https:\/\/api.w.org\/{rel}","templated":true}]}}