{"id":462756,"date":"2026-04-30T13:33:14","date_gmt":"2026-04-30T16:33:14","guid":{"rendered":"https:\/\/portaltela.pt\/noticias\/2026\/04\/30\/desemprego-no-brasil-sobe-para-61-ate-marco-atingindo-66-milhoes\/"},"modified":"2026-04-30T13:33:14","modified_gmt":"2026-04-30T16:33:14","slug":"desemprego-no-brasil-sobe-para-61-ate-marco-atingindo-66-milhoes","status":"publish","type":"post","link":"https:\/\/portaltela.pt\/noticias\/economia\/2026\/04\/30\/desemprego-no-brasil-sobe-para-61-ate-marco-atingindo-66-milhoes\/","title":{"rendered":"Desemprego no Brasil sobe para 6,1% at\u00e9 mar\u00e7o, atingindo 6,6 milh\u00f5es"},"content":{"rendered":"<p>O desemprego no Brasil subiu para 6,1% no trimestre encerrado em mar\u00e7o, atingindo 6,6 milh\u00f5es de pessoas desempregadas. A leitura \u00c9 baseada em dados oficiais do IBGE.<\/p>\n<p>Segundo o instituto, a taxa de desemprego \u00e9 calculada sobre a popula\u00e7\u00e3o economicamente ativa, refletindo o conjunto da for\u00e7a de trabalho do pa\u00eds. A divulga\u00e7\u00e3o ocorreu hoje, com n\u00fameros que revelam o panorama nacional do mercado de trabalho.<\/p>\n<p>Os dados confirmam uma varia\u00e7\u00e3o no n\u00edvel de ocupa\u00e7\u00e3o no \u00faltimo trimestre, destacando o impacto do desemprego na carteira de trabalhadores. As informa\u00e7\u00f5es s\u00e3o apresentadas de forma oficial pelo IBGE, sem interpreta\u00e7\u00f5es pol\u00edticas ou editoriais.<\/p>\n","protected":false},"excerpt":{"rendered":"<ul>\n<li>O desemprego no Brasil subiu para 6,1% no trimestre at\u00e9 mar\u00e7o.<\/li>\n<li>A estimativa aponta que 6,6 milh\u00f5es de pessoas estavam sem trabalho.<\/li>\n<li>O conte\u00fado completo est\u00e1 dispon\u00edvel apenas para subscritores.<\/li>\n<\/ul>\n","protected":false},"author":2,"featured_media":462770,"comment_status":"closed","ping_status":"closed","sticky":false,"template":"","format":"standard","meta":{"footnotes":""},"categories":[2,6850],"tags":[2547,820,28,1006,6558,2201],"class_list":["post-462756","post","type-post","status-publish","format-standard","has-post-thumbnail","hentry","category-economia","category-financas","tag-brasil","tag-desemprego","tag-economia","tag-emprego","tag-populacao-civil","tag-trabalho"],"yoast_head":"<!-- This site is optimized with the Yoast SEO plugin v27.2 - https:\/\/yoast.com\/product\/yoast-seo-wordpress\/ -->\n<title>Desemprego no Brasil sobe para 6,1% at\u00e9 mar\u00e7o, atingindo 6,6 milh\u00f5es - Portal Tela Portugal<\/title>\n<meta name=\"robots\" content=\"index, follow, max-snippet:-1, max-image-preview:large, max-video-preview:-1\" \/>\n<meta property=\"og:locale\" content=\"pt_PT\" \/>\n<meta property=\"og:type\" content=\"article\" \/>\n<meta property=\"og:title\" content=\"Desemprego no Brasil sobe para 6,1% at\u00e9 mar\u00e7o, atingindo 6,6 milh\u00f5es - Portal Tela Portugal\" \/>\n<meta property=\"og:description\" content=\"O desemprego no Brasil subiu para 6,1% no trimestre at\u00e9 mar\u00e7o. A estimativa aponta que 6,6 milh\u00f5es de pessoas estavam sem trabalho. O conte\u00fado completo est\u00e1 dispon\u00edvel apenas para subscritores.\" \/>\n<meta property=\"og:url\" content=\"https:\/\/portaltela.pt\/noticias\/2026\/04\/30\/desemprego-no-brasil-sobe-para-61-ate-marco-atingindo-66-milhoes\/\" \/>\n<meta property=\"og:site_name\" content=\"Portal Tela Portugal\" \/>\n<meta property=\"article:published_time\" content=\"2026-04-30T16:33:14+00:00\" \/>\n<meta name=\"author\" content=\"Telinha\" \/>\n<meta name=\"twitter:card\" content=\"summary_large_image\" \/>\n<meta name=\"twitter:label1\" content=\"Escrito por\" \/>\n\t<meta name=\"twitter:data1\" content=\"Telinha\" \/>\n\t<meta name=\"twitter:label2\" content=\"Tempo estimado de leitura\" \/>\n\t<meta name=\"twitter:data2\" content=\"1 minuto\" \/>\n<script type=\"application\/ld+json\" class=\"yoast-schema-graph\">{\"@context\":\"https:\/\/schema.org\",\"@graph\":[{\"@type\":\"Article\",\"@id\":\"https:\/\/portaltela.pt\/noticias\/2026\/04\/30\/desemprego-no-brasil-sobe-para-61-ate-marco-atingindo-66-milhoes\/#article\",\"isPartOf\":{\"@id\":\"https:\/\/portaltela.pt\/noticias\/2026\/04\/30\/desemprego-no-brasil-sobe-para-61-ate-marco-atingindo-66-milhoes\/\"},\"author\":{\"name\":\"Telinha\",\"@id\":\"https:\/\/portaltela.pt\/#\/schema\/person\/c4278d4a6028830caff9ee44b42d32ed\"},\"headline\":\"Desemprego no Brasil sobe para 6,1% at\u00e9 mar\u00e7o, atingindo 6,6 milh\u00f5es\",\"datePublished\":\"2026-04-30T16:33:14+00:00\",\"mainEntityOfPage\":{\"@id\":\"https:\/\/portaltela.pt\/noticias\/2026\/04\/30\/desemprego-no-brasil-sobe-para-61-ate-marco-atingindo-66-milhoes\/\"},\"wordCount\":121,\"image\":{\"@id\":\"https:\/\/portaltela.pt\/noticias\/2026\/04\/30\/desemprego-no-brasil-sobe-para-61-ate-marco-atingindo-66-milhoes\/#primaryimage\"},\"thumbnailUrl\":\"https:\/\/portaltela.pt\/s.01k8rhncp4jt1\/2026\/04\/CACHE_780X1200_ANALOG_WATERMARKED_35993852_503958610922381.jpg\",\"keywords\":[\"Brasil\",\"desemprego\",\"economia\",\"emprego\",\"popula\u00e7\u00e3o civil\",\"trabalho\"],\"articleSection\":[\"Economia\",\"Finan\u00e7as\"],\"inLanguage\":\"pt-PT\"},{\"@type\":\"WebPage\",\"@id\":\"https:\/\/portaltela.pt\/noticias\/2026\/04\/30\/desemprego-no-brasil-sobe-para-61-ate-marco-atingindo-66-milhoes\/\",\"url\":\"https:\/\/portaltela.pt\/noticias\/2026\/04\/30\/desemprego-no-brasil-sobe-para-61-ate-marco-atingindo-66-milhoes\/\",\"name\":\"Desemprego no Brasil sobe para 6,1% at\u00e9 mar\u00e7o, atingindo 6,6 milh\u00f5es - Portal Tela Portugal\",\"isPartOf\":{\"@id\":\"https:\/\/portaltela.pt\/#website\"},\"primaryImageOfPage\":{\"@id\":\"https:\/\/portaltela.pt\/noticias\/2026\/04\/30\/desemprego-no-brasil-sobe-para-61-ate-marco-atingindo-66-milhoes\/#primaryimage\"},\"image\":{\"@id\":\"https:\/\/portaltela.pt\/noticias\/2026\/04\/30\/desemprego-no-brasil-sobe-para-61-ate-marco-atingindo-66-milhoes\/#primaryimage\"},\"thumbnailUrl\":\"https:\/\/portaltela.pt\/s.01k8rhncp4jt1\/2026\/04\/CACHE_780X1200_ANALOG_WATERMARKED_35993852_503958610922381.jpg\",\"datePublished\":\"2026-04-30T16:33:14+00:00\",\"author\":{\"@id\":\"https:\/\/portaltela.pt\/#\/schema\/person\/c4278d4a6028830caff9ee44b42d32ed\"},\"breadcrumb\":{\"@id\":\"https:\/\/portaltela.pt\/noticias\/2026\/04\/30\/desemprego-no-brasil-sobe-para-61-ate-marco-atingindo-66-milhoes\/#breadcrumb\"},\"inLanguage\":\"pt-PT\",\"potentialAction\":[{\"@type\":\"ReadAction\",\"target\":[\"https:\/\/portaltela.pt\/noticias\/2026\/04\/30\/desemprego-no-brasil-sobe-para-61-ate-marco-atingindo-66-milhoes\/\"]}]},{\"@type\":\"ImageObject\",\"inLanguage\":\"pt-PT\",\"@id\":\"https:\/\/portaltela.pt\/noticias\/2026\/04\/30\/desemprego-no-brasil-sobe-para-61-ate-marco-atingindo-66-milhoes\/#primaryimage\",\"url\":\"https:\/\/portaltela.pt\/s.01k8rhncp4jt1\/2026\/04\/CACHE_780X1200_ANALOG_WATERMARKED_35993852_503958610922381.jpg\",\"contentUrl\":\"https:\/\/portaltela.pt\/s.01k8rhncp4jt1\/2026\/04\/CACHE_780X1200_ANALOG_WATERMARKED_35993852_503958610922381.jpg\",\"width\":796,\"height\":448,\"caption\":\"Desemprego no Brasil sobe para 6,1% no trimestre at\u00e9 mar\u00e7o, afetando 6,6 milh\u00f5es de pessoas\"},{\"@type\":\"BreadcrumbList\",\"@id\":\"https:\/\/portaltela.pt\/noticias\/2026\/04\/30\/desemprego-no-brasil-sobe-para-61-ate-marco-atingindo-66-milhoes\/#breadcrumb\",\"itemListElement\":[{\"@type\":\"ListItem\",\"position\":1,\"name\":\"In\u00edcio\",\"item\":\"https:\/\/portaltela.pt\/\"},{\"@type\":\"ListItem\",\"position\":2,\"name\":\"Desemprego no Brasil sobe para 6,1% at\u00e9 mar\u00e7o, atingindo 6,6 milh\u00f5es\"}]},{\"@type\":\"WebSite\",\"@id\":\"https:\/\/portaltela.pt\/#website\",\"url\":\"https:\/\/portaltela.pt\/\",\"name\":\"Portal Tela Portugal\",\"description\":\"\",\"potentialAction\":[{\"@type\":\"SearchAction\",\"target\":{\"@type\":\"EntryPoint\",\"urlTemplate\":\"https:\/\/portaltela.pt\/?s={search_term_string}\"},\"query-input\":{\"@type\":\"PropertyValueSpecification\",\"valueRequired\":true,\"valueName\":\"search_term_string\"}}],\"inLanguage\":\"pt-PT\"},{\"@type\":\"Person\",\"@id\":\"https:\/\/portaltela.pt\/#\/schema\/person\/c4278d4a6028830caff9ee44b42d32ed\",\"name\":\"Telinha\",\"image\":{\"@type\":\"ImageObject\",\"inLanguage\":\"pt-PT\",\"@id\":\"https:\/\/portaltela.pt\/s.01k8rhncp4jt1\/2025\/11\/talking-bot-125x125.png\",\"url\":\"https:\/\/portaltela.pt\/s.01k8rhncp4jt1\/2025\/11\/talking-bot-125x125.png\",\"contentUrl\":\"https:\/\/portaltela.pt\/s.01k8rhncp4jt1\/2025\/11\/talking-bot-125x125.png\",\"caption\":\"Telinha\"},\"sameAs\":[\"https:\/\/portaltela.pt\/\"],\"url\":\"https:\/\/portaltela.pt\/por\/367410592786\/\"}]}<\/script>\n<!-- \/ Yoast SEO plugin. -->","yoast_head_json":{"title":"Desemprego no Brasil sobe para 6,1% at\u00e9 mar\u00e7o, atingindo 6,6 milh\u00f5es - Portal Tela Portugal","robots":{"index":"index","follow":"follow","max-snippet":"max-snippet:-1","max-image-preview":"max-image-preview:large","max-video-preview":"max-video-preview:-1"},"og_locale":"pt_PT","og_type":"article","og_title":"Desemprego no Brasil sobe para 6,1% at\u00e9 mar\u00e7o, atingindo 6,6 milh\u00f5es - Portal Tela Portugal","og_description":"O desemprego no Brasil subiu para 6,1% no trimestre at\u00e9 mar\u00e7o. A estimativa aponta que 6,6 milh\u00f5es de pessoas estavam sem trabalho. O conte\u00fado completo est\u00e1 dispon\u00edvel apenas para subscritores.","og_url":"https:\/\/portaltela.pt\/noticias\/2026\/04\/30\/desemprego-no-brasil-sobe-para-61-ate-marco-atingindo-66-milhoes\/","og_site_name":"Portal Tela Portugal","article_published_time":"2026-04-30T16:33:14+00:00","author":"Telinha","twitter_card":"summary_large_image","twitter_misc":{"Escrito por":"Telinha","Tempo estimado de leitura":"1 minuto"},"schema":{"@context":"https:\/\/schema.org","@graph":[{"@type":"Article","@id":"https:\/\/portaltela.pt\/noticias\/2026\/04\/30\/desemprego-no-brasil-sobe-para-61-ate-marco-atingindo-66-milhoes\/#article","isPartOf":{"@id":"https:\/\/portaltela.pt\/noticias\/2026\/04\/30\/desemprego-no-brasil-sobe-para-61-ate-marco-atingindo-66-milhoes\/"},"author":{"name":"Telinha","@id":"https:\/\/portaltela.pt\/#\/schema\/person\/c4278d4a6028830caff9ee44b42d32ed"},"headline":"Desemprego no Brasil sobe para 6,1% at\u00e9 mar\u00e7o, atingindo 6,6 milh\u00f5es","datePublished":"2026-04-30T16:33:14+00:00","mainEntityOfPage":{"@id":"https:\/\/portaltela.pt\/noticias\/2026\/04\/30\/desemprego-no-brasil-sobe-para-61-ate-marco-atingindo-66-milhoes\/"},"wordCount":121,"image":{"@id":"https:\/\/portaltela.pt\/noticias\/2026\/04\/30\/desemprego-no-brasil-sobe-para-61-ate-marco-atingindo-66-milhoes\/#primaryimage"},"thumbnailUrl":"https:\/\/portaltela.pt\/s.01k8rhncp4jt1\/2026\/04\/CACHE_780X1200_ANALOG_WATERMARKED_35993852_503958610922381.jpg","keywords":["Brasil","desemprego","economia","emprego","popula\u00e7\u00e3o civil","trabalho"],"articleSection":["Economia","Finan\u00e7as"],"inLanguage":"pt-PT"},{"@type":"WebPage","@id":"https:\/\/portaltela.pt\/noticias\/2026\/04\/30\/desemprego-no-brasil-sobe-para-61-ate-marco-atingindo-66-milhoes\/","url":"https:\/\/portaltela.pt\/noticias\/2026\/04\/30\/desemprego-no-brasil-sobe-para-61-ate-marco-atingindo-66-milhoes\/","name":"Desemprego no Brasil sobe para 6,1% at\u00e9 mar\u00e7o, atingindo 6,6 milh\u00f5es - Portal Tela Portugal","isPartOf":{"@id":"https:\/\/portaltela.pt\/#website"},"primaryImageOfPage":{"@id":"https:\/\/portaltela.pt\/noticias\/2026\/04\/30\/desemprego-no-brasil-sobe-para-61-ate-marco-atingindo-66-milhoes\/#primaryimage"},"image":{"@id":"https:\/\/portaltela.pt\/noticias\/2026\/04\/30\/desemprego-no-brasil-sobe-para-61-ate-marco-atingindo-66-milhoes\/#primaryimage"},"thumbnailUrl":"https:\/\/portaltela.pt\/s.01k8rhncp4jt1\/2026\/04\/CACHE_780X1200_ANALOG_WATERMARKED_35993852_503958610922381.jpg","datePublished":"2026-04-30T16:33:14+00:00","author":{"@id":"https:\/\/portaltela.pt\/#\/schema\/person\/c4278d4a6028830caff9ee44b42d32ed"},"breadcrumb":{"@id":"https:\/\/portaltela.pt\/noticias\/2026\/04\/30\/desemprego-no-brasil-sobe-para-61-ate-marco-atingindo-66-milhoes\/#breadcrumb"},"inLanguage":"pt-PT","potentialAction":[{"@type":"ReadAction","target":["https:\/\/portaltela.pt\/noticias\/2026\/04\/30\/desemprego-no-brasil-sobe-para-61-ate-marco-atingindo-66-milhoes\/"]}]},{"@type":"ImageObject","inLanguage":"pt-PT","@id":"https:\/\/portaltela.pt\/noticias\/2026\/04\/30\/desemprego-no-brasil-sobe-para-61-ate-marco-atingindo-66-milhoes\/#primaryimage","url":"https:\/\/portaltela.pt\/s.01k8rhncp4jt1\/2026\/04\/CACHE_780X1200_ANALOG_WATERMARKED_35993852_503958610922381.jpg","contentUrl":"https:\/\/portaltela.pt\/s.01k8rhncp4jt1\/2026\/04\/CACHE_780X1200_ANALOG_WATERMARKED_35993852_503958610922381.jpg","width":796,"height":448,"caption":"Desemprego no Brasil sobe para 6,1% no trimestre at\u00e9 mar\u00e7o, afetando 6,6 milh\u00f5es de pessoas"},{"@type":"BreadcrumbList","@id":"https:\/\/portaltela.pt\/noticias\/2026\/04\/30\/desemprego-no-brasil-sobe-para-61-ate-marco-atingindo-66-milhoes\/#breadcrumb","itemListElement":[{"@type":"ListItem","position":1,"name":"In\u00edcio","item":"https:\/\/portaltela.pt\/"},{"@type":"ListItem","position":2,"name":"Desemprego no Brasil sobe para 6,1% at\u00e9 mar\u00e7o, atingindo 6,6 milh\u00f5es"}]},{"@type":"WebSite","@id":"https:\/\/portaltela.pt\/#website","url":"https:\/\/portaltela.pt\/","name":"Portal Tela Portugal","description":"","potentialAction":[{"@type":"SearchAction","target":{"@type":"EntryPoint","urlTemplate":"https:\/\/portaltela.pt\/?s={search_term_string}"},"query-input":{"@type":"PropertyValueSpecification","valueRequired":true,"valueName":"search_term_string"}}],"inLanguage":"pt-PT"},{"@type":"Person","@id":"https:\/\/portaltela.pt\/#\/schema\/person\/c4278d4a6028830caff9ee44b42d32ed","name":"Telinha","image":{"@type":"ImageObject","inLanguage":"pt-PT","@id":"https:\/\/portaltela.pt\/s.01k8rhncp4jt1\/2025\/11\/talking-bot-125x125.png","url":"https:\/\/portaltela.pt\/s.01k8rhncp4jt1\/2025\/11\/talking-bot-125x125.png","contentUrl":"https:\/\/portaltela.pt\/s.01k8rhncp4jt1\/2025\/11\/talking-bot-125x125.png","caption":"Telinha"},"sameAs":["https:\/\/portaltela.pt\/"],"url":"https:\/\/portaltela.pt\/por\/367410592786\/"}]}},"_links":{"self":[{"href":"https:\/\/portaltela.pt\/api\/wp\/v2\/posts\/462756","targetHints":{"allow":["GET"]}}],"collection":[{"href":"https:\/\/portaltela.pt\/api\/wp\/v2\/posts"}],"about":[{"href":"https:\/\/portaltela.pt\/api\/wp\/v2\/types\/post"}],"author":[{"embeddable":true,"href":"https:\/\/portaltela.pt\/api\/wp\/v2\/users\/2"}],"replies":[{"embeddable":true,"href":"https:\/\/portaltela.pt\/api\/wp\/v2\/comments?post=462756"}],"version-history":[{"count":0,"href":"https:\/\/portaltela.pt\/api\/wp\/v2\/posts\/462756\/revisions"}],"wp:featuredmedia":[{"embeddable":true,"href":"https:\/\/portaltela.pt\/api\/wp\/v2\/media\/462770"}],"wp:attachment":[{"href":"https:\/\/portaltela.pt\/api\/wp\/v2\/media?parent=462756"}],"wp:term":[{"taxonomy":"category","embeddable":true,"href":"https:\/\/portaltela.pt\/api\/wp\/v2\/categories?post=462756"},{"taxonomy":"post_tag","embeddable":true,"href":"https:\/\/portaltela.pt\/api\/wp\/v2\/tags?post=462756"}],"curies":[{"name":"wp","href":"https:\/\/api.w.org\/{rel}","templated":true}]}}