{"id":462755,"date":"2026-04-30T13:33:14","date_gmt":"2026-04-30T16:33:14","guid":{"rendered":"https:\/\/portaltela.pt\/noticias\/2026\/04\/30\/companhia-aerea-lanca-a-menor-franquia-de-bagagem-da-europa\/"},"modified":"2026-04-30T13:33:14","modified_gmt":"2026-04-30T16:33:14","slug":"companhia-aerea-lanca-a-menor-franquia-de-bagagem-da-europa","status":"publish","type":"post","link":"https:\/\/portaltela.pt\/noticias\/economia\/2026\/04\/30\/companhia-aerea-lanca-a-menor-franquia-de-bagagem-da-europa\/","title":{"rendered":"Companhia a\u00e9rea lan\u00e7a a menor franquia de bagagem da Europa"},"content":{"rendered":"<p>A Lufthansa revelou uma nova op\u00e7\u00e3o na classe econ\u00f3mica, designada Economy Basic, que n\u00e3o inclui bagagem de m\u00e3o nem reserva de lugar. A oferta destina-se a quem viaja apenas com um item pessoal e pretende tarifas mais acess\u00edveis, sem possibilidade de remarca\u00e7\u00e3o ou reembolso. A temporada de lan\u00e7amento est\u00e1 marcada para maio de 2026, com voos a partir de 18 de maio em rotas de curta e m\u00e9dia dist\u00e2ncia do grupo Lufthansa.<\/p>\n<p>A franquia permite apenas um item pessoal com dimens\u00f5es at\u00e9 40 x 30 x 15 cm, tornando-a a mais pequena da Europa entre grandes companhias. Para levar bagagem de m\u00e3o ou bagagem registada, os passageiros ter\u00e3o de pagar taxas adicionais.<\/p>\n<p>Par\u00e1grafo seguinte: a proposta surge numa altura em que outras transportadoras europeias tamb\u00e9m aplicam modelos restritos, com itens pessoais inclu\u00eddos, mas com varia\u00e7\u00f5es nas dimens\u00f5es e nos custos adicionais. A compara\u00e7\u00e3o entre empresas \u00e9 comum entre viajantes atentos aos pre\u00e7os.<\/p>\n<h3>Compara\u00e7\u00e3o com outras transportadoras<\/h3>\n<p>A Ryanair e a Wizz Air mant\u00eam, na pr\u00e1tica, franquias similares: um pequeno item pessoal com at\u00e9 40 x 30 x 20 cm inclu\u00eddo na tarifa base, sendo a bagagem de m\u00e3o e a bagagem registada sujeitas a pagamento adicional. Em contraste, a Wizz Air tem vindo a introduzir servi\u00e7os premium em algumas rotas, incluindo mais malas de cabine e bebidas gratuitas.<\/p>\n<p>A British Airways comercializa uma vers\u00e3o da Economy Basic onde a franquia de mala de m\u00e3o \u00e9 de 40 x 30 x 15 cm, mas permite uma segunda mala de cabine at\u00e9 56 x 45 x 25 cm para colocar no compartimento superior. A oferta Euro Traveller resulta em destinos espalhados por mais de 100 cidades europeias, com tarifas a partir de valores promocionais.<\/p>\n<p>A EasyJet mant\u00e9m a pol\u00edtica padr\u00e3o, incluindo uma mala de cabine com dimens\u00f5es at\u00e9 45 x 36 x 20 cm e a possibilidade de adquirir lugar reservado ou bagagem de por\u00e3o. No quadro regulat\u00f3rio europeu, o Parlamento aprovou, em janeiro de 2026, refor\u00e7ar direitos dos passageiros, exigindo um item pessoal gratuito e uma pequena bagagem de m\u00e3o sem custos, at\u00e9 7 kg, com limites combinados de at\u00e9 100 cm.<\/p>\n<h3>Contexto regulat\u00f3rio e rea\u00e7\u00e3o do setor<\/h3>\n<p>A UE discute altera\u00e7\u00f5es \u00e0s regras de bagagem, com a possibilidade de exigir itens pessoais gratuitos inclu\u00eddos na tarifa base. A proposta visa melhorar a experi\u00eancia do passageiro sem aumentar custos ocultos. Parlamentares indicam que o objetivo \u00e9 equilibrar tarifas mais baixas com direitos de consumo.<\/p>\n<p>Kenton Jarvis, respons\u00e1vel por easyJet, criticou a proposta, descrevendo-a como preocupante para consumidores, citado por ve\u00edculos de imprensa. Empresas de baixo custo destacam que a limita\u00e7\u00e3o de espa\u00e7o na cabina \u00e9 um desafio recorrente para opera\u00e7\u00f5es di\u00e1rias.<\/p>\n<p>As mudan\u00e7as em curso podem influenciar o modelo de neg\u00f3cios de v\u00e1rias transportadoras, com impacto na forma como as malas s\u00e3o geridas a bordo. A evolu\u00e7\u00e3o depende de decis\u00f5es pol\u00edticas a n\u00edvel europeu e da resposta operacional das companhias a\u00e9reas.<\/p>\n","protected":false},"excerpt":{"rendered":"<ul>\n<li>A Lufthansa lan\u00e7ou uma tarifa Economy Basic para viagens curtas e m\u00e9dias, com in\u00edcio de utiliza\u00e7\u00e3o em 18 de maio (viagens a partir de abril de 2026).<\/li>\n<li>A oferta n\u00e3o inclui bagagem de m\u00e3o, bagagem registada nem sele\u00e7\u00e3o de assento; \u00e9 poss\u00edvel adicionar tudo mediante taxa adicional.<\/li>\n<li>Inclui apenas um objeto pessoal com dimens\u00f5es m\u00e1ximas de 40 x 30 x 15 cm, considerada a franquia de bagagem de cabine mais pequena na Europa.<\/li>\n<li>Em compara\u00e7\u00e3o, Ryanair e Wizz Air mant\u00eam uma franquia semelhante de bagagem de cabine simples (pequeno objeto pessoal), com custo extra para bagagem adicional e para a reserva de lugar.<\/li>\n<li>O Parlamento Europeu tem discutido refor\u00e7ar direitos dos passageiros, incluindo um item pessoal gratuito e uma pequena bagagem de m\u00e3o at\u00e9 100 cm no total e at\u00e9 sete quilos, o que pode influenciar pol\u00edticas das companhias.<\/li>\n<\/ul>\n","protected":false},"author":2,"featured_media":462763,"comment_status":"closed","ping_status":"closed","sticky":false,"template":"","format":"standard","meta":{"footnotes":""},"categories":[2,6735],"tags":[7890,8502,8801,8554,8004,8287],"class_list":["post-462755","post","type-post","status-publish","format-standard","has-post-thumbnail","hentry","category-economia","category-negocios","tag-_aeroportos","tag-_aviacao","tag-_bagagens","tag-_companhias","tag-_europa","tag-_transporte"],"yoast_head":"<!-- This site is optimized with the Yoast SEO plugin v27.2 - https:\/\/yoast.com\/product\/yoast-seo-wordpress\/ -->\n<title>Companhia a\u00e9rea lan\u00e7a a menor franquia de bagagem da Europa - Portal Tela Portugal<\/title>\n<meta name=\"robots\" content=\"index, follow, max-snippet:-1, max-image-preview:large, max-video-preview:-1\" \/>\n<meta property=\"og:locale\" content=\"pt_PT\" \/>\n<meta property=\"og:type\" content=\"article\" \/>\n<meta property=\"og:title\" content=\"Companhia a\u00e9rea lan\u00e7a a menor franquia de bagagem da Europa - Portal Tela Portugal\" \/>\n<meta property=\"og:description\" content=\"A Lufthansa lan\u00e7ou uma tarifa Economy Basic para viagens curtas e m\u00e9dias, com in\u00edcio de utiliza\u00e7\u00e3o em 18 de maio (viagens a partir de abril de 2026). A oferta n\u00e3o inclui bagagem de m\u00e3o, bagagem registada nem sele\u00e7\u00e3o de assento; \u00e9 poss\u00edvel adicionar tudo mediante taxa adicional. Inclui apenas um objeto pessoal com dimens\u00f5es m\u00e1ximas de 40 x 30 x 15 cm, considerada a franquia de bagagem de cabine mais pequena na Europa. Em compara\u00e7\u00e3o, Ryanair e Wizz Air mant\u00eam uma franquia semelhante de bagagem de cabine simples (pequeno objeto pessoal), com custo extra para bagagem adicional e para a reserva de lugar. O Parlamento Europeu tem discutido refor\u00e7ar direitos dos passageiros, incluindo um item pessoal gratuito e uma pequena bagagem de m\u00e3o at\u00e9 100 cm no total e at\u00e9 sete quilos, o que pode influenciar pol\u00edticas das companhias.\" \/>\n<meta property=\"og:url\" content=\"https:\/\/portaltela.pt\/noticias\/2026\/04\/30\/companhia-aerea-lanca-a-menor-franquia-de-bagagem-da-europa\/\" \/>\n<meta property=\"og:site_name\" content=\"Portal Tela Portugal\" \/>\n<meta property=\"article:published_time\" content=\"2026-04-30T16:33:14+00:00\" \/>\n<meta name=\"author\" content=\"Telinha\" \/>\n<meta name=\"twitter:card\" content=\"summary_large_image\" \/>\n<meta name=\"twitter:label1\" content=\"Escrito por\" \/>\n\t<meta name=\"twitter:data1\" content=\"Telinha\" \/>\n\t<meta name=\"twitter:label2\" content=\"Tempo estimado de leitura\" \/>\n\t<meta name=\"twitter:data2\" content=\"3 minutos\" \/>\n<script type=\"application\/ld+json\" class=\"yoast-schema-graph\">{\"@context\":\"https:\/\/schema.org\",\"@graph\":[{\"@type\":\"Article\",\"@id\":\"https:\/\/portaltela.pt\/noticias\/2026\/04\/30\/companhia-aerea-lanca-a-menor-franquia-de-bagagem-da-europa\/#article\",\"isPartOf\":{\"@id\":\"https:\/\/portaltela.pt\/noticias\/2026\/04\/30\/companhia-aerea-lanca-a-menor-franquia-de-bagagem-da-europa\/\"},\"author\":{\"name\":\"Telinha\",\"@id\":\"https:\/\/portaltela.pt\/#\/schema\/person\/c4278d4a6028830caff9ee44b42d32ed\"},\"headline\":\"Companhia a\u00e9rea lan\u00e7a a menor franquia de bagagem da Europa\",\"datePublished\":\"2026-04-30T16:33:14+00:00\",\"mainEntityOfPage\":{\"@id\":\"https:\/\/portaltela.pt\/noticias\/2026\/04\/30\/companhia-aerea-lanca-a-menor-franquia-de-bagagem-da-europa\/\"},\"wordCount\":522,\"image\":{\"@id\":\"https:\/\/portaltela.pt\/noticias\/2026\/04\/30\/companhia-aerea-lanca-a-menor-franquia-de-bagagem-da-europa\/#primaryimage\"},\"thumbnailUrl\":\"https:\/\/portaltela.pt\/s.01k8rhncp4jt1\/2026\/04\/1536x864_cmsv2_8b8df468-8d96-5d8b-ae30-c861cbbe8733-9742195.jpg\",\"keywords\":[\"_aeroportos\",\"_avia\u00e7\u00e3o\",\"_bagagens\",\"_companhias\",\"_Europa\",\"_transporte\"],\"articleSection\":[\"Economia\",\"Neg\u00f3cios\"],\"inLanguage\":\"pt-PT\"},{\"@type\":\"WebPage\",\"@id\":\"https:\/\/portaltela.pt\/noticias\/2026\/04\/30\/companhia-aerea-lanca-a-menor-franquia-de-bagagem-da-europa\/\",\"url\":\"https:\/\/portaltela.pt\/noticias\/2026\/04\/30\/companhia-aerea-lanca-a-menor-franquia-de-bagagem-da-europa\/\",\"name\":\"Companhia a\u00e9rea lan\u00e7a a menor franquia de bagagem da Europa - Portal Tela Portugal\",\"isPartOf\":{\"@id\":\"https:\/\/portaltela.pt\/#website\"},\"primaryImageOfPage\":{\"@id\":\"https:\/\/portaltela.pt\/noticias\/2026\/04\/30\/companhia-aerea-lanca-a-menor-franquia-de-bagagem-da-europa\/#primaryimage\"},\"image\":{\"@id\":\"https:\/\/portaltela.pt\/noticias\/2026\/04\/30\/companhia-aerea-lanca-a-menor-franquia-de-bagagem-da-europa\/#primaryimage\"},\"thumbnailUrl\":\"https:\/\/portaltela.pt\/s.01k8rhncp4jt1\/2026\/04\/1536x864_cmsv2_8b8df468-8d96-5d8b-ae30-c861cbbe8733-9742195.jpg\",\"datePublished\":\"2026-04-30T16:33:14+00:00\",\"author\":{\"@id\":\"https:\/\/portaltela.pt\/#\/schema\/person\/c4278d4a6028830caff9ee44b42d32ed\"},\"breadcrumb\":{\"@id\":\"https:\/\/portaltela.pt\/noticias\/2026\/04\/30\/companhia-aerea-lanca-a-menor-franquia-de-bagagem-da-europa\/#breadcrumb\"},\"inLanguage\":\"pt-PT\",\"potentialAction\":[{\"@type\":\"ReadAction\",\"target\":[\"https:\/\/portaltela.pt\/noticias\/2026\/04\/30\/companhia-aerea-lanca-a-menor-franquia-de-bagagem-da-europa\/\"]}]},{\"@type\":\"ImageObject\",\"inLanguage\":\"pt-PT\",\"@id\":\"https:\/\/portaltela.pt\/noticias\/2026\/04\/30\/companhia-aerea-lanca-a-menor-franquia-de-bagagem-da-europa\/#primaryimage\",\"url\":\"https:\/\/portaltela.pt\/s.01k8rhncp4jt1\/2026\/04\/1536x864_cmsv2_8b8df468-8d96-5d8b-ae30-c861cbbe8733-9742195.jpg\",\"contentUrl\":\"https:\/\/portaltela.pt\/s.01k8rhncp4jt1\/2026\/04\/1536x864_cmsv2_8b8df468-8d96-5d8b-ae30-c861cbbe8733-9742195.jpg\",\"width\":796,\"height\":448,\"caption\":\"Uma pequena mala de cabina de cada vez: A franquia de cabina das classes econ\u00f3micas europeias poder\u00e1 mudar se a Uni\u00e3o Europeia levar a sua avante.\"},{\"@type\":\"BreadcrumbList\",\"@id\":\"https:\/\/portaltela.pt\/noticias\/2026\/04\/30\/companhia-aerea-lanca-a-menor-franquia-de-bagagem-da-europa\/#breadcrumb\",\"itemListElement\":[{\"@type\":\"ListItem\",\"position\":1,\"name\":\"In\u00edcio\",\"item\":\"https:\/\/portaltela.pt\/\"},{\"@type\":\"ListItem\",\"position\":2,\"name\":\"Companhia a\u00e9rea lan\u00e7a a menor franquia de bagagem da Europa\"}]},{\"@type\":\"WebSite\",\"@id\":\"https:\/\/portaltela.pt\/#website\",\"url\":\"https:\/\/portaltela.pt\/\",\"name\":\"Portal Tela Portugal\",\"description\":\"\",\"potentialAction\":[{\"@type\":\"SearchAction\",\"target\":{\"@type\":\"EntryPoint\",\"urlTemplate\":\"https:\/\/portaltela.pt\/?s={search_term_string}\"},\"query-input\":{\"@type\":\"PropertyValueSpecification\",\"valueRequired\":true,\"valueName\":\"search_term_string\"}}],\"inLanguage\":\"pt-PT\"},{\"@type\":\"Person\",\"@id\":\"https:\/\/portaltela.pt\/#\/schema\/person\/c4278d4a6028830caff9ee44b42d32ed\",\"name\":\"Telinha\",\"image\":{\"@type\":\"ImageObject\",\"inLanguage\":\"pt-PT\",\"@id\":\"https:\/\/portaltela.pt\/s.01k8rhncp4jt1\/2025\/11\/talking-bot-125x125.png\",\"url\":\"https:\/\/portaltela.pt\/s.01k8rhncp4jt1\/2025\/11\/talking-bot-125x125.png\",\"contentUrl\":\"https:\/\/portaltela.pt\/s.01k8rhncp4jt1\/2025\/11\/talking-bot-125x125.png\",\"caption\":\"Telinha\"},\"sameAs\":[\"https:\/\/portaltela.pt\/\"],\"url\":\"https:\/\/portaltela.pt\/por\/367410592786\/\"}]}<\/script>\n<!-- \/ Yoast SEO plugin. -->","yoast_head_json":{"title":"Companhia a\u00e9rea lan\u00e7a a menor franquia de bagagem da Europa - Portal Tela Portugal","robots":{"index":"index","follow":"follow","max-snippet":"max-snippet:-1","max-image-preview":"max-image-preview:large","max-video-preview":"max-video-preview:-1"},"og_locale":"pt_PT","og_type":"article","og_title":"Companhia a\u00e9rea lan\u00e7a a menor franquia de bagagem da Europa - Portal Tela Portugal","og_description":"A Lufthansa lan\u00e7ou uma tarifa Economy Basic para viagens curtas e m\u00e9dias, com in\u00edcio de utiliza\u00e7\u00e3o em 18 de maio (viagens a partir de abril de 2026). A oferta n\u00e3o inclui bagagem de m\u00e3o, bagagem registada nem sele\u00e7\u00e3o de assento; \u00e9 poss\u00edvel adicionar tudo mediante taxa adicional. Inclui apenas um objeto pessoal com dimens\u00f5es m\u00e1ximas de 40 x 30 x 15 cm, considerada a franquia de bagagem de cabine mais pequena na Europa. Em compara\u00e7\u00e3o, Ryanair e Wizz Air mant\u00eam uma franquia semelhante de bagagem de cabine simples (pequeno objeto pessoal), com custo extra para bagagem adicional e para a reserva de lugar. O Parlamento Europeu tem discutido refor\u00e7ar direitos dos passageiros, incluindo um item pessoal gratuito e uma pequena bagagem de m\u00e3o at\u00e9 100 cm no total e at\u00e9 sete quilos, o que pode influenciar pol\u00edticas das companhias.","og_url":"https:\/\/portaltela.pt\/noticias\/2026\/04\/30\/companhia-aerea-lanca-a-menor-franquia-de-bagagem-da-europa\/","og_site_name":"Portal Tela Portugal","article_published_time":"2026-04-30T16:33:14+00:00","author":"Telinha","twitter_card":"summary_large_image","twitter_misc":{"Escrito por":"Telinha","Tempo estimado de leitura":"3 minutos"},"schema":{"@context":"https:\/\/schema.org","@graph":[{"@type":"Article","@id":"https:\/\/portaltela.pt\/noticias\/2026\/04\/30\/companhia-aerea-lanca-a-menor-franquia-de-bagagem-da-europa\/#article","isPartOf":{"@id":"https:\/\/portaltela.pt\/noticias\/2026\/04\/30\/companhia-aerea-lanca-a-menor-franquia-de-bagagem-da-europa\/"},"author":{"name":"Telinha","@id":"https:\/\/portaltela.pt\/#\/schema\/person\/c4278d4a6028830caff9ee44b42d32ed"},"headline":"Companhia a\u00e9rea lan\u00e7a a menor franquia de bagagem da Europa","datePublished":"2026-04-30T16:33:14+00:00","mainEntityOfPage":{"@id":"https:\/\/portaltela.pt\/noticias\/2026\/04\/30\/companhia-aerea-lanca-a-menor-franquia-de-bagagem-da-europa\/"},"wordCount":522,"image":{"@id":"https:\/\/portaltela.pt\/noticias\/2026\/04\/30\/companhia-aerea-lanca-a-menor-franquia-de-bagagem-da-europa\/#primaryimage"},"thumbnailUrl":"https:\/\/portaltela.pt\/s.01k8rhncp4jt1\/2026\/04\/1536x864_cmsv2_8b8df468-8d96-5d8b-ae30-c861cbbe8733-9742195.jpg","keywords":["_aeroportos","_avia\u00e7\u00e3o","_bagagens","_companhias","_Europa","_transporte"],"articleSection":["Economia","Neg\u00f3cios"],"inLanguage":"pt-PT"},{"@type":"WebPage","@id":"https:\/\/portaltela.pt\/noticias\/2026\/04\/30\/companhia-aerea-lanca-a-menor-franquia-de-bagagem-da-europa\/","url":"https:\/\/portaltela.pt\/noticias\/2026\/04\/30\/companhia-aerea-lanca-a-menor-franquia-de-bagagem-da-europa\/","name":"Companhia a\u00e9rea lan\u00e7a a menor franquia de bagagem da Europa - Portal Tela Portugal","isPartOf":{"@id":"https:\/\/portaltela.pt\/#website"},"primaryImageOfPage":{"@id":"https:\/\/portaltela.pt\/noticias\/2026\/04\/30\/companhia-aerea-lanca-a-menor-franquia-de-bagagem-da-europa\/#primaryimage"},"image":{"@id":"https:\/\/portaltela.pt\/noticias\/2026\/04\/30\/companhia-aerea-lanca-a-menor-franquia-de-bagagem-da-europa\/#primaryimage"},"thumbnailUrl":"https:\/\/portaltela.pt\/s.01k8rhncp4jt1\/2026\/04\/1536x864_cmsv2_8b8df468-8d96-5d8b-ae30-c861cbbe8733-9742195.jpg","datePublished":"2026-04-30T16:33:14+00:00","author":{"@id":"https:\/\/portaltela.pt\/#\/schema\/person\/c4278d4a6028830caff9ee44b42d32ed"},"breadcrumb":{"@id":"https:\/\/portaltela.pt\/noticias\/2026\/04\/30\/companhia-aerea-lanca-a-menor-franquia-de-bagagem-da-europa\/#breadcrumb"},"inLanguage":"pt-PT","potentialAction":[{"@type":"ReadAction","target":["https:\/\/portaltela.pt\/noticias\/2026\/04\/30\/companhia-aerea-lanca-a-menor-franquia-de-bagagem-da-europa\/"]}]},{"@type":"ImageObject","inLanguage":"pt-PT","@id":"https:\/\/portaltela.pt\/noticias\/2026\/04\/30\/companhia-aerea-lanca-a-menor-franquia-de-bagagem-da-europa\/#primaryimage","url":"https:\/\/portaltela.pt\/s.01k8rhncp4jt1\/2026\/04\/1536x864_cmsv2_8b8df468-8d96-5d8b-ae30-c861cbbe8733-9742195.jpg","contentUrl":"https:\/\/portaltela.pt\/s.01k8rhncp4jt1\/2026\/04\/1536x864_cmsv2_8b8df468-8d96-5d8b-ae30-c861cbbe8733-9742195.jpg","width":796,"height":448,"caption":"Uma pequena mala de cabina de cada vez: A franquia de cabina das classes econ\u00f3micas europeias poder\u00e1 mudar se a Uni\u00e3o Europeia levar a sua avante."},{"@type":"BreadcrumbList","@id":"https:\/\/portaltela.pt\/noticias\/2026\/04\/30\/companhia-aerea-lanca-a-menor-franquia-de-bagagem-da-europa\/#breadcrumb","itemListElement":[{"@type":"ListItem","position":1,"name":"In\u00edcio","item":"https:\/\/portaltela.pt\/"},{"@type":"ListItem","position":2,"name":"Companhia a\u00e9rea lan\u00e7a a menor franquia de bagagem da Europa"}]},{"@type":"WebSite","@id":"https:\/\/portaltela.pt\/#website","url":"https:\/\/portaltela.pt\/","name":"Portal Tela Portugal","description":"","potentialAction":[{"@type":"SearchAction","target":{"@type":"EntryPoint","urlTemplate":"https:\/\/portaltela.pt\/?s={search_term_string}"},"query-input":{"@type":"PropertyValueSpecification","valueRequired":true,"valueName":"search_term_string"}}],"inLanguage":"pt-PT"},{"@type":"Person","@id":"https:\/\/portaltela.pt\/#\/schema\/person\/c4278d4a6028830caff9ee44b42d32ed","name":"Telinha","image":{"@type":"ImageObject","inLanguage":"pt-PT","@id":"https:\/\/portaltela.pt\/s.01k8rhncp4jt1\/2025\/11\/talking-bot-125x125.png","url":"https:\/\/portaltela.pt\/s.01k8rhncp4jt1\/2025\/11\/talking-bot-125x125.png","contentUrl":"https:\/\/portaltela.pt\/s.01k8rhncp4jt1\/2025\/11\/talking-bot-125x125.png","caption":"Telinha"},"sameAs":["https:\/\/portaltela.pt\/"],"url":"https:\/\/portaltela.pt\/por\/367410592786\/"}]}},"_links":{"self":[{"href":"https:\/\/portaltela.pt\/api\/wp\/v2\/posts\/462755","targetHints":{"allow":["GET"]}}],"collection":[{"href":"https:\/\/portaltela.pt\/api\/wp\/v2\/posts"}],"about":[{"href":"https:\/\/portaltela.pt\/api\/wp\/v2\/types\/post"}],"author":[{"embeddable":true,"href":"https:\/\/portaltela.pt\/api\/wp\/v2\/users\/2"}],"replies":[{"embeddable":true,"href":"https:\/\/portaltela.pt\/api\/wp\/v2\/comments?post=462755"}],"version-history":[{"count":0,"href":"https:\/\/portaltela.pt\/api\/wp\/v2\/posts\/462755\/revisions"}],"wp:featuredmedia":[{"embeddable":true,"href":"https:\/\/portaltela.pt\/api\/wp\/v2\/media\/462763"}],"wp:attachment":[{"href":"https:\/\/portaltela.pt\/api\/wp\/v2\/media?parent=462755"}],"wp:term":[{"taxonomy":"category","embeddable":true,"href":"https:\/\/portaltela.pt\/api\/wp\/v2\/categories?post=462755"},{"taxonomy":"post_tag","embeddable":true,"href":"https:\/\/portaltela.pt\/api\/wp\/v2\/tags?post=462755"}],"curies":[{"name":"wp","href":"https:\/\/api.w.org\/{rel}","templated":true}]}}