{"id":462754,"date":"2026-04-30T13:33:13","date_gmt":"2026-04-30T16:33:13","guid":{"rendered":"https:\/\/portaltela.pt\/noticias\/2026\/04\/30\/tania-laranjo-comenta-a-absolvicao-de-rui-pinto-por-ajudar-a-investigacao\/"},"modified":"2026-04-30T13:33:13","modified_gmt":"2026-04-30T16:33:13","slug":"tania-laranjo-comenta-a-absolvicao-de-rui-pinto-por-ajudar-a-investigacao","status":"publish","type":"post","link":"https:\/\/portaltela.pt\/noticias\/2026\/04\/30\/tania-laranjo-comenta-a-absolvicao-de-rui-pinto-por-ajudar-a-investigacao\/","title":{"rendered":"T\u00e2nia Laranjo comenta a absolvi\u00e7\u00e3o de Rui Pinto por ajudar a investiga\u00e7\u00e3o"},"content":{"rendered":"<p>A not\u00edcia trata do desfecho de um dos processos relacionados com o caso Football Leaks. Rui Pinto, hacker respons\u00e1vel por v\u00e1rias divulga\u00e7\u00f5es, foi absolvido de 241 crimes no segundo processo do caso. A decis\u00e3o foi anunciada pela justi\u00e7a portuguesa, encerrando parte das acusa\u00e7\u00f5es lan\u00e7adas contra o jogador da investiga\u00e7\u00e3o.<\/p>\n<p>A cobertura concentra-se na perspetiva de jornalistas ligados ao CM e \u00e0 CMTV, que acompanharam o desfecho do julgamento e as repercuss\u00f5es do veredicto. As informa\u00e7\u00f5es destacam que Pinto continua a ser alvo de outras a\u00e7\u00f5es judiciais em fases diferentes do caso.<\/p>\n<p>A absolvi\u00e7\u00e3o \u00e9 analisada em contexto com o que se sabe sobre o papel de Pinto na divulga\u00e7\u00e3o de documentos. T\u00e2nia Laranjo, correspondente do CM, afirmou que o hacker ajudava a investiga\u00e7\u00e3o ao descobrir crimes, numa leitura centrada na utilidade das informa\u00e7\u00f5es obtidas para o processo.<\/p>\n<h3>Rea\u00e7\u00e3o de T\u00e2nia Laranjo<\/h3>\n<p>A jornalista reagiu ao veredicto, destacando que Rui Pinto contribuiu para esclarecer crimes ao longo da investiga\u00e7\u00e3o. A sua avalia\u00e7\u00e3o insere-se no acompanhamento cont\u00ednuo do caso pelo p\u00fablico, sem emitir conclus\u00f5es sobre outros elementos do Football Leaks.<\/p>\n","protected":false},"excerpt":{"rendered":"<ul>\n<li>A jornalista do CM e da CMTV, T\u00e2nia Laranjo, reagiu \u00e0 absolvi\u00e7\u00e3o de Rui Pinto no segundo processo do caso Football Leaks.<\/li>\n<li>Rui Pinto foi absolvido das 241 acusa\u00e7\u00f5es que lhe eram atribu\u00eddas nesse processo.<\/li>\n<li>O veredito envolve o desfecho do segundo processo associado ao caso Football Leaks.<\/li>\n<li>A not\u00edcia enfatiza a rea\u00e7\u00e3o de T\u00e2nia Laranjo \u00e0 decis\u00e3o judicial.<\/li>\n<\/ul>\n","protected":false},"author":2,"featured_media":462765,"comment_status":"closed","ping_status":"closed","sticky":false,"template":"","format":"standard","meta":{"footnotes":""},"categories":[6815,1],"tags":[3754,147,506,5707],"class_list":["post-462754","post","type-post","status-publish","format-standard","has-post-thumbnail","hentry","category-justica","category-noticias","tag-absolvicao","tag-crime","tag-imprensa","tag-jornalistas"],"yoast_head":"<!-- This site is optimized with the Yoast SEO plugin v27.2 - https:\/\/yoast.com\/product\/yoast-seo-wordpress\/ -->\n<title>T\u00e2nia Laranjo comenta a absolvi\u00e7\u00e3o de Rui Pinto por ajudar a investiga\u00e7\u00e3o - Portal Tela Portugal<\/title>\n<meta name=\"robots\" content=\"index, follow, max-snippet:-1, max-image-preview:large, max-video-preview:-1\" \/>\n<meta property=\"og:locale\" content=\"pt_PT\" \/>\n<meta property=\"og:type\" content=\"article\" \/>\n<meta property=\"og:title\" content=\"T\u00e2nia Laranjo comenta a absolvi\u00e7\u00e3o de Rui Pinto por ajudar a investiga\u00e7\u00e3o - Portal Tela Portugal\" \/>\n<meta property=\"og:description\" content=\"A jornalista do CM e da CMTV, T\u00e2nia Laranjo, reagiu \u00e0 absolvi\u00e7\u00e3o de Rui Pinto no segundo processo do caso Football Leaks. Rui Pinto foi absolvido das 241 acusa\u00e7\u00f5es que lhe eram atribu\u00eddas nesse processo. O veredito envolve o desfecho do segundo processo associado ao caso Football Leaks. A not\u00edcia enfatiza a rea\u00e7\u00e3o de T\u00e2nia Laranjo \u00e0 decis\u00e3o judicial.\" \/>\n<meta property=\"og:url\" content=\"https:\/\/portaltela.pt\/noticias\/2026\/04\/30\/tania-laranjo-comenta-a-absolvicao-de-rui-pinto-por-ajudar-a-investigacao\/\" \/>\n<meta property=\"og:site_name\" content=\"Portal Tela Portugal\" \/>\n<meta property=\"article:published_time\" content=\"2026-04-30T16:33:13+00:00\" \/>\n<meta name=\"author\" content=\"Telinha\" \/>\n<meta name=\"twitter:card\" content=\"summary_large_image\" \/>\n<meta name=\"twitter:label1\" content=\"Escrito por\" \/>\n\t<meta name=\"twitter:data1\" content=\"Telinha\" \/>\n\t<meta name=\"twitter:label2\" content=\"Tempo estimado de leitura\" \/>\n\t<meta name=\"twitter:data2\" content=\"1 minuto\" \/>\n<script type=\"application\/ld+json\" class=\"yoast-schema-graph\">{\"@context\":\"https:\/\/schema.org\",\"@graph\":[{\"@type\":\"Article\",\"@id\":\"https:\/\/portaltela.pt\/noticias\/2026\/04\/30\/tania-laranjo-comenta-a-absolvicao-de-rui-pinto-por-ajudar-a-investigacao\/#article\",\"isPartOf\":{\"@id\":\"https:\/\/portaltela.pt\/noticias\/2026\/04\/30\/tania-laranjo-comenta-a-absolvicao-de-rui-pinto-por-ajudar-a-investigacao\/\"},\"author\":{\"name\":\"Telinha\",\"@id\":\"https:\/\/portaltela.pt\/#\/schema\/person\/c4278d4a6028830caff9ee44b42d32ed\"},\"headline\":\"T\u00e2nia Laranjo comenta a absolvi\u00e7\u00e3o de Rui Pinto por ajudar a investiga\u00e7\u00e3o\",\"datePublished\":\"2026-04-30T16:33:13+00:00\",\"mainEntityOfPage\":{\"@id\":\"https:\/\/portaltela.pt\/noticias\/2026\/04\/30\/tania-laranjo-comenta-a-absolvicao-de-rui-pinto-por-ajudar-a-investigacao\/\"},\"wordCount\":214,\"image\":{\"@id\":\"https:\/\/portaltela.pt\/noticias\/2026\/04\/30\/tania-laranjo-comenta-a-absolvicao-de-rui-pinto-por-ajudar-a-investigacao\/#primaryimage\"},\"thumbnailUrl\":\"https:\/\/portaltela.pt\/s.01k8rhncp4jt1\/2026\/04\/img_1280x722uu2026-04-30-17-18-59-2282048.jpg\",\"keywords\":[\"absolvi\u00e7\u00e3o\",\"crime\",\"imprensa\",\"jornalistas\"],\"articleSection\":[\"Justi\u00e7a\",\"Not\u00edcias\"],\"inLanguage\":\"pt-PT\"},{\"@type\":\"WebPage\",\"@id\":\"https:\/\/portaltela.pt\/noticias\/2026\/04\/30\/tania-laranjo-comenta-a-absolvicao-de-rui-pinto-por-ajudar-a-investigacao\/\",\"url\":\"https:\/\/portaltela.pt\/noticias\/2026\/04\/30\/tania-laranjo-comenta-a-absolvicao-de-rui-pinto-por-ajudar-a-investigacao\/\",\"name\":\"T\u00e2nia Laranjo comenta a absolvi\u00e7\u00e3o de Rui Pinto por ajudar a investiga\u00e7\u00e3o - Portal Tela Portugal\",\"isPartOf\":{\"@id\":\"https:\/\/portaltela.pt\/#website\"},\"primaryImageOfPage\":{\"@id\":\"https:\/\/portaltela.pt\/noticias\/2026\/04\/30\/tania-laranjo-comenta-a-absolvicao-de-rui-pinto-por-ajudar-a-investigacao\/#primaryimage\"},\"image\":{\"@id\":\"https:\/\/portaltela.pt\/noticias\/2026\/04\/30\/tania-laranjo-comenta-a-absolvicao-de-rui-pinto-por-ajudar-a-investigacao\/#primaryimage\"},\"thumbnailUrl\":\"https:\/\/portaltela.pt\/s.01k8rhncp4jt1\/2026\/04\/img_1280x722uu2026-04-30-17-18-59-2282048.jpg\",\"datePublished\":\"2026-04-30T16:33:13+00:00\",\"author\":{\"@id\":\"https:\/\/portaltela.pt\/#\/schema\/person\/c4278d4a6028830caff9ee44b42d32ed\"},\"breadcrumb\":{\"@id\":\"https:\/\/portaltela.pt\/noticias\/2026\/04\/30\/tania-laranjo-comenta-a-absolvicao-de-rui-pinto-por-ajudar-a-investigacao\/#breadcrumb\"},\"inLanguage\":\"pt-PT\",\"potentialAction\":[{\"@type\":\"ReadAction\",\"target\":[\"https:\/\/portaltela.pt\/noticias\/2026\/04\/30\/tania-laranjo-comenta-a-absolvicao-de-rui-pinto-por-ajudar-a-investigacao\/\"]}]},{\"@type\":\"ImageObject\",\"inLanguage\":\"pt-PT\",\"@id\":\"https:\/\/portaltela.pt\/noticias\/2026\/04\/30\/tania-laranjo-comenta-a-absolvicao-de-rui-pinto-por-ajudar-a-investigacao\/#primaryimage\",\"url\":\"https:\/\/portaltela.pt\/s.01k8rhncp4jt1\/2026\/04\/img_1280x722uu2026-04-30-17-18-59-2282048.jpg\",\"contentUrl\":\"https:\/\/portaltela.pt\/s.01k8rhncp4jt1\/2026\/04\/img_1280x722uu2026-04-30-17-18-59-2282048.jpg\",\"width\":1280,\"height\":722,\"caption\":\"Photo\"},{\"@type\":\"BreadcrumbList\",\"@id\":\"https:\/\/portaltela.pt\/noticias\/2026\/04\/30\/tania-laranjo-comenta-a-absolvicao-de-rui-pinto-por-ajudar-a-investigacao\/#breadcrumb\",\"itemListElement\":[{\"@type\":\"ListItem\",\"position\":1,\"name\":\"In\u00edcio\",\"item\":\"https:\/\/portaltela.pt\/\"},{\"@type\":\"ListItem\",\"position\":2,\"name\":\"T\u00e2nia Laranjo comenta a absolvi\u00e7\u00e3o de Rui Pinto por ajudar a investiga\u00e7\u00e3o\"}]},{\"@type\":\"WebSite\",\"@id\":\"https:\/\/portaltela.pt\/#website\",\"url\":\"https:\/\/portaltela.pt\/\",\"name\":\"Portal Tela Portugal\",\"description\":\"\",\"potentialAction\":[{\"@type\":\"SearchAction\",\"target\":{\"@type\":\"EntryPoint\",\"urlTemplate\":\"https:\/\/portaltela.pt\/?s={search_term_string}\"},\"query-input\":{\"@type\":\"PropertyValueSpecification\",\"valueRequired\":true,\"valueName\":\"search_term_string\"}}],\"inLanguage\":\"pt-PT\"},{\"@type\":\"Person\",\"@id\":\"https:\/\/portaltela.pt\/#\/schema\/person\/c4278d4a6028830caff9ee44b42d32ed\",\"name\":\"Telinha\",\"image\":{\"@type\":\"ImageObject\",\"inLanguage\":\"pt-PT\",\"@id\":\"https:\/\/portaltela.pt\/s.01k8rhncp4jt1\/2025\/11\/talking-bot-125x125.png\",\"url\":\"https:\/\/portaltela.pt\/s.01k8rhncp4jt1\/2025\/11\/talking-bot-125x125.png\",\"contentUrl\":\"https:\/\/portaltela.pt\/s.01k8rhncp4jt1\/2025\/11\/talking-bot-125x125.png\",\"caption\":\"Telinha\"},\"sameAs\":[\"https:\/\/portaltela.pt\/\"],\"url\":\"https:\/\/portaltela.pt\/por\/367410592786\/\"}]}<\/script>\n<!-- \/ Yoast SEO plugin. -->","yoast_head_json":{"title":"T\u00e2nia Laranjo comenta a absolvi\u00e7\u00e3o de Rui Pinto por ajudar a investiga\u00e7\u00e3o - Portal Tela Portugal","robots":{"index":"index","follow":"follow","max-snippet":"max-snippet:-1","max-image-preview":"max-image-preview:large","max-video-preview":"max-video-preview:-1"},"og_locale":"pt_PT","og_type":"article","og_title":"T\u00e2nia Laranjo comenta a absolvi\u00e7\u00e3o de Rui Pinto por ajudar a investiga\u00e7\u00e3o - Portal Tela Portugal","og_description":"A jornalista do CM e da CMTV, T\u00e2nia Laranjo, reagiu \u00e0 absolvi\u00e7\u00e3o de Rui Pinto no segundo processo do caso Football Leaks. Rui Pinto foi absolvido das 241 acusa\u00e7\u00f5es que lhe eram atribu\u00eddas nesse processo. O veredito envolve o desfecho do segundo processo associado ao caso Football Leaks. A not\u00edcia enfatiza a rea\u00e7\u00e3o de T\u00e2nia Laranjo \u00e0 decis\u00e3o judicial.","og_url":"https:\/\/portaltela.pt\/noticias\/2026\/04\/30\/tania-laranjo-comenta-a-absolvicao-de-rui-pinto-por-ajudar-a-investigacao\/","og_site_name":"Portal Tela Portugal","article_published_time":"2026-04-30T16:33:13+00:00","author":"Telinha","twitter_card":"summary_large_image","twitter_misc":{"Escrito por":"Telinha","Tempo estimado de leitura":"1 minuto"},"schema":{"@context":"https:\/\/schema.org","@graph":[{"@type":"Article","@id":"https:\/\/portaltela.pt\/noticias\/2026\/04\/30\/tania-laranjo-comenta-a-absolvicao-de-rui-pinto-por-ajudar-a-investigacao\/#article","isPartOf":{"@id":"https:\/\/portaltela.pt\/noticias\/2026\/04\/30\/tania-laranjo-comenta-a-absolvicao-de-rui-pinto-por-ajudar-a-investigacao\/"},"author":{"name":"Telinha","@id":"https:\/\/portaltela.pt\/#\/schema\/person\/c4278d4a6028830caff9ee44b42d32ed"},"headline":"T\u00e2nia Laranjo comenta a absolvi\u00e7\u00e3o de Rui Pinto por ajudar a investiga\u00e7\u00e3o","datePublished":"2026-04-30T16:33:13+00:00","mainEntityOfPage":{"@id":"https:\/\/portaltela.pt\/noticias\/2026\/04\/30\/tania-laranjo-comenta-a-absolvicao-de-rui-pinto-por-ajudar-a-investigacao\/"},"wordCount":214,"image":{"@id":"https:\/\/portaltela.pt\/noticias\/2026\/04\/30\/tania-laranjo-comenta-a-absolvicao-de-rui-pinto-por-ajudar-a-investigacao\/#primaryimage"},"thumbnailUrl":"https:\/\/portaltela.pt\/s.01k8rhncp4jt1\/2026\/04\/img_1280x722uu2026-04-30-17-18-59-2282048.jpg","keywords":["absolvi\u00e7\u00e3o","crime","imprensa","jornalistas"],"articleSection":["Justi\u00e7a","Not\u00edcias"],"inLanguage":"pt-PT"},{"@type":"WebPage","@id":"https:\/\/portaltela.pt\/noticias\/2026\/04\/30\/tania-laranjo-comenta-a-absolvicao-de-rui-pinto-por-ajudar-a-investigacao\/","url":"https:\/\/portaltela.pt\/noticias\/2026\/04\/30\/tania-laranjo-comenta-a-absolvicao-de-rui-pinto-por-ajudar-a-investigacao\/","name":"T\u00e2nia Laranjo comenta a absolvi\u00e7\u00e3o de Rui Pinto por ajudar a investiga\u00e7\u00e3o - Portal Tela Portugal","isPartOf":{"@id":"https:\/\/portaltela.pt\/#website"},"primaryImageOfPage":{"@id":"https:\/\/portaltela.pt\/noticias\/2026\/04\/30\/tania-laranjo-comenta-a-absolvicao-de-rui-pinto-por-ajudar-a-investigacao\/#primaryimage"},"image":{"@id":"https:\/\/portaltela.pt\/noticias\/2026\/04\/30\/tania-laranjo-comenta-a-absolvicao-de-rui-pinto-por-ajudar-a-investigacao\/#primaryimage"},"thumbnailUrl":"https:\/\/portaltela.pt\/s.01k8rhncp4jt1\/2026\/04\/img_1280x722uu2026-04-30-17-18-59-2282048.jpg","datePublished":"2026-04-30T16:33:13+00:00","author":{"@id":"https:\/\/portaltela.pt\/#\/schema\/person\/c4278d4a6028830caff9ee44b42d32ed"},"breadcrumb":{"@id":"https:\/\/portaltela.pt\/noticias\/2026\/04\/30\/tania-laranjo-comenta-a-absolvicao-de-rui-pinto-por-ajudar-a-investigacao\/#breadcrumb"},"inLanguage":"pt-PT","potentialAction":[{"@type":"ReadAction","target":["https:\/\/portaltela.pt\/noticias\/2026\/04\/30\/tania-laranjo-comenta-a-absolvicao-de-rui-pinto-por-ajudar-a-investigacao\/"]}]},{"@type":"ImageObject","inLanguage":"pt-PT","@id":"https:\/\/portaltela.pt\/noticias\/2026\/04\/30\/tania-laranjo-comenta-a-absolvicao-de-rui-pinto-por-ajudar-a-investigacao\/#primaryimage","url":"https:\/\/portaltela.pt\/s.01k8rhncp4jt1\/2026\/04\/img_1280x722uu2026-04-30-17-18-59-2282048.jpg","contentUrl":"https:\/\/portaltela.pt\/s.01k8rhncp4jt1\/2026\/04\/img_1280x722uu2026-04-30-17-18-59-2282048.jpg","width":1280,"height":722,"caption":"Photo"},{"@type":"BreadcrumbList","@id":"https:\/\/portaltela.pt\/noticias\/2026\/04\/30\/tania-laranjo-comenta-a-absolvicao-de-rui-pinto-por-ajudar-a-investigacao\/#breadcrumb","itemListElement":[{"@type":"ListItem","position":1,"name":"In\u00edcio","item":"https:\/\/portaltela.pt\/"},{"@type":"ListItem","position":2,"name":"T\u00e2nia Laranjo comenta a absolvi\u00e7\u00e3o de Rui Pinto por ajudar a investiga\u00e7\u00e3o"}]},{"@type":"WebSite","@id":"https:\/\/portaltela.pt\/#website","url":"https:\/\/portaltela.pt\/","name":"Portal Tela Portugal","description":"","potentialAction":[{"@type":"SearchAction","target":{"@type":"EntryPoint","urlTemplate":"https:\/\/portaltela.pt\/?s={search_term_string}"},"query-input":{"@type":"PropertyValueSpecification","valueRequired":true,"valueName":"search_term_string"}}],"inLanguage":"pt-PT"},{"@type":"Person","@id":"https:\/\/portaltela.pt\/#\/schema\/person\/c4278d4a6028830caff9ee44b42d32ed","name":"Telinha","image":{"@type":"ImageObject","inLanguage":"pt-PT","@id":"https:\/\/portaltela.pt\/s.01k8rhncp4jt1\/2025\/11\/talking-bot-125x125.png","url":"https:\/\/portaltela.pt\/s.01k8rhncp4jt1\/2025\/11\/talking-bot-125x125.png","contentUrl":"https:\/\/portaltela.pt\/s.01k8rhncp4jt1\/2025\/11\/talking-bot-125x125.png","caption":"Telinha"},"sameAs":["https:\/\/portaltela.pt\/"],"url":"https:\/\/portaltela.pt\/por\/367410592786\/"}]}},"_links":{"self":[{"href":"https:\/\/portaltela.pt\/api\/wp\/v2\/posts\/462754","targetHints":{"allow":["GET"]}}],"collection":[{"href":"https:\/\/portaltela.pt\/api\/wp\/v2\/posts"}],"about":[{"href":"https:\/\/portaltela.pt\/api\/wp\/v2\/types\/post"}],"author":[{"embeddable":true,"href":"https:\/\/portaltela.pt\/api\/wp\/v2\/users\/2"}],"replies":[{"embeddable":true,"href":"https:\/\/portaltela.pt\/api\/wp\/v2\/comments?post=462754"}],"version-history":[{"count":0,"href":"https:\/\/portaltela.pt\/api\/wp\/v2\/posts\/462754\/revisions"}],"wp:featuredmedia":[{"embeddable":true,"href":"https:\/\/portaltela.pt\/api\/wp\/v2\/media\/462765"}],"wp:attachment":[{"href":"https:\/\/portaltela.pt\/api\/wp\/v2\/media?parent=462754"}],"wp:term":[{"taxonomy":"category","embeddable":true,"href":"https:\/\/portaltela.pt\/api\/wp\/v2\/categories?post=462754"},{"taxonomy":"post_tag","embeddable":true,"href":"https:\/\/portaltela.pt\/api\/wp\/v2\/tags?post=462754"}],"curies":[{"name":"wp","href":"https:\/\/api.w.org\/{rel}","templated":true}]}}