{"id":462744,"date":"2026-04-30T13:18:36","date_gmt":"2026-04-30T16:18:36","guid":{"rendered":"https:\/\/portaltela.pt\/noticias\/2026\/04\/30\/igreja-em-espanha-recebe-300-pedidos-de-indemnizacao-em-15-dias\/"},"modified":"2026-04-30T13:18:36","modified_gmt":"2026-04-30T16:18:36","slug":"igreja-em-espanha-recebe-300-pedidos-de-indemnizacao-em-15-dias","status":"publish","type":"post","link":"https:\/\/portaltela.pt\/noticias\/2026\/04\/30\/igreja-em-espanha-recebe-300-pedidos-de-indemnizacao-em-15-dias\/","title":{"rendered":"Igreja em Espanha recebe 300 pedidos de indemniza\u00e7\u00e3o em 15 dias"},"content":{"rendered":"<p>Desde 15 de abril, Espanha adotou um sistema misto para indemnizar v\u00edtimas de abusos sexuais cometidos no seio da Igreja Cat\u00f3lica. O Gabinete para o Reconhecimento e a Repara\u00e7\u00e3o dos Abusos Sexuais, ligado ao Minist\u00e9rio da Presid\u00eancia, foi criado ap\u00f3s um acordo entre governo, Confer\u00eancia Episcopal Espanhola (CEE), Confedera\u00e7\u00e3o Espanhola de Religiosos (Confer) e o Provedor de Justi\u00e7a. O protocolo foi assinado a 30 de mar\u00e7o.<\/p>\n<p>A singularidade do mecanismo reside no facto de a Igreja assumir as indemniza\u00e7\u00f5es sem limite m\u00e1ximo, enquanto o Estado oferece a estrutura institucional para as processar. As repara\u00e7\u00f5es podem ser econ\u00f3micas, simb\u00f3licas, restaurativas ou espirituais e est\u00e3o isentas de impostos.<\/p>\n<p>Podem pedir indemniza\u00e7\u00e3o apenas v\u00edtimas que n\u00e3o disp\u00f5em de vias judiciais, como casos prescritos ou em que o autor j\u00e1 faleceu. Devem ser menores de idade ou pessoas com defici\u00eancia \u00e0 data dos factos, apresentando o pedido pelos representantes autorizados via o site do Minist\u00e9rio da Presid\u00eancia.<\/p>\n<p>Ao receber o pedido, a Unidade de V\u00edtimas do Provedor de Justi\u00e7a elabora uma proposta de repara\u00e7\u00e3o. Se as partes aceitarem, a decis\u00e3o \u00e9 definitiva; caso contr\u00e1rio, entra em a\u00e7\u00e3o uma Comiss\u00e3o Mista. Em caso de impasse, a decis\u00e3o final cabe ao Provedor de Justi\u00e7a.<\/p>\n<p>V\u00edtimas j\u00e1 inscritas no plano Priva, criado pela Igreja em 2024, podem migrar para o novo sistema, mas devem escolher um ou outro. O Priva mant\u00e9m-se dispon\u00edvel apenas enquanto durarem as op\u00e7\u00f5es.<\/p>\n<h3>Contexto europeu<\/h3>\n<p>O arranque do gabinete revela uma diferen\u00e7a significativa face ao plano Priva: este \u00faltimo registou 89 pedidos em doze meses, j\u00e1 o novo mecanismo contabilizou 300 pedidos desde 15 de abril, em 15 dias, segundo o Minist\u00e9rio da Presid\u00eancia. A mudan\u00e7a reflete a confian\u00e7a refor\u00e7ada na interven\u00e7\u00e3o estatal para a repara\u00e7\u00e3o.<\/p>\n<p>Em Espanha, o relat\u00f3rio do Provedor de Justi\u00e7a considerou o problema entre os mais graves j\u00e1 registados na Europa Ocidental, destacando a necessidade de repara\u00e7\u00f5es consistentes. O gabinete opera por um ano, com possibilidade de prorroga\u00e7\u00e3o.<\/p>\n","protected":false},"excerpt":{"rendered":"<ul>\n<li>Desde 15 de abril, Espanha tem um sistema misto para indenizar v\u00edtimas de abusos sexuais na Igreja Cat\u00f3lica, com um Gabinete para o Reconhecimento e a Repara\u00e7\u00e3o dos Abusos Sexuais ligado ao Minist\u00e9rio da Presid\u00eancia; o protocolo foi assinado a 30 de mar\u00e7o.<\/li>\n<li>A Igreja agree indemniza\u00e7\u00f5es sem limite m\u00e1ximo, enquanto o Estado fornece a estrutura institucional para as processar; as repara\u00e7\u00f5es podem ser econ\u00f3micas, simb\u00f3licas, restaurativas ou espirituais e ficam isentas de impostos.<\/li>\n<li>O acesso \u00e9 limitado a v\u00edtimas sem vias judiciais (casos prescritos ou autor j\u00e1 falecido); devem ser menores de idade ou pessoas com defici\u00eancia \u00e0 data dos factos; o pedido, via site do Minist\u00e9rio da Presid\u00eancia, \u00e9 encaminhado \u00e0 Unidade de V\u00edtimas do Provedor de Justi\u00e7a, que elabora uma proposta de repara\u00e7\u00e3o; se as partes aceitarem, a decis\u00e3o \u00e9 definitiva; caso contr\u00e1rio, entra em a\u00e7\u00e3o uma Comiss\u00e3o Mista, com decis\u00e3o final do Provedor de Justi\u00e7a.<\/li>\n<li>V\u00edtimas j\u00e1 inscritas no plano Priva podem migrar para o novo mecanismo, por\u00e9m devem escolher um dos dois.<\/li>\n<li>O gabinete j\u00e1 recebeu 300 pedidos desde 15 de abril, ultrapassando em muito os 89 pedidos do plano Priva em doze meses; o mecanismo funciona por um ano, com possibilidade de prorroga\u00e7\u00e3o.<\/li>\n<\/ul>\n","protected":false},"author":2,"featured_media":462748,"comment_status":"closed","ping_status":"closed","sticky":false,"template":"","format":"standard","meta":{"footnotes":""},"categories":[6815,1],"tags":[10034,8288,8087,8010,8139,10033],"class_list":["post-462744","post","type-post","status-publish","format-standard","has-post-thumbnail","hentry","category-justica","category-noticias","tag-_abuso-de-menor-dependente","tag-_abuso-de-menores","tag-_abuso-sexual","tag-_igreja","tag-_indenizacoes","tag-_provedor-de-justica"],"yoast_head":"<!-- This site is optimized with the Yoast SEO plugin v27.2 - https:\/\/yoast.com\/product\/yoast-seo-wordpress\/ -->\n<title>Igreja em Espanha recebe 300 pedidos de indemniza\u00e7\u00e3o em 15 dias - Portal Tela Portugal<\/title>\n<meta name=\"robots\" content=\"index, follow, max-snippet:-1, max-image-preview:large, max-video-preview:-1\" \/>\n<meta property=\"og:locale\" content=\"pt_PT\" \/>\n<meta property=\"og:type\" content=\"article\" \/>\n<meta property=\"og:title\" content=\"Igreja em Espanha recebe 300 pedidos de indemniza\u00e7\u00e3o em 15 dias - Portal Tela Portugal\" \/>\n<meta property=\"og:description\" content=\"Desde 15 de abril, Espanha tem um sistema misto para indenizar v\u00edtimas de abusos sexuais na Igreja Cat\u00f3lica, com um Gabinete para o Reconhecimento e a Repara\u00e7\u00e3o dos Abusos Sexuais ligado ao Minist\u00e9rio da Presid\u00eancia; o protocolo foi assinado a 30 de mar\u00e7o. A Igreja agree indemniza\u00e7\u00f5es sem limite m\u00e1ximo, enquanto o Estado fornece a estrutura institucional para as processar; as repara\u00e7\u00f5es podem ser econ\u00f3micas, simb\u00f3licas, restaurativas ou espirituais e ficam isentas de impostos. O acesso \u00e9 limitado a v\u00edtimas sem vias judiciais (casos prescritos ou autor j\u00e1 falecido); devem ser menores de idade ou pessoas com defici\u00eancia \u00e0 data dos factos; o pedido, via site do Minist\u00e9rio da Presid\u00eancia, \u00e9 encaminhado \u00e0 Unidade de V\u00edtimas do Provedor de Justi\u00e7a, que elabora uma proposta de repara\u00e7\u00e3o; se as partes aceitarem, a decis\u00e3o \u00e9 definitiva; caso contr\u00e1rio, entra em a\u00e7\u00e3o uma Comiss\u00e3o Mista, com decis\u00e3o final do Provedor de Justi\u00e7a. V\u00edtimas j\u00e1 inscritas no plano Priva podem migrar para o novo mecanismo, por\u00e9m devem escolher um dos dois. O gabinete j\u00e1 recebeu 300 pedidos desde 15 de abril, ultrapassando em muito os 89 pedidos do plano Priva em doze meses; o mecanismo funciona por um ano, com possibilidade de prorroga\u00e7\u00e3o.\" \/>\n<meta property=\"og:url\" content=\"https:\/\/portaltela.pt\/noticias\/2026\/04\/30\/igreja-em-espanha-recebe-300-pedidos-de-indemnizacao-em-15-dias\/\" \/>\n<meta property=\"og:site_name\" content=\"Portal Tela Portugal\" \/>\n<meta property=\"article:published_time\" content=\"2026-04-30T16:18:36+00:00\" \/>\n<meta name=\"author\" content=\"Telinha\" \/>\n<meta name=\"twitter:card\" content=\"summary_large_image\" \/>\n<meta name=\"twitter:label1\" content=\"Escrito por\" \/>\n\t<meta name=\"twitter:data1\" content=\"Telinha\" \/>\n\t<meta name=\"twitter:label2\" content=\"Tempo estimado de leitura\" \/>\n\t<meta name=\"twitter:data2\" content=\"2 minutos\" \/>\n<script type=\"application\/ld+json\" class=\"yoast-schema-graph\">{\"@context\":\"https:\/\/schema.org\",\"@graph\":[{\"@type\":\"Article\",\"@id\":\"https:\/\/portaltela.pt\/noticias\/2026\/04\/30\/igreja-em-espanha-recebe-300-pedidos-de-indemnizacao-em-15-dias\/#article\",\"isPartOf\":{\"@id\":\"https:\/\/portaltela.pt\/noticias\/2026\/04\/30\/igreja-em-espanha-recebe-300-pedidos-de-indemnizacao-em-15-dias\/\"},\"author\":{\"name\":\"Telinha\",\"@id\":\"https:\/\/portaltela.pt\/#\/schema\/person\/c4278d4a6028830caff9ee44b42d32ed\"},\"headline\":\"Igreja em Espanha recebe 300 pedidos de indemniza\u00e7\u00e3o em 15 dias\",\"datePublished\":\"2026-04-30T16:18:36+00:00\",\"mainEntityOfPage\":{\"@id\":\"https:\/\/portaltela.pt\/noticias\/2026\/04\/30\/igreja-em-espanha-recebe-300-pedidos-de-indemnizacao-em-15-dias\/\"},\"wordCount\":368,\"image\":{\"@id\":\"https:\/\/portaltela.pt\/noticias\/2026\/04\/30\/igreja-em-espanha-recebe-300-pedidos-de-indemnizacao-em-15-dias\/#primaryimage\"},\"thumbnailUrl\":\"https:\/\/portaltela.pt\/s.01k8rhncp4jt1\/2026\/04\/1536x864_cmsv2_19dc8319-5088-5846-9476-799c4fe04f9b-9742088.jpg\",\"keywords\":[\"_abuso de menor dependente\",\"_abuso de menores\",\"_abuso sexual\",\"_igreja\",\"_indeniza\u00e7\u00f5es\",\"_Provedor de Justi\u00e7a\"],\"articleSection\":[\"Justi\u00e7a\",\"Not\u00edcias\"],\"inLanguage\":\"pt-PT\"},{\"@type\":\"WebPage\",\"@id\":\"https:\/\/portaltela.pt\/noticias\/2026\/04\/30\/igreja-em-espanha-recebe-300-pedidos-de-indemnizacao-em-15-dias\/\",\"url\":\"https:\/\/portaltela.pt\/noticias\/2026\/04\/30\/igreja-em-espanha-recebe-300-pedidos-de-indemnizacao-em-15-dias\/\",\"name\":\"Igreja em Espanha recebe 300 pedidos de indemniza\u00e7\u00e3o em 15 dias - Portal Tela Portugal\",\"isPartOf\":{\"@id\":\"https:\/\/portaltela.pt\/#website\"},\"primaryImageOfPage\":{\"@id\":\"https:\/\/portaltela.pt\/noticias\/2026\/04\/30\/igreja-em-espanha-recebe-300-pedidos-de-indemnizacao-em-15-dias\/#primaryimage\"},\"image\":{\"@id\":\"https:\/\/portaltela.pt\/noticias\/2026\/04\/30\/igreja-em-espanha-recebe-300-pedidos-de-indemnizacao-em-15-dias\/#primaryimage\"},\"thumbnailUrl\":\"https:\/\/portaltela.pt\/s.01k8rhncp4jt1\/2026\/04\/1536x864_cmsv2_19dc8319-5088-5846-9476-799c4fe04f9b-9742088.jpg\",\"datePublished\":\"2026-04-30T16:18:36+00:00\",\"author\":{\"@id\":\"https:\/\/portaltela.pt\/#\/schema\/person\/c4278d4a6028830caff9ee44b42d32ed\"},\"breadcrumb\":{\"@id\":\"https:\/\/portaltela.pt\/noticias\/2026\/04\/30\/igreja-em-espanha-recebe-300-pedidos-de-indemnizacao-em-15-dias\/#breadcrumb\"},\"inLanguage\":\"pt-PT\",\"potentialAction\":[{\"@type\":\"ReadAction\",\"target\":[\"https:\/\/portaltela.pt\/noticias\/2026\/04\/30\/igreja-em-espanha-recebe-300-pedidos-de-indemnizacao-em-15-dias\/\"]}]},{\"@type\":\"ImageObject\",\"inLanguage\":\"pt-PT\",\"@id\":\"https:\/\/portaltela.pt\/noticias\/2026\/04\/30\/igreja-em-espanha-recebe-300-pedidos-de-indemnizacao-em-15-dias\/#primaryimage\",\"url\":\"https:\/\/portaltela.pt\/s.01k8rhncp4jt1\/2026\/04\/1536x864_cmsv2_19dc8319-5088-5846-9476-799c4fe04f9b-9742088.jpg\",\"contentUrl\":\"https:\/\/portaltela.pt\/s.01k8rhncp4jt1\/2026\/04\/1536x864_cmsv2_19dc8319-5088-5846-9476-799c4fe04f9b-9742088.jpg\",\"width\":1536,\"height\":864,\"caption\":\"Igreja, 17 de janeiro de 2026, Madrid\"},{\"@type\":\"BreadcrumbList\",\"@id\":\"https:\/\/portaltela.pt\/noticias\/2026\/04\/30\/igreja-em-espanha-recebe-300-pedidos-de-indemnizacao-em-15-dias\/#breadcrumb\",\"itemListElement\":[{\"@type\":\"ListItem\",\"position\":1,\"name\":\"In\u00edcio\",\"item\":\"https:\/\/portaltela.pt\/\"},{\"@type\":\"ListItem\",\"position\":2,\"name\":\"Igreja em Espanha recebe 300 pedidos de indemniza\u00e7\u00e3o em 15 dias\"}]},{\"@type\":\"WebSite\",\"@id\":\"https:\/\/portaltela.pt\/#website\",\"url\":\"https:\/\/portaltela.pt\/\",\"name\":\"Portal Tela Portugal\",\"description\":\"\",\"potentialAction\":[{\"@type\":\"SearchAction\",\"target\":{\"@type\":\"EntryPoint\",\"urlTemplate\":\"https:\/\/portaltela.pt\/?s={search_term_string}\"},\"query-input\":{\"@type\":\"PropertyValueSpecification\",\"valueRequired\":true,\"valueName\":\"search_term_string\"}}],\"inLanguage\":\"pt-PT\"},{\"@type\":\"Person\",\"@id\":\"https:\/\/portaltela.pt\/#\/schema\/person\/c4278d4a6028830caff9ee44b42d32ed\",\"name\":\"Telinha\",\"image\":{\"@type\":\"ImageObject\",\"inLanguage\":\"pt-PT\",\"@id\":\"https:\/\/portaltela.pt\/s.01k8rhncp4jt1\/2025\/11\/talking-bot-125x125.png\",\"url\":\"https:\/\/portaltela.pt\/s.01k8rhncp4jt1\/2025\/11\/talking-bot-125x125.png\",\"contentUrl\":\"https:\/\/portaltela.pt\/s.01k8rhncp4jt1\/2025\/11\/talking-bot-125x125.png\",\"caption\":\"Telinha\"},\"sameAs\":[\"https:\/\/portaltela.pt\/\"],\"url\":\"https:\/\/portaltela.pt\/por\/367410592786\/\"}]}<\/script>\n<!-- \/ Yoast SEO plugin. -->","yoast_head_json":{"title":"Igreja em Espanha recebe 300 pedidos de indemniza\u00e7\u00e3o em 15 dias - Portal Tela Portugal","robots":{"index":"index","follow":"follow","max-snippet":"max-snippet:-1","max-image-preview":"max-image-preview:large","max-video-preview":"max-video-preview:-1"},"og_locale":"pt_PT","og_type":"article","og_title":"Igreja em Espanha recebe 300 pedidos de indemniza\u00e7\u00e3o em 15 dias - Portal Tela Portugal","og_description":"Desde 15 de abril, Espanha tem um sistema misto para indenizar v\u00edtimas de abusos sexuais na Igreja Cat\u00f3lica, com um Gabinete para o Reconhecimento e a Repara\u00e7\u00e3o dos Abusos Sexuais ligado ao Minist\u00e9rio da Presid\u00eancia; o protocolo foi assinado a 30 de mar\u00e7o. A Igreja agree indemniza\u00e7\u00f5es sem limite m\u00e1ximo, enquanto o Estado fornece a estrutura institucional para as processar; as repara\u00e7\u00f5es podem ser econ\u00f3micas, simb\u00f3licas, restaurativas ou espirituais e ficam isentas de impostos. O acesso \u00e9 limitado a v\u00edtimas sem vias judiciais (casos prescritos ou autor j\u00e1 falecido); devem ser menores de idade ou pessoas com defici\u00eancia \u00e0 data dos factos; o pedido, via site do Minist\u00e9rio da Presid\u00eancia, \u00e9 encaminhado \u00e0 Unidade de V\u00edtimas do Provedor de Justi\u00e7a, que elabora uma proposta de repara\u00e7\u00e3o; se as partes aceitarem, a decis\u00e3o \u00e9 definitiva; caso contr\u00e1rio, entra em a\u00e7\u00e3o uma Comiss\u00e3o Mista, com decis\u00e3o final do Provedor de Justi\u00e7a. V\u00edtimas j\u00e1 inscritas no plano Priva podem migrar para o novo mecanismo, por\u00e9m devem escolher um dos dois. O gabinete j\u00e1 recebeu 300 pedidos desde 15 de abril, ultrapassando em muito os 89 pedidos do plano Priva em doze meses; o mecanismo funciona por um ano, com possibilidade de prorroga\u00e7\u00e3o.","og_url":"https:\/\/portaltela.pt\/noticias\/2026\/04\/30\/igreja-em-espanha-recebe-300-pedidos-de-indemnizacao-em-15-dias\/","og_site_name":"Portal Tela Portugal","article_published_time":"2026-04-30T16:18:36+00:00","author":"Telinha","twitter_card":"summary_large_image","twitter_misc":{"Escrito por":"Telinha","Tempo estimado de leitura":"2 minutos"},"schema":{"@context":"https:\/\/schema.org","@graph":[{"@type":"Article","@id":"https:\/\/portaltela.pt\/noticias\/2026\/04\/30\/igreja-em-espanha-recebe-300-pedidos-de-indemnizacao-em-15-dias\/#article","isPartOf":{"@id":"https:\/\/portaltela.pt\/noticias\/2026\/04\/30\/igreja-em-espanha-recebe-300-pedidos-de-indemnizacao-em-15-dias\/"},"author":{"name":"Telinha","@id":"https:\/\/portaltela.pt\/#\/schema\/person\/c4278d4a6028830caff9ee44b42d32ed"},"headline":"Igreja em Espanha recebe 300 pedidos de indemniza\u00e7\u00e3o em 15 dias","datePublished":"2026-04-30T16:18:36+00:00","mainEntityOfPage":{"@id":"https:\/\/portaltela.pt\/noticias\/2026\/04\/30\/igreja-em-espanha-recebe-300-pedidos-de-indemnizacao-em-15-dias\/"},"wordCount":368,"image":{"@id":"https:\/\/portaltela.pt\/noticias\/2026\/04\/30\/igreja-em-espanha-recebe-300-pedidos-de-indemnizacao-em-15-dias\/#primaryimage"},"thumbnailUrl":"https:\/\/portaltela.pt\/s.01k8rhncp4jt1\/2026\/04\/1536x864_cmsv2_19dc8319-5088-5846-9476-799c4fe04f9b-9742088.jpg","keywords":["_abuso de menor dependente","_abuso de menores","_abuso sexual","_igreja","_indeniza\u00e7\u00f5es","_Provedor de Justi\u00e7a"],"articleSection":["Justi\u00e7a","Not\u00edcias"],"inLanguage":"pt-PT"},{"@type":"WebPage","@id":"https:\/\/portaltela.pt\/noticias\/2026\/04\/30\/igreja-em-espanha-recebe-300-pedidos-de-indemnizacao-em-15-dias\/","url":"https:\/\/portaltela.pt\/noticias\/2026\/04\/30\/igreja-em-espanha-recebe-300-pedidos-de-indemnizacao-em-15-dias\/","name":"Igreja em Espanha recebe 300 pedidos de indemniza\u00e7\u00e3o em 15 dias - Portal Tela Portugal","isPartOf":{"@id":"https:\/\/portaltela.pt\/#website"},"primaryImageOfPage":{"@id":"https:\/\/portaltela.pt\/noticias\/2026\/04\/30\/igreja-em-espanha-recebe-300-pedidos-de-indemnizacao-em-15-dias\/#primaryimage"},"image":{"@id":"https:\/\/portaltela.pt\/noticias\/2026\/04\/30\/igreja-em-espanha-recebe-300-pedidos-de-indemnizacao-em-15-dias\/#primaryimage"},"thumbnailUrl":"https:\/\/portaltela.pt\/s.01k8rhncp4jt1\/2026\/04\/1536x864_cmsv2_19dc8319-5088-5846-9476-799c4fe04f9b-9742088.jpg","datePublished":"2026-04-30T16:18:36+00:00","author":{"@id":"https:\/\/portaltela.pt\/#\/schema\/person\/c4278d4a6028830caff9ee44b42d32ed"},"breadcrumb":{"@id":"https:\/\/portaltela.pt\/noticias\/2026\/04\/30\/igreja-em-espanha-recebe-300-pedidos-de-indemnizacao-em-15-dias\/#breadcrumb"},"inLanguage":"pt-PT","potentialAction":[{"@type":"ReadAction","target":["https:\/\/portaltela.pt\/noticias\/2026\/04\/30\/igreja-em-espanha-recebe-300-pedidos-de-indemnizacao-em-15-dias\/"]}]},{"@type":"ImageObject","inLanguage":"pt-PT","@id":"https:\/\/portaltela.pt\/noticias\/2026\/04\/30\/igreja-em-espanha-recebe-300-pedidos-de-indemnizacao-em-15-dias\/#primaryimage","url":"https:\/\/portaltela.pt\/s.01k8rhncp4jt1\/2026\/04\/1536x864_cmsv2_19dc8319-5088-5846-9476-799c4fe04f9b-9742088.jpg","contentUrl":"https:\/\/portaltela.pt\/s.01k8rhncp4jt1\/2026\/04\/1536x864_cmsv2_19dc8319-5088-5846-9476-799c4fe04f9b-9742088.jpg","width":1536,"height":864,"caption":"Igreja, 17 de janeiro de 2026, Madrid"},{"@type":"BreadcrumbList","@id":"https:\/\/portaltela.pt\/noticias\/2026\/04\/30\/igreja-em-espanha-recebe-300-pedidos-de-indemnizacao-em-15-dias\/#breadcrumb","itemListElement":[{"@type":"ListItem","position":1,"name":"In\u00edcio","item":"https:\/\/portaltela.pt\/"},{"@type":"ListItem","position":2,"name":"Igreja em Espanha recebe 300 pedidos de indemniza\u00e7\u00e3o em 15 dias"}]},{"@type":"WebSite","@id":"https:\/\/portaltela.pt\/#website","url":"https:\/\/portaltela.pt\/","name":"Portal Tela Portugal","description":"","potentialAction":[{"@type":"SearchAction","target":{"@type":"EntryPoint","urlTemplate":"https:\/\/portaltela.pt\/?s={search_term_string}"},"query-input":{"@type":"PropertyValueSpecification","valueRequired":true,"valueName":"search_term_string"}}],"inLanguage":"pt-PT"},{"@type":"Person","@id":"https:\/\/portaltela.pt\/#\/schema\/person\/c4278d4a6028830caff9ee44b42d32ed","name":"Telinha","image":{"@type":"ImageObject","inLanguage":"pt-PT","@id":"https:\/\/portaltela.pt\/s.01k8rhncp4jt1\/2025\/11\/talking-bot-125x125.png","url":"https:\/\/portaltela.pt\/s.01k8rhncp4jt1\/2025\/11\/talking-bot-125x125.png","contentUrl":"https:\/\/portaltela.pt\/s.01k8rhncp4jt1\/2025\/11\/talking-bot-125x125.png","caption":"Telinha"},"sameAs":["https:\/\/portaltela.pt\/"],"url":"https:\/\/portaltela.pt\/por\/367410592786\/"}]}},"_links":{"self":[{"href":"https:\/\/portaltela.pt\/api\/wp\/v2\/posts\/462744","targetHints":{"allow":["GET"]}}],"collection":[{"href":"https:\/\/portaltela.pt\/api\/wp\/v2\/posts"}],"about":[{"href":"https:\/\/portaltela.pt\/api\/wp\/v2\/types\/post"}],"author":[{"embeddable":true,"href":"https:\/\/portaltela.pt\/api\/wp\/v2\/users\/2"}],"replies":[{"embeddable":true,"href":"https:\/\/portaltela.pt\/api\/wp\/v2\/comments?post=462744"}],"version-history":[{"count":0,"href":"https:\/\/portaltela.pt\/api\/wp\/v2\/posts\/462744\/revisions"}],"wp:featuredmedia":[{"embeddable":true,"href":"https:\/\/portaltela.pt\/api\/wp\/v2\/media\/462748"}],"wp:attachment":[{"href":"https:\/\/portaltela.pt\/api\/wp\/v2\/media?parent=462744"}],"wp:term":[{"taxonomy":"category","embeddable":true,"href":"https:\/\/portaltela.pt\/api\/wp\/v2\/categories?post=462744"},{"taxonomy":"post_tag","embeddable":true,"href":"https:\/\/portaltela.pt\/api\/wp\/v2\/tags?post=462744"}],"curies":[{"name":"wp","href":"https:\/\/api.w.org\/{rel}","templated":true}]}}