{"id":462738,"date":"2026-04-30T13:18:27","date_gmt":"2026-04-30T16:18:27","guid":{"rendered":"https:\/\/portaltela.pt\/noticias\/2026\/04\/30\/praias-com-dificuldade-em-repor-areal-ganham-excecao-para-hastear-bandeira-azul\/"},"modified":"2026-04-30T13:18:27","modified_gmt":"2026-04-30T16:18:27","slug":"praias-com-dificuldade-em-repor-areal-ganham-excecao-para-hastear-bandeira-azul","status":"publish","type":"post","link":"https:\/\/portaltela.pt\/noticias\/2026\/04\/30\/praias-com-dificuldade-em-repor-areal-ganham-excecao-para-hastear-bandeira-azul\/","title":{"rendered":"Praias com dificuldade em repor areal ganham exce\u00e7\u00e3o para hastear Bandeira Azul"},"content":{"rendered":"<p>A Bandeira Azul ter\u00e1 exce\u00e7\u00e3o para hastear nas praias que enfrentaram dificuldades em repor o areal devido \u00e0s tempestades que atingiram Portugal entre janeiro e fevereiro. A decis\u00e3o n\u00e3o afeta a obten\u00e7\u00e3o do galard\u00e3o para a \u00e9poca balnear, desde que existam motivos justificados.<\/p>\n<p>O an\u00fancio foi feito pelo presidente da Associa\u00e7\u00e3o Bandeira Azul da Europa, Jos\u00e9 Archer, durante a apresenta\u00e7\u00e3o das praias galardoadas, em S\u00e3o Pedro do Estoril, Cascais, Lisboa. O objetivo \u00e9 permitir que praias com areal afetado tenham tempo adicional para concluir obras.<\/p>\n<p>Segundo Archer, o mar tem vindo a repor a areia, mas isso n\u00e3o \u00e9 previs\u00edvel em todos os locais. Existem acessos, conten\u00e7\u00e3o de arribas e obras em estado cr\u00edtico que est\u00e3o a decorrer, com esfor\u00e7o conjunto de munic\u00edpios e entidades competentes.<\/p>\n<h3>Medidas excecionais e prazos<\/h3>\n<p>O regime excecional cobre zonas de calamidade, permitindo hastear mais tarde, caso n\u00e3o haja condi\u00e7\u00f5es para o funcionamento normal. A Bandeira Azul incentiva a prepara\u00e7\u00e3o adequada para a \u00e9poca balnear, sem puni\u00e7\u00f5es por atraso justificado.<\/p>\n<p>Para al\u00e9m de poss\u00edveis atrasos, o galard\u00e3o n\u00e3o fica comprometido. As praias afetadas disp\u00f5em de um per\u00edodo alargado para o hastear, sem penaliza\u00e7\u00f5es se as dificuldades forem fruto das circunst\u00e2ncias, n\u00e3o de promotores ou autarquias.<\/p>\n<h3>Impactos e contextos regionais<\/h3>\n<p>As zonas do norte e do centro foram as mais afetadas pelos temporais. Os estragos variaram entre destrui\u00e7\u00e3o de areia, danos em infraestruturas e interrup\u00e7\u00f5es de acessos a praias, o que justifica os avisos de exce\u00e7\u00e3o.<\/p>\n<p>Entre fim de janeiro e in\u00edcio de mar\u00e7o, Portugal registou v\u00e1rias de v\u00edtimas e danos consider\u00e1veis, com preju\u00edzos estimados acima de v\u00e1rios mil milh\u00f5es de euros. O historial recente condiciona tamb\u00e9m o planeamento balnear.<\/p>\n","protected":false},"excerpt":{"rendered":"<ul>\n<li>Praias que n\u00e3o conseguiram repor o areal devido \u00e0s tempestades em janeiro e fevereiro t\u00eam regime excecional para hastear a Bandeira Azul.<\/li>\n<li>A obten\u00e7\u00e3o do galard\u00e3o para a \u00e9poca balnear n\u00e3o ser\u00e1 afetada, por haver motivos justificados; h\u00e1 um per\u00edodo mais alargado para o hastear.<\/li>\n<li>As zonas mais afetadas ficam principalmente no norte e centro do pa\u00eds, com praias, acessos e arribas em estado cr\u00edtico.<\/li>\n<li>O regime excecional permite hastear mais tarde, caso as obras n\u00e3o estejam conclu\u00eddas a tempo, mas a Bandeira Azul pretende manter press\u00e3o para que tudo esteja pronto na hora.<\/li>\n<li>As tempestades Kristin, Leonardo e Marta causaram pelo menos 19 mortes e danos superiores a cinco mil milh\u00f5es de euros, al\u00e9m de centenas de feridos e desalojados.<\/li>\n<\/ul>\n","protected":false},"author":2,"featured_media":462745,"comment_status":"closed","ping_status":"closed","sticky":false,"template":"","format":"standard","meta":{"footnotes":""},"categories":[6725,1],"tags":[10032,8339,8773,8089,8062,8400],"class_list":["post-462738","post","type-post","status-publish","format-standard","has-post-thumbnail","hentry","category-meio-ambiente","category-noticias","tag-_bandeiras","tag-_calamidade-publica","tag-_centro","tag-_norte","tag-_portugal","tag-_tempestades"],"yoast_head":"<!-- This site is optimized with the Yoast SEO plugin v27.2 - https:\/\/yoast.com\/product\/yoast-seo-wordpress\/ -->\n<title>Praias com dificuldade em repor areal ganham exce\u00e7\u00e3o para hastear Bandeira Azul - Portal Tela Portugal<\/title>\n<meta name=\"robots\" content=\"index, follow, max-snippet:-1, max-image-preview:large, max-video-preview:-1\" \/>\n<meta property=\"og:locale\" content=\"pt_PT\" \/>\n<meta property=\"og:type\" content=\"article\" \/>\n<meta property=\"og:title\" content=\"Praias com dificuldade em repor areal ganham exce\u00e7\u00e3o para hastear Bandeira Azul - Portal Tela Portugal\" \/>\n<meta property=\"og:description\" content=\"Praias que n\u00e3o conseguiram repor o areal devido \u00e0s tempestades em janeiro e fevereiro t\u00eam regime excecional para hastear a Bandeira Azul. A obten\u00e7\u00e3o do galard\u00e3o para a \u00e9poca balnear n\u00e3o ser\u00e1 afetada, por haver motivos justificados; h\u00e1 um per\u00edodo mais alargado para o hastear. As zonas mais afetadas ficam principalmente no norte e centro do pa\u00eds, com praias, acessos e arribas em estado cr\u00edtico. O regime excecional permite hastear mais tarde, caso as obras n\u00e3o estejam conclu\u00eddas a tempo, mas a Bandeira Azul pretende manter press\u00e3o para que tudo esteja pronto na hora. As tempestades Kristin, Leonardo e Marta causaram pelo menos 19 mortes e danos superiores a cinco mil milh\u00f5es de euros, al\u00e9m de centenas de feridos e desalojados.\" \/>\n<meta property=\"og:url\" content=\"https:\/\/portaltela.pt\/noticias\/2026\/04\/30\/praias-com-dificuldade-em-repor-areal-ganham-excecao-para-hastear-bandeira-azul\/\" \/>\n<meta property=\"og:site_name\" content=\"Portal Tela Portugal\" \/>\n<meta property=\"article:published_time\" content=\"2026-04-30T16:18:27+00:00\" \/>\n<meta name=\"author\" content=\"Telinha\" \/>\n<meta name=\"twitter:card\" content=\"summary_large_image\" \/>\n<meta name=\"twitter:label1\" content=\"Escrito por\" \/>\n\t<meta name=\"twitter:data1\" content=\"Telinha\" \/>\n\t<meta name=\"twitter:label2\" content=\"Tempo estimado de leitura\" \/>\n\t<meta name=\"twitter:data2\" content=\"2 minutos\" \/>\n<script type=\"application\/ld+json\" class=\"yoast-schema-graph\">{\"@context\":\"https:\/\/schema.org\",\"@graph\":[{\"@type\":\"Article\",\"@id\":\"https:\/\/portaltela.pt\/noticias\/2026\/04\/30\/praias-com-dificuldade-em-repor-areal-ganham-excecao-para-hastear-bandeira-azul\/#article\",\"isPartOf\":{\"@id\":\"https:\/\/portaltela.pt\/noticias\/2026\/04\/30\/praias-com-dificuldade-em-repor-areal-ganham-excecao-para-hastear-bandeira-azul\/\"},\"author\":{\"name\":\"Telinha\",\"@id\":\"https:\/\/portaltela.pt\/#\/schema\/person\/c4278d4a6028830caff9ee44b42d32ed\"},\"headline\":\"Praias com dificuldade em repor areal ganham exce\u00e7\u00e3o para hastear Bandeira Azul\",\"datePublished\":\"2026-04-30T16:18:27+00:00\",\"mainEntityOfPage\":{\"@id\":\"https:\/\/portaltela.pt\/noticias\/2026\/04\/30\/praias-com-dificuldade-em-repor-areal-ganham-excecao-para-hastear-bandeira-azul\/\"},\"wordCount\":326,\"image\":{\"@id\":\"https:\/\/portaltela.pt\/noticias\/2026\/04\/30\/praias-com-dificuldade-em-repor-areal-ganham-excecao-para-hastear-bandeira-azul\/#primaryimage\"},\"thumbnailUrl\":\"https:\/\/portaltela.pt\/s.01k8rhncp4jt1\/2026\/04\/img_1500x1000uu2016-06-28-15-19-00-547742.jpg\",\"keywords\":[\"_Bandeiras\",\"_calamidade p\u00fablica\",\"_Centro\",\"_Norte\",\"_Portugal\",\"_tempestades\"],\"articleSection\":[\"Meio Ambiente\",\"Not\u00edcias\"],\"inLanguage\":\"pt-PT\"},{\"@type\":\"WebPage\",\"@id\":\"https:\/\/portaltela.pt\/noticias\/2026\/04\/30\/praias-com-dificuldade-em-repor-areal-ganham-excecao-para-hastear-bandeira-azul\/\",\"url\":\"https:\/\/portaltela.pt\/noticias\/2026\/04\/30\/praias-com-dificuldade-em-repor-areal-ganham-excecao-para-hastear-bandeira-azul\/\",\"name\":\"Praias com dificuldade em repor areal ganham exce\u00e7\u00e3o para hastear Bandeira Azul - Portal Tela Portugal\",\"isPartOf\":{\"@id\":\"https:\/\/portaltela.pt\/#website\"},\"primaryImageOfPage\":{\"@id\":\"https:\/\/portaltela.pt\/noticias\/2026\/04\/30\/praias-com-dificuldade-em-repor-areal-ganham-excecao-para-hastear-bandeira-azul\/#primaryimage\"},\"image\":{\"@id\":\"https:\/\/portaltela.pt\/noticias\/2026\/04\/30\/praias-com-dificuldade-em-repor-areal-ganham-excecao-para-hastear-bandeira-azul\/#primaryimage\"},\"thumbnailUrl\":\"https:\/\/portaltela.pt\/s.01k8rhncp4jt1\/2026\/04\/img_1500x1000uu2016-06-28-15-19-00-547742.jpg\",\"datePublished\":\"2026-04-30T16:18:27+00:00\",\"author\":{\"@id\":\"https:\/\/portaltela.pt\/#\/schema\/person\/c4278d4a6028830caff9ee44b42d32ed\"},\"breadcrumb\":{\"@id\":\"https:\/\/portaltela.pt\/noticias\/2026\/04\/30\/praias-com-dificuldade-em-repor-areal-ganham-excecao-para-hastear-bandeira-azul\/#breadcrumb\"},\"inLanguage\":\"pt-PT\",\"potentialAction\":[{\"@type\":\"ReadAction\",\"target\":[\"https:\/\/portaltela.pt\/noticias\/2026\/04\/30\/praias-com-dificuldade-em-repor-areal-ganham-excecao-para-hastear-bandeira-azul\/\"]}]},{\"@type\":\"ImageObject\",\"inLanguage\":\"pt-PT\",\"@id\":\"https:\/\/portaltela.pt\/noticias\/2026\/04\/30\/praias-com-dificuldade-em-repor-areal-ganham-excecao-para-hastear-bandeira-azul\/#primaryimage\",\"url\":\"https:\/\/portaltela.pt\/s.01k8rhncp4jt1\/2026\/04\/img_1500x1000uu2016-06-28-15-19-00-547742.jpg\",\"contentUrl\":\"https:\/\/portaltela.pt\/s.01k8rhncp4jt1\/2026\/04\/img_1500x1000uu2016-06-28-15-19-00-547742.jpg\",\"width\":1500,\"height\":1000,\"caption\":\"Bandeira azul\"},{\"@type\":\"BreadcrumbList\",\"@id\":\"https:\/\/portaltela.pt\/noticias\/2026\/04\/30\/praias-com-dificuldade-em-repor-areal-ganham-excecao-para-hastear-bandeira-azul\/#breadcrumb\",\"itemListElement\":[{\"@type\":\"ListItem\",\"position\":1,\"name\":\"In\u00edcio\",\"item\":\"https:\/\/portaltela.pt\/\"},{\"@type\":\"ListItem\",\"position\":2,\"name\":\"Praias com dificuldade em repor areal ganham exce\u00e7\u00e3o para hastear Bandeira Azul\"}]},{\"@type\":\"WebSite\",\"@id\":\"https:\/\/portaltela.pt\/#website\",\"url\":\"https:\/\/portaltela.pt\/\",\"name\":\"Portal Tela Portugal\",\"description\":\"\",\"potentialAction\":[{\"@type\":\"SearchAction\",\"target\":{\"@type\":\"EntryPoint\",\"urlTemplate\":\"https:\/\/portaltela.pt\/?s={search_term_string}\"},\"query-input\":{\"@type\":\"PropertyValueSpecification\",\"valueRequired\":true,\"valueName\":\"search_term_string\"}}],\"inLanguage\":\"pt-PT\"},{\"@type\":\"Person\",\"@id\":\"https:\/\/portaltela.pt\/#\/schema\/person\/c4278d4a6028830caff9ee44b42d32ed\",\"name\":\"Telinha\",\"image\":{\"@type\":\"ImageObject\",\"inLanguage\":\"pt-PT\",\"@id\":\"https:\/\/portaltela.pt\/s.01k8rhncp4jt1\/2025\/11\/talking-bot-125x125.png\",\"url\":\"https:\/\/portaltela.pt\/s.01k8rhncp4jt1\/2025\/11\/talking-bot-125x125.png\",\"contentUrl\":\"https:\/\/portaltela.pt\/s.01k8rhncp4jt1\/2025\/11\/talking-bot-125x125.png\",\"caption\":\"Telinha\"},\"sameAs\":[\"https:\/\/portaltela.pt\/\"],\"url\":\"https:\/\/portaltela.pt\/por\/367410592786\/\"}]}<\/script>\n<!-- \/ Yoast SEO plugin. -->","yoast_head_json":{"title":"Praias com dificuldade em repor areal ganham exce\u00e7\u00e3o para hastear Bandeira Azul - Portal Tela Portugal","robots":{"index":"index","follow":"follow","max-snippet":"max-snippet:-1","max-image-preview":"max-image-preview:large","max-video-preview":"max-video-preview:-1"},"og_locale":"pt_PT","og_type":"article","og_title":"Praias com dificuldade em repor areal ganham exce\u00e7\u00e3o para hastear Bandeira Azul - Portal Tela Portugal","og_description":"Praias que n\u00e3o conseguiram repor o areal devido \u00e0s tempestades em janeiro e fevereiro t\u00eam regime excecional para hastear a Bandeira Azul. A obten\u00e7\u00e3o do galard\u00e3o para a \u00e9poca balnear n\u00e3o ser\u00e1 afetada, por haver motivos justificados; h\u00e1 um per\u00edodo mais alargado para o hastear. As zonas mais afetadas ficam principalmente no norte e centro do pa\u00eds, com praias, acessos e arribas em estado cr\u00edtico. O regime excecional permite hastear mais tarde, caso as obras n\u00e3o estejam conclu\u00eddas a tempo, mas a Bandeira Azul pretende manter press\u00e3o para que tudo esteja pronto na hora. As tempestades Kristin, Leonardo e Marta causaram pelo menos 19 mortes e danos superiores a cinco mil milh\u00f5es de euros, al\u00e9m de centenas de feridos e desalojados.","og_url":"https:\/\/portaltela.pt\/noticias\/2026\/04\/30\/praias-com-dificuldade-em-repor-areal-ganham-excecao-para-hastear-bandeira-azul\/","og_site_name":"Portal Tela Portugal","article_published_time":"2026-04-30T16:18:27+00:00","author":"Telinha","twitter_card":"summary_large_image","twitter_misc":{"Escrito por":"Telinha","Tempo estimado de leitura":"2 minutos"},"schema":{"@context":"https:\/\/schema.org","@graph":[{"@type":"Article","@id":"https:\/\/portaltela.pt\/noticias\/2026\/04\/30\/praias-com-dificuldade-em-repor-areal-ganham-excecao-para-hastear-bandeira-azul\/#article","isPartOf":{"@id":"https:\/\/portaltela.pt\/noticias\/2026\/04\/30\/praias-com-dificuldade-em-repor-areal-ganham-excecao-para-hastear-bandeira-azul\/"},"author":{"name":"Telinha","@id":"https:\/\/portaltela.pt\/#\/schema\/person\/c4278d4a6028830caff9ee44b42d32ed"},"headline":"Praias com dificuldade em repor areal ganham exce\u00e7\u00e3o para hastear Bandeira Azul","datePublished":"2026-04-30T16:18:27+00:00","mainEntityOfPage":{"@id":"https:\/\/portaltela.pt\/noticias\/2026\/04\/30\/praias-com-dificuldade-em-repor-areal-ganham-excecao-para-hastear-bandeira-azul\/"},"wordCount":326,"image":{"@id":"https:\/\/portaltela.pt\/noticias\/2026\/04\/30\/praias-com-dificuldade-em-repor-areal-ganham-excecao-para-hastear-bandeira-azul\/#primaryimage"},"thumbnailUrl":"https:\/\/portaltela.pt\/s.01k8rhncp4jt1\/2026\/04\/img_1500x1000uu2016-06-28-15-19-00-547742.jpg","keywords":["_Bandeiras","_calamidade p\u00fablica","_Centro","_Norte","_Portugal","_tempestades"],"articleSection":["Meio Ambiente","Not\u00edcias"],"inLanguage":"pt-PT"},{"@type":"WebPage","@id":"https:\/\/portaltela.pt\/noticias\/2026\/04\/30\/praias-com-dificuldade-em-repor-areal-ganham-excecao-para-hastear-bandeira-azul\/","url":"https:\/\/portaltela.pt\/noticias\/2026\/04\/30\/praias-com-dificuldade-em-repor-areal-ganham-excecao-para-hastear-bandeira-azul\/","name":"Praias com dificuldade em repor areal ganham exce\u00e7\u00e3o para hastear Bandeira Azul - Portal Tela Portugal","isPartOf":{"@id":"https:\/\/portaltela.pt\/#website"},"primaryImageOfPage":{"@id":"https:\/\/portaltela.pt\/noticias\/2026\/04\/30\/praias-com-dificuldade-em-repor-areal-ganham-excecao-para-hastear-bandeira-azul\/#primaryimage"},"image":{"@id":"https:\/\/portaltela.pt\/noticias\/2026\/04\/30\/praias-com-dificuldade-em-repor-areal-ganham-excecao-para-hastear-bandeira-azul\/#primaryimage"},"thumbnailUrl":"https:\/\/portaltela.pt\/s.01k8rhncp4jt1\/2026\/04\/img_1500x1000uu2016-06-28-15-19-00-547742.jpg","datePublished":"2026-04-30T16:18:27+00:00","author":{"@id":"https:\/\/portaltela.pt\/#\/schema\/person\/c4278d4a6028830caff9ee44b42d32ed"},"breadcrumb":{"@id":"https:\/\/portaltela.pt\/noticias\/2026\/04\/30\/praias-com-dificuldade-em-repor-areal-ganham-excecao-para-hastear-bandeira-azul\/#breadcrumb"},"inLanguage":"pt-PT","potentialAction":[{"@type":"ReadAction","target":["https:\/\/portaltela.pt\/noticias\/2026\/04\/30\/praias-com-dificuldade-em-repor-areal-ganham-excecao-para-hastear-bandeira-azul\/"]}]},{"@type":"ImageObject","inLanguage":"pt-PT","@id":"https:\/\/portaltela.pt\/noticias\/2026\/04\/30\/praias-com-dificuldade-em-repor-areal-ganham-excecao-para-hastear-bandeira-azul\/#primaryimage","url":"https:\/\/portaltela.pt\/s.01k8rhncp4jt1\/2026\/04\/img_1500x1000uu2016-06-28-15-19-00-547742.jpg","contentUrl":"https:\/\/portaltela.pt\/s.01k8rhncp4jt1\/2026\/04\/img_1500x1000uu2016-06-28-15-19-00-547742.jpg","width":1500,"height":1000,"caption":"Bandeira azul"},{"@type":"BreadcrumbList","@id":"https:\/\/portaltela.pt\/noticias\/2026\/04\/30\/praias-com-dificuldade-em-repor-areal-ganham-excecao-para-hastear-bandeira-azul\/#breadcrumb","itemListElement":[{"@type":"ListItem","position":1,"name":"In\u00edcio","item":"https:\/\/portaltela.pt\/"},{"@type":"ListItem","position":2,"name":"Praias com dificuldade em repor areal ganham exce\u00e7\u00e3o para hastear Bandeira Azul"}]},{"@type":"WebSite","@id":"https:\/\/portaltela.pt\/#website","url":"https:\/\/portaltela.pt\/","name":"Portal Tela Portugal","description":"","potentialAction":[{"@type":"SearchAction","target":{"@type":"EntryPoint","urlTemplate":"https:\/\/portaltela.pt\/?s={search_term_string}"},"query-input":{"@type":"PropertyValueSpecification","valueRequired":true,"valueName":"search_term_string"}}],"inLanguage":"pt-PT"},{"@type":"Person","@id":"https:\/\/portaltela.pt\/#\/schema\/person\/c4278d4a6028830caff9ee44b42d32ed","name":"Telinha","image":{"@type":"ImageObject","inLanguage":"pt-PT","@id":"https:\/\/portaltela.pt\/s.01k8rhncp4jt1\/2025\/11\/talking-bot-125x125.png","url":"https:\/\/portaltela.pt\/s.01k8rhncp4jt1\/2025\/11\/talking-bot-125x125.png","contentUrl":"https:\/\/portaltela.pt\/s.01k8rhncp4jt1\/2025\/11\/talking-bot-125x125.png","caption":"Telinha"},"sameAs":["https:\/\/portaltela.pt\/"],"url":"https:\/\/portaltela.pt\/por\/367410592786\/"}]}},"_links":{"self":[{"href":"https:\/\/portaltela.pt\/api\/wp\/v2\/posts\/462738","targetHints":{"allow":["GET"]}}],"collection":[{"href":"https:\/\/portaltela.pt\/api\/wp\/v2\/posts"}],"about":[{"href":"https:\/\/portaltela.pt\/api\/wp\/v2\/types\/post"}],"author":[{"embeddable":true,"href":"https:\/\/portaltela.pt\/api\/wp\/v2\/users\/2"}],"replies":[{"embeddable":true,"href":"https:\/\/portaltela.pt\/api\/wp\/v2\/comments?post=462738"}],"version-history":[{"count":0,"href":"https:\/\/portaltela.pt\/api\/wp\/v2\/posts\/462738\/revisions"}],"wp:featuredmedia":[{"embeddable":true,"href":"https:\/\/portaltela.pt\/api\/wp\/v2\/media\/462745"}],"wp:attachment":[{"href":"https:\/\/portaltela.pt\/api\/wp\/v2\/media?parent=462738"}],"wp:term":[{"taxonomy":"category","embeddable":true,"href":"https:\/\/portaltela.pt\/api\/wp\/v2\/categories?post=462738"},{"taxonomy":"post_tag","embeddable":true,"href":"https:\/\/portaltela.pt\/api\/wp\/v2\/tags?post=462738"}],"curies":[{"name":"wp","href":"https:\/\/api.w.org\/{rel}","templated":true}]}}