{"id":462720,"date":"2026-04-30T13:03:55","date_gmt":"2026-04-30T16:03:55","guid":{"rendered":"https:\/\/portaltela.pt\/noticias\/2026\/04\/30\/goncalo-moreira-quer-terminar-bem-a-epoca-e-preparar-a-proxima\/"},"modified":"2026-04-30T13:03:55","modified_gmt":"2026-04-30T16:03:55","slug":"goncalo-moreira-quer-terminar-bem-a-epoca-e-preparar-a-proxima","status":"publish","type":"post","link":"https:\/\/portaltela.pt\/desporto\/futebol\/2026\/04\/30\/goncalo-moreira-quer-terminar-bem-a-epoca-e-preparar-a-proxima\/","title":{"rendered":"Gon\u00e7alo Moreira quer terminar bem a \u00e9poca e preparar a pr\u00f3xima"},"content":{"rendered":"<p>Gon\u00e7alo Moreira foi distinguido como Melhor Jovem da 2.\u00aa Liga de mar\u00e7o pelo Sindicato dos Jogadores, atribui\u00e7\u00e3o que recebeu esta quinta-feira. O m\u00e9dio ofensivo do Benfica B destacou que o pr\u00e9mio reflete um esfor\u00e7o de equipa, com o desempenho individual a sobressair.<\/p>\n<p>O internacional sub-21 agradeceu aos votantes, ao Sindicato, aos colegas e \u00e0 equipa t\u00e9cnica do Benfica. Confessou o objetivo de terminar bem a \u00e9poca e manter-se pronto para a pr\u00f3xima, mantendo foco nos tr\u00eas jogos finais para somar pontos.<\/p>\n<p>No m\u00eas de mar\u00e7o, Moreira marcou 2 golos e fez uma assist\u00eancia em quatro partidas pela equipa B do Benfica. O pr\u00e9mio ficou com 15,97% dos votos, superando o guarda-redes do FC Porto B e outro colega de equipa, que seguiram com 11% de suporte cada.<\/p>\n<h3>Detalhes do pr\u00e9mio<\/h3>\n<p>A elei\u00e7\u00e3o resulta do valor m\u00e9dio das pontua\u00e7\u00f5es do jornal Record (60%), da vota\u00e7\u00e3o de uma Comiss\u00e3o T\u00e9cnica nomeada pelo Sindicato (20%) e da vota\u00e7\u00e3o online no site do Sindicato (20%). Podem votar jogadores portugueses nascidos ap\u00f3s 1 de junho de 2002.<\/p>\n","protected":false},"excerpt":{"rendered":"<ul>\n<li>Gon\u00e7alo Moreira, m\u00e9dio ofensivo do Benfica B, foi eleito Melhor Jovem de mar\u00e7o da 2.\u00aa Liga pelo Sindicato dos Jogadores.<\/li>\n<li>O jogador somou dois golos e uma assist\u00eancia em quatro jogos na B do Benfica durante mar\u00e7o.<\/li>\n<li>Moreira recebeu o pr\u00e9mio das m\u00e3os de Anselmo Cardoso, vice-presidente do Sindicato, agradecendo aos companheiros e \u00e0 equipa t\u00e9cnica.<\/li>\n<li>O galardo\u00e3o teve 15,97% dos votos, ficando \u00e0 frente de Gon\u00e7alo Ribeiro (Porto B) e Miguel Figueiredo (Benfica B).<\/li>\n<li>O internacional sub-21 pretende terminar bem a \u00e9poca, ajudar a equipa nos \u00faltimos tr\u00eas jogos e estar preparado para a pr\u00f3xima temporada.<\/li>\n<\/ul>\n","protected":false},"author":2,"featured_media":462724,"comment_status":"closed","ping_status":"closed","sticky":false,"template":"","format":"standard","meta":{"footnotes":""},"categories":[21,24],"tags":[8832,8566,7755,8146,8028],"class_list":["post-462720","post","type-post","status-publish","format-standard","has-post-thumbnail","hentry","category-desporto","category-futebol","tag-_2-a-liga","tag-_benfica","tag-_futebol","tag-_jogadores","tag-_jovens"],"yoast_head":"<!-- This site is optimized with the Yoast SEO plugin v27.2 - https:\/\/yoast.com\/product\/yoast-seo-wordpress\/ -->\n<title>Gon\u00e7alo Moreira quer terminar bem a \u00e9poca e preparar a pr\u00f3xima - Portal Tela Portugal<\/title>\n<meta name=\"robots\" content=\"index, follow, max-snippet:-1, max-image-preview:large, max-video-preview:-1\" \/>\n<meta property=\"og:locale\" content=\"pt_PT\" \/>\n<meta property=\"og:type\" content=\"article\" \/>\n<meta property=\"og:title\" content=\"Gon\u00e7alo Moreira quer terminar bem a \u00e9poca e preparar a pr\u00f3xima - Portal Tela Portugal\" \/>\n<meta property=\"og:description\" content=\"Gon\u00e7alo Moreira, m\u00e9dio ofensivo do Benfica B, foi eleito Melhor Jovem de mar\u00e7o da 2.\u00aa Liga pelo Sindicato dos Jogadores. O jogador somou dois golos e uma assist\u00eancia em quatro jogos na B do Benfica durante mar\u00e7o. Moreira recebeu o pr\u00e9mio das m\u00e3os de Anselmo Cardoso, vice-presidente do Sindicato, agradecendo aos companheiros e \u00e0 equipa t\u00e9cnica. O galardo\u00e3o teve 15,97% dos votos, ficando \u00e0 frente de Gon\u00e7alo Ribeiro (Porto B) e Miguel Figueiredo (Benfica B). O internacional sub-21 pretende terminar bem a \u00e9poca, ajudar a equipa nos \u00faltimos tr\u00eas jogos e estar preparado para a pr\u00f3xima temporada.\" \/>\n<meta property=\"og:url\" content=\"https:\/\/portaltela.pt\/noticias\/2026\/04\/30\/goncalo-moreira-quer-terminar-bem-a-epoca-e-preparar-a-proxima\/\" \/>\n<meta property=\"og:site_name\" content=\"Portal Tela Portugal\" \/>\n<meta property=\"article:published_time\" content=\"2026-04-30T16:03:55+00:00\" \/>\n<meta name=\"author\" content=\"Telinha\" \/>\n<meta name=\"twitter:card\" content=\"summary_large_image\" \/>\n<meta name=\"twitter:label1\" content=\"Escrito por\" \/>\n\t<meta name=\"twitter:data1\" content=\"Telinha\" \/>\n\t<meta name=\"twitter:label2\" content=\"Tempo estimado de leitura\" \/>\n\t<meta name=\"twitter:data2\" content=\"1 minuto\" \/>\n<script type=\"application\/ld+json\" class=\"yoast-schema-graph\">{\"@context\":\"https:\/\/schema.org\",\"@graph\":[{\"@type\":\"Article\",\"@id\":\"https:\/\/portaltela.pt\/noticias\/2026\/04\/30\/goncalo-moreira-quer-terminar-bem-a-epoca-e-preparar-a-proxima\/#article\",\"isPartOf\":{\"@id\":\"https:\/\/portaltela.pt\/noticias\/2026\/04\/30\/goncalo-moreira-quer-terminar-bem-a-epoca-e-preparar-a-proxima\/\"},\"author\":{\"name\":\"Telinha\",\"@id\":\"https:\/\/portaltela.pt\/#\/schema\/person\/c4278d4a6028830caff9ee44b42d32ed\"},\"headline\":\"Gon\u00e7alo Moreira quer terminar bem a \u00e9poca e preparar a pr\u00f3xima\",\"datePublished\":\"2026-04-30T16:03:55+00:00\",\"mainEntityOfPage\":{\"@id\":\"https:\/\/portaltela.pt\/noticias\/2026\/04\/30\/goncalo-moreira-quer-terminar-bem-a-epoca-e-preparar-a-proxima\/\"},\"wordCount\":197,\"image\":{\"@id\":\"https:\/\/portaltela.pt\/noticias\/2026\/04\/30\/goncalo-moreira-quer-terminar-bem-a-epoca-e-preparar-a-proxima\/#primaryimage\"},\"thumbnailUrl\":\"https:\/\/portaltela.pt\/s.01k8rhncp4jt1\/2026\/04\/img_1200x721uu2026-04-30-16-54-29-2436125.jpg\",\"keywords\":[\"_2.\u00aa Liga\",\"_Benfica\",\"_futebol\",\"_jogadores\",\"_jovens\"],\"articleSection\":[\"Desporto\",\"Futebol\"],\"inLanguage\":\"pt-PT\"},{\"@type\":\"WebPage\",\"@id\":\"https:\/\/portaltela.pt\/noticias\/2026\/04\/30\/goncalo-moreira-quer-terminar-bem-a-epoca-e-preparar-a-proxima\/\",\"url\":\"https:\/\/portaltela.pt\/noticias\/2026\/04\/30\/goncalo-moreira-quer-terminar-bem-a-epoca-e-preparar-a-proxima\/\",\"name\":\"Gon\u00e7alo Moreira quer terminar bem a \u00e9poca e preparar a pr\u00f3xima - Portal Tela Portugal\",\"isPartOf\":{\"@id\":\"https:\/\/portaltela.pt\/#website\"},\"primaryImageOfPage\":{\"@id\":\"https:\/\/portaltela.pt\/noticias\/2026\/04\/30\/goncalo-moreira-quer-terminar-bem-a-epoca-e-preparar-a-proxima\/#primaryimage\"},\"image\":{\"@id\":\"https:\/\/portaltela.pt\/noticias\/2026\/04\/30\/goncalo-moreira-quer-terminar-bem-a-epoca-e-preparar-a-proxima\/#primaryimage\"},\"thumbnailUrl\":\"https:\/\/portaltela.pt\/s.01k8rhncp4jt1\/2026\/04\/img_1200x721uu2026-04-30-16-54-29-2436125.jpg\",\"datePublished\":\"2026-04-30T16:03:55+00:00\",\"author\":{\"@id\":\"https:\/\/portaltela.pt\/#\/schema\/person\/c4278d4a6028830caff9ee44b42d32ed\"},\"breadcrumb\":{\"@id\":\"https:\/\/portaltela.pt\/noticias\/2026\/04\/30\/goncalo-moreira-quer-terminar-bem-a-epoca-e-preparar-a-proxima\/#breadcrumb\"},\"inLanguage\":\"pt-PT\",\"potentialAction\":[{\"@type\":\"ReadAction\",\"target\":[\"https:\/\/portaltela.pt\/noticias\/2026\/04\/30\/goncalo-moreira-quer-terminar-bem-a-epoca-e-preparar-a-proxima\/\"]}]},{\"@type\":\"ImageObject\",\"inLanguage\":\"pt-PT\",\"@id\":\"https:\/\/portaltela.pt\/noticias\/2026\/04\/30\/goncalo-moreira-quer-terminar-bem-a-epoca-e-preparar-a-proxima\/#primaryimage\",\"url\":\"https:\/\/portaltela.pt\/s.01k8rhncp4jt1\/2026\/04\/img_1200x721uu2026-04-30-16-54-29-2436125.jpg\",\"contentUrl\":\"https:\/\/portaltela.pt\/s.01k8rhncp4jt1\/2026\/04\/img_1200x721uu2026-04-30-16-54-29-2436125.jpg\",\"width\":796,\"height\":448,\"caption\":\"Gon\u00e7alo Moreira motivado: \u00abQuero acabar bem a \u00e9poca e estar pronto para a pr\u00f3xima\u00bb\"},{\"@type\":\"BreadcrumbList\",\"@id\":\"https:\/\/portaltela.pt\/noticias\/2026\/04\/30\/goncalo-moreira-quer-terminar-bem-a-epoca-e-preparar-a-proxima\/#breadcrumb\",\"itemListElement\":[{\"@type\":\"ListItem\",\"position\":1,\"name\":\"In\u00edcio\",\"item\":\"https:\/\/portaltela.pt\/\"},{\"@type\":\"ListItem\",\"position\":2,\"name\":\"Gon\u00e7alo Moreira quer terminar bem a \u00e9poca e preparar a pr\u00f3xima\"}]},{\"@type\":\"WebSite\",\"@id\":\"https:\/\/portaltela.pt\/#website\",\"url\":\"https:\/\/portaltela.pt\/\",\"name\":\"Portal Tela Portugal\",\"description\":\"\",\"potentialAction\":[{\"@type\":\"SearchAction\",\"target\":{\"@type\":\"EntryPoint\",\"urlTemplate\":\"https:\/\/portaltela.pt\/?s={search_term_string}\"},\"query-input\":{\"@type\":\"PropertyValueSpecification\",\"valueRequired\":true,\"valueName\":\"search_term_string\"}}],\"inLanguage\":\"pt-PT\"},{\"@type\":\"Person\",\"@id\":\"https:\/\/portaltela.pt\/#\/schema\/person\/c4278d4a6028830caff9ee44b42d32ed\",\"name\":\"Telinha\",\"image\":{\"@type\":\"ImageObject\",\"inLanguage\":\"pt-PT\",\"@id\":\"https:\/\/portaltela.pt\/s.01k8rhncp4jt1\/2025\/11\/talking-bot-125x125.png\",\"url\":\"https:\/\/portaltela.pt\/s.01k8rhncp4jt1\/2025\/11\/talking-bot-125x125.png\",\"contentUrl\":\"https:\/\/portaltela.pt\/s.01k8rhncp4jt1\/2025\/11\/talking-bot-125x125.png\",\"caption\":\"Telinha\"},\"sameAs\":[\"https:\/\/portaltela.pt\/\"],\"url\":\"https:\/\/portaltela.pt\/por\/367410592786\/\"}]}<\/script>\n<!-- \/ Yoast SEO plugin. -->","yoast_head_json":{"title":"Gon\u00e7alo Moreira quer terminar bem a \u00e9poca e preparar a pr\u00f3xima - Portal Tela Portugal","robots":{"index":"index","follow":"follow","max-snippet":"max-snippet:-1","max-image-preview":"max-image-preview:large","max-video-preview":"max-video-preview:-1"},"og_locale":"pt_PT","og_type":"article","og_title":"Gon\u00e7alo Moreira quer terminar bem a \u00e9poca e preparar a pr\u00f3xima - Portal Tela Portugal","og_description":"Gon\u00e7alo Moreira, m\u00e9dio ofensivo do Benfica B, foi eleito Melhor Jovem de mar\u00e7o da 2.\u00aa Liga pelo Sindicato dos Jogadores. O jogador somou dois golos e uma assist\u00eancia em quatro jogos na B do Benfica durante mar\u00e7o. Moreira recebeu o pr\u00e9mio das m\u00e3os de Anselmo Cardoso, vice-presidente do Sindicato, agradecendo aos companheiros e \u00e0 equipa t\u00e9cnica. O galardo\u00e3o teve 15,97% dos votos, ficando \u00e0 frente de Gon\u00e7alo Ribeiro (Porto B) e Miguel Figueiredo (Benfica B). O internacional sub-21 pretende terminar bem a \u00e9poca, ajudar a equipa nos \u00faltimos tr\u00eas jogos e estar preparado para a pr\u00f3xima temporada.","og_url":"https:\/\/portaltela.pt\/noticias\/2026\/04\/30\/goncalo-moreira-quer-terminar-bem-a-epoca-e-preparar-a-proxima\/","og_site_name":"Portal Tela Portugal","article_published_time":"2026-04-30T16:03:55+00:00","author":"Telinha","twitter_card":"summary_large_image","twitter_misc":{"Escrito por":"Telinha","Tempo estimado de leitura":"1 minuto"},"schema":{"@context":"https:\/\/schema.org","@graph":[{"@type":"Article","@id":"https:\/\/portaltela.pt\/noticias\/2026\/04\/30\/goncalo-moreira-quer-terminar-bem-a-epoca-e-preparar-a-proxima\/#article","isPartOf":{"@id":"https:\/\/portaltela.pt\/noticias\/2026\/04\/30\/goncalo-moreira-quer-terminar-bem-a-epoca-e-preparar-a-proxima\/"},"author":{"name":"Telinha","@id":"https:\/\/portaltela.pt\/#\/schema\/person\/c4278d4a6028830caff9ee44b42d32ed"},"headline":"Gon\u00e7alo Moreira quer terminar bem a \u00e9poca e preparar a pr\u00f3xima","datePublished":"2026-04-30T16:03:55+00:00","mainEntityOfPage":{"@id":"https:\/\/portaltela.pt\/noticias\/2026\/04\/30\/goncalo-moreira-quer-terminar-bem-a-epoca-e-preparar-a-proxima\/"},"wordCount":197,"image":{"@id":"https:\/\/portaltela.pt\/noticias\/2026\/04\/30\/goncalo-moreira-quer-terminar-bem-a-epoca-e-preparar-a-proxima\/#primaryimage"},"thumbnailUrl":"https:\/\/portaltela.pt\/s.01k8rhncp4jt1\/2026\/04\/img_1200x721uu2026-04-30-16-54-29-2436125.jpg","keywords":["_2.\u00aa Liga","_Benfica","_futebol","_jogadores","_jovens"],"articleSection":["Desporto","Futebol"],"inLanguage":"pt-PT"},{"@type":"WebPage","@id":"https:\/\/portaltela.pt\/noticias\/2026\/04\/30\/goncalo-moreira-quer-terminar-bem-a-epoca-e-preparar-a-proxima\/","url":"https:\/\/portaltela.pt\/noticias\/2026\/04\/30\/goncalo-moreira-quer-terminar-bem-a-epoca-e-preparar-a-proxima\/","name":"Gon\u00e7alo Moreira quer terminar bem a \u00e9poca e preparar a pr\u00f3xima - Portal Tela Portugal","isPartOf":{"@id":"https:\/\/portaltela.pt\/#website"},"primaryImageOfPage":{"@id":"https:\/\/portaltela.pt\/noticias\/2026\/04\/30\/goncalo-moreira-quer-terminar-bem-a-epoca-e-preparar-a-proxima\/#primaryimage"},"image":{"@id":"https:\/\/portaltela.pt\/noticias\/2026\/04\/30\/goncalo-moreira-quer-terminar-bem-a-epoca-e-preparar-a-proxima\/#primaryimage"},"thumbnailUrl":"https:\/\/portaltela.pt\/s.01k8rhncp4jt1\/2026\/04\/img_1200x721uu2026-04-30-16-54-29-2436125.jpg","datePublished":"2026-04-30T16:03:55+00:00","author":{"@id":"https:\/\/portaltela.pt\/#\/schema\/person\/c4278d4a6028830caff9ee44b42d32ed"},"breadcrumb":{"@id":"https:\/\/portaltela.pt\/noticias\/2026\/04\/30\/goncalo-moreira-quer-terminar-bem-a-epoca-e-preparar-a-proxima\/#breadcrumb"},"inLanguage":"pt-PT","potentialAction":[{"@type":"ReadAction","target":["https:\/\/portaltela.pt\/noticias\/2026\/04\/30\/goncalo-moreira-quer-terminar-bem-a-epoca-e-preparar-a-proxima\/"]}]},{"@type":"ImageObject","inLanguage":"pt-PT","@id":"https:\/\/portaltela.pt\/noticias\/2026\/04\/30\/goncalo-moreira-quer-terminar-bem-a-epoca-e-preparar-a-proxima\/#primaryimage","url":"https:\/\/portaltela.pt\/s.01k8rhncp4jt1\/2026\/04\/img_1200x721uu2026-04-30-16-54-29-2436125.jpg","contentUrl":"https:\/\/portaltela.pt\/s.01k8rhncp4jt1\/2026\/04\/img_1200x721uu2026-04-30-16-54-29-2436125.jpg","width":796,"height":448,"caption":"Gon\u00e7alo Moreira motivado: \u00abQuero acabar bem a \u00e9poca e estar pronto para a pr\u00f3xima\u00bb"},{"@type":"BreadcrumbList","@id":"https:\/\/portaltela.pt\/noticias\/2026\/04\/30\/goncalo-moreira-quer-terminar-bem-a-epoca-e-preparar-a-proxima\/#breadcrumb","itemListElement":[{"@type":"ListItem","position":1,"name":"In\u00edcio","item":"https:\/\/portaltela.pt\/"},{"@type":"ListItem","position":2,"name":"Gon\u00e7alo Moreira quer terminar bem a \u00e9poca e preparar a pr\u00f3xima"}]},{"@type":"WebSite","@id":"https:\/\/portaltela.pt\/#website","url":"https:\/\/portaltela.pt\/","name":"Portal Tela Portugal","description":"","potentialAction":[{"@type":"SearchAction","target":{"@type":"EntryPoint","urlTemplate":"https:\/\/portaltela.pt\/?s={search_term_string}"},"query-input":{"@type":"PropertyValueSpecification","valueRequired":true,"valueName":"search_term_string"}}],"inLanguage":"pt-PT"},{"@type":"Person","@id":"https:\/\/portaltela.pt\/#\/schema\/person\/c4278d4a6028830caff9ee44b42d32ed","name":"Telinha","image":{"@type":"ImageObject","inLanguage":"pt-PT","@id":"https:\/\/portaltela.pt\/s.01k8rhncp4jt1\/2025\/11\/talking-bot-125x125.png","url":"https:\/\/portaltela.pt\/s.01k8rhncp4jt1\/2025\/11\/talking-bot-125x125.png","contentUrl":"https:\/\/portaltela.pt\/s.01k8rhncp4jt1\/2025\/11\/talking-bot-125x125.png","caption":"Telinha"},"sameAs":["https:\/\/portaltela.pt\/"],"url":"https:\/\/portaltela.pt\/por\/367410592786\/"}]}},"_links":{"self":[{"href":"https:\/\/portaltela.pt\/api\/wp\/v2\/posts\/462720","targetHints":{"allow":["GET"]}}],"collection":[{"href":"https:\/\/portaltela.pt\/api\/wp\/v2\/posts"}],"about":[{"href":"https:\/\/portaltela.pt\/api\/wp\/v2\/types\/post"}],"author":[{"embeddable":true,"href":"https:\/\/portaltela.pt\/api\/wp\/v2\/users\/2"}],"replies":[{"embeddable":true,"href":"https:\/\/portaltela.pt\/api\/wp\/v2\/comments?post=462720"}],"version-history":[{"count":0,"href":"https:\/\/portaltela.pt\/api\/wp\/v2\/posts\/462720\/revisions"}],"wp:featuredmedia":[{"embeddable":true,"href":"https:\/\/portaltela.pt\/api\/wp\/v2\/media\/462724"}],"wp:attachment":[{"href":"https:\/\/portaltela.pt\/api\/wp\/v2\/media?parent=462720"}],"wp:term":[{"taxonomy":"category","embeddable":true,"href":"https:\/\/portaltela.pt\/api\/wp\/v2\/categories?post=462720"},{"taxonomy":"post_tag","embeddable":true,"href":"https:\/\/portaltela.pt\/api\/wp\/v2\/tags?post=462720"}],"curies":[{"name":"wp","href":"https:\/\/api.w.org\/{rel}","templated":true}]}}