{"id":462701,"date":"2026-04-30T13:03:14","date_gmt":"2026-04-30T16:03:14","guid":{"rendered":"https:\/\/portaltela.pt\/noticias\/2026\/04\/30\/jovane-regressa-aos-golos-e-iguala-segunda-melhor-epoca-da-carreira\/"},"modified":"2026-04-30T13:03:14","modified_gmt":"2026-04-30T16:03:14","slug":"jovane-regressa-aos-golos-e-iguala-segunda-melhor-epoca-da-carreira","status":"publish","type":"post","link":"https:\/\/portaltela.pt\/desporto\/futebol\/2026\/04\/30\/jovane-regressa-aos-golos-e-iguala-segunda-melhor-epoca-da-carreira\/","title":{"rendered":"Jovane regressa aos golos e iguala segunda melhor \u00e9poca da carreira"},"content":{"rendered":"<p>Jovane Cabral voltou aos golos, igualando a sua segunda melhor \u00e9poca da carreira, ao marcar no E. Amadora 1-2 FC Porto, no passado s\u00e1bado. O avan\u00e7ado cabo-verdiano chegou aos seis tentos na temporada 2025\/26, o mesmo registo que alcan\u00e7ou em 2019\/20 pelo Sporting.<\/p>\n<p>O camisola 11 do Estrela soma j\u00e1 24 jogos na presente campanha e continua em final de contrato com o clube da Reboleira. Pela imprensa especializada, o jogador est\u00e1 avaliado em 800 mil euros.<\/p>\n<p>Jovane n\u00e3o marcava desde 8 de mar\u00e7o, quando apontou ao Gil Vicente, e agora mira a possibilidade de estar no Mundial com Cabo Verde. Internacional em 26 ocasi\u00f5es, tenta reconquistar a titularidade com o novo treinador Cristiano Bacci, preparando o duelo frente ao Moreirense.<\/p>\n<h3>Contrato e pr\u00f3ximos passos<\/h3>\n<p>O Estrela prepara o regresso \u00e0 competi\u00e7\u00e3o este s\u00e1bado, \u00e0s 15h30, com a presen\u00e7a de Jovane entre os convocados, numa altura em que o jogador tamb\u00e9m procura convencer a estrutura a mant\u00ea-lo na equipa. Est\u00e3o em jogo aspetos desportivos e contratuais para a continuidade do jogador no plantel.<\/p>\n","protected":false},"excerpt":{"rendered":"<ul>\n<li>Jovane Cabral voltou aos golos na derrota do Estrela da Amadora frente ao FC Porto, por 2-1, no \u00faltimo s\u00e1bado.<\/li>\n<li>O avan\u00e7ado cabo-verdiano chegou aos seis golos na temporada 2025\/26, igualando a sua segunda melhor \u00e9poca de sempre.<\/li>\n<li>Os seis tentos coincidem com os da temporada 2019\/20, quando atuou pelo Sporting.<\/li>\n<li>Jovane j\u00e1 soma 24 jogos pelo Estrela e est\u00e1 no final do contrato, sendo avaliado em 800 mil euros pelo Transfermarkt.<\/li>\n<li>Internacional cabo-verdiano quer marcar presen\u00e7a no Mundial e tenta convencer o novo treinador, Cristiano Bacci, a valoriz\u00e1-lo como titular frente ao Moreirense.<\/li>\n<\/ul>\n","protected":false},"author":2,"featured_media":462705,"comment_status":"closed","ping_status":"closed","sticky":false,"template":"","format":"standard","meta":{"footnotes":""},"categories":[21,24],"tags":[2329,1589,2028,32,242,2057],"class_list":["post-462701","post","type-post","status-publish","format-standard","has-post-thumbnail","hentry","category-desporto","category-futebol","tag-cabo-verde","tag-estrela","tag-fc-porto","tag-futebol","tag-jogadores","tag-selecao-nacional"],"yoast_head":"<!-- This site is optimized with the Yoast SEO plugin v27.2 - https:\/\/yoast.com\/product\/yoast-seo-wordpress\/ -->\n<title>Jovane regressa aos golos e iguala segunda melhor \u00e9poca da carreira - Portal Tela Portugal<\/title>\n<meta name=\"robots\" content=\"index, follow, max-snippet:-1, max-image-preview:large, max-video-preview:-1\" \/>\n<meta property=\"og:locale\" content=\"pt_PT\" \/>\n<meta property=\"og:type\" content=\"article\" \/>\n<meta property=\"og:title\" content=\"Jovane regressa aos golos e iguala segunda melhor \u00e9poca da carreira - Portal Tela Portugal\" \/>\n<meta property=\"og:description\" content=\"Jovane Cabral voltou aos golos na derrota do Estrela da Amadora frente ao FC Porto, por 2-1, no \u00faltimo s\u00e1bado. O avan\u00e7ado cabo-verdiano chegou aos seis golos na temporada 2025\/26, igualando a sua segunda melhor \u00e9poca de sempre. Os seis tentos coincidem com os da temporada 2019\/20, quando atuou pelo Sporting. Jovane j\u00e1 soma 24 jogos pelo Estrela e est\u00e1 no final do contrato, sendo avaliado em 800 mil euros pelo Transfermarkt. Internacional cabo-verdiano quer marcar presen\u00e7a no Mundial e tenta convencer o novo treinador, Cristiano Bacci, a valoriz\u00e1-lo como titular frente ao Moreirense.\" \/>\n<meta property=\"og:url\" content=\"https:\/\/portaltela.pt\/noticias\/2026\/04\/30\/jovane-regressa-aos-golos-e-iguala-segunda-melhor-epoca-da-carreira\/\" \/>\n<meta property=\"og:site_name\" content=\"Portal Tela Portugal\" \/>\n<meta property=\"article:published_time\" content=\"2026-04-30T16:03:14+00:00\" \/>\n<meta name=\"author\" content=\"Telinha\" \/>\n<meta name=\"twitter:card\" content=\"summary_large_image\" \/>\n<meta name=\"twitter:label1\" content=\"Escrito por\" \/>\n\t<meta name=\"twitter:data1\" content=\"Telinha\" \/>\n\t<meta name=\"twitter:label2\" content=\"Tempo estimado de leitura\" \/>\n\t<meta name=\"twitter:data2\" content=\"1 minuto\" \/>\n<script type=\"application\/ld+json\" class=\"yoast-schema-graph\">{\"@context\":\"https:\/\/schema.org\",\"@graph\":[{\"@type\":\"Article\",\"@id\":\"https:\/\/portaltela.pt\/noticias\/2026\/04\/30\/jovane-regressa-aos-golos-e-iguala-segunda-melhor-epoca-da-carreira\/#article\",\"isPartOf\":{\"@id\":\"https:\/\/portaltela.pt\/noticias\/2026\/04\/30\/jovane-regressa-aos-golos-e-iguala-segunda-melhor-epoca-da-carreira\/\"},\"author\":{\"name\":\"Telinha\",\"@id\":\"https:\/\/portaltela.pt\/#\/schema\/person\/c4278d4a6028830caff9ee44b42d32ed\"},\"headline\":\"Jovane regressa aos golos e iguala segunda melhor \u00e9poca da carreira\",\"datePublished\":\"2026-04-30T16:03:14+00:00\",\"mainEntityOfPage\":{\"@id\":\"https:\/\/portaltela.pt\/noticias\/2026\/04\/30\/jovane-regressa-aos-golos-e-iguala-segunda-melhor-epoca-da-carreira\/\"},\"wordCount\":189,\"image\":{\"@id\":\"https:\/\/portaltela.pt\/noticias\/2026\/04\/30\/jovane-regressa-aos-golos-e-iguala-segunda-melhor-epoca-da-carreira\/#primaryimage\"},\"thumbnailUrl\":\"https:\/\/portaltela.pt\/s.01k8rhncp4jt1\/2026\/04\/img_920x518uu2026-04-26-20-18-24-2435450-im-639131633964470471.jpg\",\"keywords\":[\"Cabo Verde\",\"Estrela\",\"FC Porto\",\"futebol\",\"jogadores\",\"Sele\u00e7\u00e3o Nacional\"],\"articleSection\":[\"Desporto\",\"Futebol\"],\"inLanguage\":\"pt-PT\"},{\"@type\":\"WebPage\",\"@id\":\"https:\/\/portaltela.pt\/noticias\/2026\/04\/30\/jovane-regressa-aos-golos-e-iguala-segunda-melhor-epoca-da-carreira\/\",\"url\":\"https:\/\/portaltela.pt\/noticias\/2026\/04\/30\/jovane-regressa-aos-golos-e-iguala-segunda-melhor-epoca-da-carreira\/\",\"name\":\"Jovane regressa aos golos e iguala segunda melhor \u00e9poca da carreira - Portal Tela Portugal\",\"isPartOf\":{\"@id\":\"https:\/\/portaltela.pt\/#website\"},\"primaryImageOfPage\":{\"@id\":\"https:\/\/portaltela.pt\/noticias\/2026\/04\/30\/jovane-regressa-aos-golos-e-iguala-segunda-melhor-epoca-da-carreira\/#primaryimage\"},\"image\":{\"@id\":\"https:\/\/portaltela.pt\/noticias\/2026\/04\/30\/jovane-regressa-aos-golos-e-iguala-segunda-melhor-epoca-da-carreira\/#primaryimage\"},\"thumbnailUrl\":\"https:\/\/portaltela.pt\/s.01k8rhncp4jt1\/2026\/04\/img_920x518uu2026-04-26-20-18-24-2435450-im-639131633964470471.jpg\",\"datePublished\":\"2026-04-30T16:03:14+00:00\",\"author\":{\"@id\":\"https:\/\/portaltela.pt\/#\/schema\/person\/c4278d4a6028830caff9ee44b42d32ed\"},\"breadcrumb\":{\"@id\":\"https:\/\/portaltela.pt\/noticias\/2026\/04\/30\/jovane-regressa-aos-golos-e-iguala-segunda-melhor-epoca-da-carreira\/#breadcrumb\"},\"inLanguage\":\"pt-PT\",\"potentialAction\":[{\"@type\":\"ReadAction\",\"target\":[\"https:\/\/portaltela.pt\/noticias\/2026\/04\/30\/jovane-regressa-aos-golos-e-iguala-segunda-melhor-epoca-da-carreira\/\"]}]},{\"@type\":\"ImageObject\",\"inLanguage\":\"pt-PT\",\"@id\":\"https:\/\/portaltela.pt\/noticias\/2026\/04\/30\/jovane-regressa-aos-golos-e-iguala-segunda-melhor-epoca-da-carreira\/#primaryimage\",\"url\":\"https:\/\/portaltela.pt\/s.01k8rhncp4jt1\/2026\/04\/img_920x518uu2026-04-26-20-18-24-2435450-im-639131633964470471.jpg\",\"contentUrl\":\"https:\/\/portaltela.pt\/s.01k8rhncp4jt1\/2026\/04\/img_920x518uu2026-04-26-20-18-24-2435450-im-639131633964470471.jpg\",\"width\":920,\"height\":518,\"caption\":\"Jovane Cabral n\u00e3o marcava h\u00e1 um m\u00eas e meio\"},{\"@type\":\"BreadcrumbList\",\"@id\":\"https:\/\/portaltela.pt\/noticias\/2026\/04\/30\/jovane-regressa-aos-golos-e-iguala-segunda-melhor-epoca-da-carreira\/#breadcrumb\",\"itemListElement\":[{\"@type\":\"ListItem\",\"position\":1,\"name\":\"In\u00edcio\",\"item\":\"https:\/\/portaltela.pt\/\"},{\"@type\":\"ListItem\",\"position\":2,\"name\":\"Jovane regressa aos golos e iguala segunda melhor \u00e9poca da carreira\"}]},{\"@type\":\"WebSite\",\"@id\":\"https:\/\/portaltela.pt\/#website\",\"url\":\"https:\/\/portaltela.pt\/\",\"name\":\"Portal Tela Portugal\",\"description\":\"\",\"potentialAction\":[{\"@type\":\"SearchAction\",\"target\":{\"@type\":\"EntryPoint\",\"urlTemplate\":\"https:\/\/portaltela.pt\/?s={search_term_string}\"},\"query-input\":{\"@type\":\"PropertyValueSpecification\",\"valueRequired\":true,\"valueName\":\"search_term_string\"}}],\"inLanguage\":\"pt-PT\"},{\"@type\":\"Person\",\"@id\":\"https:\/\/portaltela.pt\/#\/schema\/person\/c4278d4a6028830caff9ee44b42d32ed\",\"name\":\"Telinha\",\"image\":{\"@type\":\"ImageObject\",\"inLanguage\":\"pt-PT\",\"@id\":\"https:\/\/portaltela.pt\/s.01k8rhncp4jt1\/2025\/11\/talking-bot-125x125.png\",\"url\":\"https:\/\/portaltela.pt\/s.01k8rhncp4jt1\/2025\/11\/talking-bot-125x125.png\",\"contentUrl\":\"https:\/\/portaltela.pt\/s.01k8rhncp4jt1\/2025\/11\/talking-bot-125x125.png\",\"caption\":\"Telinha\"},\"sameAs\":[\"https:\/\/portaltela.pt\/\"],\"url\":\"https:\/\/portaltela.pt\/por\/367410592786\/\"}]}<\/script>\n<!-- \/ Yoast SEO plugin. -->","yoast_head_json":{"title":"Jovane regressa aos golos e iguala segunda melhor \u00e9poca da carreira - Portal Tela Portugal","robots":{"index":"index","follow":"follow","max-snippet":"max-snippet:-1","max-image-preview":"max-image-preview:large","max-video-preview":"max-video-preview:-1"},"og_locale":"pt_PT","og_type":"article","og_title":"Jovane regressa aos golos e iguala segunda melhor \u00e9poca da carreira - Portal Tela Portugal","og_description":"Jovane Cabral voltou aos golos na derrota do Estrela da Amadora frente ao FC Porto, por 2-1, no \u00faltimo s\u00e1bado. O avan\u00e7ado cabo-verdiano chegou aos seis golos na temporada 2025\/26, igualando a sua segunda melhor \u00e9poca de sempre. Os seis tentos coincidem com os da temporada 2019\/20, quando atuou pelo Sporting. Jovane j\u00e1 soma 24 jogos pelo Estrela e est\u00e1 no final do contrato, sendo avaliado em 800 mil euros pelo Transfermarkt. Internacional cabo-verdiano quer marcar presen\u00e7a no Mundial e tenta convencer o novo treinador, Cristiano Bacci, a valoriz\u00e1-lo como titular frente ao Moreirense.","og_url":"https:\/\/portaltela.pt\/noticias\/2026\/04\/30\/jovane-regressa-aos-golos-e-iguala-segunda-melhor-epoca-da-carreira\/","og_site_name":"Portal Tela Portugal","article_published_time":"2026-04-30T16:03:14+00:00","author":"Telinha","twitter_card":"summary_large_image","twitter_misc":{"Escrito por":"Telinha","Tempo estimado de leitura":"1 minuto"},"schema":{"@context":"https:\/\/schema.org","@graph":[{"@type":"Article","@id":"https:\/\/portaltela.pt\/noticias\/2026\/04\/30\/jovane-regressa-aos-golos-e-iguala-segunda-melhor-epoca-da-carreira\/#article","isPartOf":{"@id":"https:\/\/portaltela.pt\/noticias\/2026\/04\/30\/jovane-regressa-aos-golos-e-iguala-segunda-melhor-epoca-da-carreira\/"},"author":{"name":"Telinha","@id":"https:\/\/portaltela.pt\/#\/schema\/person\/c4278d4a6028830caff9ee44b42d32ed"},"headline":"Jovane regressa aos golos e iguala segunda melhor \u00e9poca da carreira","datePublished":"2026-04-30T16:03:14+00:00","mainEntityOfPage":{"@id":"https:\/\/portaltela.pt\/noticias\/2026\/04\/30\/jovane-regressa-aos-golos-e-iguala-segunda-melhor-epoca-da-carreira\/"},"wordCount":189,"image":{"@id":"https:\/\/portaltela.pt\/noticias\/2026\/04\/30\/jovane-regressa-aos-golos-e-iguala-segunda-melhor-epoca-da-carreira\/#primaryimage"},"thumbnailUrl":"https:\/\/portaltela.pt\/s.01k8rhncp4jt1\/2026\/04\/img_920x518uu2026-04-26-20-18-24-2435450-im-639131633964470471.jpg","keywords":["Cabo Verde","Estrela","FC Porto","futebol","jogadores","Sele\u00e7\u00e3o Nacional"],"articleSection":["Desporto","Futebol"],"inLanguage":"pt-PT"},{"@type":"WebPage","@id":"https:\/\/portaltela.pt\/noticias\/2026\/04\/30\/jovane-regressa-aos-golos-e-iguala-segunda-melhor-epoca-da-carreira\/","url":"https:\/\/portaltela.pt\/noticias\/2026\/04\/30\/jovane-regressa-aos-golos-e-iguala-segunda-melhor-epoca-da-carreira\/","name":"Jovane regressa aos golos e iguala segunda melhor \u00e9poca da carreira - Portal Tela Portugal","isPartOf":{"@id":"https:\/\/portaltela.pt\/#website"},"primaryImageOfPage":{"@id":"https:\/\/portaltela.pt\/noticias\/2026\/04\/30\/jovane-regressa-aos-golos-e-iguala-segunda-melhor-epoca-da-carreira\/#primaryimage"},"image":{"@id":"https:\/\/portaltela.pt\/noticias\/2026\/04\/30\/jovane-regressa-aos-golos-e-iguala-segunda-melhor-epoca-da-carreira\/#primaryimage"},"thumbnailUrl":"https:\/\/portaltela.pt\/s.01k8rhncp4jt1\/2026\/04\/img_920x518uu2026-04-26-20-18-24-2435450-im-639131633964470471.jpg","datePublished":"2026-04-30T16:03:14+00:00","author":{"@id":"https:\/\/portaltela.pt\/#\/schema\/person\/c4278d4a6028830caff9ee44b42d32ed"},"breadcrumb":{"@id":"https:\/\/portaltela.pt\/noticias\/2026\/04\/30\/jovane-regressa-aos-golos-e-iguala-segunda-melhor-epoca-da-carreira\/#breadcrumb"},"inLanguage":"pt-PT","potentialAction":[{"@type":"ReadAction","target":["https:\/\/portaltela.pt\/noticias\/2026\/04\/30\/jovane-regressa-aos-golos-e-iguala-segunda-melhor-epoca-da-carreira\/"]}]},{"@type":"ImageObject","inLanguage":"pt-PT","@id":"https:\/\/portaltela.pt\/noticias\/2026\/04\/30\/jovane-regressa-aos-golos-e-iguala-segunda-melhor-epoca-da-carreira\/#primaryimage","url":"https:\/\/portaltela.pt\/s.01k8rhncp4jt1\/2026\/04\/img_920x518uu2026-04-26-20-18-24-2435450-im-639131633964470471.jpg","contentUrl":"https:\/\/portaltela.pt\/s.01k8rhncp4jt1\/2026\/04\/img_920x518uu2026-04-26-20-18-24-2435450-im-639131633964470471.jpg","width":920,"height":518,"caption":"Jovane Cabral n\u00e3o marcava h\u00e1 um m\u00eas e meio"},{"@type":"BreadcrumbList","@id":"https:\/\/portaltela.pt\/noticias\/2026\/04\/30\/jovane-regressa-aos-golos-e-iguala-segunda-melhor-epoca-da-carreira\/#breadcrumb","itemListElement":[{"@type":"ListItem","position":1,"name":"In\u00edcio","item":"https:\/\/portaltela.pt\/"},{"@type":"ListItem","position":2,"name":"Jovane regressa aos golos e iguala segunda melhor \u00e9poca da carreira"}]},{"@type":"WebSite","@id":"https:\/\/portaltela.pt\/#website","url":"https:\/\/portaltela.pt\/","name":"Portal Tela Portugal","description":"","potentialAction":[{"@type":"SearchAction","target":{"@type":"EntryPoint","urlTemplate":"https:\/\/portaltela.pt\/?s={search_term_string}"},"query-input":{"@type":"PropertyValueSpecification","valueRequired":true,"valueName":"search_term_string"}}],"inLanguage":"pt-PT"},{"@type":"Person","@id":"https:\/\/portaltela.pt\/#\/schema\/person\/c4278d4a6028830caff9ee44b42d32ed","name":"Telinha","image":{"@type":"ImageObject","inLanguage":"pt-PT","@id":"https:\/\/portaltela.pt\/s.01k8rhncp4jt1\/2025\/11\/talking-bot-125x125.png","url":"https:\/\/portaltela.pt\/s.01k8rhncp4jt1\/2025\/11\/talking-bot-125x125.png","contentUrl":"https:\/\/portaltela.pt\/s.01k8rhncp4jt1\/2025\/11\/talking-bot-125x125.png","caption":"Telinha"},"sameAs":["https:\/\/portaltela.pt\/"],"url":"https:\/\/portaltela.pt\/por\/367410592786\/"}]}},"_links":{"self":[{"href":"https:\/\/portaltela.pt\/api\/wp\/v2\/posts\/462701","targetHints":{"allow":["GET"]}}],"collection":[{"href":"https:\/\/portaltela.pt\/api\/wp\/v2\/posts"}],"about":[{"href":"https:\/\/portaltela.pt\/api\/wp\/v2\/types\/post"}],"author":[{"embeddable":true,"href":"https:\/\/portaltela.pt\/api\/wp\/v2\/users\/2"}],"replies":[{"embeddable":true,"href":"https:\/\/portaltela.pt\/api\/wp\/v2\/comments?post=462701"}],"version-history":[{"count":0,"href":"https:\/\/portaltela.pt\/api\/wp\/v2\/posts\/462701\/revisions"}],"wp:featuredmedia":[{"embeddable":true,"href":"https:\/\/portaltela.pt\/api\/wp\/v2\/media\/462705"}],"wp:attachment":[{"href":"https:\/\/portaltela.pt\/api\/wp\/v2\/media?parent=462701"}],"wp:term":[{"taxonomy":"category","embeddable":true,"href":"https:\/\/portaltela.pt\/api\/wp\/v2\/categories?post=462701"},{"taxonomy":"post_tag","embeddable":true,"href":"https:\/\/portaltela.pt\/api\/wp\/v2\/tags?post=462701"}],"curies":[{"name":"wp","href":"https:\/\/api.w.org\/{rel}","templated":true}]}}