{"id":462699,"date":"2026-04-30T12:52:00","date_gmt":"2026-04-30T15:52:00","guid":{"rendered":"https:\/\/portaltela.pt\/noticias\/2026\/04\/30\/tres-portugueses-estavam-na-flotilha-interceptada-por-israel\/"},"modified":"2026-04-30T12:52:00","modified_gmt":"2026-04-30T15:52:00","slug":"tres-portugueses-estavam-na-flotilha-interceptada-por-israel","status":"publish","type":"post","link":"https:\/\/portaltela.pt\/noticias\/internacional\/2026\/04\/30\/tres-portugueses-estavam-na-flotilha-interceptada-por-israel\/","title":{"rendered":"Tr\u00eas portugueses estavam na flotilha interceptada por Israel"},"content":{"rendered":"<p>Pelo menos tr\u00eas portugueses integram a flotilha Global Sumud para Gaza, revelou o Governo nesta quinta-feira. A Mitra de Neg\u00f3cios Estrangeiros afirmou ter sido informada pela embaixada de Portugal em Telavive de que tr\u00eas cidad\u00e3os nacionais faziam parte da comitiva de 58 navios que se dirigiam a Gaza para levar ajuda humanit\u00e1ria. A Marinha israelita intercetou parte da flotilha na quarta-feira \u00e0 noite, levando tripulantes e passageiros para o porto de Ashdod.<\/p>\n<p>Segundo o Minist\u00e9rio dos Neg\u00f3cios Estrangeiros, Beatriz Bartilotti e Gon\u00e7alo Dias seriam duas m\u00e9dicas a bordo, de acordo com um ativista, Nuno Gomes. Al\u00e9m disso, a p\u00e1gina da flotilha aponta a participa\u00e7\u00e3o de Joana Rocha. O Governo esclarece que nenhum dos cidad\u00e3os contactou o Estado para informar a participa\u00e7\u00e3o na miss\u00e3o.<\/p>\n<p>O MNE acrescenta que a embaixada em Telavive est\u00e1 em contacto com autoridades israelitas para assegurar tratamento adequado aos ativistas nacionais, em especial aos nacionais portugueses. O Governo apela a familiares ou a outros portugueses na flotilha para contactarem os servi\u00e7os de emerg\u00eancia consular.<\/p>\n<p>A embaixada portuguesa solicitou ao consulado de Israel que confirme a deten\u00e7\u00e3o de cidad\u00e3os nacionais. Paralelamente, as autoridades portuguesas reiteram recomenda\u00e7\u00f5es de evitar viagens n\u00e3o essenciais para Israel e desloca\u00e7\u00f5es \u00e0 Faixa de Gaza devido \u00e0 instabilidade da situa\u00e7\u00e3o.<\/p>\n<p>Detidos ao largo da Gr\u00e9cia<\/p>\n<p>Os ativistas que n\u00e3o foram detidos permanecem em embarca\u00e7\u00f5es ancoradas ao largo da Gr\u00e9cia para avaliar a situa\u00e7\u00e3o e contactar outros barcos que n\u00e3o conseguiram. Fontes da delega\u00e7\u00e3o italiana envolvida na iniciativa apontam preocupa\u00e7\u00e3o com motores danificados e navios deixados \u00e0 deriva.<\/p>\n<p>Relatora da ONU para Territ\u00f3rios Palestinianos Ocupados criticou a atua\u00e7\u00e3o em \u00e1guas internacionais, alegando ataque sem fronteiras e questionando a legitimidade de a\u00e7\u00f5es em \u00e1guas europeias. A lideran\u00e7a italiana tamb\u00e9m denunciou a apreens\u00e3o de embarca\u00e7\u00f5es com cidad\u00e3os italianos a bordo.<\/p>\n<p>Condena\u00e7\u00e3o internacional<\/p>\n<p>A primeira-ministra italiana, Giorgia Meloni, exigiu a liberta\u00e7\u00e3o imediata de todos os italianos detidos, em tom de condena\u00e7\u00e3o \u00e0 opera\u00e7\u00e3o. Activistas e cidad\u00e3os italianos est\u00e3o a organizar manifesta\u00e7\u00f5es em v\u00e1rias cidades, incluindo Roma, em apoio \u00e0 flotilha.<\/p>\n<p>Contexto regional<\/p>\n<p>Desde o cessar-fogo de outubro, o ex\u00e9rcito israelita controla uma parte consider\u00e1vel da Faixa de Gaza, com restri\u00e7\u00f5es cont\u00ednuas ao acesso \u00e0 ajuda humanit\u00e1ria. A situa\u00e7\u00e3o mant\u00e9m-se vol\u00e1til, com receios de novas escaladas na regi\u00e3o.<\/p>\n","protected":false},"excerpt":{"rendered":"<ul>\n<li>O Governo informou que pelo menos tr\u00eas cidad\u00e3os portugueses integram a flotilha Global Sumud para Gaza, entre 58 navios que seguiam para aliviar a popula\u00e7\u00e3o palestiniana.<\/li>\n<li>A Marinha israelita intercetou parte da flotilha, apreendeu alguns barcos e levou tripulantes e passageiros para o porto de Ashdod; ainda n\u00e3o foi confirmada a deten\u00e7\u00e3o de portugueses.<\/li>\n<li>Nuno Gomes afirmou que pelo menos duas m\u00e9dicas, Beatriz Bartilotti e Gon\u00e7alo Dias, estavam a bordo; a p\u00e1gina da flotilha indica tamb\u00e9m Joana Rocha entre os portugueses.<\/li>\n<li>O Minist\u00e9rio dos Neg\u00f3cios Estrangeiros disse que nenhum cidad\u00e3o contactou o Estado para avisar da participa\u00e7\u00e3o, e que ser\u00e1 prestado apoio consular assim que as autoridades israelitas confirmem deten\u00e7\u00f5es.<\/li>\n<li>A embaixada em Telavive est\u00e1 a falar com autoridades de Israel para assegurar tratamento digno aos ativistas, especialmente aos que t\u00eam nacionalidade portuguesa; h\u00e1 tamb\u00e9m chamadas para que familiares contactem os servi\u00e7os de emerg\u00eancia consular.<\/li>\n<\/ul>\n","protected":false},"author":2,"featured_media":462704,"comment_status":"closed","ping_status":"closed","sticky":false,"template":"","format":"standard","meta":{"footnotes":""},"categories":[6814,4],"tags":[9122,9143,7991,8159,2030,1014],"class_list":["post-462699","post","type-post","status-publish","format-standard","has-post-thumbnail","hentry","category-geopolitica","category-internacional","tag-_acoes-humanitarias","tag-_barcos","tag-_cooperacao-internacional","tag-_portos","tag-palestina","tag-portugal"],"yoast_head":"<!-- This site is optimized with the Yoast SEO plugin v27.2 - https:\/\/yoast.com\/product\/yoast-seo-wordpress\/ -->\n<title>Tr\u00eas portugueses estavam na flotilha interceptada por Israel - Portal Tela Portugal<\/title>\n<meta name=\"robots\" content=\"index, follow, max-snippet:-1, max-image-preview:large, max-video-preview:-1\" \/>\n<meta property=\"og:locale\" content=\"pt_PT\" \/>\n<meta property=\"og:type\" content=\"article\" \/>\n<meta property=\"og:title\" content=\"Tr\u00eas portugueses estavam na flotilha interceptada por Israel - Portal Tela Portugal\" \/>\n<meta property=\"og:description\" content=\"O Governo informou que pelo menos tr\u00eas cidad\u00e3os portugueses integram a flotilha Global Sumud para Gaza, entre 58 navios que seguiam para aliviar a popula\u00e7\u00e3o palestiniana. A Marinha israelita intercetou parte da flotilha, apreendeu alguns barcos e levou tripulantes e passageiros para o porto de Ashdod; ainda n\u00e3o foi confirmada a deten\u00e7\u00e3o de portugueses. Nuno Gomes afirmou que pelo menos duas m\u00e9dicas, Beatriz Bartilotti e Gon\u00e7alo Dias, estavam a bordo; a p\u00e1gina da flotilha indica tamb\u00e9m Joana Rocha entre os portugueses. O Minist\u00e9rio dos Neg\u00f3cios Estrangeiros disse que nenhum cidad\u00e3o contactou o Estado para avisar da participa\u00e7\u00e3o, e que ser\u00e1 prestado apoio consular assim que as autoridades israelitas confirmem deten\u00e7\u00f5es. A embaixada em Telavive est\u00e1 a falar com autoridades de Israel para assegurar tratamento digno aos ativistas, especialmente aos que t\u00eam nacionalidade portuguesa; h\u00e1 tamb\u00e9m chamadas para que familiares contactem os servi\u00e7os de emerg\u00eancia consular.\" \/>\n<meta property=\"og:url\" content=\"https:\/\/portaltela.pt\/noticias\/2026\/04\/30\/tres-portugueses-estavam-na-flotilha-interceptada-por-israel\/\" \/>\n<meta property=\"og:site_name\" content=\"Portal Tela Portugal\" \/>\n<meta property=\"article:published_time\" content=\"2026-04-30T15:52:00+00:00\" \/>\n<meta name=\"author\" content=\"Telinha\" \/>\n<meta name=\"twitter:card\" content=\"summary_large_image\" \/>\n<meta name=\"twitter:label1\" content=\"Escrito por\" \/>\n\t<meta name=\"twitter:data1\" content=\"Telinha\" \/>\n\t<meta name=\"twitter:label2\" content=\"Tempo estimado de leitura\" \/>\n\t<meta name=\"twitter:data2\" content=\"2 minutos\" \/>\n<script type=\"application\/ld+json\" class=\"yoast-schema-graph\">{\"@context\":\"https:\/\/schema.org\",\"@graph\":[{\"@type\":\"Article\",\"@id\":\"https:\/\/portaltela.pt\/noticias\/2026\/04\/30\/tres-portugueses-estavam-na-flotilha-interceptada-por-israel\/#article\",\"isPartOf\":{\"@id\":\"https:\/\/portaltela.pt\/noticias\/2026\/04\/30\/tres-portugueses-estavam-na-flotilha-interceptada-por-israel\/\"},\"author\":{\"name\":\"Telinha\",\"@id\":\"https:\/\/portaltela.pt\/#\/schema\/person\/c4278d4a6028830caff9ee44b42d32ed\"},\"headline\":\"Tr\u00eas portugueses estavam na flotilha interceptada por Israel\",\"datePublished\":\"2026-04-30T15:52:00+00:00\",\"mainEntityOfPage\":{\"@id\":\"https:\/\/portaltela.pt\/noticias\/2026\/04\/30\/tres-portugueses-estavam-na-flotilha-interceptada-por-israel\/\"},\"wordCount\":426,\"image\":{\"@id\":\"https:\/\/portaltela.pt\/noticias\/2026\/04\/30\/tres-portugueses-estavam-na-flotilha-interceptada-por-israel\/#primaryimage\"},\"thumbnailUrl\":\"https:\/\/portaltela.pt\/s.01k8rhncp4jt1\/2026\/04\/image-1730.jpg\",\"keywords\":[\"_a\u00e7\u00f5es humanit\u00e1rias\",\"_barcos\",\"_coopera\u00e7\u00e3o internacional\",\"_portos\",\"Palestina\",\"Portugal\"],\"articleSection\":[\"Geopol\u00edtica\",\"Internacional\"],\"inLanguage\":\"pt-PT\"},{\"@type\":\"WebPage\",\"@id\":\"https:\/\/portaltela.pt\/noticias\/2026\/04\/30\/tres-portugueses-estavam-na-flotilha-interceptada-por-israel\/\",\"url\":\"https:\/\/portaltela.pt\/noticias\/2026\/04\/30\/tres-portugueses-estavam-na-flotilha-interceptada-por-israel\/\",\"name\":\"Tr\u00eas portugueses estavam na flotilha interceptada por Israel - Portal Tela Portugal\",\"isPartOf\":{\"@id\":\"https:\/\/portaltela.pt\/#website\"},\"primaryImageOfPage\":{\"@id\":\"https:\/\/portaltela.pt\/noticias\/2026\/04\/30\/tres-portugueses-estavam-na-flotilha-interceptada-por-israel\/#primaryimage\"},\"image\":{\"@id\":\"https:\/\/portaltela.pt\/noticias\/2026\/04\/30\/tres-portugueses-estavam-na-flotilha-interceptada-por-israel\/#primaryimage\"},\"thumbnailUrl\":\"https:\/\/portaltela.pt\/s.01k8rhncp4jt1\/2026\/04\/image-1730.jpg\",\"datePublished\":\"2026-04-30T15:52:00+00:00\",\"author\":{\"@id\":\"https:\/\/portaltela.pt\/#\/schema\/person\/c4278d4a6028830caff9ee44b42d32ed\"},\"breadcrumb\":{\"@id\":\"https:\/\/portaltela.pt\/noticias\/2026\/04\/30\/tres-portugueses-estavam-na-flotilha-interceptada-por-israel\/#breadcrumb\"},\"inLanguage\":\"pt-PT\",\"potentialAction\":[{\"@type\":\"ReadAction\",\"target\":[\"https:\/\/portaltela.pt\/noticias\/2026\/04\/30\/tres-portugueses-estavam-na-flotilha-interceptada-por-israel\/\"]}]},{\"@type\":\"ImageObject\",\"inLanguage\":\"pt-PT\",\"@id\":\"https:\/\/portaltela.pt\/noticias\/2026\/04\/30\/tres-portugueses-estavam-na-flotilha-interceptada-por-israel\/#primaryimage\",\"url\":\"https:\/\/portaltela.pt\/s.01k8rhncp4jt1\/2026\/04\/image-1730.jpg\",\"contentUrl\":\"https:\/\/portaltela.pt\/s.01k8rhncp4jt1\/2026\/04\/image-1730.jpg\",\"width\":796,\"height\":448,\"caption\":\"Nuno Almeida Gomes foi capturado\"},{\"@type\":\"BreadcrumbList\",\"@id\":\"https:\/\/portaltela.pt\/noticias\/2026\/04\/30\/tres-portugueses-estavam-na-flotilha-interceptada-por-israel\/#breadcrumb\",\"itemListElement\":[{\"@type\":\"ListItem\",\"position\":1,\"name\":\"In\u00edcio\",\"item\":\"https:\/\/portaltela.pt\/\"},{\"@type\":\"ListItem\",\"position\":2,\"name\":\"Tr\u00eas portugueses estavam na flotilha interceptada por Israel\"}]},{\"@type\":\"WebSite\",\"@id\":\"https:\/\/portaltela.pt\/#website\",\"url\":\"https:\/\/portaltela.pt\/\",\"name\":\"Portal Tela Portugal\",\"description\":\"\",\"potentialAction\":[{\"@type\":\"SearchAction\",\"target\":{\"@type\":\"EntryPoint\",\"urlTemplate\":\"https:\/\/portaltela.pt\/?s={search_term_string}\"},\"query-input\":{\"@type\":\"PropertyValueSpecification\",\"valueRequired\":true,\"valueName\":\"search_term_string\"}}],\"inLanguage\":\"pt-PT\"},{\"@type\":\"Person\",\"@id\":\"https:\/\/portaltela.pt\/#\/schema\/person\/c4278d4a6028830caff9ee44b42d32ed\",\"name\":\"Telinha\",\"image\":{\"@type\":\"ImageObject\",\"inLanguage\":\"pt-PT\",\"@id\":\"https:\/\/portaltela.pt\/s.01k8rhncp4jt1\/2025\/11\/talking-bot-125x125.png\",\"url\":\"https:\/\/portaltela.pt\/s.01k8rhncp4jt1\/2025\/11\/talking-bot-125x125.png\",\"contentUrl\":\"https:\/\/portaltela.pt\/s.01k8rhncp4jt1\/2025\/11\/talking-bot-125x125.png\",\"caption\":\"Telinha\"},\"sameAs\":[\"https:\/\/portaltela.pt\/\"],\"url\":\"https:\/\/portaltela.pt\/por\/367410592786\/\"}]}<\/script>\n<!-- \/ Yoast SEO plugin. -->","yoast_head_json":{"title":"Tr\u00eas portugueses estavam na flotilha interceptada por Israel - Portal Tela Portugal","robots":{"index":"index","follow":"follow","max-snippet":"max-snippet:-1","max-image-preview":"max-image-preview:large","max-video-preview":"max-video-preview:-1"},"og_locale":"pt_PT","og_type":"article","og_title":"Tr\u00eas portugueses estavam na flotilha interceptada por Israel - Portal Tela Portugal","og_description":"O Governo informou que pelo menos tr\u00eas cidad\u00e3os portugueses integram a flotilha Global Sumud para Gaza, entre 58 navios que seguiam para aliviar a popula\u00e7\u00e3o palestiniana. A Marinha israelita intercetou parte da flotilha, apreendeu alguns barcos e levou tripulantes e passageiros para o porto de Ashdod; ainda n\u00e3o foi confirmada a deten\u00e7\u00e3o de portugueses. Nuno Gomes afirmou que pelo menos duas m\u00e9dicas, Beatriz Bartilotti e Gon\u00e7alo Dias, estavam a bordo; a p\u00e1gina da flotilha indica tamb\u00e9m Joana Rocha entre os portugueses. O Minist\u00e9rio dos Neg\u00f3cios Estrangeiros disse que nenhum cidad\u00e3o contactou o Estado para avisar da participa\u00e7\u00e3o, e que ser\u00e1 prestado apoio consular assim que as autoridades israelitas confirmem deten\u00e7\u00f5es. A embaixada em Telavive est\u00e1 a falar com autoridades de Israel para assegurar tratamento digno aos ativistas, especialmente aos que t\u00eam nacionalidade portuguesa; h\u00e1 tamb\u00e9m chamadas para que familiares contactem os servi\u00e7os de emerg\u00eancia consular.","og_url":"https:\/\/portaltela.pt\/noticias\/2026\/04\/30\/tres-portugueses-estavam-na-flotilha-interceptada-por-israel\/","og_site_name":"Portal Tela Portugal","article_published_time":"2026-04-30T15:52:00+00:00","author":"Telinha","twitter_card":"summary_large_image","twitter_misc":{"Escrito por":"Telinha","Tempo estimado de leitura":"2 minutos"},"schema":{"@context":"https:\/\/schema.org","@graph":[{"@type":"Article","@id":"https:\/\/portaltela.pt\/noticias\/2026\/04\/30\/tres-portugueses-estavam-na-flotilha-interceptada-por-israel\/#article","isPartOf":{"@id":"https:\/\/portaltela.pt\/noticias\/2026\/04\/30\/tres-portugueses-estavam-na-flotilha-interceptada-por-israel\/"},"author":{"name":"Telinha","@id":"https:\/\/portaltela.pt\/#\/schema\/person\/c4278d4a6028830caff9ee44b42d32ed"},"headline":"Tr\u00eas portugueses estavam na flotilha interceptada por Israel","datePublished":"2026-04-30T15:52:00+00:00","mainEntityOfPage":{"@id":"https:\/\/portaltela.pt\/noticias\/2026\/04\/30\/tres-portugueses-estavam-na-flotilha-interceptada-por-israel\/"},"wordCount":426,"image":{"@id":"https:\/\/portaltela.pt\/noticias\/2026\/04\/30\/tres-portugueses-estavam-na-flotilha-interceptada-por-israel\/#primaryimage"},"thumbnailUrl":"https:\/\/portaltela.pt\/s.01k8rhncp4jt1\/2026\/04\/image-1730.jpg","keywords":["_a\u00e7\u00f5es humanit\u00e1rias","_barcos","_coopera\u00e7\u00e3o internacional","_portos","Palestina","Portugal"],"articleSection":["Geopol\u00edtica","Internacional"],"inLanguage":"pt-PT"},{"@type":"WebPage","@id":"https:\/\/portaltela.pt\/noticias\/2026\/04\/30\/tres-portugueses-estavam-na-flotilha-interceptada-por-israel\/","url":"https:\/\/portaltela.pt\/noticias\/2026\/04\/30\/tres-portugueses-estavam-na-flotilha-interceptada-por-israel\/","name":"Tr\u00eas portugueses estavam na flotilha interceptada por Israel - Portal Tela Portugal","isPartOf":{"@id":"https:\/\/portaltela.pt\/#website"},"primaryImageOfPage":{"@id":"https:\/\/portaltela.pt\/noticias\/2026\/04\/30\/tres-portugueses-estavam-na-flotilha-interceptada-por-israel\/#primaryimage"},"image":{"@id":"https:\/\/portaltela.pt\/noticias\/2026\/04\/30\/tres-portugueses-estavam-na-flotilha-interceptada-por-israel\/#primaryimage"},"thumbnailUrl":"https:\/\/portaltela.pt\/s.01k8rhncp4jt1\/2026\/04\/image-1730.jpg","datePublished":"2026-04-30T15:52:00+00:00","author":{"@id":"https:\/\/portaltela.pt\/#\/schema\/person\/c4278d4a6028830caff9ee44b42d32ed"},"breadcrumb":{"@id":"https:\/\/portaltela.pt\/noticias\/2026\/04\/30\/tres-portugueses-estavam-na-flotilha-interceptada-por-israel\/#breadcrumb"},"inLanguage":"pt-PT","potentialAction":[{"@type":"ReadAction","target":["https:\/\/portaltela.pt\/noticias\/2026\/04\/30\/tres-portugueses-estavam-na-flotilha-interceptada-por-israel\/"]}]},{"@type":"ImageObject","inLanguage":"pt-PT","@id":"https:\/\/portaltela.pt\/noticias\/2026\/04\/30\/tres-portugueses-estavam-na-flotilha-interceptada-por-israel\/#primaryimage","url":"https:\/\/portaltela.pt\/s.01k8rhncp4jt1\/2026\/04\/image-1730.jpg","contentUrl":"https:\/\/portaltela.pt\/s.01k8rhncp4jt1\/2026\/04\/image-1730.jpg","width":796,"height":448,"caption":"Nuno Almeida Gomes foi capturado"},{"@type":"BreadcrumbList","@id":"https:\/\/portaltela.pt\/noticias\/2026\/04\/30\/tres-portugueses-estavam-na-flotilha-interceptada-por-israel\/#breadcrumb","itemListElement":[{"@type":"ListItem","position":1,"name":"In\u00edcio","item":"https:\/\/portaltela.pt\/"},{"@type":"ListItem","position":2,"name":"Tr\u00eas portugueses estavam na flotilha interceptada por Israel"}]},{"@type":"WebSite","@id":"https:\/\/portaltela.pt\/#website","url":"https:\/\/portaltela.pt\/","name":"Portal Tela Portugal","description":"","potentialAction":[{"@type":"SearchAction","target":{"@type":"EntryPoint","urlTemplate":"https:\/\/portaltela.pt\/?s={search_term_string}"},"query-input":{"@type":"PropertyValueSpecification","valueRequired":true,"valueName":"search_term_string"}}],"inLanguage":"pt-PT"},{"@type":"Person","@id":"https:\/\/portaltela.pt\/#\/schema\/person\/c4278d4a6028830caff9ee44b42d32ed","name":"Telinha","image":{"@type":"ImageObject","inLanguage":"pt-PT","@id":"https:\/\/portaltela.pt\/s.01k8rhncp4jt1\/2025\/11\/talking-bot-125x125.png","url":"https:\/\/portaltela.pt\/s.01k8rhncp4jt1\/2025\/11\/talking-bot-125x125.png","contentUrl":"https:\/\/portaltela.pt\/s.01k8rhncp4jt1\/2025\/11\/talking-bot-125x125.png","caption":"Telinha"},"sameAs":["https:\/\/portaltela.pt\/"],"url":"https:\/\/portaltela.pt\/por\/367410592786\/"}]}},"_links":{"self":[{"href":"https:\/\/portaltela.pt\/api\/wp\/v2\/posts\/462699","targetHints":{"allow":["GET"]}}],"collection":[{"href":"https:\/\/portaltela.pt\/api\/wp\/v2\/posts"}],"about":[{"href":"https:\/\/portaltela.pt\/api\/wp\/v2\/types\/post"}],"author":[{"embeddable":true,"href":"https:\/\/portaltela.pt\/api\/wp\/v2\/users\/2"}],"replies":[{"embeddable":true,"href":"https:\/\/portaltela.pt\/api\/wp\/v2\/comments?post=462699"}],"version-history":[{"count":0,"href":"https:\/\/portaltela.pt\/api\/wp\/v2\/posts\/462699\/revisions"}],"wp:featuredmedia":[{"embeddable":true,"href":"https:\/\/portaltela.pt\/api\/wp\/v2\/media\/462704"}],"wp:attachment":[{"href":"https:\/\/portaltela.pt\/api\/wp\/v2\/media?parent=462699"}],"wp:term":[{"taxonomy":"category","embeddable":true,"href":"https:\/\/portaltela.pt\/api\/wp\/v2\/categories?post=462699"},{"taxonomy":"post_tag","embeddable":true,"href":"https:\/\/portaltela.pt\/api\/wp\/v2\/tags?post=462699"}],"curies":[{"name":"wp","href":"https:\/\/api.w.org\/{rel}","templated":true}]}}