{"id":462685,"date":"2026-04-30T12:48:06","date_gmt":"2026-04-30T15:48:06","guid":{"rendered":"https:\/\/portaltela.pt\/noticias\/2026\/04\/30\/concentracao-elevada-de-polen-na-atmosfera-preve-se-entre-sexta-e-7-de-maio\/"},"modified":"2026-04-30T12:48:06","modified_gmt":"2026-04-30T15:48:06","slug":"concentracao-elevada-de-polen-na-atmosfera-preve-se-entre-sexta-e-7-de-maio","status":"publish","type":"post","link":"https:\/\/portaltela.pt\/saude\/2026\/04\/30\/concentracao-elevada-de-polen-na-atmosfera-preve-se-entre-sexta-e-7-de-maio\/","title":{"rendered":"Concentra\u00e7\u00e3o elevada de p\u00f3len na atmosfera prev\u00ea-se entre sexta e 7 de maio"},"content":{"rendered":"<p>A Sociedade Portuguesa de Alergologia e Imunologia Cl\u00ednica (SPAIC) alertou que a concentra\u00e7\u00e3o de p\u00f3len na atmosfera dever\u00e1 manter-se elevada a partir de sexta-feira e at\u00e9 7 de maio. O aviso aplica-se a todo o territ\u00f3rio continental. A not\u00edcia chega via boletim de previs\u00f5es da SPAIC para a semana que come\u00e7a no dia 1 de maio.<\/p>\n<p>Segundo a SPAIC, a qualidade do ar dever\u00e1 apresentar n\u00edveis altos de p\u00f3len na maior parte do territ\u00f3rio continental, com maior impacto nas regi\u00f5es indicadas. A organiza\u00e7\u00e3o aponta que os gr\u00e3os de p\u00f3len prov\u00eam de \u00e1rvores como cipreste, pinheiro, b\u00e9tula, carvalho, sobreiro e azinheira, bem como de ervas como gram\u00edneas, tanchagem, azeda, urtiga e urtic\u00e1ceas.<\/p>\n<p>Nas ilhas, os A\u00e7ores e a Madeira apresentam concentra\u00e7\u00f5es mais baixas. Em ambas as regi\u00f5es aut\u00f3nomas, o boletim aponta p\u00f3len de cipreste, pinheiro, eucalipto e ervas gram\u00edneas, tanchagem, urtiga e urtic\u00e1ceas como ainda relevantes para o per\u00edodo.<\/p>\n<h3>Regi\u00f5es mais afetadas<\/h3>\n<p>Entre os distritos com maior incid\u00eancia prevista est\u00e3o Tr\u00e1s-os-Montes e Alto Douro, Entre Douro e Minho, Beira Litoral, Beira Interior, Lisboa, Set\u00fabal, Alentejo e Algarve. A SPAIC recomenda precau\u00e7\u00f5es para pessoas com alergias, incluindo monitoriza\u00e7\u00e3o de sintomas e redu\u00e7\u00e3o de atividades ao ar livre em momentos de maior concentra\u00e7\u00e3o.<\/p>\n<p>Este alerta enfatiza a necessidade de manter os cuidados habituais para quem sofre de sensibilidades, sobretudo em dias com vento e polui\u00e7\u00e3o sazonal. A SPAIC n\u00e3o divulgou dados adicionais de medi\u00e7\u00e3o ou de modelos de previs\u00e3o para fora do intervalo indicado.<\/p>\n","protected":false},"excerpt":{"rendered":"<ul>\n<li>A Sociedade Portuguesa de Alergologia e Imunologia Cl\u00ednica (SPAIC) alertou para elevada concentra\u00e7\u00e3o de p\u00f3len na atmosfera no continente a partir de sexta-feira e at\u00e9 7 de maio.<\/li>\n<li>As regi\u00f5es mais afetadas ser\u00e3o Tr\u00e1s-os-Montes e Alto Douro, Entre Douro e Minho, Beira Litoral, Beira Interior, Lisboa e Set\u00fabal, Alentejo e Algarve.<\/li>\n<li>Entre os g\u00e9neros de p\u00f3len em atmosfera destacam-se cipreste, pinheiro, b\u00e9tula, carvalho, sobreiro e azinheira, bem como ervas como gram\u00edneas, tanchagem, azeda, urtiga e urtic\u00e1ceas.<\/li>\n<li>Nas regi\u00f5es aut\u00f3nomas da Madeira e dos A\u00e7ores o n\u00edvel de p\u00f3len \u00e9 baixo nessa semana.<\/li>\n<li>Em Madeira e A\u00e7ores, o quadro varia consoante a esp\u00e9cie, incluindo p\u00f3lenes de cipreste, pinheiro, eucalipto, gram\u00edneas, tanchagem, urtic\u00e1ceas (inclui pariet\u00e1ria).<\/li>\n<\/ul>\n","protected":false},"author":2,"featured_media":462692,"comment_status":"closed","ping_status":"closed","sticky":false,"template":"","format":"standard","meta":{"footnotes":""},"categories":[7371,6745],"tags":[8118,8201,8238,7974,8014,8012],"class_list":["post-462685","post","type-post","status-publish","format-standard","has-post-thumbnail","hentry","category-medicina","category-saude","tag-_acores","tag-_alentejo","tag-_ambiente","tag-_lisboa","tag-_poluicao-ambiental","tag-_qualidade-do-ar"],"yoast_head":"<!-- This site is optimized with the Yoast SEO plugin v27.2 - https:\/\/yoast.com\/product\/yoast-seo-wordpress\/ -->\n<title>Concentra\u00e7\u00e3o elevada de p\u00f3len na atmosfera prev\u00ea-se entre sexta e 7 de maio - Portal Tela Portugal<\/title>\n<meta name=\"robots\" content=\"index, follow, max-snippet:-1, max-image-preview:large, max-video-preview:-1\" \/>\n<meta property=\"og:locale\" content=\"pt_PT\" \/>\n<meta property=\"og:type\" content=\"article\" \/>\n<meta property=\"og:title\" content=\"Concentra\u00e7\u00e3o elevada de p\u00f3len na atmosfera prev\u00ea-se entre sexta e 7 de maio - Portal Tela Portugal\" \/>\n<meta property=\"og:description\" content=\"A Sociedade Portuguesa de Alergologia e Imunologia Cl\u00ednica (SPAIC) alertou para elevada concentra\u00e7\u00e3o de p\u00f3len na atmosfera no continente a partir de sexta-feira e at\u00e9 7 de maio. As regi\u00f5es mais afetadas ser\u00e3o Tr\u00e1s-os-Montes e Alto Douro, Entre Douro e Minho, Beira Litoral, Beira Interior, Lisboa e Set\u00fabal, Alentejo e Algarve. Entre os g\u00e9neros de p\u00f3len em atmosfera destacam-se cipreste, pinheiro, b\u00e9tula, carvalho, sobreiro e azinheira, bem como ervas como gram\u00edneas, tanchagem, azeda, urtiga e urtic\u00e1ceas. Nas regi\u00f5es aut\u00f3nomas da Madeira e dos A\u00e7ores o n\u00edvel de p\u00f3len \u00e9 baixo nessa semana. Em Madeira e A\u00e7ores, o quadro varia consoante a esp\u00e9cie, incluindo p\u00f3lenes de cipreste, pinheiro, eucalipto, gram\u00edneas, tanchagem, urtic\u00e1ceas (inclui pariet\u00e1ria).\" \/>\n<meta property=\"og:url\" content=\"https:\/\/portaltela.pt\/noticias\/2026\/04\/30\/concentracao-elevada-de-polen-na-atmosfera-preve-se-entre-sexta-e-7-de-maio\/\" \/>\n<meta property=\"og:site_name\" content=\"Portal Tela Portugal\" \/>\n<meta property=\"article:published_time\" content=\"2026-04-30T15:48:06+00:00\" \/>\n<meta name=\"author\" content=\"Telinha\" \/>\n<meta name=\"twitter:card\" content=\"summary_large_image\" \/>\n<meta name=\"twitter:label1\" content=\"Escrito por\" \/>\n\t<meta name=\"twitter:data1\" content=\"Telinha\" \/>\n\t<meta name=\"twitter:label2\" content=\"Tempo estimado de leitura\" \/>\n\t<meta name=\"twitter:data2\" content=\"1 minuto\" \/>\n<script type=\"application\/ld+json\" class=\"yoast-schema-graph\">{\"@context\":\"https:\/\/schema.org\",\"@graph\":[{\"@type\":\"Article\",\"@id\":\"https:\/\/portaltela.pt\/noticias\/2026\/04\/30\/concentracao-elevada-de-polen-na-atmosfera-preve-se-entre-sexta-e-7-de-maio\/#article\",\"isPartOf\":{\"@id\":\"https:\/\/portaltela.pt\/noticias\/2026\/04\/30\/concentracao-elevada-de-polen-na-atmosfera-preve-se-entre-sexta-e-7-de-maio\/\"},\"author\":{\"name\":\"Telinha\",\"@id\":\"https:\/\/portaltela.pt\/#\/schema\/person\/c4278d4a6028830caff9ee44b42d32ed\"},\"headline\":\"Concentra\u00e7\u00e3o elevada de p\u00f3len na atmosfera prev\u00ea-se entre sexta e 7 de maio\",\"datePublished\":\"2026-04-30T15:48:06+00:00\",\"mainEntityOfPage\":{\"@id\":\"https:\/\/portaltela.pt\/noticias\/2026\/04\/30\/concentracao-elevada-de-polen-na-atmosfera-preve-se-entre-sexta-e-7-de-maio\/\"},\"wordCount\":293,\"image\":{\"@id\":\"https:\/\/portaltela.pt\/noticias\/2026\/04\/30\/concentracao-elevada-de-polen-na-atmosfera-preve-se-entre-sexta-e-7-de-maio\/#primaryimage\"},\"thumbnailUrl\":\"https:\/\/portaltela.pt\/s.01k8rhncp4jt1\/2026\/04\/img_1500x1000uu2015-03-20-14-15-00-442082.jpg\",\"keywords\":[\"_A\u00e7ores\",\"_Alentejo\",\"_ambiente\",\"_Lisboa\",\"_polui\u00e7\u00e3o ambiental\",\"_Qualidade do Ar\"],\"articleSection\":[\"Medicina\",\"Sa\u00fade\"],\"inLanguage\":\"pt-PT\"},{\"@type\":\"WebPage\",\"@id\":\"https:\/\/portaltela.pt\/noticias\/2026\/04\/30\/concentracao-elevada-de-polen-na-atmosfera-preve-se-entre-sexta-e-7-de-maio\/\",\"url\":\"https:\/\/portaltela.pt\/noticias\/2026\/04\/30\/concentracao-elevada-de-polen-na-atmosfera-preve-se-entre-sexta-e-7-de-maio\/\",\"name\":\"Concentra\u00e7\u00e3o elevada de p\u00f3len na atmosfera prev\u00ea-se entre sexta e 7 de maio - Portal Tela Portugal\",\"isPartOf\":{\"@id\":\"https:\/\/portaltela.pt\/#website\"},\"primaryImageOfPage\":{\"@id\":\"https:\/\/portaltela.pt\/noticias\/2026\/04\/30\/concentracao-elevada-de-polen-na-atmosfera-preve-se-entre-sexta-e-7-de-maio\/#primaryimage\"},\"image\":{\"@id\":\"https:\/\/portaltela.pt\/noticias\/2026\/04\/30\/concentracao-elevada-de-polen-na-atmosfera-preve-se-entre-sexta-e-7-de-maio\/#primaryimage\"},\"thumbnailUrl\":\"https:\/\/portaltela.pt\/s.01k8rhncp4jt1\/2026\/04\/img_1500x1000uu2015-03-20-14-15-00-442082.jpg\",\"datePublished\":\"2026-04-30T15:48:06+00:00\",\"author\":{\"@id\":\"https:\/\/portaltela.pt\/#\/schema\/person\/c4278d4a6028830caff9ee44b42d32ed\"},\"breadcrumb\":{\"@id\":\"https:\/\/portaltela.pt\/noticias\/2026\/04\/30\/concentracao-elevada-de-polen-na-atmosfera-preve-se-entre-sexta-e-7-de-maio\/#breadcrumb\"},\"inLanguage\":\"pt-PT\",\"potentialAction\":[{\"@type\":\"ReadAction\",\"target\":[\"https:\/\/portaltela.pt\/noticias\/2026\/04\/30\/concentracao-elevada-de-polen-na-atmosfera-preve-se-entre-sexta-e-7-de-maio\/\"]}]},{\"@type\":\"ImageObject\",\"inLanguage\":\"pt-PT\",\"@id\":\"https:\/\/portaltela.pt\/noticias\/2026\/04\/30\/concentracao-elevada-de-polen-na-atmosfera-preve-se-entre-sexta-e-7-de-maio\/#primaryimage\",\"url\":\"https:\/\/portaltela.pt\/s.01k8rhncp4jt1\/2026\/04\/img_1500x1000uu2015-03-20-14-15-00-442082.jpg\",\"contentUrl\":\"https:\/\/portaltela.pt\/s.01k8rhncp4jt1\/2026\/04\/img_1500x1000uu2015-03-20-14-15-00-442082.jpg\",\"width\":796,\"height\":448,\"caption\":\"Concentra\u00e7\u00e3o elevada de p\u00f3len na atmosfera a partir de sexta-feira e at\u00e9 7 de maio\"},{\"@type\":\"BreadcrumbList\",\"@id\":\"https:\/\/portaltela.pt\/noticias\/2026\/04\/30\/concentracao-elevada-de-polen-na-atmosfera-preve-se-entre-sexta-e-7-de-maio\/#breadcrumb\",\"itemListElement\":[{\"@type\":\"ListItem\",\"position\":1,\"name\":\"In\u00edcio\",\"item\":\"https:\/\/portaltela.pt\/\"},{\"@type\":\"ListItem\",\"position\":2,\"name\":\"Concentra\u00e7\u00e3o elevada de p\u00f3len na atmosfera prev\u00ea-se entre sexta e 7 de maio\"}]},{\"@type\":\"WebSite\",\"@id\":\"https:\/\/portaltela.pt\/#website\",\"url\":\"https:\/\/portaltela.pt\/\",\"name\":\"Portal Tela Portugal\",\"description\":\"\",\"potentialAction\":[{\"@type\":\"SearchAction\",\"target\":{\"@type\":\"EntryPoint\",\"urlTemplate\":\"https:\/\/portaltela.pt\/?s={search_term_string}\"},\"query-input\":{\"@type\":\"PropertyValueSpecification\",\"valueRequired\":true,\"valueName\":\"search_term_string\"}}],\"inLanguage\":\"pt-PT\"},{\"@type\":\"Person\",\"@id\":\"https:\/\/portaltela.pt\/#\/schema\/person\/c4278d4a6028830caff9ee44b42d32ed\",\"name\":\"Telinha\",\"image\":{\"@type\":\"ImageObject\",\"inLanguage\":\"pt-PT\",\"@id\":\"https:\/\/portaltela.pt\/s.01k8rhncp4jt1\/2025\/11\/talking-bot-125x125.png\",\"url\":\"https:\/\/portaltela.pt\/s.01k8rhncp4jt1\/2025\/11\/talking-bot-125x125.png\",\"contentUrl\":\"https:\/\/portaltela.pt\/s.01k8rhncp4jt1\/2025\/11\/talking-bot-125x125.png\",\"caption\":\"Telinha\"},\"sameAs\":[\"https:\/\/portaltela.pt\/\"],\"url\":\"https:\/\/portaltela.pt\/por\/367410592786\/\"}]}<\/script>\n<!-- \/ Yoast SEO plugin. -->","yoast_head_json":{"title":"Concentra\u00e7\u00e3o elevada de p\u00f3len na atmosfera prev\u00ea-se entre sexta e 7 de maio - Portal Tela Portugal","robots":{"index":"index","follow":"follow","max-snippet":"max-snippet:-1","max-image-preview":"max-image-preview:large","max-video-preview":"max-video-preview:-1"},"og_locale":"pt_PT","og_type":"article","og_title":"Concentra\u00e7\u00e3o elevada de p\u00f3len na atmosfera prev\u00ea-se entre sexta e 7 de maio - Portal Tela Portugal","og_description":"A Sociedade Portuguesa de Alergologia e Imunologia Cl\u00ednica (SPAIC) alertou para elevada concentra\u00e7\u00e3o de p\u00f3len na atmosfera no continente a partir de sexta-feira e at\u00e9 7 de maio. As regi\u00f5es mais afetadas ser\u00e3o Tr\u00e1s-os-Montes e Alto Douro, Entre Douro e Minho, Beira Litoral, Beira Interior, Lisboa e Set\u00fabal, Alentejo e Algarve. Entre os g\u00e9neros de p\u00f3len em atmosfera destacam-se cipreste, pinheiro, b\u00e9tula, carvalho, sobreiro e azinheira, bem como ervas como gram\u00edneas, tanchagem, azeda, urtiga e urtic\u00e1ceas. Nas regi\u00f5es aut\u00f3nomas da Madeira e dos A\u00e7ores o n\u00edvel de p\u00f3len \u00e9 baixo nessa semana. Em Madeira e A\u00e7ores, o quadro varia consoante a esp\u00e9cie, incluindo p\u00f3lenes de cipreste, pinheiro, eucalipto, gram\u00edneas, tanchagem, urtic\u00e1ceas (inclui pariet\u00e1ria).","og_url":"https:\/\/portaltela.pt\/noticias\/2026\/04\/30\/concentracao-elevada-de-polen-na-atmosfera-preve-se-entre-sexta-e-7-de-maio\/","og_site_name":"Portal Tela Portugal","article_published_time":"2026-04-30T15:48:06+00:00","author":"Telinha","twitter_card":"summary_large_image","twitter_misc":{"Escrito por":"Telinha","Tempo estimado de leitura":"1 minuto"},"schema":{"@context":"https:\/\/schema.org","@graph":[{"@type":"Article","@id":"https:\/\/portaltela.pt\/noticias\/2026\/04\/30\/concentracao-elevada-de-polen-na-atmosfera-preve-se-entre-sexta-e-7-de-maio\/#article","isPartOf":{"@id":"https:\/\/portaltela.pt\/noticias\/2026\/04\/30\/concentracao-elevada-de-polen-na-atmosfera-preve-se-entre-sexta-e-7-de-maio\/"},"author":{"name":"Telinha","@id":"https:\/\/portaltela.pt\/#\/schema\/person\/c4278d4a6028830caff9ee44b42d32ed"},"headline":"Concentra\u00e7\u00e3o elevada de p\u00f3len na atmosfera prev\u00ea-se entre sexta e 7 de maio","datePublished":"2026-04-30T15:48:06+00:00","mainEntityOfPage":{"@id":"https:\/\/portaltela.pt\/noticias\/2026\/04\/30\/concentracao-elevada-de-polen-na-atmosfera-preve-se-entre-sexta-e-7-de-maio\/"},"wordCount":293,"image":{"@id":"https:\/\/portaltela.pt\/noticias\/2026\/04\/30\/concentracao-elevada-de-polen-na-atmosfera-preve-se-entre-sexta-e-7-de-maio\/#primaryimage"},"thumbnailUrl":"https:\/\/portaltela.pt\/s.01k8rhncp4jt1\/2026\/04\/img_1500x1000uu2015-03-20-14-15-00-442082.jpg","keywords":["_A\u00e7ores","_Alentejo","_ambiente","_Lisboa","_polui\u00e7\u00e3o ambiental","_Qualidade do Ar"],"articleSection":["Medicina","Sa\u00fade"],"inLanguage":"pt-PT"},{"@type":"WebPage","@id":"https:\/\/portaltela.pt\/noticias\/2026\/04\/30\/concentracao-elevada-de-polen-na-atmosfera-preve-se-entre-sexta-e-7-de-maio\/","url":"https:\/\/portaltela.pt\/noticias\/2026\/04\/30\/concentracao-elevada-de-polen-na-atmosfera-preve-se-entre-sexta-e-7-de-maio\/","name":"Concentra\u00e7\u00e3o elevada de p\u00f3len na atmosfera prev\u00ea-se entre sexta e 7 de maio - Portal Tela Portugal","isPartOf":{"@id":"https:\/\/portaltela.pt\/#website"},"primaryImageOfPage":{"@id":"https:\/\/portaltela.pt\/noticias\/2026\/04\/30\/concentracao-elevada-de-polen-na-atmosfera-preve-se-entre-sexta-e-7-de-maio\/#primaryimage"},"image":{"@id":"https:\/\/portaltela.pt\/noticias\/2026\/04\/30\/concentracao-elevada-de-polen-na-atmosfera-preve-se-entre-sexta-e-7-de-maio\/#primaryimage"},"thumbnailUrl":"https:\/\/portaltela.pt\/s.01k8rhncp4jt1\/2026\/04\/img_1500x1000uu2015-03-20-14-15-00-442082.jpg","datePublished":"2026-04-30T15:48:06+00:00","author":{"@id":"https:\/\/portaltela.pt\/#\/schema\/person\/c4278d4a6028830caff9ee44b42d32ed"},"breadcrumb":{"@id":"https:\/\/portaltela.pt\/noticias\/2026\/04\/30\/concentracao-elevada-de-polen-na-atmosfera-preve-se-entre-sexta-e-7-de-maio\/#breadcrumb"},"inLanguage":"pt-PT","potentialAction":[{"@type":"ReadAction","target":["https:\/\/portaltela.pt\/noticias\/2026\/04\/30\/concentracao-elevada-de-polen-na-atmosfera-preve-se-entre-sexta-e-7-de-maio\/"]}]},{"@type":"ImageObject","inLanguage":"pt-PT","@id":"https:\/\/portaltela.pt\/noticias\/2026\/04\/30\/concentracao-elevada-de-polen-na-atmosfera-preve-se-entre-sexta-e-7-de-maio\/#primaryimage","url":"https:\/\/portaltela.pt\/s.01k8rhncp4jt1\/2026\/04\/img_1500x1000uu2015-03-20-14-15-00-442082.jpg","contentUrl":"https:\/\/portaltela.pt\/s.01k8rhncp4jt1\/2026\/04\/img_1500x1000uu2015-03-20-14-15-00-442082.jpg","width":796,"height":448,"caption":"Concentra\u00e7\u00e3o elevada de p\u00f3len na atmosfera a partir de sexta-feira e at\u00e9 7 de maio"},{"@type":"BreadcrumbList","@id":"https:\/\/portaltela.pt\/noticias\/2026\/04\/30\/concentracao-elevada-de-polen-na-atmosfera-preve-se-entre-sexta-e-7-de-maio\/#breadcrumb","itemListElement":[{"@type":"ListItem","position":1,"name":"In\u00edcio","item":"https:\/\/portaltela.pt\/"},{"@type":"ListItem","position":2,"name":"Concentra\u00e7\u00e3o elevada de p\u00f3len na atmosfera prev\u00ea-se entre sexta e 7 de maio"}]},{"@type":"WebSite","@id":"https:\/\/portaltela.pt\/#website","url":"https:\/\/portaltela.pt\/","name":"Portal Tela Portugal","description":"","potentialAction":[{"@type":"SearchAction","target":{"@type":"EntryPoint","urlTemplate":"https:\/\/portaltela.pt\/?s={search_term_string}"},"query-input":{"@type":"PropertyValueSpecification","valueRequired":true,"valueName":"search_term_string"}}],"inLanguage":"pt-PT"},{"@type":"Person","@id":"https:\/\/portaltela.pt\/#\/schema\/person\/c4278d4a6028830caff9ee44b42d32ed","name":"Telinha","image":{"@type":"ImageObject","inLanguage":"pt-PT","@id":"https:\/\/portaltela.pt\/s.01k8rhncp4jt1\/2025\/11\/talking-bot-125x125.png","url":"https:\/\/portaltela.pt\/s.01k8rhncp4jt1\/2025\/11\/talking-bot-125x125.png","contentUrl":"https:\/\/portaltela.pt\/s.01k8rhncp4jt1\/2025\/11\/talking-bot-125x125.png","caption":"Telinha"},"sameAs":["https:\/\/portaltela.pt\/"],"url":"https:\/\/portaltela.pt\/por\/367410592786\/"}]}},"_links":{"self":[{"href":"https:\/\/portaltela.pt\/api\/wp\/v2\/posts\/462685","targetHints":{"allow":["GET"]}}],"collection":[{"href":"https:\/\/portaltela.pt\/api\/wp\/v2\/posts"}],"about":[{"href":"https:\/\/portaltela.pt\/api\/wp\/v2\/types\/post"}],"author":[{"embeddable":true,"href":"https:\/\/portaltela.pt\/api\/wp\/v2\/users\/2"}],"replies":[{"embeddable":true,"href":"https:\/\/portaltela.pt\/api\/wp\/v2\/comments?post=462685"}],"version-history":[{"count":0,"href":"https:\/\/portaltela.pt\/api\/wp\/v2\/posts\/462685\/revisions"}],"wp:featuredmedia":[{"embeddable":true,"href":"https:\/\/portaltela.pt\/api\/wp\/v2\/media\/462692"}],"wp:attachment":[{"href":"https:\/\/portaltela.pt\/api\/wp\/v2\/media?parent=462685"}],"wp:term":[{"taxonomy":"category","embeddable":true,"href":"https:\/\/portaltela.pt\/api\/wp\/v2\/categories?post=462685"},{"taxonomy":"post_tag","embeddable":true,"href":"https:\/\/portaltela.pt\/api\/wp\/v2\/tags?post=462685"}],"curies":[{"name":"wp","href":"https:\/\/api.w.org\/{rel}","templated":true}]}}