{"id":462649,"date":"2026-04-30T12:35:59","date_gmt":"2026-04-30T15:35:59","guid":{"rendered":"https:\/\/portaltela.pt\/noticias\/2026\/04\/30\/dia-do-psicologo-trabalhador-celebra-contributos-da-profissao\/"},"modified":"2026-04-30T12:35:59","modified_gmt":"2026-04-30T15:35:59","slug":"dia-do-psicologo-trabalhador-celebra-contributos-da-profissao","status":"publish","type":"post","link":"https:\/\/portaltela.pt\/saude\/2026\/04\/30\/dia-do-psicologo-trabalhador-celebra-contributos-da-profissao\/","title":{"rendered":"Dia do Psic\u00f3logo Trabalhador celebra contributos da profiss\u00e3o"},"content":{"rendered":"<p>A evid\u00eancia cient\u00edfica aponta que os determinantes sociais e econ\u00f3micos pesam mais na sa\u00fade mental do que outros fatores. O foco est\u00e1 na pobreza, precariedade laboral e acesso desigual a cuidados de sa\u00fade, entre outros, que contribuem para um aumento mundial de ansiedade e depress\u00e3o.<\/p>\n<p>Em Portugal, a precariedade laboral est\u00e1 entre as mais altas da UE, com quase um ter\u00e7o dos trabalhadores sem seguran\u00e7a. A pobreza atinge cerca de 9% dos trabalhadores, subindo para mais de 10% entre tempor\u00e1rios e a quase 28% entre trabalhadores independentes.<\/p>\n<p>A habita\u00e7\u00e3o cara e a desigualdade acentuam o problema. A diferen\u00e7a entre rendimentos dos 10% mais ricos e dos 10% mais pobres aproxima-se de oito vezes, enquanto a discrimina\u00e7\u00e3o e o estigma mant\u00eam grupos minorit\u00e1rios em posi\u00e7\u00e3o vulner\u00e1vel.<\/p>\n<p>O debate atual envolve um poss\u00edvel novo pacote laboral que poder\u00e1 ampliar contratos a prazo, intensificar a desregula\u00e7\u00e3o de hor\u00e1rios e enfraquecer a contrata\u00e7\u00e3o coletiva, aumentando a inseguran\u00e7a para muitos trabalhadores.<\/p>\n<p>O Estudo Nacional de Sa\u00fade 2025 revela que 34,5% dos portugueses entre 18 e 64 anos apresentaram sintomas de ansiedade, burnout, p\u00e2nico ou depress\u00e3o no \u00faltimo ano. Preocupa\u00e7\u00f5es financeiras, stress laboral e solid\u00e3o aparecem entre as principais causas.<\/p>\n<p>As mulheres apresentam maior propens\u00e3o a n\u00edveis elevados de stress, com 55% afetadas, contra 44% dos homens. Entre jovens, o risco \u00e9 ainda mais elevado, com quase metade dos 18 aos 24 anos a enfrentar dificuldades de sa\u00fade mental nos \u00faltimos 12 meses.<\/p>\n<p>A preval\u00eancia de burnout e ansiedade contribui para a carga global de doen\u00e7a em Portugal, estimada em 22%, uma das mais altas da UE. O pa\u00eds vendeu 80 mil embalagens de psicof\u00e1rmacos em 2025, indicador de consumo elevado.<\/p>\n<p>Apesar do cen\u00e1rio, o pa\u00eds tem poucos profissionais de Sa\u00fade Mental no Servi\u00e7o Nacional de Sa\u00fade, com desequil\u00edbrios territoriais e tempos de espera elevados, o que dificulta o acesso aos cuidados necess\u00e1rios.<\/p>\n<p>Para os psic\u00f3logos, a sa\u00fade mental depende do contexto socioecon\u00f3mico. O trabalho envolve preven\u00e7\u00e3o, interven\u00e7\u00e3o e promo\u00e7\u00e3o, e est\u00e1 sujeito a instabilidade contratual, baixos sal\u00e1rios e solid\u00e3o profissional, que afetam a pr\u00e1tica cl\u00ednica.<\/p>\n<p>A atua\u00e7\u00e3o profissional continua centrada na interven\u00e7\u00e3o coletiva, n\u00e3o apenas no espa\u00e7o de consulta individual. O papel do psic\u00f3logo envolve reconhecer as causas do sofrimento e desenvolver compet\u00eancias para agir sobre elas.<\/p>\n<p>Este 1.\u00ba de Maio refor\u00e7a a necessidade de transformar as condi\u00e7\u00f5es de trabalho e vida para apoiar quem procura ajuda. A luta por condi\u00e7\u00f5es dignas n\u00e3o \u00e9 uma distin\u00e7\u00e3o de carreira, mas parte da miss\u00e3o cient\u00edfica e profissional dos psic\u00f3logos. Viva o Dia do Trabalhador.<\/p>\n","protected":false},"excerpt":{"rendered":"<ul>\n<li>Os determinantes socioecon\u00f3micos s\u00e3o os principais fatores da sa\u00fade mental, sendo a pobreza, precariedade laboral e habita\u00e7\u00e3o cara os que mais pesam; a n\u00edvel global existem mais de mil milh\u00f5es de casos de ansiedade e depress\u00e3o.<\/li>\n<li>Em Portugal, quase um em cada tr\u00eas trabalhadores vive sem seguran\u00e7a laboral; cerca de 9% vivem em pobreza, 10% entre quem tem contrato tempor\u00e1rio e quase 28% entre quem trabalha por conta pr\u00f3pria.<\/li>\n<li>A habita\u00e7\u00e3o cara e a desigualdade marcada entre sexos, classes e grupos persistem; o texto menciona tamb\u00e9m projetos de lei que visam revogar o direito \u00e0 autodetermina\u00e7\u00e3o de g\u00e9nero.<\/li>\n<li>O Estudo Nacional de Sa\u00fade 2025 aponta que 34,5% dos portugueses entre 18 e 64 anos experienciam sintomas de ansiedade, burnout, p\u00e2nico ou depress\u00e3o no \u00faltimo ano; as principais causas s\u00e3o preocupa\u00e7\u00f5es financeiras (32%), stress laboral (26%) e solid\u00e3o (10%), com as mulheres mais afetadas.<\/li>\n<li>A preval\u00eancia de problemas de sa\u00fade mental em Portugal \u00e9 de cerca de 22% (acima da m\u00e9dia da Uni\u00e3o Europeia); em 2025 foram vendidas 80 mil embalagens de psicof\u00e1rmacos; o pa\u00eds tem poucos psic\u00f3logos no Servi\u00e7o Nacional de Sa\u00fade e desigualdades regionais, cabendo aos psic\u00f3logos agir para transformar este cen\u00e1rio.<\/li>\n<\/ul>\n","protected":false},"author":2,"featured_media":462652,"comment_status":"closed","ping_status":"closed","sticky":false,"template":"","format":"standard","meta":{"footnotes":""},"categories":[6745],"tags":[8405,8190,8143,8068,8454,7930],"class_list":["post-462649","post","type-post","status-publish","format-standard","has-post-thumbnail","hentry","category-saude","tag-_condicoes-de-trabalho","tag-_desigualdades-sociais","tag-_pobreza","tag-_psicologia","tag-_saude-mental","tag-_trabalho"],"yoast_head":"<!-- This site is optimized with the Yoast SEO plugin v27.2 - https:\/\/yoast.com\/product\/yoast-seo-wordpress\/ -->\n<title>Dia do Psic\u00f3logo Trabalhador celebra contributos da profiss\u00e3o - Portal Tela Portugal<\/title>\n<meta name=\"robots\" content=\"index, follow, max-snippet:-1, max-image-preview:large, max-video-preview:-1\" \/>\n<meta property=\"og:locale\" content=\"pt_PT\" \/>\n<meta property=\"og:type\" content=\"article\" \/>\n<meta property=\"og:title\" content=\"Dia do Psic\u00f3logo Trabalhador celebra contributos da profiss\u00e3o - Portal Tela Portugal\" \/>\n<meta property=\"og:description\" content=\"Os determinantes socioecon\u00f3micos s\u00e3o os principais fatores da sa\u00fade mental, sendo a pobreza, precariedade laboral e habita\u00e7\u00e3o cara os que mais pesam; a n\u00edvel global existem mais de mil milh\u00f5es de casos de ansiedade e depress\u00e3o. Em Portugal, quase um em cada tr\u00eas trabalhadores vive sem seguran\u00e7a laboral; cerca de 9% vivem em pobreza, 10% entre quem tem contrato tempor\u00e1rio e quase 28% entre quem trabalha por conta pr\u00f3pria. A habita\u00e7\u00e3o cara e a desigualdade marcada entre sexos, classes e grupos persistem; o texto menciona tamb\u00e9m projetos de lei que visam revogar o direito \u00e0 autodetermina\u00e7\u00e3o de g\u00e9nero. O Estudo Nacional de Sa\u00fade 2025 aponta que 34,5% dos portugueses entre 18 e 64 anos experienciam sintomas de ansiedade, burnout, p\u00e2nico ou depress\u00e3o no \u00faltimo ano; as principais causas s\u00e3o preocupa\u00e7\u00f5es financeiras (32%), stress laboral (26%) e solid\u00e3o (10%), com as mulheres mais afetadas. A preval\u00eancia de problemas de sa\u00fade mental em Portugal \u00e9 de cerca de 22% (acima da m\u00e9dia da Uni\u00e3o Europeia); em 2025 foram vendidas 80 mil embalagens de psicof\u00e1rmacos; o pa\u00eds tem poucos psic\u00f3logos no Servi\u00e7o Nacional de Sa\u00fade e desigualdades regionais, cabendo aos psic\u00f3logos agir para transformar este cen\u00e1rio.\" \/>\n<meta property=\"og:url\" content=\"https:\/\/portaltela.pt\/noticias\/2026\/04\/30\/dia-do-psicologo-trabalhador-celebra-contributos-da-profissao\/\" \/>\n<meta property=\"og:site_name\" content=\"Portal Tela Portugal\" \/>\n<meta property=\"article:published_time\" content=\"2026-04-30T15:35:59+00:00\" \/>\n<meta name=\"author\" content=\"Telinha\" \/>\n<meta name=\"twitter:card\" content=\"summary_large_image\" \/>\n<meta name=\"twitter:label1\" content=\"Escrito por\" \/>\n\t<meta name=\"twitter:data1\" content=\"Telinha\" \/>\n\t<meta name=\"twitter:label2\" content=\"Tempo estimado de leitura\" \/>\n\t<meta name=\"twitter:data2\" content=\"2 minutos\" \/>\n<script type=\"application\/ld+json\" class=\"yoast-schema-graph\">{\"@context\":\"https:\/\/schema.org\",\"@graph\":[{\"@type\":\"Article\",\"@id\":\"https:\/\/portaltela.pt\/noticias\/2026\/04\/30\/dia-do-psicologo-trabalhador-celebra-contributos-da-profissao\/#article\",\"isPartOf\":{\"@id\":\"https:\/\/portaltela.pt\/noticias\/2026\/04\/30\/dia-do-psicologo-trabalhador-celebra-contributos-da-profissao\/\"},\"author\":{\"name\":\"Telinha\",\"@id\":\"https:\/\/portaltela.pt\/#\/schema\/person\/c4278d4a6028830caff9ee44b42d32ed\"},\"headline\":\"Dia do Psic\u00f3logo Trabalhador celebra contributos da profiss\u00e3o\",\"datePublished\":\"2026-04-30T15:35:59+00:00\",\"mainEntityOfPage\":{\"@id\":\"https:\/\/portaltela.pt\/noticias\/2026\/04\/30\/dia-do-psicologo-trabalhador-celebra-contributos-da-profissao\/\"},\"wordCount\":471,\"image\":{\"@id\":\"https:\/\/portaltela.pt\/noticias\/2026\/04\/30\/dia-do-psicologo-trabalhador-celebra-contributos-da-profissao\/#primaryimage\"},\"thumbnailUrl\":\"https:\/\/portaltela.pt\/s.01k8rhncp4jt1\/2026\/04\/tpUHdbIMAGENStypeJPGshare1oBarraFacebook_P3-5.jpg\",\"keywords\":[\"_condi\u00e7\u00f5es de trabalho\",\"_desigualdades sociais\",\"_pobreza\",\"_psicologia\",\"_sa\u00fade mental\",\"_trabalho\"],\"articleSection\":[\"Sa\u00fade\"],\"inLanguage\":\"pt-PT\"},{\"@type\":\"WebPage\",\"@id\":\"https:\/\/portaltela.pt\/noticias\/2026\/04\/30\/dia-do-psicologo-trabalhador-celebra-contributos-da-profissao\/\",\"url\":\"https:\/\/portaltela.pt\/noticias\/2026\/04\/30\/dia-do-psicologo-trabalhador-celebra-contributos-da-profissao\/\",\"name\":\"Dia do Psic\u00f3logo Trabalhador celebra contributos da profiss\u00e3o - Portal Tela Portugal\",\"isPartOf\":{\"@id\":\"https:\/\/portaltela.pt\/#website\"},\"primaryImageOfPage\":{\"@id\":\"https:\/\/portaltela.pt\/noticias\/2026\/04\/30\/dia-do-psicologo-trabalhador-celebra-contributos-da-profissao\/#primaryimage\"},\"image\":{\"@id\":\"https:\/\/portaltela.pt\/noticias\/2026\/04\/30\/dia-do-psicologo-trabalhador-celebra-contributos-da-profissao\/#primaryimage\"},\"thumbnailUrl\":\"https:\/\/portaltela.pt\/s.01k8rhncp4jt1\/2026\/04\/tpUHdbIMAGENStypeJPGshare1oBarraFacebook_P3-5.jpg\",\"datePublished\":\"2026-04-30T15:35:59+00:00\",\"author\":{\"@id\":\"https:\/\/portaltela.pt\/#\/schema\/person\/c4278d4a6028830caff9ee44b42d32ed\"},\"breadcrumb\":{\"@id\":\"https:\/\/portaltela.pt\/noticias\/2026\/04\/30\/dia-do-psicologo-trabalhador-celebra-contributos-da-profissao\/#breadcrumb\"},\"inLanguage\":\"pt-PT\",\"potentialAction\":[{\"@type\":\"ReadAction\",\"target\":[\"https:\/\/portaltela.pt\/noticias\/2026\/04\/30\/dia-do-psicologo-trabalhador-celebra-contributos-da-profissao\/\"]}]},{\"@type\":\"ImageObject\",\"inLanguage\":\"pt-PT\",\"@id\":\"https:\/\/portaltela.pt\/noticias\/2026\/04\/30\/dia-do-psicologo-trabalhador-celebra-contributos-da-profissao\/#primaryimage\",\"url\":\"https:\/\/portaltela.pt\/s.01k8rhncp4jt1\/2026\/04\/tpUHdbIMAGENStypeJPGshare1oBarraFacebook_P3-5.jpg\",\"contentUrl\":\"https:\/\/portaltela.pt\/s.01k8rhncp4jt1\/2026\/04\/tpUHdbIMAGENStypeJPGshare1oBarraFacebook_P3-5.jpg\",\"width\":1200,\"height\":630,\"caption\":\"Megafone P3\"},{\"@type\":\"BreadcrumbList\",\"@id\":\"https:\/\/portaltela.pt\/noticias\/2026\/04\/30\/dia-do-psicologo-trabalhador-celebra-contributos-da-profissao\/#breadcrumb\",\"itemListElement\":[{\"@type\":\"ListItem\",\"position\":1,\"name\":\"In\u00edcio\",\"item\":\"https:\/\/portaltela.pt\/\"},{\"@type\":\"ListItem\",\"position\":2,\"name\":\"Dia do Psic\u00f3logo Trabalhador celebra contributos da profiss\u00e3o\"}]},{\"@type\":\"WebSite\",\"@id\":\"https:\/\/portaltela.pt\/#website\",\"url\":\"https:\/\/portaltela.pt\/\",\"name\":\"Portal Tela Portugal\",\"description\":\"\",\"potentialAction\":[{\"@type\":\"SearchAction\",\"target\":{\"@type\":\"EntryPoint\",\"urlTemplate\":\"https:\/\/portaltela.pt\/?s={search_term_string}\"},\"query-input\":{\"@type\":\"PropertyValueSpecification\",\"valueRequired\":true,\"valueName\":\"search_term_string\"}}],\"inLanguage\":\"pt-PT\"},{\"@type\":\"Person\",\"@id\":\"https:\/\/portaltela.pt\/#\/schema\/person\/c4278d4a6028830caff9ee44b42d32ed\",\"name\":\"Telinha\",\"image\":{\"@type\":\"ImageObject\",\"inLanguage\":\"pt-PT\",\"@id\":\"https:\/\/portaltela.pt\/s.01k8rhncp4jt1\/2025\/11\/talking-bot-125x125.png\",\"url\":\"https:\/\/portaltela.pt\/s.01k8rhncp4jt1\/2025\/11\/talking-bot-125x125.png\",\"contentUrl\":\"https:\/\/portaltela.pt\/s.01k8rhncp4jt1\/2025\/11\/talking-bot-125x125.png\",\"caption\":\"Telinha\"},\"sameAs\":[\"https:\/\/portaltela.pt\/\"],\"url\":\"https:\/\/portaltela.pt\/por\/367410592786\/\"}]}<\/script>\n<!-- \/ Yoast SEO plugin. -->","yoast_head_json":{"title":"Dia do Psic\u00f3logo Trabalhador celebra contributos da profiss\u00e3o - Portal Tela Portugal","robots":{"index":"index","follow":"follow","max-snippet":"max-snippet:-1","max-image-preview":"max-image-preview:large","max-video-preview":"max-video-preview:-1"},"og_locale":"pt_PT","og_type":"article","og_title":"Dia do Psic\u00f3logo Trabalhador celebra contributos da profiss\u00e3o - Portal Tela Portugal","og_description":"Os determinantes socioecon\u00f3micos s\u00e3o os principais fatores da sa\u00fade mental, sendo a pobreza, precariedade laboral e habita\u00e7\u00e3o cara os que mais pesam; a n\u00edvel global existem mais de mil milh\u00f5es de casos de ansiedade e depress\u00e3o. Em Portugal, quase um em cada tr\u00eas trabalhadores vive sem seguran\u00e7a laboral; cerca de 9% vivem em pobreza, 10% entre quem tem contrato tempor\u00e1rio e quase 28% entre quem trabalha por conta pr\u00f3pria. A habita\u00e7\u00e3o cara e a desigualdade marcada entre sexos, classes e grupos persistem; o texto menciona tamb\u00e9m projetos de lei que visam revogar o direito \u00e0 autodetermina\u00e7\u00e3o de g\u00e9nero. O Estudo Nacional de Sa\u00fade 2025 aponta que 34,5% dos portugueses entre 18 e 64 anos experienciam sintomas de ansiedade, burnout, p\u00e2nico ou depress\u00e3o no \u00faltimo ano; as principais causas s\u00e3o preocupa\u00e7\u00f5es financeiras (32%), stress laboral (26%) e solid\u00e3o (10%), com as mulheres mais afetadas. A preval\u00eancia de problemas de sa\u00fade mental em Portugal \u00e9 de cerca de 22% (acima da m\u00e9dia da Uni\u00e3o Europeia); em 2025 foram vendidas 80 mil embalagens de psicof\u00e1rmacos; o pa\u00eds tem poucos psic\u00f3logos no Servi\u00e7o Nacional de Sa\u00fade e desigualdades regionais, cabendo aos psic\u00f3logos agir para transformar este cen\u00e1rio.","og_url":"https:\/\/portaltela.pt\/noticias\/2026\/04\/30\/dia-do-psicologo-trabalhador-celebra-contributos-da-profissao\/","og_site_name":"Portal Tela Portugal","article_published_time":"2026-04-30T15:35:59+00:00","author":"Telinha","twitter_card":"summary_large_image","twitter_misc":{"Escrito por":"Telinha","Tempo estimado de leitura":"2 minutos"},"schema":{"@context":"https:\/\/schema.org","@graph":[{"@type":"Article","@id":"https:\/\/portaltela.pt\/noticias\/2026\/04\/30\/dia-do-psicologo-trabalhador-celebra-contributos-da-profissao\/#article","isPartOf":{"@id":"https:\/\/portaltela.pt\/noticias\/2026\/04\/30\/dia-do-psicologo-trabalhador-celebra-contributos-da-profissao\/"},"author":{"name":"Telinha","@id":"https:\/\/portaltela.pt\/#\/schema\/person\/c4278d4a6028830caff9ee44b42d32ed"},"headline":"Dia do Psic\u00f3logo Trabalhador celebra contributos da profiss\u00e3o","datePublished":"2026-04-30T15:35:59+00:00","mainEntityOfPage":{"@id":"https:\/\/portaltela.pt\/noticias\/2026\/04\/30\/dia-do-psicologo-trabalhador-celebra-contributos-da-profissao\/"},"wordCount":471,"image":{"@id":"https:\/\/portaltela.pt\/noticias\/2026\/04\/30\/dia-do-psicologo-trabalhador-celebra-contributos-da-profissao\/#primaryimage"},"thumbnailUrl":"https:\/\/portaltela.pt\/s.01k8rhncp4jt1\/2026\/04\/tpUHdbIMAGENStypeJPGshare1oBarraFacebook_P3-5.jpg","keywords":["_condi\u00e7\u00f5es de trabalho","_desigualdades sociais","_pobreza","_psicologia","_sa\u00fade mental","_trabalho"],"articleSection":["Sa\u00fade"],"inLanguage":"pt-PT"},{"@type":"WebPage","@id":"https:\/\/portaltela.pt\/noticias\/2026\/04\/30\/dia-do-psicologo-trabalhador-celebra-contributos-da-profissao\/","url":"https:\/\/portaltela.pt\/noticias\/2026\/04\/30\/dia-do-psicologo-trabalhador-celebra-contributos-da-profissao\/","name":"Dia do Psic\u00f3logo Trabalhador celebra contributos da profiss\u00e3o - Portal Tela Portugal","isPartOf":{"@id":"https:\/\/portaltela.pt\/#website"},"primaryImageOfPage":{"@id":"https:\/\/portaltela.pt\/noticias\/2026\/04\/30\/dia-do-psicologo-trabalhador-celebra-contributos-da-profissao\/#primaryimage"},"image":{"@id":"https:\/\/portaltela.pt\/noticias\/2026\/04\/30\/dia-do-psicologo-trabalhador-celebra-contributos-da-profissao\/#primaryimage"},"thumbnailUrl":"https:\/\/portaltela.pt\/s.01k8rhncp4jt1\/2026\/04\/tpUHdbIMAGENStypeJPGshare1oBarraFacebook_P3-5.jpg","datePublished":"2026-04-30T15:35:59+00:00","author":{"@id":"https:\/\/portaltela.pt\/#\/schema\/person\/c4278d4a6028830caff9ee44b42d32ed"},"breadcrumb":{"@id":"https:\/\/portaltela.pt\/noticias\/2026\/04\/30\/dia-do-psicologo-trabalhador-celebra-contributos-da-profissao\/#breadcrumb"},"inLanguage":"pt-PT","potentialAction":[{"@type":"ReadAction","target":["https:\/\/portaltela.pt\/noticias\/2026\/04\/30\/dia-do-psicologo-trabalhador-celebra-contributos-da-profissao\/"]}]},{"@type":"ImageObject","inLanguage":"pt-PT","@id":"https:\/\/portaltela.pt\/noticias\/2026\/04\/30\/dia-do-psicologo-trabalhador-celebra-contributos-da-profissao\/#primaryimage","url":"https:\/\/portaltela.pt\/s.01k8rhncp4jt1\/2026\/04\/tpUHdbIMAGENStypeJPGshare1oBarraFacebook_P3-5.jpg","contentUrl":"https:\/\/portaltela.pt\/s.01k8rhncp4jt1\/2026\/04\/tpUHdbIMAGENStypeJPGshare1oBarraFacebook_P3-5.jpg","width":1200,"height":630,"caption":"Megafone P3"},{"@type":"BreadcrumbList","@id":"https:\/\/portaltela.pt\/noticias\/2026\/04\/30\/dia-do-psicologo-trabalhador-celebra-contributos-da-profissao\/#breadcrumb","itemListElement":[{"@type":"ListItem","position":1,"name":"In\u00edcio","item":"https:\/\/portaltela.pt\/"},{"@type":"ListItem","position":2,"name":"Dia do Psic\u00f3logo Trabalhador celebra contributos da profiss\u00e3o"}]},{"@type":"WebSite","@id":"https:\/\/portaltela.pt\/#website","url":"https:\/\/portaltela.pt\/","name":"Portal Tela Portugal","description":"","potentialAction":[{"@type":"SearchAction","target":{"@type":"EntryPoint","urlTemplate":"https:\/\/portaltela.pt\/?s={search_term_string}"},"query-input":{"@type":"PropertyValueSpecification","valueRequired":true,"valueName":"search_term_string"}}],"inLanguage":"pt-PT"},{"@type":"Person","@id":"https:\/\/portaltela.pt\/#\/schema\/person\/c4278d4a6028830caff9ee44b42d32ed","name":"Telinha","image":{"@type":"ImageObject","inLanguage":"pt-PT","@id":"https:\/\/portaltela.pt\/s.01k8rhncp4jt1\/2025\/11\/talking-bot-125x125.png","url":"https:\/\/portaltela.pt\/s.01k8rhncp4jt1\/2025\/11\/talking-bot-125x125.png","contentUrl":"https:\/\/portaltela.pt\/s.01k8rhncp4jt1\/2025\/11\/talking-bot-125x125.png","caption":"Telinha"},"sameAs":["https:\/\/portaltela.pt\/"],"url":"https:\/\/portaltela.pt\/por\/367410592786\/"}]}},"_links":{"self":[{"href":"https:\/\/portaltela.pt\/api\/wp\/v2\/posts\/462649","targetHints":{"allow":["GET"]}}],"collection":[{"href":"https:\/\/portaltela.pt\/api\/wp\/v2\/posts"}],"about":[{"href":"https:\/\/portaltela.pt\/api\/wp\/v2\/types\/post"}],"author":[{"embeddable":true,"href":"https:\/\/portaltela.pt\/api\/wp\/v2\/users\/2"}],"replies":[{"embeddable":true,"href":"https:\/\/portaltela.pt\/api\/wp\/v2\/comments?post=462649"}],"version-history":[{"count":0,"href":"https:\/\/portaltela.pt\/api\/wp\/v2\/posts\/462649\/revisions"}],"wp:featuredmedia":[{"embeddable":true,"href":"https:\/\/portaltela.pt\/api\/wp\/v2\/media\/462652"}],"wp:attachment":[{"href":"https:\/\/portaltela.pt\/api\/wp\/v2\/media?parent=462649"}],"wp:term":[{"taxonomy":"category","embeddable":true,"href":"https:\/\/portaltela.pt\/api\/wp\/v2\/categories?post=462649"},{"taxonomy":"post_tag","embeddable":true,"href":"https:\/\/portaltela.pt\/api\/wp\/v2\/tags?post=462649"}],"curies":[{"name":"wp","href":"https:\/\/api.w.org\/{rel}","templated":true}]}}