{"id":462634,"date":"2026-04-30T12:35:57","date_gmt":"2026-04-30T15:35:57","guid":{"rendered":"https:\/\/portaltela.pt\/noticias\/2026\/04\/30\/praia-da-zambujeira-do-mar-recupera-bandeira-azul-no-alentejo\/"},"modified":"2026-04-30T12:35:57","modified_gmt":"2026-04-30T15:35:57","slug":"praia-da-zambujeira-do-mar-recupera-bandeira-azul-no-alentejo","status":"publish","type":"post","link":"https:\/\/portaltela.pt\/meio-ambiente\/2026\/04\/30\/praia-da-zambujeira-do-mar-recupera-bandeira-azul-no-alentejo\/","title":{"rendered":"Praia da Zambujeira do Mar recupera Bandeira Azul no Alentejo"},"content":{"rendered":"<p>A praia de Zambujeira do Mar, no concelho de Odemira, voltou a ostentar a Bandeira Azul este Ver\u00e3o. Dois anos depois de a bandeira ter sido retirada, a Esta\u00e7\u00e3o de Tratamento de \u00c1guas Residuais (ETAR) voltou a permitir o reconhecimento da qualidade das praias da regi\u00e3o.<\/p>\n<p>A decis\u00e3o foi anunciada pela Associa\u00e7\u00e3o Bandeira Azul na quinta-feira. A Zambujeira do Mar \u00e9 a \u00fanica praia alentejana a reentrar na lista dos 396 praias com Bandeira Azul a n\u00edvel nacional.<\/p>\n<h3>Contexto e fatores relevantes<\/h3>\n<p>A perda da bandeira em 2024 foi associada a contamina\u00e7\u00e3o microbiol\u00f3gica da \u00e1gua, ligada a interven\u00e7\u00f5es na ETAR. Em ano anterior, o impacto do Festival Sudoeste, que decorre na localidade, tamb\u00e9m foi apontado como fator pontual de interrup\u00e7\u00e3o.<\/p>\n<p>O Sudoeste, que j\u00e1 contou com mais de 85 mil participantes em 2023, anunciou uma pausa em 2025. A organiza\u00e7\u00e3o confirmou que n\u00e3o haver\u00e1 evento este ano. A requalifica\u00e7\u00e3o da Zambujeira ocorre num conjunto de outras praias premiadas no concelho.<\/p>\n<h3>Panorama regional<\/h3>\n<p>Em Odemira, a Bandeira Azul est\u00e1 tamb\u00e9m presente em Alteirinhos, Carvalhal, Almograve Norte e Sul, Furnas Mar, Furnas Rio, Malh\u00e3o Norte e Sul, e na praia fluvial da Barragem de Santa Clara. A fluvial de Oriola, no conjunto alentejano, tamb\u00e9m integrou a lista este ano.<\/p>\n<h3>Crit\u00e9rios da distin\u00e7\u00e3o<\/h3>\n<p>A Bandeira Azul reconhece qualidade da \u00e1gua, ordenamento, seguran\u00e7a, servi\u00e7os, vigil\u00e2ncia e educa\u00e7\u00e3o ambiental. O objetivo \u00e9 distinguir praias que assegurem condi\u00e7\u00f5es para uso seguro e sustent\u00e1vel.<\/p>\n","protected":false},"excerpt":{"rendered":"<ul>\n<li>A praia da Zambujeira do Mar, no concelho de Odemira, recuperou a Bandeira Azul neste Ver\u00e3o, sendo a \u00fanica praia alentejana a reentrar na lista das praias distinguidas.<\/li>\n<li>Em 2024, a praia perdeu a bandeira devido a contamina\u00e7\u00e3o microbiol\u00f3gica da \u00e1gua ligada a interrup\u00e7\u00f5es da ETAR, com relatos de mudan\u00e7as tempor\u00e1rias no acesso.<\/li>\n<li>O Festival Sudoeste, que se realiza na regi\u00e3o, foi apontado como parte das dificuldades passadas, e a organiza\u00e7\u00e3o revelou uma pausa para 2025 sem realiza\u00e7\u00e3o do evento este ano.<\/li>\n<li>No concelho de Odemira existem outras praias com Bandeira Azul, incluindo Alteirinhos, Carvalhal, Almograve (norte e sul), Farol, Furnas Mar, Furnas Rio, Malh\u00e3o (norte e sul) e a praia fluvial da barragem de Santa Clara.<\/li>\n<li>Em todo o Alentejo, houve ainda reentradas e novidades na lista azul, com Amieira Marina (Alqueva) e a praia fluvial de Oriola (Portel) a integrarem as distin\u00e7\u00f5es.<\/li>\n<\/ul>\n","protected":false},"author":2,"featured_media":462637,"comment_status":"closed","ping_status":"closed","sticky":false,"template":"","format":"standard","meta":{"footnotes":""},"categories":[6725],"tags":[7923,8201,8238,7912,7546],"class_list":["post-462634","post","type-post","status-publish","format-standard","has-post-thumbnail","hentry","category-meio-ambiente","tag-_agua","tag-_alentejo","tag-_ambiente","tag-_turismo","tag-bandeiras"],"yoast_head":"<!-- This site is optimized with the Yoast SEO plugin v27.2 - https:\/\/yoast.com\/product\/yoast-seo-wordpress\/ -->\n<title>Praia da Zambujeira do Mar recupera Bandeira Azul no Alentejo - Portal Tela Portugal<\/title>\n<meta name=\"robots\" content=\"index, follow, max-snippet:-1, max-image-preview:large, max-video-preview:-1\" \/>\n<meta property=\"og:locale\" content=\"pt_PT\" \/>\n<meta property=\"og:type\" content=\"article\" \/>\n<meta property=\"og:title\" content=\"Praia da Zambujeira do Mar recupera Bandeira Azul no Alentejo - Portal Tela Portugal\" \/>\n<meta property=\"og:description\" content=\"A praia da Zambujeira do Mar, no concelho de Odemira, recuperou a Bandeira Azul neste Ver\u00e3o, sendo a \u00fanica praia alentejana a reentrar na lista das praias distinguidas. Em 2024, a praia perdeu a bandeira devido a contamina\u00e7\u00e3o microbiol\u00f3gica da \u00e1gua ligada a interrup\u00e7\u00f5es da ETAR, com relatos de mudan\u00e7as tempor\u00e1rias no acesso. O Festival Sudoeste, que se realiza na regi\u00e3o, foi apontado como parte das dificuldades passadas, e a organiza\u00e7\u00e3o revelou uma pausa para 2025 sem realiza\u00e7\u00e3o do evento este ano. No concelho de Odemira existem outras praias com Bandeira Azul, incluindo Alteirinhos, Carvalhal, Almograve (norte e sul), Farol, Furnas Mar, Furnas Rio, Malh\u00e3o (norte e sul) e a praia fluvial da barragem de Santa Clara. Em todo o Alentejo, houve ainda reentradas e novidades na lista azul, com Amieira Marina (Alqueva) e a praia fluvial de Oriola (Portel) a integrarem as distin\u00e7\u00f5es.\" \/>\n<meta property=\"og:url\" content=\"https:\/\/portaltela.pt\/noticias\/2026\/04\/30\/praia-da-zambujeira-do-mar-recupera-bandeira-azul-no-alentejo\/\" \/>\n<meta property=\"og:site_name\" content=\"Portal Tela Portugal\" \/>\n<meta property=\"article:published_time\" content=\"2026-04-30T15:35:57+00:00\" \/>\n<meta name=\"author\" content=\"Telinha\" \/>\n<meta name=\"twitter:card\" content=\"summary_large_image\" \/>\n<meta name=\"twitter:label1\" content=\"Escrito por\" \/>\n\t<meta name=\"twitter:data1\" content=\"Telinha\" \/>\n\t<meta name=\"twitter:label2\" content=\"Tempo estimado de leitura\" \/>\n\t<meta name=\"twitter:data2\" content=\"1 minuto\" \/>\n<script type=\"application\/ld+json\" class=\"yoast-schema-graph\">{\"@context\":\"https:\/\/schema.org\",\"@graph\":[{\"@type\":\"Article\",\"@id\":\"https:\/\/portaltela.pt\/noticias\/2026\/04\/30\/praia-da-zambujeira-do-mar-recupera-bandeira-azul-no-alentejo\/#article\",\"isPartOf\":{\"@id\":\"https:\/\/portaltela.pt\/noticias\/2026\/04\/30\/praia-da-zambujeira-do-mar-recupera-bandeira-azul-no-alentejo\/\"},\"author\":{\"name\":\"Telinha\",\"@id\":\"https:\/\/portaltela.pt\/#\/schema\/person\/c4278d4a6028830caff9ee44b42d32ed\"},\"headline\":\"Praia da Zambujeira do Mar recupera Bandeira Azul no Alentejo\",\"datePublished\":\"2026-04-30T15:35:57+00:00\",\"mainEntityOfPage\":{\"@id\":\"https:\/\/portaltela.pt\/noticias\/2026\/04\/30\/praia-da-zambujeira-do-mar-recupera-bandeira-azul-no-alentejo\/\"},\"wordCount\":265,\"image\":{\"@id\":\"https:\/\/portaltela.pt\/noticias\/2026\/04\/30\/praia-da-zambujeira-do-mar-recupera-bandeira-azul-no-alentejo\/#primaryimage\"},\"thumbnailUrl\":\"https:\/\/portaltela.pt\/s.01k8rhncp4jt1\/2026\/04\/tpUHdbIMAGENStypeJPGshare1oBarraFacebook_Fugas-8.jpg\",\"keywords\":[\"_\u00e1gua\",\"_Alentejo\",\"_ambiente\",\"_turismo\",\"bandeiras\"],\"articleSection\":[\"Meio Ambiente\"],\"inLanguage\":\"pt-PT\"},{\"@type\":\"WebPage\",\"@id\":\"https:\/\/portaltela.pt\/noticias\/2026\/04\/30\/praia-da-zambujeira-do-mar-recupera-bandeira-azul-no-alentejo\/\",\"url\":\"https:\/\/portaltela.pt\/noticias\/2026\/04\/30\/praia-da-zambujeira-do-mar-recupera-bandeira-azul-no-alentejo\/\",\"name\":\"Praia da Zambujeira do Mar recupera Bandeira Azul no Alentejo - Portal Tela Portugal\",\"isPartOf\":{\"@id\":\"https:\/\/portaltela.pt\/#website\"},\"primaryImageOfPage\":{\"@id\":\"https:\/\/portaltela.pt\/noticias\/2026\/04\/30\/praia-da-zambujeira-do-mar-recupera-bandeira-azul-no-alentejo\/#primaryimage\"},\"image\":{\"@id\":\"https:\/\/portaltela.pt\/noticias\/2026\/04\/30\/praia-da-zambujeira-do-mar-recupera-bandeira-azul-no-alentejo\/#primaryimage\"},\"thumbnailUrl\":\"https:\/\/portaltela.pt\/s.01k8rhncp4jt1\/2026\/04\/tpUHdbIMAGENStypeJPGshare1oBarraFacebook_Fugas-8.jpg\",\"datePublished\":\"2026-04-30T15:35:57+00:00\",\"author\":{\"@id\":\"https:\/\/portaltela.pt\/#\/schema\/person\/c4278d4a6028830caff9ee44b42d32ed\"},\"breadcrumb\":{\"@id\":\"https:\/\/portaltela.pt\/noticias\/2026\/04\/30\/praia-da-zambujeira-do-mar-recupera-bandeira-azul-no-alentejo\/#breadcrumb\"},\"inLanguage\":\"pt-PT\",\"potentialAction\":[{\"@type\":\"ReadAction\",\"target\":[\"https:\/\/portaltela.pt\/noticias\/2026\/04\/30\/praia-da-zambujeira-do-mar-recupera-bandeira-azul-no-alentejo\/\"]}]},{\"@type\":\"ImageObject\",\"inLanguage\":\"pt-PT\",\"@id\":\"https:\/\/portaltela.pt\/noticias\/2026\/04\/30\/praia-da-zambujeira-do-mar-recupera-bandeira-azul-no-alentejo\/#primaryimage\",\"url\":\"https:\/\/portaltela.pt\/s.01k8rhncp4jt1\/2026\/04\/tpUHdbIMAGENStypeJPGshare1oBarraFacebook_Fugas-8.jpg\",\"contentUrl\":\"https:\/\/portaltela.pt\/s.01k8rhncp4jt1\/2026\/04\/tpUHdbIMAGENStypeJPGshare1oBarraFacebook_Fugas-8.jpg\",\"width\":1014,\"height\":652,\"caption\":\"A Praia da Zambujeira do Mar foi eleita como uma das 7 Maravilhas em 2012\"},{\"@type\":\"BreadcrumbList\",\"@id\":\"https:\/\/portaltela.pt\/noticias\/2026\/04\/30\/praia-da-zambujeira-do-mar-recupera-bandeira-azul-no-alentejo\/#breadcrumb\",\"itemListElement\":[{\"@type\":\"ListItem\",\"position\":1,\"name\":\"In\u00edcio\",\"item\":\"https:\/\/portaltela.pt\/\"},{\"@type\":\"ListItem\",\"position\":2,\"name\":\"Praia da Zambujeira do Mar recupera Bandeira Azul no Alentejo\"}]},{\"@type\":\"WebSite\",\"@id\":\"https:\/\/portaltela.pt\/#website\",\"url\":\"https:\/\/portaltela.pt\/\",\"name\":\"Portal Tela Portugal\",\"description\":\"\",\"potentialAction\":[{\"@type\":\"SearchAction\",\"target\":{\"@type\":\"EntryPoint\",\"urlTemplate\":\"https:\/\/portaltela.pt\/?s={search_term_string}\"},\"query-input\":{\"@type\":\"PropertyValueSpecification\",\"valueRequired\":true,\"valueName\":\"search_term_string\"}}],\"inLanguage\":\"pt-PT\"},{\"@type\":\"Person\",\"@id\":\"https:\/\/portaltela.pt\/#\/schema\/person\/c4278d4a6028830caff9ee44b42d32ed\",\"name\":\"Telinha\",\"image\":{\"@type\":\"ImageObject\",\"inLanguage\":\"pt-PT\",\"@id\":\"https:\/\/portaltela.pt\/s.01k8rhncp4jt1\/2025\/11\/talking-bot-125x125.png\",\"url\":\"https:\/\/portaltela.pt\/s.01k8rhncp4jt1\/2025\/11\/talking-bot-125x125.png\",\"contentUrl\":\"https:\/\/portaltela.pt\/s.01k8rhncp4jt1\/2025\/11\/talking-bot-125x125.png\",\"caption\":\"Telinha\"},\"sameAs\":[\"https:\/\/portaltela.pt\/\"],\"url\":\"https:\/\/portaltela.pt\/por\/367410592786\/\"}]}<\/script>\n<!-- \/ Yoast SEO plugin. -->","yoast_head_json":{"title":"Praia da Zambujeira do Mar recupera Bandeira Azul no Alentejo - Portal Tela Portugal","robots":{"index":"index","follow":"follow","max-snippet":"max-snippet:-1","max-image-preview":"max-image-preview:large","max-video-preview":"max-video-preview:-1"},"og_locale":"pt_PT","og_type":"article","og_title":"Praia da Zambujeira do Mar recupera Bandeira Azul no Alentejo - Portal Tela Portugal","og_description":"A praia da Zambujeira do Mar, no concelho de Odemira, recuperou a Bandeira Azul neste Ver\u00e3o, sendo a \u00fanica praia alentejana a reentrar na lista das praias distinguidas. Em 2024, a praia perdeu a bandeira devido a contamina\u00e7\u00e3o microbiol\u00f3gica da \u00e1gua ligada a interrup\u00e7\u00f5es da ETAR, com relatos de mudan\u00e7as tempor\u00e1rias no acesso. O Festival Sudoeste, que se realiza na regi\u00e3o, foi apontado como parte das dificuldades passadas, e a organiza\u00e7\u00e3o revelou uma pausa para 2025 sem realiza\u00e7\u00e3o do evento este ano. No concelho de Odemira existem outras praias com Bandeira Azul, incluindo Alteirinhos, Carvalhal, Almograve (norte e sul), Farol, Furnas Mar, Furnas Rio, Malh\u00e3o (norte e sul) e a praia fluvial da barragem de Santa Clara. Em todo o Alentejo, houve ainda reentradas e novidades na lista azul, com Amieira Marina (Alqueva) e a praia fluvial de Oriola (Portel) a integrarem as distin\u00e7\u00f5es.","og_url":"https:\/\/portaltela.pt\/noticias\/2026\/04\/30\/praia-da-zambujeira-do-mar-recupera-bandeira-azul-no-alentejo\/","og_site_name":"Portal Tela Portugal","article_published_time":"2026-04-30T15:35:57+00:00","author":"Telinha","twitter_card":"summary_large_image","twitter_misc":{"Escrito por":"Telinha","Tempo estimado de leitura":"1 minuto"},"schema":{"@context":"https:\/\/schema.org","@graph":[{"@type":"Article","@id":"https:\/\/portaltela.pt\/noticias\/2026\/04\/30\/praia-da-zambujeira-do-mar-recupera-bandeira-azul-no-alentejo\/#article","isPartOf":{"@id":"https:\/\/portaltela.pt\/noticias\/2026\/04\/30\/praia-da-zambujeira-do-mar-recupera-bandeira-azul-no-alentejo\/"},"author":{"name":"Telinha","@id":"https:\/\/portaltela.pt\/#\/schema\/person\/c4278d4a6028830caff9ee44b42d32ed"},"headline":"Praia da Zambujeira do Mar recupera Bandeira Azul no Alentejo","datePublished":"2026-04-30T15:35:57+00:00","mainEntityOfPage":{"@id":"https:\/\/portaltela.pt\/noticias\/2026\/04\/30\/praia-da-zambujeira-do-mar-recupera-bandeira-azul-no-alentejo\/"},"wordCount":265,"image":{"@id":"https:\/\/portaltela.pt\/noticias\/2026\/04\/30\/praia-da-zambujeira-do-mar-recupera-bandeira-azul-no-alentejo\/#primaryimage"},"thumbnailUrl":"https:\/\/portaltela.pt\/s.01k8rhncp4jt1\/2026\/04\/tpUHdbIMAGENStypeJPGshare1oBarraFacebook_Fugas-8.jpg","keywords":["_\u00e1gua","_Alentejo","_ambiente","_turismo","bandeiras"],"articleSection":["Meio Ambiente"],"inLanguage":"pt-PT"},{"@type":"WebPage","@id":"https:\/\/portaltela.pt\/noticias\/2026\/04\/30\/praia-da-zambujeira-do-mar-recupera-bandeira-azul-no-alentejo\/","url":"https:\/\/portaltela.pt\/noticias\/2026\/04\/30\/praia-da-zambujeira-do-mar-recupera-bandeira-azul-no-alentejo\/","name":"Praia da Zambujeira do Mar recupera Bandeira Azul no Alentejo - Portal Tela Portugal","isPartOf":{"@id":"https:\/\/portaltela.pt\/#website"},"primaryImageOfPage":{"@id":"https:\/\/portaltela.pt\/noticias\/2026\/04\/30\/praia-da-zambujeira-do-mar-recupera-bandeira-azul-no-alentejo\/#primaryimage"},"image":{"@id":"https:\/\/portaltela.pt\/noticias\/2026\/04\/30\/praia-da-zambujeira-do-mar-recupera-bandeira-azul-no-alentejo\/#primaryimage"},"thumbnailUrl":"https:\/\/portaltela.pt\/s.01k8rhncp4jt1\/2026\/04\/tpUHdbIMAGENStypeJPGshare1oBarraFacebook_Fugas-8.jpg","datePublished":"2026-04-30T15:35:57+00:00","author":{"@id":"https:\/\/portaltela.pt\/#\/schema\/person\/c4278d4a6028830caff9ee44b42d32ed"},"breadcrumb":{"@id":"https:\/\/portaltela.pt\/noticias\/2026\/04\/30\/praia-da-zambujeira-do-mar-recupera-bandeira-azul-no-alentejo\/#breadcrumb"},"inLanguage":"pt-PT","potentialAction":[{"@type":"ReadAction","target":["https:\/\/portaltela.pt\/noticias\/2026\/04\/30\/praia-da-zambujeira-do-mar-recupera-bandeira-azul-no-alentejo\/"]}]},{"@type":"ImageObject","inLanguage":"pt-PT","@id":"https:\/\/portaltela.pt\/noticias\/2026\/04\/30\/praia-da-zambujeira-do-mar-recupera-bandeira-azul-no-alentejo\/#primaryimage","url":"https:\/\/portaltela.pt\/s.01k8rhncp4jt1\/2026\/04\/tpUHdbIMAGENStypeJPGshare1oBarraFacebook_Fugas-8.jpg","contentUrl":"https:\/\/portaltela.pt\/s.01k8rhncp4jt1\/2026\/04\/tpUHdbIMAGENStypeJPGshare1oBarraFacebook_Fugas-8.jpg","width":1014,"height":652,"caption":"A Praia da Zambujeira do Mar foi eleita como uma das 7 Maravilhas em 2012"},{"@type":"BreadcrumbList","@id":"https:\/\/portaltela.pt\/noticias\/2026\/04\/30\/praia-da-zambujeira-do-mar-recupera-bandeira-azul-no-alentejo\/#breadcrumb","itemListElement":[{"@type":"ListItem","position":1,"name":"In\u00edcio","item":"https:\/\/portaltela.pt\/"},{"@type":"ListItem","position":2,"name":"Praia da Zambujeira do Mar recupera Bandeira Azul no Alentejo"}]},{"@type":"WebSite","@id":"https:\/\/portaltela.pt\/#website","url":"https:\/\/portaltela.pt\/","name":"Portal Tela Portugal","description":"","potentialAction":[{"@type":"SearchAction","target":{"@type":"EntryPoint","urlTemplate":"https:\/\/portaltela.pt\/?s={search_term_string}"},"query-input":{"@type":"PropertyValueSpecification","valueRequired":true,"valueName":"search_term_string"}}],"inLanguage":"pt-PT"},{"@type":"Person","@id":"https:\/\/portaltela.pt\/#\/schema\/person\/c4278d4a6028830caff9ee44b42d32ed","name":"Telinha","image":{"@type":"ImageObject","inLanguage":"pt-PT","@id":"https:\/\/portaltela.pt\/s.01k8rhncp4jt1\/2025\/11\/talking-bot-125x125.png","url":"https:\/\/portaltela.pt\/s.01k8rhncp4jt1\/2025\/11\/talking-bot-125x125.png","contentUrl":"https:\/\/portaltela.pt\/s.01k8rhncp4jt1\/2025\/11\/talking-bot-125x125.png","caption":"Telinha"},"sameAs":["https:\/\/portaltela.pt\/"],"url":"https:\/\/portaltela.pt\/por\/367410592786\/"}]}},"_links":{"self":[{"href":"https:\/\/portaltela.pt\/api\/wp\/v2\/posts\/462634","targetHints":{"allow":["GET"]}}],"collection":[{"href":"https:\/\/portaltela.pt\/api\/wp\/v2\/posts"}],"about":[{"href":"https:\/\/portaltela.pt\/api\/wp\/v2\/types\/post"}],"author":[{"embeddable":true,"href":"https:\/\/portaltela.pt\/api\/wp\/v2\/users\/2"}],"replies":[{"embeddable":true,"href":"https:\/\/portaltela.pt\/api\/wp\/v2\/comments?post=462634"}],"version-history":[{"count":0,"href":"https:\/\/portaltela.pt\/api\/wp\/v2\/posts\/462634\/revisions"}],"wp:featuredmedia":[{"embeddable":true,"href":"https:\/\/portaltela.pt\/api\/wp\/v2\/media\/462637"}],"wp:attachment":[{"href":"https:\/\/portaltela.pt\/api\/wp\/v2\/media?parent=462634"}],"wp:term":[{"taxonomy":"category","embeddable":true,"href":"https:\/\/portaltela.pt\/api\/wp\/v2\/categories?post=462634"},{"taxonomy":"post_tag","embeddable":true,"href":"https:\/\/portaltela.pt\/api\/wp\/v2\/tags?post=462634"}],"curies":[{"name":"wp","href":"https:\/\/api.w.org\/{rel}","templated":true}]}}