{"id":462626,"date":"2026-04-30T12:35:35","date_gmt":"2026-04-30T15:35:35","guid":{"rendered":"https:\/\/portaltela.pt\/noticias\/2026\/04\/30\/governador-mexicano-enfrenta-acusacoes-nos-eua-por-ligacoes-ao-narcotrafico\/"},"modified":"2026-04-30T12:35:35","modified_gmt":"2026-04-30T15:35:35","slug":"governador-mexicano-enfrenta-acusacoes-nos-eua-por-ligacoes-ao-narcotrafico","status":"publish","type":"post","link":"https:\/\/portaltela.pt\/noticias\/2026\/04\/30\/governador-mexicano-enfrenta-acusacoes-nos-eua-por-ligacoes-ao-narcotrafico\/","title":{"rendered":"Governador mexicano enfrenta acusa\u00e7\u00f5es nos EUA por liga\u00e7\u00f5es ao narcotr\u00e1fico"},"content":{"rendered":"<p>O Departamento de Justi\u00e7a dos EUA apresentou acusa\u00e7\u00f5es contra o governador de Sinaloa, Rub\u00e9n Rocha, e mais nove dirigentes, alegando envolvimento com cart\u00e9is de narcotr\u00e1fico. Alega-se conspira\u00e7\u00e3o para facilitar a entrada maci\u00e7a de droga nos EUA e pediu-se a extradi\u00e7\u00e3o do grupo.<\/p>\n<p>Segundo as autoridades norte-americanas, Rocha teria participado numa reuni\u00e3o com Iv\u00e1n e Ovidio Guzm\u00e1n, herdeiros de Joaqu\u00edn Guzm\u00e1n, conhecido por El Chapo. A reuni\u00e3o teria garantido o apoio do cartel \u00e0 reelei\u00e7\u00e3o de Rocha em 2021, mediante a\u00e7\u00f5es criminosas como raptos, intimida\u00e7\u00e3o e subornos.<\/p>\n<p>A acusa\u00e7\u00e3o sustenta que, ap\u00f3s a vit\u00f3ria eleitoral, Rocha prometeu colocar em posi\u00e7\u00f5es de autoridade no governo de Sinaloa funcion\u00e1rios favor\u00e1veis aos Chapitos. O objetivo seria assegurar a continuidade da influ\u00eancia do cartel no estado.<\/p>\n<h3>Investiga\u00e7\u00e3o e impactos<\/h3>\n<p>A Procuradoria-Geral da Rep\u00fablica mexicana abriu uma investiga\u00e7\u00e3o para avaliar se as provas dos EUA s\u00e3o suficientes para justificar uma extradi\u00e7\u00e3o. A presid\u00eancia mexicana assinala que ser\u00e1 necess\u00e1rio verificar a for\u00e7a das evid\u00eancias.<\/p>\n<p>A Presid\u00eancia de Claudia Sheinbaum afirmou que n\u00e3o se protege indiv\u00edduos que cometam crimes, por\u00e9m ressalvou que, se houver provas s\u00f3lidas, o Minist\u00e9rio P\u00fablico poderia autorizar a extradi\u00e7\u00e3o. Sheinbaum pediu cautela na avalia\u00e7\u00e3o das provas.<\/p>\n<p>O caso representa uma escalada no combate dos EUA a redes de narcotr\u00e1fico que operam al\u00e9m-fronteiras. Autoridades mexicanas j\u00e1 tinham indicado aumentar a coopera\u00e7\u00e3o para investigar liga\u00e7\u00f5es entre autoridades locais e tr\u00e1fico.<\/p>\n<h3>Contexto e rea\u00e7\u00e3o<\/h3>\n<p>A revela\u00e7\u00e3o ocorre num momento de tens\u00e3o entre M\u00e9xico e EUA face a estrat\u00e9gias de combate ao tr\u00e1fico. Washington tem pressionado autoridades mexicanas para identificar e processar titulares de cargos p\u00fablicos com liga\u00e7\u00f5es a grupos criminosos.<\/p>\n<p>O governador acusado negou as acusa\u00e7\u00f5es, afirmando que h\u00e1 motiva\u00e7\u00f5es pol\u00edticas para prejudicar a esquerda mexicana. Rocha sustentou que as acusa\u00e7\u00f5es violam a soberania nacional e s\u00e3o parte de uma estrat\u00e9gia adversa.<\/p>\n<p>A presidente mexicana reiterou que a extradi\u00e7\u00e3o depende de provas convincentes. Se comprovadas, o Minist\u00e9rio P\u00fablico poder\u00e1 avan\u00e7ar com o processo, sem favorecer ningu\u00e9m que tenha praticado crimes.<\/p>\n","protected":false},"excerpt":{"rendered":"<ul>\n<li>O Departamento de Justi\u00e7a dos EUA acusa Rub\u00e9n Rocha Moya, governador de Sinaloa, e mais nove dirigentes de liga\u00e7\u00f5es ao narcotr\u00e1fico, solicitando a extradi\u00e7\u00e3o para julgamento nos EUA.<\/li>\n<li>A acusa\u00e7\u00e3o afirma que o cartel de Sinaloa, incluindo os Chapitos, ajudou Rocha a ser reeleito em 2021 mediante raptos, intimida\u00e7\u00e3o de opositores, fraude eleitoral e subornos.<\/li>\n<li>Segundo o DOJ, Rocha participou numa reuni\u00e3o com Iv\u00e1n e Ovidio Guzm\u00e1n, onde lhe foi prometida prote\u00e7\u00e3o do cartel \u00e0 vit\u00f3ria eleitoral em troca de colocar embaixos p\u00fablicos pr\u00f3-tr\u00e1fico no governo de Sinaloa.<\/li>\n<li>A presidente mexicana, Claudia Sheinbaum, abriu uma investiga\u00e7\u00e3o interna para apurar se a soberania do M\u00e9xico foi violada e disse que, se houver provas suficientes, a extradi\u00e7\u00e3o pode ser autorizada.<\/li>\n<li>O caso intensifica a press\u00e3o entre M\u00e9xico e EUA e representa uma nova fase do combate extraterritorial ao narcotr\u00e1fico, com reac\u00e7\u00f5es de desagrado e defesa da soberania mexicana.<\/li>\n<\/ul>\n","protected":false},"author":2,"featured_media":462628,"comment_status":"closed","ping_status":"closed","sticky":false,"template":"","format":"standard","meta":{"footnotes":""},"categories":[7374,1],"tags":[83,147,5833,217,6380,2349],"class_list":["post-462626","post","type-post","status-publish","format-standard","has-post-thumbnail","hentry","category-criminalidade","category-noticias","tag-corrupcao","tag-crime","tag-extradicoes","tag-investigacao-criminal","tag-mexico","tag-trafico-de-drogas"],"yoast_head":"<!-- This site is optimized with the Yoast SEO plugin v27.2 - https:\/\/yoast.com\/product\/yoast-seo-wordpress\/ -->\n<title>Governador mexicano enfrenta acusa\u00e7\u00f5es nos EUA por liga\u00e7\u00f5es ao narcotr\u00e1fico - Portal Tela Portugal<\/title>\n<meta name=\"robots\" content=\"index, follow, max-snippet:-1, max-image-preview:large, max-video-preview:-1\" \/>\n<meta property=\"og:locale\" content=\"pt_PT\" \/>\n<meta property=\"og:type\" content=\"article\" \/>\n<meta property=\"og:title\" content=\"Governador mexicano enfrenta acusa\u00e7\u00f5es nos EUA por liga\u00e7\u00f5es ao narcotr\u00e1fico - Portal Tela Portugal\" \/>\n<meta property=\"og:description\" content=\"O Departamento de Justi\u00e7a dos EUA acusa Rub\u00e9n Rocha Moya, governador de Sinaloa, e mais nove dirigentes de liga\u00e7\u00f5es ao narcotr\u00e1fico, solicitando a extradi\u00e7\u00e3o para julgamento nos EUA. A acusa\u00e7\u00e3o afirma que o cartel de Sinaloa, incluindo os Chapitos, ajudou Rocha a ser reeleito em 2021 mediante raptos, intimida\u00e7\u00e3o de opositores, fraude eleitoral e subornos. Segundo o DOJ, Rocha participou numa reuni\u00e3o com Iv\u00e1n e Ovidio Guzm\u00e1n, onde lhe foi prometida prote\u00e7\u00e3o do cartel \u00e0 vit\u00f3ria eleitoral em troca de colocar embaixos p\u00fablicos pr\u00f3-tr\u00e1fico no governo de Sinaloa. A presidente mexicana, Claudia Sheinbaum, abriu uma investiga\u00e7\u00e3o interna para apurar se a soberania do M\u00e9xico foi violada e disse que, se houver provas suficientes, a extradi\u00e7\u00e3o pode ser autorizada. O caso intensifica a press\u00e3o entre M\u00e9xico e EUA e representa uma nova fase do combate extraterritorial ao narcotr\u00e1fico, com reac\u00e7\u00f5es de desagrado e defesa da soberania mexicana.\" \/>\n<meta property=\"og:url\" content=\"https:\/\/portaltela.pt\/noticias\/2026\/04\/30\/governador-mexicano-enfrenta-acusacoes-nos-eua-por-ligacoes-ao-narcotrafico\/\" \/>\n<meta property=\"og:site_name\" content=\"Portal Tela Portugal\" \/>\n<meta property=\"article:published_time\" content=\"2026-04-30T15:35:35+00:00\" \/>\n<meta name=\"author\" content=\"Telinha\" \/>\n<meta name=\"twitter:card\" content=\"summary_large_image\" \/>\n<meta name=\"twitter:label1\" content=\"Escrito por\" \/>\n\t<meta name=\"twitter:data1\" content=\"Telinha\" \/>\n\t<meta name=\"twitter:label2\" content=\"Tempo estimado de leitura\" \/>\n\t<meta name=\"twitter:data2\" content=\"2 minutos\" \/>\n<script type=\"application\/ld+json\" class=\"yoast-schema-graph\">{\"@context\":\"https:\/\/schema.org\",\"@graph\":[{\"@type\":\"Article\",\"@id\":\"https:\/\/portaltela.pt\/noticias\/2026\/04\/30\/governador-mexicano-enfrenta-acusacoes-nos-eua-por-ligacoes-ao-narcotrafico\/#article\",\"isPartOf\":{\"@id\":\"https:\/\/portaltela.pt\/noticias\/2026\/04\/30\/governador-mexicano-enfrenta-acusacoes-nos-eua-por-ligacoes-ao-narcotrafico\/\"},\"author\":{\"name\":\"Telinha\",\"@id\":\"https:\/\/portaltela.pt\/#\/schema\/person\/c4278d4a6028830caff9ee44b42d32ed\"},\"headline\":\"Governador mexicano enfrenta acusa\u00e7\u00f5es nos EUA por liga\u00e7\u00f5es ao narcotr\u00e1fico\",\"datePublished\":\"2026-04-30T15:35:35+00:00\",\"mainEntityOfPage\":{\"@id\":\"https:\/\/portaltela.pt\/noticias\/2026\/04\/30\/governador-mexicano-enfrenta-acusacoes-nos-eua-por-ligacoes-ao-narcotrafico\/\"},\"wordCount\":400,\"image\":{\"@id\":\"https:\/\/portaltela.pt\/noticias\/2026\/04\/30\/governador-mexicano-enfrenta-acusacoes-nos-eua-por-ligacoes-ao-narcotrafico\/#primaryimage\"},\"thumbnailUrl\":\"https:\/\/portaltela.pt\/s.01k8rhncp4jt1\/2026\/04\/tpUHdbIMAGENStypeJPGshare1oBarraFacebook_Publico-39.jpg\",\"keywords\":[\"corrup\u00e7\u00e3o\",\"crime\",\"extradi\u00e7\u00f5es\",\"investiga\u00e7\u00e3o criminal\",\"M\u00e9xico\",\"tr\u00e1fico de drogas\"],\"articleSection\":[\"Criminalidade\",\"Not\u00edcias\"],\"inLanguage\":\"pt-PT\"},{\"@type\":\"WebPage\",\"@id\":\"https:\/\/portaltela.pt\/noticias\/2026\/04\/30\/governador-mexicano-enfrenta-acusacoes-nos-eua-por-ligacoes-ao-narcotrafico\/\",\"url\":\"https:\/\/portaltela.pt\/noticias\/2026\/04\/30\/governador-mexicano-enfrenta-acusacoes-nos-eua-por-ligacoes-ao-narcotrafico\/\",\"name\":\"Governador mexicano enfrenta acusa\u00e7\u00f5es nos EUA por liga\u00e7\u00f5es ao narcotr\u00e1fico - Portal Tela Portugal\",\"isPartOf\":{\"@id\":\"https:\/\/portaltela.pt\/#website\"},\"primaryImageOfPage\":{\"@id\":\"https:\/\/portaltela.pt\/noticias\/2026\/04\/30\/governador-mexicano-enfrenta-acusacoes-nos-eua-por-ligacoes-ao-narcotrafico\/#primaryimage\"},\"image\":{\"@id\":\"https:\/\/portaltela.pt\/noticias\/2026\/04\/30\/governador-mexicano-enfrenta-acusacoes-nos-eua-por-ligacoes-ao-narcotrafico\/#primaryimage\"},\"thumbnailUrl\":\"https:\/\/portaltela.pt\/s.01k8rhncp4jt1\/2026\/04\/tpUHdbIMAGENStypeJPGshare1oBarraFacebook_Publico-39.jpg\",\"datePublished\":\"2026-04-30T15:35:35+00:00\",\"author\":{\"@id\":\"https:\/\/portaltela.pt\/#\/schema\/person\/c4278d4a6028830caff9ee44b42d32ed\"},\"breadcrumb\":{\"@id\":\"https:\/\/portaltela.pt\/noticias\/2026\/04\/30\/governador-mexicano-enfrenta-acusacoes-nos-eua-por-ligacoes-ao-narcotrafico\/#breadcrumb\"},\"inLanguage\":\"pt-PT\",\"potentialAction\":[{\"@type\":\"ReadAction\",\"target\":[\"https:\/\/portaltela.pt\/noticias\/2026\/04\/30\/governador-mexicano-enfrenta-acusacoes-nos-eua-por-ligacoes-ao-narcotrafico\/\"]}]},{\"@type\":\"ImageObject\",\"inLanguage\":\"pt-PT\",\"@id\":\"https:\/\/portaltela.pt\/noticias\/2026\/04\/30\/governador-mexicano-enfrenta-acusacoes-nos-eua-por-ligacoes-ao-narcotrafico\/#primaryimage\",\"url\":\"https:\/\/portaltela.pt\/s.01k8rhncp4jt1\/2026\/04\/tpUHdbIMAGENStypeJPGshare1oBarraFacebook_Publico-39.jpg\",\"contentUrl\":\"https:\/\/portaltela.pt\/s.01k8rhncp4jt1\/2026\/04\/tpUHdbIMAGENStypeJPGshare1oBarraFacebook_Publico-39.jpg\",\"width\":1200,\"height\":630,\"caption\":\"Rub\u00e9n Rocha, governador de Sinaloa, \u00e9 acusado de conluio com um grupo de narcotr\u00e1fico pelos EUA\"},{\"@type\":\"BreadcrumbList\",\"@id\":\"https:\/\/portaltela.pt\/noticias\/2026\/04\/30\/governador-mexicano-enfrenta-acusacoes-nos-eua-por-ligacoes-ao-narcotrafico\/#breadcrumb\",\"itemListElement\":[{\"@type\":\"ListItem\",\"position\":1,\"name\":\"In\u00edcio\",\"item\":\"https:\/\/portaltela.pt\/\"},{\"@type\":\"ListItem\",\"position\":2,\"name\":\"Governador mexicano enfrenta acusa\u00e7\u00f5es nos EUA por liga\u00e7\u00f5es ao narcotr\u00e1fico\"}]},{\"@type\":\"WebSite\",\"@id\":\"https:\/\/portaltela.pt\/#website\",\"url\":\"https:\/\/portaltela.pt\/\",\"name\":\"Portal Tela Portugal\",\"description\":\"\",\"potentialAction\":[{\"@type\":\"SearchAction\",\"target\":{\"@type\":\"EntryPoint\",\"urlTemplate\":\"https:\/\/portaltela.pt\/?s={search_term_string}\"},\"query-input\":{\"@type\":\"PropertyValueSpecification\",\"valueRequired\":true,\"valueName\":\"search_term_string\"}}],\"inLanguage\":\"pt-PT\"},{\"@type\":\"Person\",\"@id\":\"https:\/\/portaltela.pt\/#\/schema\/person\/c4278d4a6028830caff9ee44b42d32ed\",\"name\":\"Telinha\",\"image\":{\"@type\":\"ImageObject\",\"inLanguage\":\"pt-PT\",\"@id\":\"https:\/\/portaltela.pt\/s.01k8rhncp4jt1\/2025\/11\/talking-bot-125x125.png\",\"url\":\"https:\/\/portaltela.pt\/s.01k8rhncp4jt1\/2025\/11\/talking-bot-125x125.png\",\"contentUrl\":\"https:\/\/portaltela.pt\/s.01k8rhncp4jt1\/2025\/11\/talking-bot-125x125.png\",\"caption\":\"Telinha\"},\"sameAs\":[\"https:\/\/portaltela.pt\/\"],\"url\":\"https:\/\/portaltela.pt\/por\/367410592786\/\"}]}<\/script>\n<!-- \/ Yoast SEO plugin. -->","yoast_head_json":{"title":"Governador mexicano enfrenta acusa\u00e7\u00f5es nos EUA por liga\u00e7\u00f5es ao narcotr\u00e1fico - Portal Tela Portugal","robots":{"index":"index","follow":"follow","max-snippet":"max-snippet:-1","max-image-preview":"max-image-preview:large","max-video-preview":"max-video-preview:-1"},"og_locale":"pt_PT","og_type":"article","og_title":"Governador mexicano enfrenta acusa\u00e7\u00f5es nos EUA por liga\u00e7\u00f5es ao narcotr\u00e1fico - Portal Tela Portugal","og_description":"O Departamento de Justi\u00e7a dos EUA acusa Rub\u00e9n Rocha Moya, governador de Sinaloa, e mais nove dirigentes de liga\u00e7\u00f5es ao narcotr\u00e1fico, solicitando a extradi\u00e7\u00e3o para julgamento nos EUA. A acusa\u00e7\u00e3o afirma que o cartel de Sinaloa, incluindo os Chapitos, ajudou Rocha a ser reeleito em 2021 mediante raptos, intimida\u00e7\u00e3o de opositores, fraude eleitoral e subornos. Segundo o DOJ, Rocha participou numa reuni\u00e3o com Iv\u00e1n e Ovidio Guzm\u00e1n, onde lhe foi prometida prote\u00e7\u00e3o do cartel \u00e0 vit\u00f3ria eleitoral em troca de colocar embaixos p\u00fablicos pr\u00f3-tr\u00e1fico no governo de Sinaloa. A presidente mexicana, Claudia Sheinbaum, abriu uma investiga\u00e7\u00e3o interna para apurar se a soberania do M\u00e9xico foi violada e disse que, se houver provas suficientes, a extradi\u00e7\u00e3o pode ser autorizada. O caso intensifica a press\u00e3o entre M\u00e9xico e EUA e representa uma nova fase do combate extraterritorial ao narcotr\u00e1fico, com reac\u00e7\u00f5es de desagrado e defesa da soberania mexicana.","og_url":"https:\/\/portaltela.pt\/noticias\/2026\/04\/30\/governador-mexicano-enfrenta-acusacoes-nos-eua-por-ligacoes-ao-narcotrafico\/","og_site_name":"Portal Tela Portugal","article_published_time":"2026-04-30T15:35:35+00:00","author":"Telinha","twitter_card":"summary_large_image","twitter_misc":{"Escrito por":"Telinha","Tempo estimado de leitura":"2 minutos"},"schema":{"@context":"https:\/\/schema.org","@graph":[{"@type":"Article","@id":"https:\/\/portaltela.pt\/noticias\/2026\/04\/30\/governador-mexicano-enfrenta-acusacoes-nos-eua-por-ligacoes-ao-narcotrafico\/#article","isPartOf":{"@id":"https:\/\/portaltela.pt\/noticias\/2026\/04\/30\/governador-mexicano-enfrenta-acusacoes-nos-eua-por-ligacoes-ao-narcotrafico\/"},"author":{"name":"Telinha","@id":"https:\/\/portaltela.pt\/#\/schema\/person\/c4278d4a6028830caff9ee44b42d32ed"},"headline":"Governador mexicano enfrenta acusa\u00e7\u00f5es nos EUA por liga\u00e7\u00f5es ao narcotr\u00e1fico","datePublished":"2026-04-30T15:35:35+00:00","mainEntityOfPage":{"@id":"https:\/\/portaltela.pt\/noticias\/2026\/04\/30\/governador-mexicano-enfrenta-acusacoes-nos-eua-por-ligacoes-ao-narcotrafico\/"},"wordCount":400,"image":{"@id":"https:\/\/portaltela.pt\/noticias\/2026\/04\/30\/governador-mexicano-enfrenta-acusacoes-nos-eua-por-ligacoes-ao-narcotrafico\/#primaryimage"},"thumbnailUrl":"https:\/\/portaltela.pt\/s.01k8rhncp4jt1\/2026\/04\/tpUHdbIMAGENStypeJPGshare1oBarraFacebook_Publico-39.jpg","keywords":["corrup\u00e7\u00e3o","crime","extradi\u00e7\u00f5es","investiga\u00e7\u00e3o criminal","M\u00e9xico","tr\u00e1fico de drogas"],"articleSection":["Criminalidade","Not\u00edcias"],"inLanguage":"pt-PT"},{"@type":"WebPage","@id":"https:\/\/portaltela.pt\/noticias\/2026\/04\/30\/governador-mexicano-enfrenta-acusacoes-nos-eua-por-ligacoes-ao-narcotrafico\/","url":"https:\/\/portaltela.pt\/noticias\/2026\/04\/30\/governador-mexicano-enfrenta-acusacoes-nos-eua-por-ligacoes-ao-narcotrafico\/","name":"Governador mexicano enfrenta acusa\u00e7\u00f5es nos EUA por liga\u00e7\u00f5es ao narcotr\u00e1fico - Portal Tela Portugal","isPartOf":{"@id":"https:\/\/portaltela.pt\/#website"},"primaryImageOfPage":{"@id":"https:\/\/portaltela.pt\/noticias\/2026\/04\/30\/governador-mexicano-enfrenta-acusacoes-nos-eua-por-ligacoes-ao-narcotrafico\/#primaryimage"},"image":{"@id":"https:\/\/portaltela.pt\/noticias\/2026\/04\/30\/governador-mexicano-enfrenta-acusacoes-nos-eua-por-ligacoes-ao-narcotrafico\/#primaryimage"},"thumbnailUrl":"https:\/\/portaltela.pt\/s.01k8rhncp4jt1\/2026\/04\/tpUHdbIMAGENStypeJPGshare1oBarraFacebook_Publico-39.jpg","datePublished":"2026-04-30T15:35:35+00:00","author":{"@id":"https:\/\/portaltela.pt\/#\/schema\/person\/c4278d4a6028830caff9ee44b42d32ed"},"breadcrumb":{"@id":"https:\/\/portaltela.pt\/noticias\/2026\/04\/30\/governador-mexicano-enfrenta-acusacoes-nos-eua-por-ligacoes-ao-narcotrafico\/#breadcrumb"},"inLanguage":"pt-PT","potentialAction":[{"@type":"ReadAction","target":["https:\/\/portaltela.pt\/noticias\/2026\/04\/30\/governador-mexicano-enfrenta-acusacoes-nos-eua-por-ligacoes-ao-narcotrafico\/"]}]},{"@type":"ImageObject","inLanguage":"pt-PT","@id":"https:\/\/portaltela.pt\/noticias\/2026\/04\/30\/governador-mexicano-enfrenta-acusacoes-nos-eua-por-ligacoes-ao-narcotrafico\/#primaryimage","url":"https:\/\/portaltela.pt\/s.01k8rhncp4jt1\/2026\/04\/tpUHdbIMAGENStypeJPGshare1oBarraFacebook_Publico-39.jpg","contentUrl":"https:\/\/portaltela.pt\/s.01k8rhncp4jt1\/2026\/04\/tpUHdbIMAGENStypeJPGshare1oBarraFacebook_Publico-39.jpg","width":1200,"height":630,"caption":"Rub\u00e9n Rocha, governador de Sinaloa, \u00e9 acusado de conluio com um grupo de narcotr\u00e1fico pelos EUA"},{"@type":"BreadcrumbList","@id":"https:\/\/portaltela.pt\/noticias\/2026\/04\/30\/governador-mexicano-enfrenta-acusacoes-nos-eua-por-ligacoes-ao-narcotrafico\/#breadcrumb","itemListElement":[{"@type":"ListItem","position":1,"name":"In\u00edcio","item":"https:\/\/portaltela.pt\/"},{"@type":"ListItem","position":2,"name":"Governador mexicano enfrenta acusa\u00e7\u00f5es nos EUA por liga\u00e7\u00f5es ao narcotr\u00e1fico"}]},{"@type":"WebSite","@id":"https:\/\/portaltela.pt\/#website","url":"https:\/\/portaltela.pt\/","name":"Portal Tela Portugal","description":"","potentialAction":[{"@type":"SearchAction","target":{"@type":"EntryPoint","urlTemplate":"https:\/\/portaltela.pt\/?s={search_term_string}"},"query-input":{"@type":"PropertyValueSpecification","valueRequired":true,"valueName":"search_term_string"}}],"inLanguage":"pt-PT"},{"@type":"Person","@id":"https:\/\/portaltela.pt\/#\/schema\/person\/c4278d4a6028830caff9ee44b42d32ed","name":"Telinha","image":{"@type":"ImageObject","inLanguage":"pt-PT","@id":"https:\/\/portaltela.pt\/s.01k8rhncp4jt1\/2025\/11\/talking-bot-125x125.png","url":"https:\/\/portaltela.pt\/s.01k8rhncp4jt1\/2025\/11\/talking-bot-125x125.png","contentUrl":"https:\/\/portaltela.pt\/s.01k8rhncp4jt1\/2025\/11\/talking-bot-125x125.png","caption":"Telinha"},"sameAs":["https:\/\/portaltela.pt\/"],"url":"https:\/\/portaltela.pt\/por\/367410592786\/"}]}},"_links":{"self":[{"href":"https:\/\/portaltela.pt\/api\/wp\/v2\/posts\/462626","targetHints":{"allow":["GET"]}}],"collection":[{"href":"https:\/\/portaltela.pt\/api\/wp\/v2\/posts"}],"about":[{"href":"https:\/\/portaltela.pt\/api\/wp\/v2\/types\/post"}],"author":[{"embeddable":true,"href":"https:\/\/portaltela.pt\/api\/wp\/v2\/users\/2"}],"replies":[{"embeddable":true,"href":"https:\/\/portaltela.pt\/api\/wp\/v2\/comments?post=462626"}],"version-history":[{"count":0,"href":"https:\/\/portaltela.pt\/api\/wp\/v2\/posts\/462626\/revisions"}],"wp:featuredmedia":[{"embeddable":true,"href":"https:\/\/portaltela.pt\/api\/wp\/v2\/media\/462628"}],"wp:attachment":[{"href":"https:\/\/portaltela.pt\/api\/wp\/v2\/media?parent=462626"}],"wp:term":[{"taxonomy":"category","embeddable":true,"href":"https:\/\/portaltela.pt\/api\/wp\/v2\/categories?post=462626"},{"taxonomy":"post_tag","embeddable":true,"href":"https:\/\/portaltela.pt\/api\/wp\/v2\/tags?post=462626"}],"curies":[{"name":"wp","href":"https:\/\/api.w.org\/{rel}","templated":true}]}}