{"id":462625,"date":"2026-04-30T12:35:43","date_gmt":"2026-04-30T15:35:43","guid":{"rendered":"https:\/\/portaltela.pt\/noticias\/2026\/04\/30\/prato-do-dia-celebra-cozinha-portuguesa-no-alma-lusa-linda-a-velha\/"},"modified":"2026-04-30T12:35:43","modified_gmt":"2026-04-30T15:35:43","slug":"prato-do-dia-celebra-cozinha-portuguesa-no-alma-lusa-linda-a-velha","status":"publish","type":"post","link":"https:\/\/portaltela.pt\/noticias\/2026\/04\/30\/prato-do-dia-celebra-cozinha-portuguesa-no-alma-lusa-linda-a-velha\/","title":{"rendered":"Prato do Dia celebra cozinha portuguesa no Alma Lusa, Linda-a-Velha"},"content":{"rendered":"<p>O Alma Lusa, localizado em Linda-a-Velha, dedica-se \u00e0 cozinha portuguesa e \u00e9 op\u00e7\u00e3o frequente para almo\u00e7os e jantares. O restaurante est\u00e1 aberto das 12h \u00e0s 15h e das 19h \u00e0s 23h, encerrando aos jantares de domingo e segunda-feira.<\/p>\n<p>Endere\u00e7o e contactos: Rua Irene Lisboa 3-A, Linda-a-Velha. Tel. 935 704 505. A casa indica um pre\u00e7o m\u00e9dio de 23 euros por refei\u00e7\u00e3o e disponibiliza o site restaurantealmalusa.pt para informa\u00e7\u00f5es adicionais.<\/p>\n<p>O menu destaca entradas frias variadas, com destaque para lingui\u00e7a com cogumelos, morcela assada com anan\u00e1s e mel, e alheira com ma\u00e7\u00e3 e mel, sempre acompanhadas pela broa de milho. Em petiscos quentes, croquetes de carne, peixinhos da horta e am\u00eaijoas \u00e0 Alma Lusa s\u00e3o referidos como sugest\u00f5es de refer\u00eancia.<\/p>\n<p>Entre os pratos de peixe, h\u00e1 pataniscas de bacalhau com arroz de tomate, bacalhau \u00e0 lagareiro com batata a murro e grelos salteados, e filetes de peixe-galo com arroz de berbig\u00e3o. O arroz de sapateira e a a\u00e7orda de gambas tamb\u00e9m constam entre as escolhas destacadas.<\/p>\n<p>Na sec\u00e7\u00e3o de carne, o menu oferece iscas de porco de cebolada \u00e0 lisboeta, bochechas de porco estufadas com pur\u00e9 de batata doce, e o bife \u00e0 portuguesa. A alheira de ca\u00e7a com ovo estrelado, grelos e chips de batata encerra as op\u00e7\u00f5es de carne mais comentadas.<\/p>\n<p>As sobremesas s\u00e3o caseiras e o espa\u00e7o incentiva a voltar, com v\u00e1rias propostas para terminar a refei\u00e7\u00e3o de forma doce. O Alma Lusa mant\u00e9m-se como refer\u00eancia para quem procura sabores tradicionais da cozinha portuguesa.<\/p>\n","protected":false},"excerpt":{"rendered":"<ul>\n<li>Alma Lusa \u00e9 um restaurante de cozinha portuguesa em Linda-a-Velha, na Rua Irene Lisboa 3-A.<\/li>\n<li>Abre diariamente ao almo\u00e7o, das 12h \u00e0s 15h, e ao jantar, das 19h \u00e0s 23h; encerra no jantar de domingo e na segunda-feira.<\/li>\n<li>Pre\u00e7o m\u00e9dio por pessoa: 23 euros.<\/li>\n<li>O menu inclui entradas frias, petiscos quentes e uma variedade de pratos de peixe e de carne, com sugest\u00f5es como bacalhau \u00e0 lagareiro, pataniscas de bacalhau, iscas de porco de cebolada, bochechas estufadas e bife \u00e0 portuguesa.<\/li>\n<li>Sobremesas caseiras completam a oferta, com o objetivo de atrair clientes para a pr\u00f3xima visita.<\/li>\n<\/ul>\n","protected":false},"author":2,"featured_media":462630,"comment_status":"closed","ping_status":"closed","sticky":false,"template":"","format":"standard","meta":{"footnotes":""},"categories":[7369,1],"tags":[8553,8680,7982,8317,8062,8838],"class_list":["post-462625","post","type-post","status-publish","format-standard","has-post-thumbnail","hentry","category-gastronomia","category-noticias","tag-_comida","tag-_cozinha","tag-_gastronomia","tag-_oeiras","tag-_portugal","tag-_restauracao"],"yoast_head":"<!-- This site is optimized with the Yoast SEO plugin v27.2 - https:\/\/yoast.com\/product\/yoast-seo-wordpress\/ -->\n<title>Prato do Dia celebra cozinha portuguesa no Alma Lusa, Linda-a-Velha - Portal Tela Portugal<\/title>\n<meta name=\"robots\" content=\"index, follow, max-snippet:-1, max-image-preview:large, max-video-preview:-1\" \/>\n<meta property=\"og:locale\" content=\"pt_PT\" \/>\n<meta property=\"og:type\" content=\"article\" \/>\n<meta property=\"og:title\" content=\"Prato do Dia celebra cozinha portuguesa no Alma Lusa, Linda-a-Velha - Portal Tela Portugal\" \/>\n<meta property=\"og:description\" content=\"Alma Lusa \u00e9 um restaurante de cozinha portuguesa em Linda-a-Velha, na Rua Irene Lisboa 3-A. Abre diariamente ao almo\u00e7o, das 12h \u00e0s 15h, e ao jantar, das 19h \u00e0s 23h; encerra no jantar de domingo e na segunda-feira. Pre\u00e7o m\u00e9dio por pessoa: 23 euros. O menu inclui entradas frias, petiscos quentes e uma variedade de pratos de peixe e de carne, com sugest\u00f5es como bacalhau \u00e0 lagareiro, pataniscas de bacalhau, iscas de porco de cebolada, bochechas estufadas e bife \u00e0 portuguesa. Sobremesas caseiras completam a oferta, com o objetivo de atrair clientes para a pr\u00f3xima visita.\" \/>\n<meta property=\"og:url\" content=\"https:\/\/portaltela.pt\/noticias\/2026\/04\/30\/prato-do-dia-celebra-cozinha-portuguesa-no-alma-lusa-linda-a-velha\/\" \/>\n<meta property=\"og:site_name\" content=\"Portal Tela Portugal\" \/>\n<meta property=\"article:published_time\" content=\"2026-04-30T15:35:43+00:00\" \/>\n<meta name=\"author\" content=\"Telinha\" \/>\n<meta name=\"twitter:card\" content=\"summary_large_image\" \/>\n<meta name=\"twitter:label1\" content=\"Escrito por\" \/>\n\t<meta name=\"twitter:data1\" content=\"Telinha\" \/>\n\t<meta name=\"twitter:label2\" content=\"Tempo estimado de leitura\" \/>\n\t<meta name=\"twitter:data2\" content=\"1 minuto\" \/>\n<script type=\"application\/ld+json\" class=\"yoast-schema-graph\">{\"@context\":\"https:\/\/schema.org\",\"@graph\":[{\"@type\":\"Article\",\"@id\":\"https:\/\/portaltela.pt\/noticias\/2026\/04\/30\/prato-do-dia-celebra-cozinha-portuguesa-no-alma-lusa-linda-a-velha\/#article\",\"isPartOf\":{\"@id\":\"https:\/\/portaltela.pt\/noticias\/2026\/04\/30\/prato-do-dia-celebra-cozinha-portuguesa-no-alma-lusa-linda-a-velha\/\"},\"author\":{\"name\":\"Telinha\",\"@id\":\"https:\/\/portaltela.pt\/#\/schema\/person\/c4278d4a6028830caff9ee44b42d32ed\"},\"headline\":\"Prato do Dia celebra cozinha portuguesa no Alma Lusa, Linda-a-Velha\",\"datePublished\":\"2026-04-30T15:35:43+00:00\",\"mainEntityOfPage\":{\"@id\":\"https:\/\/portaltela.pt\/noticias\/2026\/04\/30\/prato-do-dia-celebra-cozinha-portuguesa-no-alma-lusa-linda-a-velha\/\"},\"wordCount\":272,\"image\":{\"@id\":\"https:\/\/portaltela.pt\/noticias\/2026\/04\/30\/prato-do-dia-celebra-cozinha-portuguesa-no-alma-lusa-linda-a-velha\/#primaryimage\"},\"thumbnailUrl\":\"https:\/\/portaltela.pt\/s.01k8rhncp4jt1\/2026\/04\/image-105.webp\",\"keywords\":[\"_comida\",\"_cozinha\",\"_gastronomia\",\"_Oeiras\",\"_Portugal\",\"_restaura\u00e7\u00e3o\"],\"articleSection\":[\"Gastronomia\",\"Not\u00edcias\"],\"inLanguage\":\"pt-PT\"},{\"@type\":\"WebPage\",\"@id\":\"https:\/\/portaltela.pt\/noticias\/2026\/04\/30\/prato-do-dia-celebra-cozinha-portuguesa-no-alma-lusa-linda-a-velha\/\",\"url\":\"https:\/\/portaltela.pt\/noticias\/2026\/04\/30\/prato-do-dia-celebra-cozinha-portuguesa-no-alma-lusa-linda-a-velha\/\",\"name\":\"Prato do Dia celebra cozinha portuguesa no Alma Lusa, Linda-a-Velha - Portal Tela Portugal\",\"isPartOf\":{\"@id\":\"https:\/\/portaltela.pt\/#website\"},\"primaryImageOfPage\":{\"@id\":\"https:\/\/portaltela.pt\/noticias\/2026\/04\/30\/prato-do-dia-celebra-cozinha-portuguesa-no-alma-lusa-linda-a-velha\/#primaryimage\"},\"image\":{\"@id\":\"https:\/\/portaltela.pt\/noticias\/2026\/04\/30\/prato-do-dia-celebra-cozinha-portuguesa-no-alma-lusa-linda-a-velha\/#primaryimage\"},\"thumbnailUrl\":\"https:\/\/portaltela.pt\/s.01k8rhncp4jt1\/2026\/04\/image-105.webp\",\"datePublished\":\"2026-04-30T15:35:43+00:00\",\"author\":{\"@id\":\"https:\/\/portaltela.pt\/#\/schema\/person\/c4278d4a6028830caff9ee44b42d32ed\"},\"breadcrumb\":{\"@id\":\"https:\/\/portaltela.pt\/noticias\/2026\/04\/30\/prato-do-dia-celebra-cozinha-portuguesa-no-alma-lusa-linda-a-velha\/#breadcrumb\"},\"inLanguage\":\"pt-PT\",\"potentialAction\":[{\"@type\":\"ReadAction\",\"target\":[\"https:\/\/portaltela.pt\/noticias\/2026\/04\/30\/prato-do-dia-celebra-cozinha-portuguesa-no-alma-lusa-linda-a-velha\/\"]}]},{\"@type\":\"ImageObject\",\"inLanguage\":\"pt-PT\",\"@id\":\"https:\/\/portaltela.pt\/noticias\/2026\/04\/30\/prato-do-dia-celebra-cozinha-portuguesa-no-alma-lusa-linda-a-velha\/#primaryimage\",\"url\":\"https:\/\/portaltela.pt\/s.01k8rhncp4jt1\/2026\/04\/image-105.webp\",\"contentUrl\":\"https:\/\/portaltela.pt\/s.01k8rhncp4jt1\/2026\/04\/image-105.webp\",\"width\":1200,\"height\":1600,\"caption\":\"Imagem de contexto do artigo Prato do Dia: o prazer da cozinha portuguesa no Alma Lusa, em Linda-a-Velha\"},{\"@type\":\"BreadcrumbList\",\"@id\":\"https:\/\/portaltela.pt\/noticias\/2026\/04\/30\/prato-do-dia-celebra-cozinha-portuguesa-no-alma-lusa-linda-a-velha\/#breadcrumb\",\"itemListElement\":[{\"@type\":\"ListItem\",\"position\":1,\"name\":\"In\u00edcio\",\"item\":\"https:\/\/portaltela.pt\/\"},{\"@type\":\"ListItem\",\"position\":2,\"name\":\"Prato do Dia celebra cozinha portuguesa no Alma Lusa, Linda-a-Velha\"}]},{\"@type\":\"WebSite\",\"@id\":\"https:\/\/portaltela.pt\/#website\",\"url\":\"https:\/\/portaltela.pt\/\",\"name\":\"Portal Tela Portugal\",\"description\":\"\",\"potentialAction\":[{\"@type\":\"SearchAction\",\"target\":{\"@type\":\"EntryPoint\",\"urlTemplate\":\"https:\/\/portaltela.pt\/?s={search_term_string}\"},\"query-input\":{\"@type\":\"PropertyValueSpecification\",\"valueRequired\":true,\"valueName\":\"search_term_string\"}}],\"inLanguage\":\"pt-PT\"},{\"@type\":\"Person\",\"@id\":\"https:\/\/portaltela.pt\/#\/schema\/person\/c4278d4a6028830caff9ee44b42d32ed\",\"name\":\"Telinha\",\"image\":{\"@type\":\"ImageObject\",\"inLanguage\":\"pt-PT\",\"@id\":\"https:\/\/portaltela.pt\/s.01k8rhncp4jt1\/2025\/11\/talking-bot-125x125.png\",\"url\":\"https:\/\/portaltela.pt\/s.01k8rhncp4jt1\/2025\/11\/talking-bot-125x125.png\",\"contentUrl\":\"https:\/\/portaltela.pt\/s.01k8rhncp4jt1\/2025\/11\/talking-bot-125x125.png\",\"caption\":\"Telinha\"},\"sameAs\":[\"https:\/\/portaltela.pt\/\"],\"url\":\"https:\/\/portaltela.pt\/por\/367410592786\/\"}]}<\/script>\n<!-- \/ Yoast SEO plugin. -->","yoast_head_json":{"title":"Prato do Dia celebra cozinha portuguesa no Alma Lusa, Linda-a-Velha - Portal Tela Portugal","robots":{"index":"index","follow":"follow","max-snippet":"max-snippet:-1","max-image-preview":"max-image-preview:large","max-video-preview":"max-video-preview:-1"},"og_locale":"pt_PT","og_type":"article","og_title":"Prato do Dia celebra cozinha portuguesa no Alma Lusa, Linda-a-Velha - Portal Tela Portugal","og_description":"Alma Lusa \u00e9 um restaurante de cozinha portuguesa em Linda-a-Velha, na Rua Irene Lisboa 3-A. Abre diariamente ao almo\u00e7o, das 12h \u00e0s 15h, e ao jantar, das 19h \u00e0s 23h; encerra no jantar de domingo e na segunda-feira. Pre\u00e7o m\u00e9dio por pessoa: 23 euros. O menu inclui entradas frias, petiscos quentes e uma variedade de pratos de peixe e de carne, com sugest\u00f5es como bacalhau \u00e0 lagareiro, pataniscas de bacalhau, iscas de porco de cebolada, bochechas estufadas e bife \u00e0 portuguesa. Sobremesas caseiras completam a oferta, com o objetivo de atrair clientes para a pr\u00f3xima visita.","og_url":"https:\/\/portaltela.pt\/noticias\/2026\/04\/30\/prato-do-dia-celebra-cozinha-portuguesa-no-alma-lusa-linda-a-velha\/","og_site_name":"Portal Tela Portugal","article_published_time":"2026-04-30T15:35:43+00:00","author":"Telinha","twitter_card":"summary_large_image","twitter_misc":{"Escrito por":"Telinha","Tempo estimado de leitura":"1 minuto"},"schema":{"@context":"https:\/\/schema.org","@graph":[{"@type":"Article","@id":"https:\/\/portaltela.pt\/noticias\/2026\/04\/30\/prato-do-dia-celebra-cozinha-portuguesa-no-alma-lusa-linda-a-velha\/#article","isPartOf":{"@id":"https:\/\/portaltela.pt\/noticias\/2026\/04\/30\/prato-do-dia-celebra-cozinha-portuguesa-no-alma-lusa-linda-a-velha\/"},"author":{"name":"Telinha","@id":"https:\/\/portaltela.pt\/#\/schema\/person\/c4278d4a6028830caff9ee44b42d32ed"},"headline":"Prato do Dia celebra cozinha portuguesa no Alma Lusa, Linda-a-Velha","datePublished":"2026-04-30T15:35:43+00:00","mainEntityOfPage":{"@id":"https:\/\/portaltela.pt\/noticias\/2026\/04\/30\/prato-do-dia-celebra-cozinha-portuguesa-no-alma-lusa-linda-a-velha\/"},"wordCount":272,"image":{"@id":"https:\/\/portaltela.pt\/noticias\/2026\/04\/30\/prato-do-dia-celebra-cozinha-portuguesa-no-alma-lusa-linda-a-velha\/#primaryimage"},"thumbnailUrl":"https:\/\/portaltela.pt\/s.01k8rhncp4jt1\/2026\/04\/image-105.webp","keywords":["_comida","_cozinha","_gastronomia","_Oeiras","_Portugal","_restaura\u00e7\u00e3o"],"articleSection":["Gastronomia","Not\u00edcias"],"inLanguage":"pt-PT"},{"@type":"WebPage","@id":"https:\/\/portaltela.pt\/noticias\/2026\/04\/30\/prato-do-dia-celebra-cozinha-portuguesa-no-alma-lusa-linda-a-velha\/","url":"https:\/\/portaltela.pt\/noticias\/2026\/04\/30\/prato-do-dia-celebra-cozinha-portuguesa-no-alma-lusa-linda-a-velha\/","name":"Prato do Dia celebra cozinha portuguesa no Alma Lusa, Linda-a-Velha - Portal Tela Portugal","isPartOf":{"@id":"https:\/\/portaltela.pt\/#website"},"primaryImageOfPage":{"@id":"https:\/\/portaltela.pt\/noticias\/2026\/04\/30\/prato-do-dia-celebra-cozinha-portuguesa-no-alma-lusa-linda-a-velha\/#primaryimage"},"image":{"@id":"https:\/\/portaltela.pt\/noticias\/2026\/04\/30\/prato-do-dia-celebra-cozinha-portuguesa-no-alma-lusa-linda-a-velha\/#primaryimage"},"thumbnailUrl":"https:\/\/portaltela.pt\/s.01k8rhncp4jt1\/2026\/04\/image-105.webp","datePublished":"2026-04-30T15:35:43+00:00","author":{"@id":"https:\/\/portaltela.pt\/#\/schema\/person\/c4278d4a6028830caff9ee44b42d32ed"},"breadcrumb":{"@id":"https:\/\/portaltela.pt\/noticias\/2026\/04\/30\/prato-do-dia-celebra-cozinha-portuguesa-no-alma-lusa-linda-a-velha\/#breadcrumb"},"inLanguage":"pt-PT","potentialAction":[{"@type":"ReadAction","target":["https:\/\/portaltela.pt\/noticias\/2026\/04\/30\/prato-do-dia-celebra-cozinha-portuguesa-no-alma-lusa-linda-a-velha\/"]}]},{"@type":"ImageObject","inLanguage":"pt-PT","@id":"https:\/\/portaltela.pt\/noticias\/2026\/04\/30\/prato-do-dia-celebra-cozinha-portuguesa-no-alma-lusa-linda-a-velha\/#primaryimage","url":"https:\/\/portaltela.pt\/s.01k8rhncp4jt1\/2026\/04\/image-105.webp","contentUrl":"https:\/\/portaltela.pt\/s.01k8rhncp4jt1\/2026\/04\/image-105.webp","width":1200,"height":1600,"caption":"Imagem de contexto do artigo Prato do Dia: o prazer da cozinha portuguesa no Alma Lusa, em Linda-a-Velha"},{"@type":"BreadcrumbList","@id":"https:\/\/portaltela.pt\/noticias\/2026\/04\/30\/prato-do-dia-celebra-cozinha-portuguesa-no-alma-lusa-linda-a-velha\/#breadcrumb","itemListElement":[{"@type":"ListItem","position":1,"name":"In\u00edcio","item":"https:\/\/portaltela.pt\/"},{"@type":"ListItem","position":2,"name":"Prato do Dia celebra cozinha portuguesa no Alma Lusa, Linda-a-Velha"}]},{"@type":"WebSite","@id":"https:\/\/portaltela.pt\/#website","url":"https:\/\/portaltela.pt\/","name":"Portal Tela Portugal","description":"","potentialAction":[{"@type":"SearchAction","target":{"@type":"EntryPoint","urlTemplate":"https:\/\/portaltela.pt\/?s={search_term_string}"},"query-input":{"@type":"PropertyValueSpecification","valueRequired":true,"valueName":"search_term_string"}}],"inLanguage":"pt-PT"},{"@type":"Person","@id":"https:\/\/portaltela.pt\/#\/schema\/person\/c4278d4a6028830caff9ee44b42d32ed","name":"Telinha","image":{"@type":"ImageObject","inLanguage":"pt-PT","@id":"https:\/\/portaltela.pt\/s.01k8rhncp4jt1\/2025\/11\/talking-bot-125x125.png","url":"https:\/\/portaltela.pt\/s.01k8rhncp4jt1\/2025\/11\/talking-bot-125x125.png","contentUrl":"https:\/\/portaltela.pt\/s.01k8rhncp4jt1\/2025\/11\/talking-bot-125x125.png","caption":"Telinha"},"sameAs":["https:\/\/portaltela.pt\/"],"url":"https:\/\/portaltela.pt\/por\/367410592786\/"}]}},"_links":{"self":[{"href":"https:\/\/portaltela.pt\/api\/wp\/v2\/posts\/462625","targetHints":{"allow":["GET"]}}],"collection":[{"href":"https:\/\/portaltela.pt\/api\/wp\/v2\/posts"}],"about":[{"href":"https:\/\/portaltela.pt\/api\/wp\/v2\/types\/post"}],"author":[{"embeddable":true,"href":"https:\/\/portaltela.pt\/api\/wp\/v2\/users\/2"}],"replies":[{"embeddable":true,"href":"https:\/\/portaltela.pt\/api\/wp\/v2\/comments?post=462625"}],"version-history":[{"count":0,"href":"https:\/\/portaltela.pt\/api\/wp\/v2\/posts\/462625\/revisions"}],"wp:featuredmedia":[{"embeddable":true,"href":"https:\/\/portaltela.pt\/api\/wp\/v2\/media\/462630"}],"wp:attachment":[{"href":"https:\/\/portaltela.pt\/api\/wp\/v2\/media?parent=462625"}],"wp:term":[{"taxonomy":"category","embeddable":true,"href":"https:\/\/portaltela.pt\/api\/wp\/v2\/categories?post=462625"},{"taxonomy":"post_tag","embeddable":true,"href":"https:\/\/portaltela.pt\/api\/wp\/v2\/tags?post=462625"}],"curies":[{"name":"wp","href":"https:\/\/api.w.org\/{rel}","templated":true}]}}