{"id":462624,"date":"2026-04-30T12:35:43","date_gmt":"2026-04-30T15:35:43","guid":{"rendered":"https:\/\/portaltela.pt\/noticias\/2026\/04\/30\/praias-de-cascais-iniciam-ja-a-mais-longa-epoca-balnear-de-portugal\/"},"modified":"2026-04-30T12:35:43","modified_gmt":"2026-04-30T15:35:43","slug":"praias-de-cascais-iniciam-ja-a-mais-longa-epoca-balnear-de-portugal","status":"publish","type":"post","link":"https:\/\/portaltela.pt\/sociedade\/2026\/04\/30\/praias-de-cascais-iniciam-ja-a-mais-longa-epoca-balnear-de-portugal\/","title":{"rendered":"Praias de Cascais iniciam j\u00e1 a mais longa \u00e9poca balnear de Portugal"},"content":{"rendered":"<p>O munic\u00edpio de Cascais abre a \u00e9poca balnear no pr\u00f3ximo dia 1 de Maio, estendendo-a at\u00e9 30 de Setembro. Ao longo desse per\u00edodo, 13 praias do concelho v\u00e3o contar com vigil\u00e2ncia de nadadores-salvadores, acompanhada por duas piscinas oce\u00e2nicas.<\/p>\n<p>Ao todo s\u00e3o cerca de 60 nadadores-salvadores que v\u00e3o assegurar a vigil\u00e2ncia nas praias, como parte de um plano iniciado em Janeiro para manter servi\u00e7os durante o ano inteiro. A abertura oficial acontece \u00e0s 10h na praia da Parede, em cerim\u00f3nia p\u00fablica.<\/p>\n<p>A autarquia enfatiza que a vigil\u00e2ncia n\u00e3o se restringe ao Ver\u00e3o: o objetivo \u00e9 garantir a seguran\u00e7a ao longo de todo o ano, com financiamento municipal para os nadadores-salvadores, mesmo fora de per\u00edodos concessionados aos operadores. V\u00e3o existir recursos de resposta, incluindo ve\u00edculos e equipamentos de assist\u00eancia.<\/p>\n<p>Durante a \u00e9poca balnear, a monitoriza\u00e7\u00e3o da qualidade da \u00e1gua e da areia ser\u00e1 efetuada em todas as praias, com ensaios de par\u00e2metros microbiol\u00f3gicos, fungos e leveduras para detetar potenciais contamina\u00e7\u00f5es. Este trabalho visa assegurar maior seguran\u00e7a sanit\u00e1ria aos banhistas.<\/p>\n<p>Bandeira Azul e outras informa\u00e7\u00f5es<\/p>\n<p>Este ano, Cascais tem sete praias na lista de Bandeira Azul, nomeadamente Avencas, Carcavelos, Crismina, Guincho Norte, Guincho Sul, Parede e S. Pedro do Estoril. As praias da Po\u00e7a e do Tamariz n\u00e3o integram a lista neste ciclo. Portugal totaliza 438 praias, marinas e embarca\u00e7\u00f5es com Bandeira Azul.<\/p>\n","protected":false},"excerpt":{"rendered":"<ul>\n<li>Cascais abre a \u00e9poca balnear um de maio e prolonga-a at\u00e9 ao dia 30 de setembro, nas 13 praias e duas piscinas oce\u00e2nicas do concelho.<\/li>\n<li>S\u00e3o cerca de sessenta nadadores-salvadores ao longo da \u00e9poca, com vigil\u00e2ncia em 13 praias, excecionando Avencas e Crismina.<\/li>\n<li>A abertura oficial acontece \u00e0s 10h na praia da Parede, numa cerim\u00f3nia anunciada pela C\u00e2mara Municipal.<\/li>\n<li>A vigil\u00e2ncia mant\u00e9m-se ao longo do inverno, com a C\u00e2mara a financiar os nadadores-salvadores adicionais e a apoiar a seguran\u00e7a durante todo o ano.<\/li>\n<li>Vai haver monitoriza\u00e7\u00e3o da qualidade das \u00e1guas e areias; sete praias de Cascais integram a lista Bandeira Azul este ano, com Po\u00e7a e Tamariz a sa\u00edrem.<\/li>\n<\/ul>\n","protected":false},"author":2,"featured_media":462631,"comment_status":"closed","ping_status":"closed","sticky":false,"template":"","format":"standard","meta":{"footnotes":""},"categories":[6725,6871],"tags":[7923,10024,8248,2652,2901,169],"class_list":["post-462624","post","type-post","status-publish","format-standard","has-post-thumbnail","hentry","category-meio-ambiente","category-sociedade","tag-_agua","tag-_bandeira-azul","tag-_cascais","tag-carcavelos","tag-parede","tag-turismo"],"yoast_head":"<!-- This site is optimized with the Yoast SEO plugin v27.2 - https:\/\/yoast.com\/product\/yoast-seo-wordpress\/ -->\n<title>Praias de Cascais iniciam j\u00e1 a mais longa \u00e9poca balnear de Portugal - Portal Tela Portugal<\/title>\n<meta name=\"robots\" content=\"index, follow, max-snippet:-1, max-image-preview:large, max-video-preview:-1\" \/>\n<meta property=\"og:locale\" content=\"pt_PT\" \/>\n<meta property=\"og:type\" content=\"article\" \/>\n<meta property=\"og:title\" content=\"Praias de Cascais iniciam j\u00e1 a mais longa \u00e9poca balnear de Portugal - Portal Tela Portugal\" \/>\n<meta property=\"og:description\" content=\"Cascais abre a \u00e9poca balnear um de maio e prolonga-a at\u00e9 ao dia 30 de setembro, nas 13 praias e duas piscinas oce\u00e2nicas do concelho. S\u00e3o cerca de sessenta nadadores-salvadores ao longo da \u00e9poca, com vigil\u00e2ncia em 13 praias, excecionando Avencas e Crismina. A abertura oficial acontece \u00e0s 10h na praia da Parede, numa cerim\u00f3nia anunciada pela C\u00e2mara Municipal. A vigil\u00e2ncia mant\u00e9m-se ao longo do inverno, com a C\u00e2mara a financiar os nadadores-salvadores adicionais e a apoiar a seguran\u00e7a durante todo o ano. Vai haver monitoriza\u00e7\u00e3o da qualidade das \u00e1guas e areias; sete praias de Cascais integram a lista Bandeira Azul este ano, com Po\u00e7a e Tamariz a sa\u00edrem.\" \/>\n<meta property=\"og:url\" content=\"https:\/\/portaltela.pt\/noticias\/2026\/04\/30\/praias-de-cascais-iniciam-ja-a-mais-longa-epoca-balnear-de-portugal\/\" \/>\n<meta property=\"og:site_name\" content=\"Portal Tela Portugal\" \/>\n<meta property=\"article:published_time\" content=\"2026-04-30T15:35:43+00:00\" \/>\n<meta name=\"author\" content=\"Telinha\" \/>\n<meta name=\"twitter:card\" content=\"summary_large_image\" \/>\n<meta name=\"twitter:label1\" content=\"Escrito por\" \/>\n\t<meta name=\"twitter:data1\" content=\"Telinha\" \/>\n\t<meta name=\"twitter:label2\" content=\"Tempo estimado de leitura\" \/>\n\t<meta name=\"twitter:data2\" content=\"1 minuto\" \/>\n<script type=\"application\/ld+json\" class=\"yoast-schema-graph\">{\"@context\":\"https:\/\/schema.org\",\"@graph\":[{\"@type\":\"Article\",\"@id\":\"https:\/\/portaltela.pt\/noticias\/2026\/04\/30\/praias-de-cascais-iniciam-ja-a-mais-longa-epoca-balnear-de-portugal\/#article\",\"isPartOf\":{\"@id\":\"https:\/\/portaltela.pt\/noticias\/2026\/04\/30\/praias-de-cascais-iniciam-ja-a-mais-longa-epoca-balnear-de-portugal\/\"},\"author\":{\"name\":\"Telinha\",\"@id\":\"https:\/\/portaltela.pt\/#\/schema\/person\/c4278d4a6028830caff9ee44b42d32ed\"},\"headline\":\"Praias de Cascais iniciam j\u00e1 a mais longa \u00e9poca balnear de Portugal\",\"datePublished\":\"2026-04-30T15:35:43+00:00\",\"mainEntityOfPage\":{\"@id\":\"https:\/\/portaltela.pt\/noticias\/2026\/04\/30\/praias-de-cascais-iniciam-ja-a-mais-longa-epoca-balnear-de-portugal\/\"},\"wordCount\":256,\"image\":{\"@id\":\"https:\/\/portaltela.pt\/noticias\/2026\/04\/30\/praias-de-cascais-iniciam-ja-a-mais-longa-epoca-balnear-de-portugal\/#primaryimage\"},\"thumbnailUrl\":\"https:\/\/portaltela.pt\/s.01k8rhncp4jt1\/2026\/04\/tpUHdbIMAGENStypeJPGshare1oBarraFacebook_Fugas-7.jpg\",\"keywords\":[\"_\u00e1gua\",\"_Bandeira Azul\",\"_Cascais\",\"Carcavelos\",\"Parede\",\"turismo\"],\"articleSection\":[\"Meio Ambiente\",\"Sociedade\"],\"inLanguage\":\"pt-PT\"},{\"@type\":\"WebPage\",\"@id\":\"https:\/\/portaltela.pt\/noticias\/2026\/04\/30\/praias-de-cascais-iniciam-ja-a-mais-longa-epoca-balnear-de-portugal\/\",\"url\":\"https:\/\/portaltela.pt\/noticias\/2026\/04\/30\/praias-de-cascais-iniciam-ja-a-mais-longa-epoca-balnear-de-portugal\/\",\"name\":\"Praias de Cascais iniciam j\u00e1 a mais longa \u00e9poca balnear de Portugal - Portal Tela Portugal\",\"isPartOf\":{\"@id\":\"https:\/\/portaltela.pt\/#website\"},\"primaryImageOfPage\":{\"@id\":\"https:\/\/portaltela.pt\/noticias\/2026\/04\/30\/praias-de-cascais-iniciam-ja-a-mais-longa-epoca-balnear-de-portugal\/#primaryimage\"},\"image\":{\"@id\":\"https:\/\/portaltela.pt\/noticias\/2026\/04\/30\/praias-de-cascais-iniciam-ja-a-mais-longa-epoca-balnear-de-portugal\/#primaryimage\"},\"thumbnailUrl\":\"https:\/\/portaltela.pt\/s.01k8rhncp4jt1\/2026\/04\/tpUHdbIMAGENStypeJPGshare1oBarraFacebook_Fugas-7.jpg\",\"datePublished\":\"2026-04-30T15:35:43+00:00\",\"author\":{\"@id\":\"https:\/\/portaltela.pt\/#\/schema\/person\/c4278d4a6028830caff9ee44b42d32ed\"},\"breadcrumb\":{\"@id\":\"https:\/\/portaltela.pt\/noticias\/2026\/04\/30\/praias-de-cascais-iniciam-ja-a-mais-longa-epoca-balnear-de-portugal\/#breadcrumb\"},\"inLanguage\":\"pt-PT\",\"potentialAction\":[{\"@type\":\"ReadAction\",\"target\":[\"https:\/\/portaltela.pt\/noticias\/2026\/04\/30\/praias-de-cascais-iniciam-ja-a-mais-longa-epoca-balnear-de-portugal\/\"]}]},{\"@type\":\"ImageObject\",\"inLanguage\":\"pt-PT\",\"@id\":\"https:\/\/portaltela.pt\/noticias\/2026\/04\/30\/praias-de-cascais-iniciam-ja-a-mais-longa-epoca-balnear-de-portugal\/#primaryimage\",\"url\":\"https:\/\/portaltela.pt\/s.01k8rhncp4jt1\/2026\/04\/tpUHdbIMAGENStypeJPGshare1oBarraFacebook_Fugas-7.jpg\",\"contentUrl\":\"https:\/\/portaltela.pt\/s.01k8rhncp4jt1\/2026\/04\/tpUHdbIMAGENStypeJPGshare1oBarraFacebook_Fugas-7.jpg\",\"width\":1200,\"height\":630,\"caption\":\"Cascais tem em vigor o plano de colocar vigil\u00e2ncia nas praias do concelho durante todo o ano\"},{\"@type\":\"BreadcrumbList\",\"@id\":\"https:\/\/portaltela.pt\/noticias\/2026\/04\/30\/praias-de-cascais-iniciam-ja-a-mais-longa-epoca-balnear-de-portugal\/#breadcrumb\",\"itemListElement\":[{\"@type\":\"ListItem\",\"position\":1,\"name\":\"In\u00edcio\",\"item\":\"https:\/\/portaltela.pt\/\"},{\"@type\":\"ListItem\",\"position\":2,\"name\":\"Praias de Cascais iniciam j\u00e1 a mais longa \u00e9poca balnear de Portugal\"}]},{\"@type\":\"WebSite\",\"@id\":\"https:\/\/portaltela.pt\/#website\",\"url\":\"https:\/\/portaltela.pt\/\",\"name\":\"Portal Tela Portugal\",\"description\":\"\",\"potentialAction\":[{\"@type\":\"SearchAction\",\"target\":{\"@type\":\"EntryPoint\",\"urlTemplate\":\"https:\/\/portaltela.pt\/?s={search_term_string}\"},\"query-input\":{\"@type\":\"PropertyValueSpecification\",\"valueRequired\":true,\"valueName\":\"search_term_string\"}}],\"inLanguage\":\"pt-PT\"},{\"@type\":\"Person\",\"@id\":\"https:\/\/portaltela.pt\/#\/schema\/person\/c4278d4a6028830caff9ee44b42d32ed\",\"name\":\"Telinha\",\"image\":{\"@type\":\"ImageObject\",\"inLanguage\":\"pt-PT\",\"@id\":\"https:\/\/portaltela.pt\/s.01k8rhncp4jt1\/2025\/11\/talking-bot-125x125.png\",\"url\":\"https:\/\/portaltela.pt\/s.01k8rhncp4jt1\/2025\/11\/talking-bot-125x125.png\",\"contentUrl\":\"https:\/\/portaltela.pt\/s.01k8rhncp4jt1\/2025\/11\/talking-bot-125x125.png\",\"caption\":\"Telinha\"},\"sameAs\":[\"https:\/\/portaltela.pt\/\"],\"url\":\"https:\/\/portaltela.pt\/por\/367410592786\/\"}]}<\/script>\n<!-- \/ Yoast SEO plugin. -->","yoast_head_json":{"title":"Praias de Cascais iniciam j\u00e1 a mais longa \u00e9poca balnear de Portugal - Portal Tela Portugal","robots":{"index":"index","follow":"follow","max-snippet":"max-snippet:-1","max-image-preview":"max-image-preview:large","max-video-preview":"max-video-preview:-1"},"og_locale":"pt_PT","og_type":"article","og_title":"Praias de Cascais iniciam j\u00e1 a mais longa \u00e9poca balnear de Portugal - Portal Tela Portugal","og_description":"Cascais abre a \u00e9poca balnear um de maio e prolonga-a at\u00e9 ao dia 30 de setembro, nas 13 praias e duas piscinas oce\u00e2nicas do concelho. S\u00e3o cerca de sessenta nadadores-salvadores ao longo da \u00e9poca, com vigil\u00e2ncia em 13 praias, excecionando Avencas e Crismina. A abertura oficial acontece \u00e0s 10h na praia da Parede, numa cerim\u00f3nia anunciada pela C\u00e2mara Municipal. A vigil\u00e2ncia mant\u00e9m-se ao longo do inverno, com a C\u00e2mara a financiar os nadadores-salvadores adicionais e a apoiar a seguran\u00e7a durante todo o ano. Vai haver monitoriza\u00e7\u00e3o da qualidade das \u00e1guas e areias; sete praias de Cascais integram a lista Bandeira Azul este ano, com Po\u00e7a e Tamariz a sa\u00edrem.","og_url":"https:\/\/portaltela.pt\/noticias\/2026\/04\/30\/praias-de-cascais-iniciam-ja-a-mais-longa-epoca-balnear-de-portugal\/","og_site_name":"Portal Tela Portugal","article_published_time":"2026-04-30T15:35:43+00:00","author":"Telinha","twitter_card":"summary_large_image","twitter_misc":{"Escrito por":"Telinha","Tempo estimado de leitura":"1 minuto"},"schema":{"@context":"https:\/\/schema.org","@graph":[{"@type":"Article","@id":"https:\/\/portaltela.pt\/noticias\/2026\/04\/30\/praias-de-cascais-iniciam-ja-a-mais-longa-epoca-balnear-de-portugal\/#article","isPartOf":{"@id":"https:\/\/portaltela.pt\/noticias\/2026\/04\/30\/praias-de-cascais-iniciam-ja-a-mais-longa-epoca-balnear-de-portugal\/"},"author":{"name":"Telinha","@id":"https:\/\/portaltela.pt\/#\/schema\/person\/c4278d4a6028830caff9ee44b42d32ed"},"headline":"Praias de Cascais iniciam j\u00e1 a mais longa \u00e9poca balnear de Portugal","datePublished":"2026-04-30T15:35:43+00:00","mainEntityOfPage":{"@id":"https:\/\/portaltela.pt\/noticias\/2026\/04\/30\/praias-de-cascais-iniciam-ja-a-mais-longa-epoca-balnear-de-portugal\/"},"wordCount":256,"image":{"@id":"https:\/\/portaltela.pt\/noticias\/2026\/04\/30\/praias-de-cascais-iniciam-ja-a-mais-longa-epoca-balnear-de-portugal\/#primaryimage"},"thumbnailUrl":"https:\/\/portaltela.pt\/s.01k8rhncp4jt1\/2026\/04\/tpUHdbIMAGENStypeJPGshare1oBarraFacebook_Fugas-7.jpg","keywords":["_\u00e1gua","_Bandeira Azul","_Cascais","Carcavelos","Parede","turismo"],"articleSection":["Meio Ambiente","Sociedade"],"inLanguage":"pt-PT"},{"@type":"WebPage","@id":"https:\/\/portaltela.pt\/noticias\/2026\/04\/30\/praias-de-cascais-iniciam-ja-a-mais-longa-epoca-balnear-de-portugal\/","url":"https:\/\/portaltela.pt\/noticias\/2026\/04\/30\/praias-de-cascais-iniciam-ja-a-mais-longa-epoca-balnear-de-portugal\/","name":"Praias de Cascais iniciam j\u00e1 a mais longa \u00e9poca balnear de Portugal - Portal Tela Portugal","isPartOf":{"@id":"https:\/\/portaltela.pt\/#website"},"primaryImageOfPage":{"@id":"https:\/\/portaltela.pt\/noticias\/2026\/04\/30\/praias-de-cascais-iniciam-ja-a-mais-longa-epoca-balnear-de-portugal\/#primaryimage"},"image":{"@id":"https:\/\/portaltela.pt\/noticias\/2026\/04\/30\/praias-de-cascais-iniciam-ja-a-mais-longa-epoca-balnear-de-portugal\/#primaryimage"},"thumbnailUrl":"https:\/\/portaltela.pt\/s.01k8rhncp4jt1\/2026\/04\/tpUHdbIMAGENStypeJPGshare1oBarraFacebook_Fugas-7.jpg","datePublished":"2026-04-30T15:35:43+00:00","author":{"@id":"https:\/\/portaltela.pt\/#\/schema\/person\/c4278d4a6028830caff9ee44b42d32ed"},"breadcrumb":{"@id":"https:\/\/portaltela.pt\/noticias\/2026\/04\/30\/praias-de-cascais-iniciam-ja-a-mais-longa-epoca-balnear-de-portugal\/#breadcrumb"},"inLanguage":"pt-PT","potentialAction":[{"@type":"ReadAction","target":["https:\/\/portaltela.pt\/noticias\/2026\/04\/30\/praias-de-cascais-iniciam-ja-a-mais-longa-epoca-balnear-de-portugal\/"]}]},{"@type":"ImageObject","inLanguage":"pt-PT","@id":"https:\/\/portaltela.pt\/noticias\/2026\/04\/30\/praias-de-cascais-iniciam-ja-a-mais-longa-epoca-balnear-de-portugal\/#primaryimage","url":"https:\/\/portaltela.pt\/s.01k8rhncp4jt1\/2026\/04\/tpUHdbIMAGENStypeJPGshare1oBarraFacebook_Fugas-7.jpg","contentUrl":"https:\/\/portaltela.pt\/s.01k8rhncp4jt1\/2026\/04\/tpUHdbIMAGENStypeJPGshare1oBarraFacebook_Fugas-7.jpg","width":1200,"height":630,"caption":"Cascais tem em vigor o plano de colocar vigil\u00e2ncia nas praias do concelho durante todo o ano"},{"@type":"BreadcrumbList","@id":"https:\/\/portaltela.pt\/noticias\/2026\/04\/30\/praias-de-cascais-iniciam-ja-a-mais-longa-epoca-balnear-de-portugal\/#breadcrumb","itemListElement":[{"@type":"ListItem","position":1,"name":"In\u00edcio","item":"https:\/\/portaltela.pt\/"},{"@type":"ListItem","position":2,"name":"Praias de Cascais iniciam j\u00e1 a mais longa \u00e9poca balnear de Portugal"}]},{"@type":"WebSite","@id":"https:\/\/portaltela.pt\/#website","url":"https:\/\/portaltela.pt\/","name":"Portal Tela Portugal","description":"","potentialAction":[{"@type":"SearchAction","target":{"@type":"EntryPoint","urlTemplate":"https:\/\/portaltela.pt\/?s={search_term_string}"},"query-input":{"@type":"PropertyValueSpecification","valueRequired":true,"valueName":"search_term_string"}}],"inLanguage":"pt-PT"},{"@type":"Person","@id":"https:\/\/portaltela.pt\/#\/schema\/person\/c4278d4a6028830caff9ee44b42d32ed","name":"Telinha","image":{"@type":"ImageObject","inLanguage":"pt-PT","@id":"https:\/\/portaltela.pt\/s.01k8rhncp4jt1\/2025\/11\/talking-bot-125x125.png","url":"https:\/\/portaltela.pt\/s.01k8rhncp4jt1\/2025\/11\/talking-bot-125x125.png","contentUrl":"https:\/\/portaltela.pt\/s.01k8rhncp4jt1\/2025\/11\/talking-bot-125x125.png","caption":"Telinha"},"sameAs":["https:\/\/portaltela.pt\/"],"url":"https:\/\/portaltela.pt\/por\/367410592786\/"}]}},"_links":{"self":[{"href":"https:\/\/portaltela.pt\/api\/wp\/v2\/posts\/462624","targetHints":{"allow":["GET"]}}],"collection":[{"href":"https:\/\/portaltela.pt\/api\/wp\/v2\/posts"}],"about":[{"href":"https:\/\/portaltela.pt\/api\/wp\/v2\/types\/post"}],"author":[{"embeddable":true,"href":"https:\/\/portaltela.pt\/api\/wp\/v2\/users\/2"}],"replies":[{"embeddable":true,"href":"https:\/\/portaltela.pt\/api\/wp\/v2\/comments?post=462624"}],"version-history":[{"count":0,"href":"https:\/\/portaltela.pt\/api\/wp\/v2\/posts\/462624\/revisions"}],"wp:featuredmedia":[{"embeddable":true,"href":"https:\/\/portaltela.pt\/api\/wp\/v2\/media\/462631"}],"wp:attachment":[{"href":"https:\/\/portaltela.pt\/api\/wp\/v2\/media?parent=462624"}],"wp:term":[{"taxonomy":"category","embeddable":true,"href":"https:\/\/portaltela.pt\/api\/wp\/v2\/categories?post=462624"},{"taxonomy":"post_tag","embeddable":true,"href":"https:\/\/portaltela.pt\/api\/wp\/v2\/tags?post=462624"}],"curies":[{"name":"wp","href":"https:\/\/api.w.org\/{rel}","templated":true}]}}