{"id":462617,"date":"2026-04-30T12:35:24","date_gmt":"2026-04-30T15:35:24","guid":{"rendered":"https:\/\/portaltela.pt\/noticias\/2026\/04\/30\/centrais-sindicais-antecipam-milhares-no-1o-de-maio-e-novas-formas-de-luta\/"},"modified":"2026-04-30T12:35:24","modified_gmt":"2026-04-30T15:35:24","slug":"centrais-sindicais-antecipam-milhares-no-1o-de-maio-e-novas-formas-de-luta","status":"publish","type":"post","link":"https:\/\/portaltela.pt\/noticias\/economia\/2026\/04\/30\/centrais-sindicais-antecipam-milhares-no-1o-de-maio-e-novas-formas-de-luta\/","title":{"rendered":"Centrais sindicais antecipam milhares no 1\u00ba de Maio e novas formas de luta"},"content":{"rendered":"<p>A CGTP e a UGT v\u00e3o assinalar o 1.\u00ba de Maio com iniciativas de Norte a Sul do pa\u00eds, mobilizando milhares de trabalhadores. O objetivo \u00e9 denunciar as dificuldades vividas com o custo de vida e contestar o que consideram o ataque do pacote laboral do Governo.<\/p>\n<p>Tiago Oliveira, secret\u00e1rio-geral da CGTP, apontou que existem mais de 33 iniciativas em v\u00e1rias regi\u00f5es, com foco na luta contra o aumento dos pre\u00e7os e na falta de resposta institucional. A central tamb\u00e9m anunciou a possibilidade de uma nova greve geral.<\/p>\n<p>A intersindical promete ruas, pra\u00e7as e avenidas cheias de trabalhadores, mantendo a mobiliza\u00e7\u00e3o ao longo dos \u00faltimos meses. A ideia \u00e9 pressionar o Governo a altera\u00e7\u00f5es laborais consideradas prejudiciais.<\/p>\n<h3>A\u00e7\u00f5es previstas pela CGTP<\/h3>\n<p>Entre os eventos, destaca-se a corrida do Dia do Trabalhador, com sa\u00edda e chegada no Est\u00e1dio 1.\u00ba de Maio, em Lisboa. A partir das 14:30, segue-se um desfile entre o Martim Moniz e a Alameda D. Afonso Henriques, com um com\u00edcio principal de Tiago Oliveira.<\/p>\n<p>Na Avenida dos Aliados, no Porto, est\u00e1 prevista uma manifesta\u00e7\u00e3o a partir das 15:00, com interven\u00e7\u00e3o de Filipe Pereira, coordenador da Uni\u00e3o de Sindicatos do Porto. A CGTP-IN tamb\u00e9m participar\u00e1 no evento portuense.<\/p>\n<h3>A\u00e7\u00f5es previstas pela UGT<\/h3>\n<p>A UGT assinala as comemora\u00e7\u00f5es no Centro Desportivo Nacional do Jamor, em Oeiras, com in\u00edcio \u00e0s 10:30, incluindo a corrida UGT que dever\u00e1 reunir centenas de participantes. Seguir-se-\u00e3o sess\u00f5es de treino e workshops sobre viol\u00eancia e mobilidade, junto de cerca de 35 tendas de sindicatos filiados.<\/p>\n<p>Isaltino Morais, presidente da C\u00e2mara de Oeiras, e Lucinda D\u00e2maso, presidente da UGT, al\u00e9m de M\u00e1rio Mour\u00e3o, secret\u00e1rio-geral da CGTP, participam nas interven\u00e7\u00f5es programadas para a manh\u00e3 de homenagem aos trabalhadores.<\/p>\n<h3>Perspetivas do sindicalismo<\/h3>\n<p>S\u00e9rgio Monte, secret\u00e1rio-geral adjunto da UGT, afirmou que a participa\u00e7\u00e3o dever\u00e1 superar as estimativas, refletindo o atual momento social. Aduz que o 1.\u00ba de Maio junta festa e luta, com propostas do sindicato para o C\u00f3digo do Trabalho.<\/p>\n<p>A UGT reiterou a sua posi\u00e7\u00e3o sobre o pacote laboral: mant\u00e9m propostas de altera\u00e7\u00f5es, especialmente ao banco de horas, outsourcing, servi\u00e7os m\u00ednimos e restri\u00e7\u00f5es \u00e0 atividade sindical. O Governo tem negocia\u00e7\u00f5es marcadas para maio.<\/p>\n<h3>Contexto pol\u00edtico e negocia\u00e7\u00f5es em curso<\/h3>\n<p>As propostas da UGT surgem em pleno debate p\u00fablico sobre o pacote laboral. Em 23 de abril, a ministra do Trabalho pediu aproxima\u00e7\u00e3o, enquanto a Concerta\u00e7\u00e3o Social dever\u00e1 reunir a 7 de maio para encerrar o processo negocial.<\/p>\n","protected":false},"excerpt":{"rendered":"<ul>\n<li>CGTP e UGT v\u00e3o assinalar o 1.\u00ba de Maio com milhares de trabalhadores de Norte a Sul, incluindo potenciais novas formas de luta e a poss\u00edvel convoca\u00e7\u00e3o de uma greve geral.<\/li>\n<li>A CGTP aponta mais de 33 iniciativas em v\u00e1rias regi\u00f5es para denunciar o custo de vida, o pre\u00e7o dos combust\u00edveis e a in\u00e9rcia do Governo perante a situa\u00e7\u00e3o.<\/li>\n<li>O objetivo \u00e9 derrotar o pacote laboral, que a central acusa de servir os interesses dos grandes patr\u00f5es.<\/li>\n<li>Em Lisboa, ocorre a corrida do Dia do Trabalhador e um desfile entre o Martim Moniz e a Alameda D. Afonso Henriques, com com\u00edcio de Tiago Oliveira; no Porto, h\u00e1 uma manifesta\u00e7\u00e3o na Avenida dos Aliados com interven\u00e7\u00e3o de Filipe Pereira.<\/li>\n<li>A UGT realiza atividades no Jamor, com corrida, sess\u00f5es e tendas de sindicatos; h\u00e1 divulga\u00e7\u00e3o de propostas de altera\u00e7\u00e3o ao C\u00f3digo do Trabalho e a atua\u00e7\u00e3o de M\u00e1rio Mour\u00e3o e Lucinda D\u00e2maso.<\/li>\n<\/ul>\n","protected":false},"author":2,"featured_media":462618,"comment_status":"closed","ping_status":"closed","sticky":false,"template":"","format":"standard","meta":{"footnotes":""},"categories":[2,6871],"tags":[8107,8860,8424,8057,8923,2201],"class_list":["post-462617","post","type-post","status-publish","format-standard","has-post-thumbnail","hentry","category-economia","category-sociedade","tag-_cgtp","tag-_codigo-do-trabalho","tag-_despesas","tag-_sindicatos","tag-_ugt","tag-trabalho"],"yoast_head":"<!-- This site is optimized with the Yoast SEO plugin v27.2 - https:\/\/yoast.com\/product\/yoast-seo-wordpress\/ -->\n<title>Centrais sindicais antecipam milhares no 1\u00ba de Maio e novas formas de luta - Portal Tela Portugal<\/title>\n<meta name=\"robots\" content=\"index, follow, max-snippet:-1, max-image-preview:large, max-video-preview:-1\" \/>\n<meta property=\"og:locale\" content=\"pt_PT\" \/>\n<meta property=\"og:type\" content=\"article\" \/>\n<meta property=\"og:title\" content=\"Centrais sindicais antecipam milhares no 1\u00ba de Maio e novas formas de luta - Portal Tela Portugal\" \/>\n<meta property=\"og:description\" content=\"CGTP e UGT v\u00e3o assinalar o 1.\u00ba de Maio com milhares de trabalhadores de Norte a Sul, incluindo potenciais novas formas de luta e a poss\u00edvel convoca\u00e7\u00e3o de uma greve geral. A CGTP aponta mais de 33 iniciativas em v\u00e1rias regi\u00f5es para denunciar o custo de vida, o pre\u00e7o dos combust\u00edveis e a in\u00e9rcia do Governo perante a situa\u00e7\u00e3o. O objetivo \u00e9 derrotar o pacote laboral, que a central acusa de servir os interesses dos grandes patr\u00f5es. Em Lisboa, ocorre a corrida do Dia do Trabalhador e um desfile entre o Martim Moniz e a Alameda D. Afonso Henriques, com com\u00edcio de Tiago Oliveira; no Porto, h\u00e1 uma manifesta\u00e7\u00e3o na Avenida dos Aliados com interven\u00e7\u00e3o de Filipe Pereira. A UGT realiza atividades no Jamor, com corrida, sess\u00f5es e tendas de sindicatos; h\u00e1 divulga\u00e7\u00e3o de propostas de altera\u00e7\u00e3o ao C\u00f3digo do Trabalho e a atua\u00e7\u00e3o de M\u00e1rio Mour\u00e3o e Lucinda D\u00e2maso.\" \/>\n<meta property=\"og:url\" content=\"https:\/\/portaltela.pt\/noticias\/2026\/04\/30\/centrais-sindicais-antecipam-milhares-no-1o-de-maio-e-novas-formas-de-luta\/\" \/>\n<meta property=\"og:site_name\" content=\"Portal Tela Portugal\" \/>\n<meta property=\"article:published_time\" content=\"2026-04-30T15:35:24+00:00\" \/>\n<meta name=\"author\" content=\"Telinha\" \/>\n<meta name=\"twitter:card\" content=\"summary_large_image\" \/>\n<meta name=\"twitter:label1\" content=\"Escrito por\" \/>\n\t<meta name=\"twitter:data1\" content=\"Telinha\" \/>\n\t<meta name=\"twitter:label2\" content=\"Tempo estimado de leitura\" \/>\n\t<meta name=\"twitter:data2\" content=\"2 minutos\" \/>\n<script type=\"application\/ld+json\" class=\"yoast-schema-graph\">{\"@context\":\"https:\/\/schema.org\",\"@graph\":[{\"@type\":\"Article\",\"@id\":\"https:\/\/portaltela.pt\/noticias\/2026\/04\/30\/centrais-sindicais-antecipam-milhares-no-1o-de-maio-e-novas-formas-de-luta\/#article\",\"isPartOf\":{\"@id\":\"https:\/\/portaltela.pt\/noticias\/2026\/04\/30\/centrais-sindicais-antecipam-milhares-no-1o-de-maio-e-novas-formas-de-luta\/\"},\"author\":{\"name\":\"Telinha\",\"@id\":\"https:\/\/portaltela.pt\/#\/schema\/person\/c4278d4a6028830caff9ee44b42d32ed\"},\"headline\":\"Centrais sindicais antecipam milhares no 1\u00ba de Maio e novas formas de luta\",\"datePublished\":\"2026-04-30T15:35:24+00:00\",\"mainEntityOfPage\":{\"@id\":\"https:\/\/portaltela.pt\/noticias\/2026\/04\/30\/centrais-sindicais-antecipam-milhares-no-1o-de-maio-e-novas-formas-de-luta\/\"},\"wordCount\":445,\"image\":{\"@id\":\"https:\/\/portaltela.pt\/noticias\/2026\/04\/30\/centrais-sindicais-antecipam-milhares-no-1o-de-maio-e-novas-formas-de-luta\/#primaryimage\"},\"thumbnailUrl\":\"https:\/\/portaltela.pt\/s.01k8rhncp4jt1\/2026\/04\/img_1500x1000uu2023-05-01-17-40-51-1337814.jpg\",\"keywords\":[\"_CGTP\",\"_C\u00f3digo do Trabalho\",\"_despesas\",\"_sindicatos\",\"_UGT\",\"trabalho\"],\"articleSection\":[\"Economia\",\"Sociedade\"],\"inLanguage\":\"pt-PT\"},{\"@type\":\"WebPage\",\"@id\":\"https:\/\/portaltela.pt\/noticias\/2026\/04\/30\/centrais-sindicais-antecipam-milhares-no-1o-de-maio-e-novas-formas-de-luta\/\",\"url\":\"https:\/\/portaltela.pt\/noticias\/2026\/04\/30\/centrais-sindicais-antecipam-milhares-no-1o-de-maio-e-novas-formas-de-luta\/\",\"name\":\"Centrais sindicais antecipam milhares no 1\u00ba de Maio e novas formas de luta - Portal Tela Portugal\",\"isPartOf\":{\"@id\":\"https:\/\/portaltela.pt\/#website\"},\"primaryImageOfPage\":{\"@id\":\"https:\/\/portaltela.pt\/noticias\/2026\/04\/30\/centrais-sindicais-antecipam-milhares-no-1o-de-maio-e-novas-formas-de-luta\/#primaryimage\"},\"image\":{\"@id\":\"https:\/\/portaltela.pt\/noticias\/2026\/04\/30\/centrais-sindicais-antecipam-milhares-no-1o-de-maio-e-novas-formas-de-luta\/#primaryimage\"},\"thumbnailUrl\":\"https:\/\/portaltela.pt\/s.01k8rhncp4jt1\/2026\/04\/img_1500x1000uu2023-05-01-17-40-51-1337814.jpg\",\"datePublished\":\"2026-04-30T15:35:24+00:00\",\"author\":{\"@id\":\"https:\/\/portaltela.pt\/#\/schema\/person\/c4278d4a6028830caff9ee44b42d32ed\"},\"breadcrumb\":{\"@id\":\"https:\/\/portaltela.pt\/noticias\/2026\/04\/30\/centrais-sindicais-antecipam-milhares-no-1o-de-maio-e-novas-formas-de-luta\/#breadcrumb\"},\"inLanguage\":\"pt-PT\",\"potentialAction\":[{\"@type\":\"ReadAction\",\"target\":[\"https:\/\/portaltela.pt\/noticias\/2026\/04\/30\/centrais-sindicais-antecipam-milhares-no-1o-de-maio-e-novas-formas-de-luta\/\"]}]},{\"@type\":\"ImageObject\",\"inLanguage\":\"pt-PT\",\"@id\":\"https:\/\/portaltela.pt\/noticias\/2026\/04\/30\/centrais-sindicais-antecipam-milhares-no-1o-de-maio-e-novas-formas-de-luta\/#primaryimage\",\"url\":\"https:\/\/portaltela.pt\/s.01k8rhncp4jt1\/2026\/04\/img_1500x1000uu2023-05-01-17-40-51-1337814.jpg\",\"contentUrl\":\"https:\/\/portaltela.pt\/s.01k8rhncp4jt1\/2026\/04\/img_1500x1000uu2023-05-01-17-40-51-1337814.jpg\",\"width\":1500,\"height\":1000,\"caption\":\"\\\"H\u00e1 m\u00eas a mais para o meu sal\u00e1rio\\\": Trabalhadores assinalam 1.\u00bade Maio\"},{\"@type\":\"BreadcrumbList\",\"@id\":\"https:\/\/portaltela.pt\/noticias\/2026\/04\/30\/centrais-sindicais-antecipam-milhares-no-1o-de-maio-e-novas-formas-de-luta\/#breadcrumb\",\"itemListElement\":[{\"@type\":\"ListItem\",\"position\":1,\"name\":\"In\u00edcio\",\"item\":\"https:\/\/portaltela.pt\/\"},{\"@type\":\"ListItem\",\"position\":2,\"name\":\"Centrais sindicais antecipam milhares no 1\u00ba de Maio e novas formas de luta\"}]},{\"@type\":\"WebSite\",\"@id\":\"https:\/\/portaltela.pt\/#website\",\"url\":\"https:\/\/portaltela.pt\/\",\"name\":\"Portal Tela Portugal\",\"description\":\"\",\"potentialAction\":[{\"@type\":\"SearchAction\",\"target\":{\"@type\":\"EntryPoint\",\"urlTemplate\":\"https:\/\/portaltela.pt\/?s={search_term_string}\"},\"query-input\":{\"@type\":\"PropertyValueSpecification\",\"valueRequired\":true,\"valueName\":\"search_term_string\"}}],\"inLanguage\":\"pt-PT\"},{\"@type\":\"Person\",\"@id\":\"https:\/\/portaltela.pt\/#\/schema\/person\/c4278d4a6028830caff9ee44b42d32ed\",\"name\":\"Telinha\",\"image\":{\"@type\":\"ImageObject\",\"inLanguage\":\"pt-PT\",\"@id\":\"https:\/\/portaltela.pt\/s.01k8rhncp4jt1\/2025\/11\/talking-bot-125x125.png\",\"url\":\"https:\/\/portaltela.pt\/s.01k8rhncp4jt1\/2025\/11\/talking-bot-125x125.png\",\"contentUrl\":\"https:\/\/portaltela.pt\/s.01k8rhncp4jt1\/2025\/11\/talking-bot-125x125.png\",\"caption\":\"Telinha\"},\"sameAs\":[\"https:\/\/portaltela.pt\/\"],\"url\":\"https:\/\/portaltela.pt\/por\/367410592786\/\"}]}<\/script>\n<!-- \/ Yoast SEO plugin. -->","yoast_head_json":{"title":"Centrais sindicais antecipam milhares no 1\u00ba de Maio e novas formas de luta - Portal Tela Portugal","robots":{"index":"index","follow":"follow","max-snippet":"max-snippet:-1","max-image-preview":"max-image-preview:large","max-video-preview":"max-video-preview:-1"},"og_locale":"pt_PT","og_type":"article","og_title":"Centrais sindicais antecipam milhares no 1\u00ba de Maio e novas formas de luta - Portal Tela Portugal","og_description":"CGTP e UGT v\u00e3o assinalar o 1.\u00ba de Maio com milhares de trabalhadores de Norte a Sul, incluindo potenciais novas formas de luta e a poss\u00edvel convoca\u00e7\u00e3o de uma greve geral. A CGTP aponta mais de 33 iniciativas em v\u00e1rias regi\u00f5es para denunciar o custo de vida, o pre\u00e7o dos combust\u00edveis e a in\u00e9rcia do Governo perante a situa\u00e7\u00e3o. O objetivo \u00e9 derrotar o pacote laboral, que a central acusa de servir os interesses dos grandes patr\u00f5es. Em Lisboa, ocorre a corrida do Dia do Trabalhador e um desfile entre o Martim Moniz e a Alameda D. Afonso Henriques, com com\u00edcio de Tiago Oliveira; no Porto, h\u00e1 uma manifesta\u00e7\u00e3o na Avenida dos Aliados com interven\u00e7\u00e3o de Filipe Pereira. A UGT realiza atividades no Jamor, com corrida, sess\u00f5es e tendas de sindicatos; h\u00e1 divulga\u00e7\u00e3o de propostas de altera\u00e7\u00e3o ao C\u00f3digo do Trabalho e a atua\u00e7\u00e3o de M\u00e1rio Mour\u00e3o e Lucinda D\u00e2maso.","og_url":"https:\/\/portaltela.pt\/noticias\/2026\/04\/30\/centrais-sindicais-antecipam-milhares-no-1o-de-maio-e-novas-formas-de-luta\/","og_site_name":"Portal Tela Portugal","article_published_time":"2026-04-30T15:35:24+00:00","author":"Telinha","twitter_card":"summary_large_image","twitter_misc":{"Escrito por":"Telinha","Tempo estimado de leitura":"2 minutos"},"schema":{"@context":"https:\/\/schema.org","@graph":[{"@type":"Article","@id":"https:\/\/portaltela.pt\/noticias\/2026\/04\/30\/centrais-sindicais-antecipam-milhares-no-1o-de-maio-e-novas-formas-de-luta\/#article","isPartOf":{"@id":"https:\/\/portaltela.pt\/noticias\/2026\/04\/30\/centrais-sindicais-antecipam-milhares-no-1o-de-maio-e-novas-formas-de-luta\/"},"author":{"name":"Telinha","@id":"https:\/\/portaltela.pt\/#\/schema\/person\/c4278d4a6028830caff9ee44b42d32ed"},"headline":"Centrais sindicais antecipam milhares no 1\u00ba de Maio e novas formas de luta","datePublished":"2026-04-30T15:35:24+00:00","mainEntityOfPage":{"@id":"https:\/\/portaltela.pt\/noticias\/2026\/04\/30\/centrais-sindicais-antecipam-milhares-no-1o-de-maio-e-novas-formas-de-luta\/"},"wordCount":445,"image":{"@id":"https:\/\/portaltela.pt\/noticias\/2026\/04\/30\/centrais-sindicais-antecipam-milhares-no-1o-de-maio-e-novas-formas-de-luta\/#primaryimage"},"thumbnailUrl":"https:\/\/portaltela.pt\/s.01k8rhncp4jt1\/2026\/04\/img_1500x1000uu2023-05-01-17-40-51-1337814.jpg","keywords":["_CGTP","_C\u00f3digo do Trabalho","_despesas","_sindicatos","_UGT","trabalho"],"articleSection":["Economia","Sociedade"],"inLanguage":"pt-PT"},{"@type":"WebPage","@id":"https:\/\/portaltela.pt\/noticias\/2026\/04\/30\/centrais-sindicais-antecipam-milhares-no-1o-de-maio-e-novas-formas-de-luta\/","url":"https:\/\/portaltela.pt\/noticias\/2026\/04\/30\/centrais-sindicais-antecipam-milhares-no-1o-de-maio-e-novas-formas-de-luta\/","name":"Centrais sindicais antecipam milhares no 1\u00ba de Maio e novas formas de luta - Portal Tela Portugal","isPartOf":{"@id":"https:\/\/portaltela.pt\/#website"},"primaryImageOfPage":{"@id":"https:\/\/portaltela.pt\/noticias\/2026\/04\/30\/centrais-sindicais-antecipam-milhares-no-1o-de-maio-e-novas-formas-de-luta\/#primaryimage"},"image":{"@id":"https:\/\/portaltela.pt\/noticias\/2026\/04\/30\/centrais-sindicais-antecipam-milhares-no-1o-de-maio-e-novas-formas-de-luta\/#primaryimage"},"thumbnailUrl":"https:\/\/portaltela.pt\/s.01k8rhncp4jt1\/2026\/04\/img_1500x1000uu2023-05-01-17-40-51-1337814.jpg","datePublished":"2026-04-30T15:35:24+00:00","author":{"@id":"https:\/\/portaltela.pt\/#\/schema\/person\/c4278d4a6028830caff9ee44b42d32ed"},"breadcrumb":{"@id":"https:\/\/portaltela.pt\/noticias\/2026\/04\/30\/centrais-sindicais-antecipam-milhares-no-1o-de-maio-e-novas-formas-de-luta\/#breadcrumb"},"inLanguage":"pt-PT","potentialAction":[{"@type":"ReadAction","target":["https:\/\/portaltela.pt\/noticias\/2026\/04\/30\/centrais-sindicais-antecipam-milhares-no-1o-de-maio-e-novas-formas-de-luta\/"]}]},{"@type":"ImageObject","inLanguage":"pt-PT","@id":"https:\/\/portaltela.pt\/noticias\/2026\/04\/30\/centrais-sindicais-antecipam-milhares-no-1o-de-maio-e-novas-formas-de-luta\/#primaryimage","url":"https:\/\/portaltela.pt\/s.01k8rhncp4jt1\/2026\/04\/img_1500x1000uu2023-05-01-17-40-51-1337814.jpg","contentUrl":"https:\/\/portaltela.pt\/s.01k8rhncp4jt1\/2026\/04\/img_1500x1000uu2023-05-01-17-40-51-1337814.jpg","width":1500,"height":1000,"caption":"\"H\u00e1 m\u00eas a mais para o meu sal\u00e1rio\": Trabalhadores assinalam 1.\u00bade Maio"},{"@type":"BreadcrumbList","@id":"https:\/\/portaltela.pt\/noticias\/2026\/04\/30\/centrais-sindicais-antecipam-milhares-no-1o-de-maio-e-novas-formas-de-luta\/#breadcrumb","itemListElement":[{"@type":"ListItem","position":1,"name":"In\u00edcio","item":"https:\/\/portaltela.pt\/"},{"@type":"ListItem","position":2,"name":"Centrais sindicais antecipam milhares no 1\u00ba de Maio e novas formas de luta"}]},{"@type":"WebSite","@id":"https:\/\/portaltela.pt\/#website","url":"https:\/\/portaltela.pt\/","name":"Portal Tela Portugal","description":"","potentialAction":[{"@type":"SearchAction","target":{"@type":"EntryPoint","urlTemplate":"https:\/\/portaltela.pt\/?s={search_term_string}"},"query-input":{"@type":"PropertyValueSpecification","valueRequired":true,"valueName":"search_term_string"}}],"inLanguage":"pt-PT"},{"@type":"Person","@id":"https:\/\/portaltela.pt\/#\/schema\/person\/c4278d4a6028830caff9ee44b42d32ed","name":"Telinha","image":{"@type":"ImageObject","inLanguage":"pt-PT","@id":"https:\/\/portaltela.pt\/s.01k8rhncp4jt1\/2025\/11\/talking-bot-125x125.png","url":"https:\/\/portaltela.pt\/s.01k8rhncp4jt1\/2025\/11\/talking-bot-125x125.png","contentUrl":"https:\/\/portaltela.pt\/s.01k8rhncp4jt1\/2025\/11\/talking-bot-125x125.png","caption":"Telinha"},"sameAs":["https:\/\/portaltela.pt\/"],"url":"https:\/\/portaltela.pt\/por\/367410592786\/"}]}},"_links":{"self":[{"href":"https:\/\/portaltela.pt\/api\/wp\/v2\/posts\/462617","targetHints":{"allow":["GET"]}}],"collection":[{"href":"https:\/\/portaltela.pt\/api\/wp\/v2\/posts"}],"about":[{"href":"https:\/\/portaltela.pt\/api\/wp\/v2\/types\/post"}],"author":[{"embeddable":true,"href":"https:\/\/portaltela.pt\/api\/wp\/v2\/users\/2"}],"replies":[{"embeddable":true,"href":"https:\/\/portaltela.pt\/api\/wp\/v2\/comments?post=462617"}],"version-history":[{"count":0,"href":"https:\/\/portaltela.pt\/api\/wp\/v2\/posts\/462617\/revisions"}],"wp:featuredmedia":[{"embeddable":true,"href":"https:\/\/portaltela.pt\/api\/wp\/v2\/media\/462618"}],"wp:attachment":[{"href":"https:\/\/portaltela.pt\/api\/wp\/v2\/media?parent=462617"}],"wp:term":[{"taxonomy":"category","embeddable":true,"href":"https:\/\/portaltela.pt\/api\/wp\/v2\/categories?post=462617"},{"taxonomy":"post_tag","embeddable":true,"href":"https:\/\/portaltela.pt\/api\/wp\/v2\/tags?post=462617"}],"curies":[{"name":"wp","href":"https:\/\/api.w.org\/{rel}","templated":true}]}}