{"id":462608,"date":"2026-04-30T12:35:50","date_gmt":"2026-04-30T15:35:50","guid":{"rendered":"https:\/\/portaltela.pt\/noticias\/2026\/04\/30\/novo-banco-pcp-ve-venda-como-desfecho-de-processo-de-desvio-de-recursos\/"},"modified":"2026-04-30T12:35:50","modified_gmt":"2026-04-30T15:35:50","slug":"novo-banco-pcp-ve-venda-como-desfecho-de-processo-de-desvio-de-recursos","status":"publish","type":"post","link":"https:\/\/portaltela.pt\/noticias\/economia\/2026\/04\/30\/novo-banco-pcp-ve-venda-como-desfecho-de-processo-de-desvio-de-recursos\/","title":{"rendered":"Novo Banco: PCP v\u00ea venda como desfecho de processo de desvio de recursos"},"content":{"rendered":"<p>O PCP afirmou que a venda do Novo Banco representa o desfecho de um processo considerado, pelos comunistas, de saque aos recursos do pa\u00eds. A leitura apresentada \u00e9 de que a opera\u00e7\u00e3o encerra um ciclo de controlo externo sobre ativos nacionais, segundo a perspetiva do partido.<\/p>\n<p>A posi\u00e7\u00e3o foi apresentada como rea\u00e7\u00e3o ao an\u00fancio de venda do banco, com o PCP a sustentar que o neg\u00f3cio fecha um cap\u00edtulo de perdas p\u00fablicas e de privatiza\u00e7\u00e3o de ativos estrat\u00e9gicos. O partido n\u00e3o citou n\u00fameros espec\u00edficos nem detalhes sobre o comprador.<\/p>\n<p>N\u00e3o foram divulgados, at\u00e9 ao momento, novos elementos oficiais sobre as condi\u00e7\u00f5es da venda nem sobre o impacto previsto para clientes, trabalhadores ou para o financiamento p\u00fablico. O PCP mant\u00e9m a cr\u00edtica \u00e0 forma como o processo foi conduzido, defendendo uma avalia\u00e7\u00e3o mais cuidadosa do interesse nacional.<\/p>\n","protected":false},"excerpt":{"rendered":"<ul>\n<li>O PCP afirmou que a venda do Novo Banco \u00e9 o desfecho de um processo de assalto aos recursos do pa\u00eds.<\/li>\n<li>A declara\u00e7\u00e3o reflete a posi\u00e7\u00e3o do partido sobre a venda do banco e o impacto para os recursos p\u00fablicos.<\/li>\n<li>O conte\u00fado completo da not\u00edcia est\u00e1 dispon\u00edvel apenas para subscritores.<\/li>\n<\/ul>\n","protected":false},"author":2,"featured_media":462614,"comment_status":"closed","ping_status":"closed","sticky":false,"template":"","format":"standard","meta":{"footnotes":""},"categories":[2,6735],"tags":[8416,28,733,34,2832,6571],"class_list":["post-462608","post","type-post","status-publish","format-standard","has-post-thumbnail","hentry","category-economia","category-negocios","tag-_bancos","tag-economia","tag-financas-publicas","tag-governo","tag-politica","tag-privatizacoes"],"yoast_head":"<!-- This site is optimized with the Yoast SEO plugin v27.2 - https:\/\/yoast.com\/product\/yoast-seo-wordpress\/ -->\n<title>Novo Banco: PCP v\u00ea venda como desfecho de processo de desvio de recursos - Portal Tela Portugal<\/title>\n<meta name=\"robots\" content=\"index, follow, max-snippet:-1, max-image-preview:large, max-video-preview:-1\" \/>\n<meta property=\"og:locale\" content=\"pt_PT\" \/>\n<meta property=\"og:type\" content=\"article\" \/>\n<meta property=\"og:title\" content=\"Novo Banco: PCP v\u00ea venda como desfecho de processo de desvio de recursos - Portal Tela Portugal\" \/>\n<meta property=\"og:description\" content=\"O PCP afirmou que a venda do Novo Banco \u00e9 o desfecho de um processo de assalto aos recursos do pa\u00eds. A declara\u00e7\u00e3o reflete a posi\u00e7\u00e3o do partido sobre a venda do banco e o impacto para os recursos p\u00fablicos. O conte\u00fado completo da not\u00edcia est\u00e1 dispon\u00edvel apenas para subscritores.\" \/>\n<meta property=\"og:url\" content=\"https:\/\/portaltela.pt\/noticias\/2026\/04\/30\/novo-banco-pcp-ve-venda-como-desfecho-de-processo-de-desvio-de-recursos\/\" \/>\n<meta property=\"og:site_name\" content=\"Portal Tela Portugal\" \/>\n<meta property=\"article:published_time\" content=\"2026-04-30T15:35:50+00:00\" \/>\n<meta name=\"author\" content=\"Telinha\" \/>\n<meta name=\"twitter:card\" content=\"summary_large_image\" \/>\n<meta name=\"twitter:label1\" content=\"Escrito por\" \/>\n\t<meta name=\"twitter:data1\" content=\"Telinha\" \/>\n\t<meta name=\"twitter:label2\" content=\"Tempo estimado de leitura\" \/>\n\t<meta name=\"twitter:data2\" content=\"1 minuto\" \/>\n<script type=\"application\/ld+json\" class=\"yoast-schema-graph\">{\"@context\":\"https:\/\/schema.org\",\"@graph\":[{\"@type\":\"Article\",\"@id\":\"https:\/\/portaltela.pt\/noticias\/2026\/04\/30\/novo-banco-pcp-ve-venda-como-desfecho-de-processo-de-desvio-de-recursos\/#article\",\"isPartOf\":{\"@id\":\"https:\/\/portaltela.pt\/noticias\/2026\/04\/30\/novo-banco-pcp-ve-venda-como-desfecho-de-processo-de-desvio-de-recursos\/\"},\"author\":{\"name\":\"Telinha\",\"@id\":\"https:\/\/portaltela.pt\/#\/schema\/person\/c4278d4a6028830caff9ee44b42d32ed\"},\"headline\":\"Novo Banco: PCP v\u00ea venda como desfecho de processo de desvio de recursos\",\"datePublished\":\"2026-04-30T15:35:50+00:00\",\"mainEntityOfPage\":{\"@id\":\"https:\/\/portaltela.pt\/noticias\/2026\/04\/30\/novo-banco-pcp-ve-venda-como-desfecho-de-processo-de-desvio-de-recursos\/\"},\"wordCount\":166,\"image\":{\"@id\":\"https:\/\/portaltela.pt\/noticias\/2026\/04\/30\/novo-banco-pcp-ve-venda-como-desfecho-de-processo-de-desvio-de-recursos\/#primaryimage\"},\"thumbnailUrl\":\"https:\/\/portaltela.pt\/s.01k8rhncp4jt1\/2026\/04\/CACHE_780X1200_ANALOG_WATERMARKED_18305176_2261287_29032019025628.jpg\",\"keywords\":[\"_bancos\",\"economia\",\"finan\u00e7as p\u00fablicas\",\"governo\",\"pol\u00edtica\",\"privatiza\u00e7\u00f5es\"],\"articleSection\":[\"Economia\",\"Neg\u00f3cios\"],\"inLanguage\":\"pt-PT\"},{\"@type\":\"WebPage\",\"@id\":\"https:\/\/portaltela.pt\/noticias\/2026\/04\/30\/novo-banco-pcp-ve-venda-como-desfecho-de-processo-de-desvio-de-recursos\/\",\"url\":\"https:\/\/portaltela.pt\/noticias\/2026\/04\/30\/novo-banco-pcp-ve-venda-como-desfecho-de-processo-de-desvio-de-recursos\/\",\"name\":\"Novo Banco: PCP v\u00ea venda como desfecho de processo de desvio de recursos - Portal Tela Portugal\",\"isPartOf\":{\"@id\":\"https:\/\/portaltela.pt\/#website\"},\"primaryImageOfPage\":{\"@id\":\"https:\/\/portaltela.pt\/noticias\/2026\/04\/30\/novo-banco-pcp-ve-venda-como-desfecho-de-processo-de-desvio-de-recursos\/#primaryimage\"},\"image\":{\"@id\":\"https:\/\/portaltela.pt\/noticias\/2026\/04\/30\/novo-banco-pcp-ve-venda-como-desfecho-de-processo-de-desvio-de-recursos\/#primaryimage\"},\"thumbnailUrl\":\"https:\/\/portaltela.pt\/s.01k8rhncp4jt1\/2026\/04\/CACHE_780X1200_ANALOG_WATERMARKED_18305176_2261287_29032019025628.jpg\",\"datePublished\":\"2026-04-30T15:35:50+00:00\",\"author\":{\"@id\":\"https:\/\/portaltela.pt\/#\/schema\/person\/c4278d4a6028830caff9ee44b42d32ed\"},\"breadcrumb\":{\"@id\":\"https:\/\/portaltela.pt\/noticias\/2026\/04\/30\/novo-banco-pcp-ve-venda-como-desfecho-de-processo-de-desvio-de-recursos\/#breadcrumb\"},\"inLanguage\":\"pt-PT\",\"potentialAction\":[{\"@type\":\"ReadAction\",\"target\":[\"https:\/\/portaltela.pt\/noticias\/2026\/04\/30\/novo-banco-pcp-ve-venda-como-desfecho-de-processo-de-desvio-de-recursos\/\"]}]},{\"@type\":\"ImageObject\",\"inLanguage\":\"pt-PT\",\"@id\":\"https:\/\/portaltela.pt\/noticias\/2026\/04\/30\/novo-banco-pcp-ve-venda-como-desfecho-de-processo-de-desvio-de-recursos\/#primaryimage\",\"url\":\"https:\/\/portaltela.pt\/s.01k8rhncp4jt1\/2026\/04\/CACHE_780X1200_ANALOG_WATERMARKED_18305176_2261287_29032019025628.jpg\",\"contentUrl\":\"https:\/\/portaltela.pt\/s.01k8rhncp4jt1\/2026\/04\/CACHE_780X1200_ANALOG_WATERMARKED_18305176_2261287_29032019025628.jpg\",\"width\":768,\"height\":512,\"caption\":\"Novo Banco: PCP diz que venda \u00e9 o desfecho de um processo de assalto aos recursos do pa\u00eds\"},{\"@type\":\"BreadcrumbList\",\"@id\":\"https:\/\/portaltela.pt\/noticias\/2026\/04\/30\/novo-banco-pcp-ve-venda-como-desfecho-de-processo-de-desvio-de-recursos\/#breadcrumb\",\"itemListElement\":[{\"@type\":\"ListItem\",\"position\":1,\"name\":\"In\u00edcio\",\"item\":\"https:\/\/portaltela.pt\/\"},{\"@type\":\"ListItem\",\"position\":2,\"name\":\"Novo Banco: PCP v\u00ea venda como desfecho de processo de desvio de recursos\"}]},{\"@type\":\"WebSite\",\"@id\":\"https:\/\/portaltela.pt\/#website\",\"url\":\"https:\/\/portaltela.pt\/\",\"name\":\"Portal Tela Portugal\",\"description\":\"\",\"potentialAction\":[{\"@type\":\"SearchAction\",\"target\":{\"@type\":\"EntryPoint\",\"urlTemplate\":\"https:\/\/portaltela.pt\/?s={search_term_string}\"},\"query-input\":{\"@type\":\"PropertyValueSpecification\",\"valueRequired\":true,\"valueName\":\"search_term_string\"}}],\"inLanguage\":\"pt-PT\"},{\"@type\":\"Person\",\"@id\":\"https:\/\/portaltela.pt\/#\/schema\/person\/c4278d4a6028830caff9ee44b42d32ed\",\"name\":\"Telinha\",\"image\":{\"@type\":\"ImageObject\",\"inLanguage\":\"pt-PT\",\"@id\":\"https:\/\/portaltela.pt\/s.01k8rhncp4jt1\/2025\/11\/talking-bot-125x125.png\",\"url\":\"https:\/\/portaltela.pt\/s.01k8rhncp4jt1\/2025\/11\/talking-bot-125x125.png\",\"contentUrl\":\"https:\/\/portaltela.pt\/s.01k8rhncp4jt1\/2025\/11\/talking-bot-125x125.png\",\"caption\":\"Telinha\"},\"sameAs\":[\"https:\/\/portaltela.pt\/\"],\"url\":\"https:\/\/portaltela.pt\/por\/367410592786\/\"}]}<\/script>\n<!-- \/ Yoast SEO plugin. -->","yoast_head_json":{"title":"Novo Banco: PCP v\u00ea venda como desfecho de processo de desvio de recursos - Portal Tela Portugal","robots":{"index":"index","follow":"follow","max-snippet":"max-snippet:-1","max-image-preview":"max-image-preview:large","max-video-preview":"max-video-preview:-1"},"og_locale":"pt_PT","og_type":"article","og_title":"Novo Banco: PCP v\u00ea venda como desfecho de processo de desvio de recursos - Portal Tela Portugal","og_description":"O PCP afirmou que a venda do Novo Banco \u00e9 o desfecho de um processo de assalto aos recursos do pa\u00eds. A declara\u00e7\u00e3o reflete a posi\u00e7\u00e3o do partido sobre a venda do banco e o impacto para os recursos p\u00fablicos. O conte\u00fado completo da not\u00edcia est\u00e1 dispon\u00edvel apenas para subscritores.","og_url":"https:\/\/portaltela.pt\/noticias\/2026\/04\/30\/novo-banco-pcp-ve-venda-como-desfecho-de-processo-de-desvio-de-recursos\/","og_site_name":"Portal Tela Portugal","article_published_time":"2026-04-30T15:35:50+00:00","author":"Telinha","twitter_card":"summary_large_image","twitter_misc":{"Escrito por":"Telinha","Tempo estimado de leitura":"1 minuto"},"schema":{"@context":"https:\/\/schema.org","@graph":[{"@type":"Article","@id":"https:\/\/portaltela.pt\/noticias\/2026\/04\/30\/novo-banco-pcp-ve-venda-como-desfecho-de-processo-de-desvio-de-recursos\/#article","isPartOf":{"@id":"https:\/\/portaltela.pt\/noticias\/2026\/04\/30\/novo-banco-pcp-ve-venda-como-desfecho-de-processo-de-desvio-de-recursos\/"},"author":{"name":"Telinha","@id":"https:\/\/portaltela.pt\/#\/schema\/person\/c4278d4a6028830caff9ee44b42d32ed"},"headline":"Novo Banco: PCP v\u00ea venda como desfecho de processo de desvio de recursos","datePublished":"2026-04-30T15:35:50+00:00","mainEntityOfPage":{"@id":"https:\/\/portaltela.pt\/noticias\/2026\/04\/30\/novo-banco-pcp-ve-venda-como-desfecho-de-processo-de-desvio-de-recursos\/"},"wordCount":166,"image":{"@id":"https:\/\/portaltela.pt\/noticias\/2026\/04\/30\/novo-banco-pcp-ve-venda-como-desfecho-de-processo-de-desvio-de-recursos\/#primaryimage"},"thumbnailUrl":"https:\/\/portaltela.pt\/s.01k8rhncp4jt1\/2026\/04\/CACHE_780X1200_ANALOG_WATERMARKED_18305176_2261287_29032019025628.jpg","keywords":["_bancos","economia","finan\u00e7as p\u00fablicas","governo","pol\u00edtica","privatiza\u00e7\u00f5es"],"articleSection":["Economia","Neg\u00f3cios"],"inLanguage":"pt-PT"},{"@type":"WebPage","@id":"https:\/\/portaltela.pt\/noticias\/2026\/04\/30\/novo-banco-pcp-ve-venda-como-desfecho-de-processo-de-desvio-de-recursos\/","url":"https:\/\/portaltela.pt\/noticias\/2026\/04\/30\/novo-banco-pcp-ve-venda-como-desfecho-de-processo-de-desvio-de-recursos\/","name":"Novo Banco: PCP v\u00ea venda como desfecho de processo de desvio de recursos - Portal Tela Portugal","isPartOf":{"@id":"https:\/\/portaltela.pt\/#website"},"primaryImageOfPage":{"@id":"https:\/\/portaltela.pt\/noticias\/2026\/04\/30\/novo-banco-pcp-ve-venda-como-desfecho-de-processo-de-desvio-de-recursos\/#primaryimage"},"image":{"@id":"https:\/\/portaltela.pt\/noticias\/2026\/04\/30\/novo-banco-pcp-ve-venda-como-desfecho-de-processo-de-desvio-de-recursos\/#primaryimage"},"thumbnailUrl":"https:\/\/portaltela.pt\/s.01k8rhncp4jt1\/2026\/04\/CACHE_780X1200_ANALOG_WATERMARKED_18305176_2261287_29032019025628.jpg","datePublished":"2026-04-30T15:35:50+00:00","author":{"@id":"https:\/\/portaltela.pt\/#\/schema\/person\/c4278d4a6028830caff9ee44b42d32ed"},"breadcrumb":{"@id":"https:\/\/portaltela.pt\/noticias\/2026\/04\/30\/novo-banco-pcp-ve-venda-como-desfecho-de-processo-de-desvio-de-recursos\/#breadcrumb"},"inLanguage":"pt-PT","potentialAction":[{"@type":"ReadAction","target":["https:\/\/portaltela.pt\/noticias\/2026\/04\/30\/novo-banco-pcp-ve-venda-como-desfecho-de-processo-de-desvio-de-recursos\/"]}]},{"@type":"ImageObject","inLanguage":"pt-PT","@id":"https:\/\/portaltela.pt\/noticias\/2026\/04\/30\/novo-banco-pcp-ve-venda-como-desfecho-de-processo-de-desvio-de-recursos\/#primaryimage","url":"https:\/\/portaltela.pt\/s.01k8rhncp4jt1\/2026\/04\/CACHE_780X1200_ANALOG_WATERMARKED_18305176_2261287_29032019025628.jpg","contentUrl":"https:\/\/portaltela.pt\/s.01k8rhncp4jt1\/2026\/04\/CACHE_780X1200_ANALOG_WATERMARKED_18305176_2261287_29032019025628.jpg","width":768,"height":512,"caption":"Novo Banco: PCP diz que venda \u00e9 o desfecho de um processo de assalto aos recursos do pa\u00eds"},{"@type":"BreadcrumbList","@id":"https:\/\/portaltela.pt\/noticias\/2026\/04\/30\/novo-banco-pcp-ve-venda-como-desfecho-de-processo-de-desvio-de-recursos\/#breadcrumb","itemListElement":[{"@type":"ListItem","position":1,"name":"In\u00edcio","item":"https:\/\/portaltela.pt\/"},{"@type":"ListItem","position":2,"name":"Novo Banco: PCP v\u00ea venda como desfecho de processo de desvio de recursos"}]},{"@type":"WebSite","@id":"https:\/\/portaltela.pt\/#website","url":"https:\/\/portaltela.pt\/","name":"Portal Tela Portugal","description":"","potentialAction":[{"@type":"SearchAction","target":{"@type":"EntryPoint","urlTemplate":"https:\/\/portaltela.pt\/?s={search_term_string}"},"query-input":{"@type":"PropertyValueSpecification","valueRequired":true,"valueName":"search_term_string"}}],"inLanguage":"pt-PT"},{"@type":"Person","@id":"https:\/\/portaltela.pt\/#\/schema\/person\/c4278d4a6028830caff9ee44b42d32ed","name":"Telinha","image":{"@type":"ImageObject","inLanguage":"pt-PT","@id":"https:\/\/portaltela.pt\/s.01k8rhncp4jt1\/2025\/11\/talking-bot-125x125.png","url":"https:\/\/portaltela.pt\/s.01k8rhncp4jt1\/2025\/11\/talking-bot-125x125.png","contentUrl":"https:\/\/portaltela.pt\/s.01k8rhncp4jt1\/2025\/11\/talking-bot-125x125.png","caption":"Telinha"},"sameAs":["https:\/\/portaltela.pt\/"],"url":"https:\/\/portaltela.pt\/por\/367410592786\/"}]}},"_links":{"self":[{"href":"https:\/\/portaltela.pt\/api\/wp\/v2\/posts\/462608","targetHints":{"allow":["GET"]}}],"collection":[{"href":"https:\/\/portaltela.pt\/api\/wp\/v2\/posts"}],"about":[{"href":"https:\/\/portaltela.pt\/api\/wp\/v2\/types\/post"}],"author":[{"embeddable":true,"href":"https:\/\/portaltela.pt\/api\/wp\/v2\/users\/2"}],"replies":[{"embeddable":true,"href":"https:\/\/portaltela.pt\/api\/wp\/v2\/comments?post=462608"}],"version-history":[{"count":0,"href":"https:\/\/portaltela.pt\/api\/wp\/v2\/posts\/462608\/revisions"}],"wp:featuredmedia":[{"embeddable":true,"href":"https:\/\/portaltela.pt\/api\/wp\/v2\/media\/462614"}],"wp:attachment":[{"href":"https:\/\/portaltela.pt\/api\/wp\/v2\/media?parent=462608"}],"wp:term":[{"taxonomy":"category","embeddable":true,"href":"https:\/\/portaltela.pt\/api\/wp\/v2\/categories?post=462608"},{"taxonomy":"post_tag","embeddable":true,"href":"https:\/\/portaltela.pt\/api\/wp\/v2\/tags?post=462608"}],"curies":[{"name":"wp","href":"https:\/\/api.w.org\/{rel}","templated":true}]}}