{"id":462607,"date":"2026-04-30T12:35:46","date_gmt":"2026-04-30T15:35:46","guid":{"rendered":"https:\/\/portaltela.pt\/noticias\/2026\/04\/30\/mocambique-mira-exportar-produtos-florestais-transformados-para-reter-valor\/"},"modified":"2026-04-30T12:35:46","modified_gmt":"2026-04-30T15:35:46","slug":"mocambique-mira-exportar-produtos-florestais-transformados-para-reter-valor","status":"publish","type":"post","link":"https:\/\/portaltela.pt\/noticias\/economia\/2026\/04\/30\/mocambique-mira-exportar-produtos-florestais-transformados-para-reter-valor\/","title":{"rendered":"Mo\u00e7ambique mira exportar produtos florestais transformados para reter valor"},"content":{"rendered":"<p>N\u00e3o tenho acesso ao conte\u00fado completo da not\u00edcia, apenas o t\u00edtulo dispon\u00edvel. Para reescrever de forma coesa, clara e imparcial conforme as suas orienta\u00e7\u00f5es, preciso do texto integral ou, pelo menos, dos pontos principais (o que aconteceu, quem est\u00e1 envolvido, quando, onde e porqu\u00ea).<\/p>\n<p>Pode enviar:<\/p>\n<ul>\n<li>o texto completo da not\u00edcia, ou<\/li>\n<li>um resumo dos principais dados e declara\u00e7\u00f5es, incluindo nomes de entidades governamentais, datas e locais, e os motivos apresentados.<\/li>\n<\/ul>\n<p>Assim, eu produzo o artigo em PT-PT, com par\u00e1grafos curtos, voz ativa, formato de hard news e seguindo as regras de formata\u00e7\u00e3o indicadas.<\/p>\n","protected":false},"excerpt":{"rendered":"<ul>\n<li>Mo\u00e7ambique quer exportar produtos florestais transformados para reter valor econ\u00f3mico.<\/li>\n<li>O conte\u00fado completo da not\u00edcia est\u00e1 dispon\u00edvel apenas para subscritores.<\/li>\n<li>Para aceder, \u00e9 necess\u00e1rio entrar na plataforma (Entrar).<\/li>\n<\/ul>\n","protected":false},"author":2,"featured_media":462615,"comment_status":"closed","ping_status":"closed","sticky":false,"template":"","format":"standard","meta":{"footnotes":""},"categories":[2,6735],"tags":[28,3892,4576,859,1911,7509],"class_list":["post-462607","post","type-post","status-publish","format-standard","has-post-thumbnail","hentry","category-economia","category-negocios","tag-economia","tag-exportacoes-internacionais","tag-florestal","tag-madeira","tag-mocambique","tag-recursos-hidricos"],"yoast_head":"<!-- This site is optimized with the Yoast SEO plugin v27.2 - https:\/\/yoast.com\/product\/yoast-seo-wordpress\/ -->\n<title>Mo\u00e7ambique mira exportar produtos florestais transformados para reter valor - Portal Tela Portugal<\/title>\n<meta name=\"robots\" content=\"index, follow, max-snippet:-1, max-image-preview:large, max-video-preview:-1\" \/>\n<meta property=\"og:locale\" content=\"pt_PT\" \/>\n<meta property=\"og:type\" content=\"article\" \/>\n<meta property=\"og:title\" content=\"Mo\u00e7ambique mira exportar produtos florestais transformados para reter valor - Portal Tela Portugal\" \/>\n<meta property=\"og:description\" content=\"Mo\u00e7ambique quer exportar produtos florestais transformados para reter valor econ\u00f3mico. O conte\u00fado completo da not\u00edcia est\u00e1 dispon\u00edvel apenas para subscritores. Para aceder, \u00e9 necess\u00e1rio entrar na plataforma (Entrar).\" \/>\n<meta property=\"og:url\" content=\"https:\/\/portaltela.pt\/noticias\/2026\/04\/30\/mocambique-mira-exportar-produtos-florestais-transformados-para-reter-valor\/\" \/>\n<meta property=\"og:site_name\" content=\"Portal Tela Portugal\" \/>\n<meta property=\"article:published_time\" content=\"2026-04-30T15:35:46+00:00\" \/>\n<meta name=\"author\" content=\"Telinha\" \/>\n<meta name=\"twitter:card\" content=\"summary_large_image\" \/>\n<meta name=\"twitter:label1\" content=\"Escrito por\" \/>\n\t<meta name=\"twitter:data1\" content=\"Telinha\" \/>\n\t<meta name=\"twitter:label2\" content=\"Tempo estimado de leitura\" \/>\n\t<meta name=\"twitter:data2\" content=\"1 minuto\" \/>\n<script type=\"application\/ld+json\" class=\"yoast-schema-graph\">{\"@context\":\"https:\/\/schema.org\",\"@graph\":[{\"@type\":\"Article\",\"@id\":\"https:\/\/portaltela.pt\/noticias\/2026\/04\/30\/mocambique-mira-exportar-produtos-florestais-transformados-para-reter-valor\/#article\",\"isPartOf\":{\"@id\":\"https:\/\/portaltela.pt\/noticias\/2026\/04\/30\/mocambique-mira-exportar-produtos-florestais-transformados-para-reter-valor\/\"},\"author\":{\"name\":\"Telinha\",\"@id\":\"https:\/\/portaltela.pt\/#\/schema\/person\/c4278d4a6028830caff9ee44b42d32ed\"},\"headline\":\"Mo\u00e7ambique mira exportar produtos florestais transformados para reter valor\",\"datePublished\":\"2026-04-30T15:35:46+00:00\",\"mainEntityOfPage\":{\"@id\":\"https:\/\/portaltela.pt\/noticias\/2026\/04\/30\/mocambique-mira-exportar-produtos-florestais-transformados-para-reter-valor\/\"},\"wordCount\":114,\"image\":{\"@id\":\"https:\/\/portaltela.pt\/noticias\/2026\/04\/30\/mocambique-mira-exportar-produtos-florestais-transformados-para-reter-valor\/#primaryimage\"},\"thumbnailUrl\":\"https:\/\/portaltela.pt\/s.01k8rhncp4jt1\/2026\/04\/CACHE_780X1200_ANALOG_WATERMARKED_6546027_751281_01052019114415.jpg\",\"keywords\":[\"economia\",\"exporta\u00e7\u00f5es internacionais\",\"florestal\",\"Madeira\",\"Mo\u00e7ambique\",\"recursos h\u00eddricos\"],\"articleSection\":[\"Economia\",\"Neg\u00f3cios\"],\"inLanguage\":\"pt-PT\"},{\"@type\":\"WebPage\",\"@id\":\"https:\/\/portaltela.pt\/noticias\/2026\/04\/30\/mocambique-mira-exportar-produtos-florestais-transformados-para-reter-valor\/\",\"url\":\"https:\/\/portaltela.pt\/noticias\/2026\/04\/30\/mocambique-mira-exportar-produtos-florestais-transformados-para-reter-valor\/\",\"name\":\"Mo\u00e7ambique mira exportar produtos florestais transformados para reter valor - Portal Tela Portugal\",\"isPartOf\":{\"@id\":\"https:\/\/portaltela.pt\/#website\"},\"primaryImageOfPage\":{\"@id\":\"https:\/\/portaltela.pt\/noticias\/2026\/04\/30\/mocambique-mira-exportar-produtos-florestais-transformados-para-reter-valor\/#primaryimage\"},\"image\":{\"@id\":\"https:\/\/portaltela.pt\/noticias\/2026\/04\/30\/mocambique-mira-exportar-produtos-florestais-transformados-para-reter-valor\/#primaryimage\"},\"thumbnailUrl\":\"https:\/\/portaltela.pt\/s.01k8rhncp4jt1\/2026\/04\/CACHE_780X1200_ANALOG_WATERMARKED_6546027_751281_01052019114415.jpg\",\"datePublished\":\"2026-04-30T15:35:46+00:00\",\"author\":{\"@id\":\"https:\/\/portaltela.pt\/#\/schema\/person\/c4278d4a6028830caff9ee44b42d32ed\"},\"breadcrumb\":{\"@id\":\"https:\/\/portaltela.pt\/noticias\/2026\/04\/30\/mocambique-mira-exportar-produtos-florestais-transformados-para-reter-valor\/#breadcrumb\"},\"inLanguage\":\"pt-PT\",\"potentialAction\":[{\"@type\":\"ReadAction\",\"target\":[\"https:\/\/portaltela.pt\/noticias\/2026\/04\/30\/mocambique-mira-exportar-produtos-florestais-transformados-para-reter-valor\/\"]}]},{\"@type\":\"ImageObject\",\"inLanguage\":\"pt-PT\",\"@id\":\"https:\/\/portaltela.pt\/noticias\/2026\/04\/30\/mocambique-mira-exportar-produtos-florestais-transformados-para-reter-valor\/#primaryimage\",\"url\":\"https:\/\/portaltela.pt\/s.01k8rhncp4jt1\/2026\/04\/CACHE_780X1200_ANALOG_WATERMARKED_6546027_751281_01052019114415.jpg\",\"contentUrl\":\"https:\/\/portaltela.pt\/s.01k8rhncp4jt1\/2026\/04\/CACHE_780X1200_ANALOG_WATERMARKED_6546027_751281_01052019114415.jpg\",\"width\":768,\"height\":554,\"caption\":\"Mo\u00e7ambique quer exportar produtos florestais transformados para reter valor econ\u00f3mico\"},{\"@type\":\"BreadcrumbList\",\"@id\":\"https:\/\/portaltela.pt\/noticias\/2026\/04\/30\/mocambique-mira-exportar-produtos-florestais-transformados-para-reter-valor\/#breadcrumb\",\"itemListElement\":[{\"@type\":\"ListItem\",\"position\":1,\"name\":\"In\u00edcio\",\"item\":\"https:\/\/portaltela.pt\/\"},{\"@type\":\"ListItem\",\"position\":2,\"name\":\"Mo\u00e7ambique mira exportar produtos florestais transformados para reter valor\"}]},{\"@type\":\"WebSite\",\"@id\":\"https:\/\/portaltela.pt\/#website\",\"url\":\"https:\/\/portaltela.pt\/\",\"name\":\"Portal Tela Portugal\",\"description\":\"\",\"potentialAction\":[{\"@type\":\"SearchAction\",\"target\":{\"@type\":\"EntryPoint\",\"urlTemplate\":\"https:\/\/portaltela.pt\/?s={search_term_string}\"},\"query-input\":{\"@type\":\"PropertyValueSpecification\",\"valueRequired\":true,\"valueName\":\"search_term_string\"}}],\"inLanguage\":\"pt-PT\"},{\"@type\":\"Person\",\"@id\":\"https:\/\/portaltela.pt\/#\/schema\/person\/c4278d4a6028830caff9ee44b42d32ed\",\"name\":\"Telinha\",\"image\":{\"@type\":\"ImageObject\",\"inLanguage\":\"pt-PT\",\"@id\":\"https:\/\/portaltela.pt\/s.01k8rhncp4jt1\/2025\/11\/talking-bot-125x125.png\",\"url\":\"https:\/\/portaltela.pt\/s.01k8rhncp4jt1\/2025\/11\/talking-bot-125x125.png\",\"contentUrl\":\"https:\/\/portaltela.pt\/s.01k8rhncp4jt1\/2025\/11\/talking-bot-125x125.png\",\"caption\":\"Telinha\"},\"sameAs\":[\"https:\/\/portaltela.pt\/\"],\"url\":\"https:\/\/portaltela.pt\/por\/367410592786\/\"}]}<\/script>\n<!-- \/ Yoast SEO plugin. -->","yoast_head_json":{"title":"Mo\u00e7ambique mira exportar produtos florestais transformados para reter valor - Portal Tela Portugal","robots":{"index":"index","follow":"follow","max-snippet":"max-snippet:-1","max-image-preview":"max-image-preview:large","max-video-preview":"max-video-preview:-1"},"og_locale":"pt_PT","og_type":"article","og_title":"Mo\u00e7ambique mira exportar produtos florestais transformados para reter valor - Portal Tela Portugal","og_description":"Mo\u00e7ambique quer exportar produtos florestais transformados para reter valor econ\u00f3mico. O conte\u00fado completo da not\u00edcia est\u00e1 dispon\u00edvel apenas para subscritores. Para aceder, \u00e9 necess\u00e1rio entrar na plataforma (Entrar).","og_url":"https:\/\/portaltela.pt\/noticias\/2026\/04\/30\/mocambique-mira-exportar-produtos-florestais-transformados-para-reter-valor\/","og_site_name":"Portal Tela Portugal","article_published_time":"2026-04-30T15:35:46+00:00","author":"Telinha","twitter_card":"summary_large_image","twitter_misc":{"Escrito por":"Telinha","Tempo estimado de leitura":"1 minuto"},"schema":{"@context":"https:\/\/schema.org","@graph":[{"@type":"Article","@id":"https:\/\/portaltela.pt\/noticias\/2026\/04\/30\/mocambique-mira-exportar-produtos-florestais-transformados-para-reter-valor\/#article","isPartOf":{"@id":"https:\/\/portaltela.pt\/noticias\/2026\/04\/30\/mocambique-mira-exportar-produtos-florestais-transformados-para-reter-valor\/"},"author":{"name":"Telinha","@id":"https:\/\/portaltela.pt\/#\/schema\/person\/c4278d4a6028830caff9ee44b42d32ed"},"headline":"Mo\u00e7ambique mira exportar produtos florestais transformados para reter valor","datePublished":"2026-04-30T15:35:46+00:00","mainEntityOfPage":{"@id":"https:\/\/portaltela.pt\/noticias\/2026\/04\/30\/mocambique-mira-exportar-produtos-florestais-transformados-para-reter-valor\/"},"wordCount":114,"image":{"@id":"https:\/\/portaltela.pt\/noticias\/2026\/04\/30\/mocambique-mira-exportar-produtos-florestais-transformados-para-reter-valor\/#primaryimage"},"thumbnailUrl":"https:\/\/portaltela.pt\/s.01k8rhncp4jt1\/2026\/04\/CACHE_780X1200_ANALOG_WATERMARKED_6546027_751281_01052019114415.jpg","keywords":["economia","exporta\u00e7\u00f5es internacionais","florestal","Madeira","Mo\u00e7ambique","recursos h\u00eddricos"],"articleSection":["Economia","Neg\u00f3cios"],"inLanguage":"pt-PT"},{"@type":"WebPage","@id":"https:\/\/portaltela.pt\/noticias\/2026\/04\/30\/mocambique-mira-exportar-produtos-florestais-transformados-para-reter-valor\/","url":"https:\/\/portaltela.pt\/noticias\/2026\/04\/30\/mocambique-mira-exportar-produtos-florestais-transformados-para-reter-valor\/","name":"Mo\u00e7ambique mira exportar produtos florestais transformados para reter valor - Portal Tela Portugal","isPartOf":{"@id":"https:\/\/portaltela.pt\/#website"},"primaryImageOfPage":{"@id":"https:\/\/portaltela.pt\/noticias\/2026\/04\/30\/mocambique-mira-exportar-produtos-florestais-transformados-para-reter-valor\/#primaryimage"},"image":{"@id":"https:\/\/portaltela.pt\/noticias\/2026\/04\/30\/mocambique-mira-exportar-produtos-florestais-transformados-para-reter-valor\/#primaryimage"},"thumbnailUrl":"https:\/\/portaltela.pt\/s.01k8rhncp4jt1\/2026\/04\/CACHE_780X1200_ANALOG_WATERMARKED_6546027_751281_01052019114415.jpg","datePublished":"2026-04-30T15:35:46+00:00","author":{"@id":"https:\/\/portaltela.pt\/#\/schema\/person\/c4278d4a6028830caff9ee44b42d32ed"},"breadcrumb":{"@id":"https:\/\/portaltela.pt\/noticias\/2026\/04\/30\/mocambique-mira-exportar-produtos-florestais-transformados-para-reter-valor\/#breadcrumb"},"inLanguage":"pt-PT","potentialAction":[{"@type":"ReadAction","target":["https:\/\/portaltela.pt\/noticias\/2026\/04\/30\/mocambique-mira-exportar-produtos-florestais-transformados-para-reter-valor\/"]}]},{"@type":"ImageObject","inLanguage":"pt-PT","@id":"https:\/\/portaltela.pt\/noticias\/2026\/04\/30\/mocambique-mira-exportar-produtos-florestais-transformados-para-reter-valor\/#primaryimage","url":"https:\/\/portaltela.pt\/s.01k8rhncp4jt1\/2026\/04\/CACHE_780X1200_ANALOG_WATERMARKED_6546027_751281_01052019114415.jpg","contentUrl":"https:\/\/portaltela.pt\/s.01k8rhncp4jt1\/2026\/04\/CACHE_780X1200_ANALOG_WATERMARKED_6546027_751281_01052019114415.jpg","width":768,"height":554,"caption":"Mo\u00e7ambique quer exportar produtos florestais transformados para reter valor econ\u00f3mico"},{"@type":"BreadcrumbList","@id":"https:\/\/portaltela.pt\/noticias\/2026\/04\/30\/mocambique-mira-exportar-produtos-florestais-transformados-para-reter-valor\/#breadcrumb","itemListElement":[{"@type":"ListItem","position":1,"name":"In\u00edcio","item":"https:\/\/portaltela.pt\/"},{"@type":"ListItem","position":2,"name":"Mo\u00e7ambique mira exportar produtos florestais transformados para reter valor"}]},{"@type":"WebSite","@id":"https:\/\/portaltela.pt\/#website","url":"https:\/\/portaltela.pt\/","name":"Portal Tela Portugal","description":"","potentialAction":[{"@type":"SearchAction","target":{"@type":"EntryPoint","urlTemplate":"https:\/\/portaltela.pt\/?s={search_term_string}"},"query-input":{"@type":"PropertyValueSpecification","valueRequired":true,"valueName":"search_term_string"}}],"inLanguage":"pt-PT"},{"@type":"Person","@id":"https:\/\/portaltela.pt\/#\/schema\/person\/c4278d4a6028830caff9ee44b42d32ed","name":"Telinha","image":{"@type":"ImageObject","inLanguage":"pt-PT","@id":"https:\/\/portaltela.pt\/s.01k8rhncp4jt1\/2025\/11\/talking-bot-125x125.png","url":"https:\/\/portaltela.pt\/s.01k8rhncp4jt1\/2025\/11\/talking-bot-125x125.png","contentUrl":"https:\/\/portaltela.pt\/s.01k8rhncp4jt1\/2025\/11\/talking-bot-125x125.png","caption":"Telinha"},"sameAs":["https:\/\/portaltela.pt\/"],"url":"https:\/\/portaltela.pt\/por\/367410592786\/"}]}},"_links":{"self":[{"href":"https:\/\/portaltela.pt\/api\/wp\/v2\/posts\/462607","targetHints":{"allow":["GET"]}}],"collection":[{"href":"https:\/\/portaltela.pt\/api\/wp\/v2\/posts"}],"about":[{"href":"https:\/\/portaltela.pt\/api\/wp\/v2\/types\/post"}],"author":[{"embeddable":true,"href":"https:\/\/portaltela.pt\/api\/wp\/v2\/users\/2"}],"replies":[{"embeddable":true,"href":"https:\/\/portaltela.pt\/api\/wp\/v2\/comments?post=462607"}],"version-history":[{"count":0,"href":"https:\/\/portaltela.pt\/api\/wp\/v2\/posts\/462607\/revisions"}],"wp:featuredmedia":[{"embeddable":true,"href":"https:\/\/portaltela.pt\/api\/wp\/v2\/media\/462615"}],"wp:attachment":[{"href":"https:\/\/portaltela.pt\/api\/wp\/v2\/media?parent=462607"}],"wp:term":[{"taxonomy":"category","embeddable":true,"href":"https:\/\/portaltela.pt\/api\/wp\/v2\/categories?post=462607"},{"taxonomy":"post_tag","embeddable":true,"href":"https:\/\/portaltela.pt\/api\/wp\/v2\/tags?post=462607"}],"curies":[{"name":"wp","href":"https:\/\/api.w.org\/{rel}","templated":true}]}}