{"id":462586,"date":"2026-04-30T12:34:45","date_gmt":"2026-04-30T15:34:45","guid":{"rendered":"https:\/\/portaltela.pt\/noticias\/2026\/04\/30\/cristina-ferreira-revela-paixao-por-carros-de-luxo\/"},"modified":"2026-04-30T12:34:45","modified_gmt":"2026-04-30T15:34:45","slug":"cristina-ferreira-revela-paixao-por-carros-de-luxo","status":"publish","type":"post","link":"https:\/\/portaltela.pt\/celebridades\/2026\/04\/30\/cristina-ferreira-revela-paixao-por-carros-de-luxo\/","title":{"rendered":"Cristina Ferreira revela paix\u00e3o por carros de luxo"},"content":{"rendered":"<p>Cristina Ferreira dedicou aten\u00e7\u00e3o aos autom\u00f3veis de luxo nesta quinta-feira, 30. Durante o programa Dois \u00e0s 10, da TVI, a apresentadora comentou rumores sobre um carro milion\u00e1rio que Mel Jord\u00e3o ter\u00e1 recebido do marido, Diogo Pi\u00e7arra, para celebrar o 40\u00ba anivers\u00e1rio. O ve\u00edculo em quest\u00e3o \u00e9 um Tesla, ainda sem modelo identificado. Cristina afirmou que o termo \u201cmilion\u00e1rio\u201d n\u00e3o se aplica ao r\u00f3tulo do carro.<\/p>\n<p>A apresentadora refor\u00e7ou que, ao longo dos anos, tem demonstrado interesse por autom\u00f3veis potentes. Recordou o come\u00e7o da sua rela\u00e7\u00e3o com a condu\u00e7\u00e3o, ainda com um ve\u00edculo antigo que a acompanhou desde a universidade. Em declara\u00e7\u00f5es anteriores, contou ter levado o primeiro carro para a faculdade.<\/p>\n<p>Cristina Ferreira j\u00e1 circulou com v\u00e1rias m\u00e1quinas de luxo. Entre as refer\u00eancias, consta um Range Rover de 2019 adquirido em segunda m\u00e3o por cerca de 90 mil euros. Tamb\u00e9m houve passagem pelo Mercedes AMG GTR Coup\u00e9, de 2018, registado para a empresa Amor Ponto Lda., com valor aproximado de 157 mil euros.<\/p>\n<h3>Hist\u00f3rico de paix\u00e3o por desportivos<\/h3>\n<p>Nos \u00faltimos anos, a apresentadora tem sido vista ao volante de um Mercedes desportivo cujo pre\u00e7o pode exceder 250 mil euros, segundo informa\u00e7\u00f5es do CM. Em 2024, consolidou uma parceria com uma empresa de aluguer de carros e passou a conduzir um BMW X5, batizado Valentino, com valor acima de 100 mil euros.<\/p>\n","protected":false},"excerpt":{"rendered":"<ul>\n<li>Cristina Ferreira afirmou que n\u00e3o se deixa impressionar por carros de luxo, comentando um Tesla ligado ao anivers\u00e1rio de Mel Jord\u00e3o e Diogo Pi\u00e7arra, e corrigindo a ideia de &#8220;carro milion\u00e1rio&#8221;.<\/li>\n<li>A apresentadora \u00e9 apaixonada por autom\u00f3veis potentes e j\u00e1 deixou claro ter come\u00e7ado com um carro \u201cvelhinho\u201d a levar \u00e0 universidade.<\/li>\n<li>O primeiro carro citado pela apresentadora foi um Seat Ibiza de dois lugares, adquirido quando j\u00e1 conduzia no programa Voc\u00ea na TV, da TVI.<\/li>\n<li>J\u00e1 passou por modelos como Range Rover (2019, comprado em segunda m\u00e3o por cerca de 90 mil euros) e Mercedes AMG GTR Coup\u00e9 (2018, avaliado em 157 mil euros).<\/li>\n<li>Nos \u00faltimos anos tem sido vista a conduzir um Mercedes desportivo (&gt;250 mil euros) e, em 2024, fez uma parceria com uma empresa de aluguer, adquirindo um BMW X5, apelidado Valentino, avaliado em mais de 100 mil euros.<\/li>\n<\/ul>\n","protected":false},"author":2,"featured_media":462589,"comment_status":"closed","ping_status":"closed","sticky":false,"template":"","format":"standard","meta":{"footnotes":""},"categories":[6675],"tags":[8854,8204,8236,8276,8003,7772],"class_list":["post-462586","post","type-post","status-publish","format-standard","has-post-thumbnail","hentry","category-celebridades","tag-_carros","tag-_celebidades","tag-_famosos","tag-_pessoas","tag-_pessoas-publicas","tag-mercedes"],"yoast_head":"<!-- This site is optimized with the Yoast SEO plugin v27.2 - https:\/\/yoast.com\/product\/yoast-seo-wordpress\/ -->\n<title>Cristina Ferreira revela paix\u00e3o por carros de luxo - Portal Tela Portugal<\/title>\n<meta name=\"robots\" content=\"index, follow, max-snippet:-1, max-image-preview:large, max-video-preview:-1\" \/>\n<meta property=\"og:locale\" content=\"pt_PT\" \/>\n<meta property=\"og:type\" content=\"article\" \/>\n<meta property=\"og:title\" content=\"Cristina Ferreira revela paix\u00e3o por carros de luxo - Portal Tela Portugal\" \/>\n<meta property=\"og:description\" content=\"Cristina Ferreira afirmou que n\u00e3o se deixa impressionar por carros de luxo, comentando um Tesla ligado ao anivers\u00e1rio de Mel Jord\u00e3o e Diogo Pi\u00e7arra, e corrigindo a ideia de &quot;carro milion\u00e1rio&quot;. A apresentadora \u00e9 apaixonada por autom\u00f3veis potentes e j\u00e1 deixou claro ter come\u00e7ado com um carro \u201cvelhinho\u201d a levar \u00e0 universidade. O primeiro carro citado pela apresentadora foi um Seat Ibiza de dois lugares, adquirido quando j\u00e1 conduzia no programa Voc\u00ea na TV, da TVI. J\u00e1 passou por modelos como Range Rover (2019, comprado em segunda m\u00e3o por cerca de 90 mil euros) e Mercedes AMG GTR Coup\u00e9 (2018, avaliado em 157 mil euros). Nos \u00faltimos anos tem sido vista a conduzir um Mercedes desportivo (&gt;250 mil euros) e, em 2024, fez uma parceria com uma empresa de aluguer, adquirindo um BMW X5, apelidado Valentino, avaliado em mais de 100 mil euros.\" \/>\n<meta property=\"og:url\" content=\"https:\/\/portaltela.pt\/noticias\/2026\/04\/30\/cristina-ferreira-revela-paixao-por-carros-de-luxo\/\" \/>\n<meta property=\"og:site_name\" content=\"Portal Tela Portugal\" \/>\n<meta property=\"article:published_time\" content=\"2026-04-30T15:34:45+00:00\" \/>\n<meta name=\"author\" content=\"Telinha\" \/>\n<meta name=\"twitter:card\" content=\"summary_large_image\" \/>\n<meta name=\"twitter:label1\" content=\"Escrito por\" \/>\n\t<meta name=\"twitter:data1\" content=\"Telinha\" \/>\n\t<meta name=\"twitter:label2\" content=\"Tempo estimado de leitura\" \/>\n\t<meta name=\"twitter:data2\" content=\"1 minuto\" \/>\n<script type=\"application\/ld+json\" class=\"yoast-schema-graph\">{\"@context\":\"https:\/\/schema.org\",\"@graph\":[{\"@type\":\"Article\",\"@id\":\"https:\/\/portaltela.pt\/noticias\/2026\/04\/30\/cristina-ferreira-revela-paixao-por-carros-de-luxo\/#article\",\"isPartOf\":{\"@id\":\"https:\/\/portaltela.pt\/noticias\/2026\/04\/30\/cristina-ferreira-revela-paixao-por-carros-de-luxo\/\"},\"author\":{\"name\":\"Telinha\",\"@id\":\"https:\/\/portaltela.pt\/#\/schema\/person\/c4278d4a6028830caff9ee44b42d32ed\"},\"headline\":\"Cristina Ferreira revela paix\u00e3o por carros de luxo\",\"datePublished\":\"2026-04-30T15:34:45+00:00\",\"mainEntityOfPage\":{\"@id\":\"https:\/\/portaltela.pt\/noticias\/2026\/04\/30\/cristina-ferreira-revela-paixao-por-carros-de-luxo\/\"},\"wordCount\":246,\"image\":{\"@id\":\"https:\/\/portaltela.pt\/noticias\/2026\/04\/30\/cristina-ferreira-revela-paixao-por-carros-de-luxo\/#primaryimage\"},\"thumbnailUrl\":\"https:\/\/portaltela.pt\/s.01k8rhncp4jt1\/2026\/04\/img_1280x718uu2026-04-30-12-52-25-2282023-im-639131503660416757.jpg\",\"keywords\":[\"_carros\",\"_celebidades\",\"_famosos\",\"_pessoas\",\"_pessoas p\u00fablicas\",\"Mercedes\"],\"articleSection\":[\"Celebridades\"],\"inLanguage\":\"pt-PT\"},{\"@type\":\"WebPage\",\"@id\":\"https:\/\/portaltela.pt\/noticias\/2026\/04\/30\/cristina-ferreira-revela-paixao-por-carros-de-luxo\/\",\"url\":\"https:\/\/portaltela.pt\/noticias\/2026\/04\/30\/cristina-ferreira-revela-paixao-por-carros-de-luxo\/\",\"name\":\"Cristina Ferreira revela paix\u00e3o por carros de luxo - Portal Tela Portugal\",\"isPartOf\":{\"@id\":\"https:\/\/portaltela.pt\/#website\"},\"primaryImageOfPage\":{\"@id\":\"https:\/\/portaltela.pt\/noticias\/2026\/04\/30\/cristina-ferreira-revela-paixao-por-carros-de-luxo\/#primaryimage\"},\"image\":{\"@id\":\"https:\/\/portaltela.pt\/noticias\/2026\/04\/30\/cristina-ferreira-revela-paixao-por-carros-de-luxo\/#primaryimage\"},\"thumbnailUrl\":\"https:\/\/portaltela.pt\/s.01k8rhncp4jt1\/2026\/04\/img_1280x718uu2026-04-30-12-52-25-2282023-im-639131503660416757.jpg\",\"datePublished\":\"2026-04-30T15:34:45+00:00\",\"author\":{\"@id\":\"https:\/\/portaltela.pt\/#\/schema\/person\/c4278d4a6028830caff9ee44b42d32ed\"},\"breadcrumb\":{\"@id\":\"https:\/\/portaltela.pt\/noticias\/2026\/04\/30\/cristina-ferreira-revela-paixao-por-carros-de-luxo\/#breadcrumb\"},\"inLanguage\":\"pt-PT\",\"potentialAction\":[{\"@type\":\"ReadAction\",\"target\":[\"https:\/\/portaltela.pt\/noticias\/2026\/04\/30\/cristina-ferreira-revela-paixao-por-carros-de-luxo\/\"]}]},{\"@type\":\"ImageObject\",\"inLanguage\":\"pt-PT\",\"@id\":\"https:\/\/portaltela.pt\/noticias\/2026\/04\/30\/cristina-ferreira-revela-paixao-por-carros-de-luxo\/#primaryimage\",\"url\":\"https:\/\/portaltela.pt\/s.01k8rhncp4jt1\/2026\/04\/img_1280x718uu2026-04-30-12-52-25-2282023-im-639131503660416757.jpg\",\"contentUrl\":\"https:\/\/portaltela.pt\/s.01k8rhncp4jt1\/2026\/04\/img_1280x718uu2026-04-30-12-52-25-2282023-im-639131503660416757.jpg\",\"width\":796,\"height\":448,\"caption\":\"Cristina Ferreira\"},{\"@type\":\"BreadcrumbList\",\"@id\":\"https:\/\/portaltela.pt\/noticias\/2026\/04\/30\/cristina-ferreira-revela-paixao-por-carros-de-luxo\/#breadcrumb\",\"itemListElement\":[{\"@type\":\"ListItem\",\"position\":1,\"name\":\"In\u00edcio\",\"item\":\"https:\/\/portaltela.pt\/\"},{\"@type\":\"ListItem\",\"position\":2,\"name\":\"Cristina Ferreira revela paix\u00e3o por carros de luxo\"}]},{\"@type\":\"WebSite\",\"@id\":\"https:\/\/portaltela.pt\/#website\",\"url\":\"https:\/\/portaltela.pt\/\",\"name\":\"Portal Tela Portugal\",\"description\":\"\",\"potentialAction\":[{\"@type\":\"SearchAction\",\"target\":{\"@type\":\"EntryPoint\",\"urlTemplate\":\"https:\/\/portaltela.pt\/?s={search_term_string}\"},\"query-input\":{\"@type\":\"PropertyValueSpecification\",\"valueRequired\":true,\"valueName\":\"search_term_string\"}}],\"inLanguage\":\"pt-PT\"},{\"@type\":\"Person\",\"@id\":\"https:\/\/portaltela.pt\/#\/schema\/person\/c4278d4a6028830caff9ee44b42d32ed\",\"name\":\"Telinha\",\"image\":{\"@type\":\"ImageObject\",\"inLanguage\":\"pt-PT\",\"@id\":\"https:\/\/portaltela.pt\/s.01k8rhncp4jt1\/2025\/11\/talking-bot-125x125.png\",\"url\":\"https:\/\/portaltela.pt\/s.01k8rhncp4jt1\/2025\/11\/talking-bot-125x125.png\",\"contentUrl\":\"https:\/\/portaltela.pt\/s.01k8rhncp4jt1\/2025\/11\/talking-bot-125x125.png\",\"caption\":\"Telinha\"},\"sameAs\":[\"https:\/\/portaltela.pt\/\"],\"url\":\"https:\/\/portaltela.pt\/por\/367410592786\/\"}]}<\/script>\n<!-- \/ Yoast SEO plugin. -->","yoast_head_json":{"title":"Cristina Ferreira revela paix\u00e3o por carros de luxo - Portal Tela Portugal","robots":{"index":"index","follow":"follow","max-snippet":"max-snippet:-1","max-image-preview":"max-image-preview:large","max-video-preview":"max-video-preview:-1"},"og_locale":"pt_PT","og_type":"article","og_title":"Cristina Ferreira revela paix\u00e3o por carros de luxo - Portal Tela Portugal","og_description":"Cristina Ferreira afirmou que n\u00e3o se deixa impressionar por carros de luxo, comentando um Tesla ligado ao anivers\u00e1rio de Mel Jord\u00e3o e Diogo Pi\u00e7arra, e corrigindo a ideia de \"carro milion\u00e1rio\". A apresentadora \u00e9 apaixonada por autom\u00f3veis potentes e j\u00e1 deixou claro ter come\u00e7ado com um carro \u201cvelhinho\u201d a levar \u00e0 universidade. O primeiro carro citado pela apresentadora foi um Seat Ibiza de dois lugares, adquirido quando j\u00e1 conduzia no programa Voc\u00ea na TV, da TVI. J\u00e1 passou por modelos como Range Rover (2019, comprado em segunda m\u00e3o por cerca de 90 mil euros) e Mercedes AMG GTR Coup\u00e9 (2018, avaliado em 157 mil euros). Nos \u00faltimos anos tem sido vista a conduzir um Mercedes desportivo (&gt;250 mil euros) e, em 2024, fez uma parceria com uma empresa de aluguer, adquirindo um BMW X5, apelidado Valentino, avaliado em mais de 100 mil euros.","og_url":"https:\/\/portaltela.pt\/noticias\/2026\/04\/30\/cristina-ferreira-revela-paixao-por-carros-de-luxo\/","og_site_name":"Portal Tela Portugal","article_published_time":"2026-04-30T15:34:45+00:00","author":"Telinha","twitter_card":"summary_large_image","twitter_misc":{"Escrito por":"Telinha","Tempo estimado de leitura":"1 minuto"},"schema":{"@context":"https:\/\/schema.org","@graph":[{"@type":"Article","@id":"https:\/\/portaltela.pt\/noticias\/2026\/04\/30\/cristina-ferreira-revela-paixao-por-carros-de-luxo\/#article","isPartOf":{"@id":"https:\/\/portaltela.pt\/noticias\/2026\/04\/30\/cristina-ferreira-revela-paixao-por-carros-de-luxo\/"},"author":{"name":"Telinha","@id":"https:\/\/portaltela.pt\/#\/schema\/person\/c4278d4a6028830caff9ee44b42d32ed"},"headline":"Cristina Ferreira revela paix\u00e3o por carros de luxo","datePublished":"2026-04-30T15:34:45+00:00","mainEntityOfPage":{"@id":"https:\/\/portaltela.pt\/noticias\/2026\/04\/30\/cristina-ferreira-revela-paixao-por-carros-de-luxo\/"},"wordCount":246,"image":{"@id":"https:\/\/portaltela.pt\/noticias\/2026\/04\/30\/cristina-ferreira-revela-paixao-por-carros-de-luxo\/#primaryimage"},"thumbnailUrl":"https:\/\/portaltela.pt\/s.01k8rhncp4jt1\/2026\/04\/img_1280x718uu2026-04-30-12-52-25-2282023-im-639131503660416757.jpg","keywords":["_carros","_celebidades","_famosos","_pessoas","_pessoas p\u00fablicas","Mercedes"],"articleSection":["Celebridades"],"inLanguage":"pt-PT"},{"@type":"WebPage","@id":"https:\/\/portaltela.pt\/noticias\/2026\/04\/30\/cristina-ferreira-revela-paixao-por-carros-de-luxo\/","url":"https:\/\/portaltela.pt\/noticias\/2026\/04\/30\/cristina-ferreira-revela-paixao-por-carros-de-luxo\/","name":"Cristina Ferreira revela paix\u00e3o por carros de luxo - Portal Tela Portugal","isPartOf":{"@id":"https:\/\/portaltela.pt\/#website"},"primaryImageOfPage":{"@id":"https:\/\/portaltela.pt\/noticias\/2026\/04\/30\/cristina-ferreira-revela-paixao-por-carros-de-luxo\/#primaryimage"},"image":{"@id":"https:\/\/portaltela.pt\/noticias\/2026\/04\/30\/cristina-ferreira-revela-paixao-por-carros-de-luxo\/#primaryimage"},"thumbnailUrl":"https:\/\/portaltela.pt\/s.01k8rhncp4jt1\/2026\/04\/img_1280x718uu2026-04-30-12-52-25-2282023-im-639131503660416757.jpg","datePublished":"2026-04-30T15:34:45+00:00","author":{"@id":"https:\/\/portaltela.pt\/#\/schema\/person\/c4278d4a6028830caff9ee44b42d32ed"},"breadcrumb":{"@id":"https:\/\/portaltela.pt\/noticias\/2026\/04\/30\/cristina-ferreira-revela-paixao-por-carros-de-luxo\/#breadcrumb"},"inLanguage":"pt-PT","potentialAction":[{"@type":"ReadAction","target":["https:\/\/portaltela.pt\/noticias\/2026\/04\/30\/cristina-ferreira-revela-paixao-por-carros-de-luxo\/"]}]},{"@type":"ImageObject","inLanguage":"pt-PT","@id":"https:\/\/portaltela.pt\/noticias\/2026\/04\/30\/cristina-ferreira-revela-paixao-por-carros-de-luxo\/#primaryimage","url":"https:\/\/portaltela.pt\/s.01k8rhncp4jt1\/2026\/04\/img_1280x718uu2026-04-30-12-52-25-2282023-im-639131503660416757.jpg","contentUrl":"https:\/\/portaltela.pt\/s.01k8rhncp4jt1\/2026\/04\/img_1280x718uu2026-04-30-12-52-25-2282023-im-639131503660416757.jpg","width":796,"height":448,"caption":"Cristina Ferreira"},{"@type":"BreadcrumbList","@id":"https:\/\/portaltela.pt\/noticias\/2026\/04\/30\/cristina-ferreira-revela-paixao-por-carros-de-luxo\/#breadcrumb","itemListElement":[{"@type":"ListItem","position":1,"name":"In\u00edcio","item":"https:\/\/portaltela.pt\/"},{"@type":"ListItem","position":2,"name":"Cristina Ferreira revela paix\u00e3o por carros de luxo"}]},{"@type":"WebSite","@id":"https:\/\/portaltela.pt\/#website","url":"https:\/\/portaltela.pt\/","name":"Portal Tela Portugal","description":"","potentialAction":[{"@type":"SearchAction","target":{"@type":"EntryPoint","urlTemplate":"https:\/\/portaltela.pt\/?s={search_term_string}"},"query-input":{"@type":"PropertyValueSpecification","valueRequired":true,"valueName":"search_term_string"}}],"inLanguage":"pt-PT"},{"@type":"Person","@id":"https:\/\/portaltela.pt\/#\/schema\/person\/c4278d4a6028830caff9ee44b42d32ed","name":"Telinha","image":{"@type":"ImageObject","inLanguage":"pt-PT","@id":"https:\/\/portaltela.pt\/s.01k8rhncp4jt1\/2025\/11\/talking-bot-125x125.png","url":"https:\/\/portaltela.pt\/s.01k8rhncp4jt1\/2025\/11\/talking-bot-125x125.png","contentUrl":"https:\/\/portaltela.pt\/s.01k8rhncp4jt1\/2025\/11\/talking-bot-125x125.png","caption":"Telinha"},"sameAs":["https:\/\/portaltela.pt\/"],"url":"https:\/\/portaltela.pt\/por\/367410592786\/"}]}},"_links":{"self":[{"href":"https:\/\/portaltela.pt\/api\/wp\/v2\/posts\/462586","targetHints":{"allow":["GET"]}}],"collection":[{"href":"https:\/\/portaltela.pt\/api\/wp\/v2\/posts"}],"about":[{"href":"https:\/\/portaltela.pt\/api\/wp\/v2\/types\/post"}],"author":[{"embeddable":true,"href":"https:\/\/portaltela.pt\/api\/wp\/v2\/users\/2"}],"replies":[{"embeddable":true,"href":"https:\/\/portaltela.pt\/api\/wp\/v2\/comments?post=462586"}],"version-history":[{"count":0,"href":"https:\/\/portaltela.pt\/api\/wp\/v2\/posts\/462586\/revisions"}],"wp:featuredmedia":[{"embeddable":true,"href":"https:\/\/portaltela.pt\/api\/wp\/v2\/media\/462589"}],"wp:attachment":[{"href":"https:\/\/portaltela.pt\/api\/wp\/v2\/media?parent=462586"}],"wp:term":[{"taxonomy":"category","embeddable":true,"href":"https:\/\/portaltela.pt\/api\/wp\/v2\/categories?post=462586"},{"taxonomy":"post_tag","embeddable":true,"href":"https:\/\/portaltela.pt\/api\/wp\/v2\/tags?post=462586"}],"curies":[{"name":"wp","href":"https:\/\/api.w.org\/{rel}","templated":true}]}}