{"id":462581,"date":"2026-04-30T12:34:23","date_gmt":"2026-04-30T15:34:23","guid":{"rendered":"https:\/\/portaltela.pt\/noticias\/2026\/04\/30\/milhares-participam-na-corrida-run-for-autism-em-astana\/"},"modified":"2026-04-30T12:34:23","modified_gmt":"2026-04-30T15:34:23","slug":"milhares-participam-na-corrida-run-for-autism-em-astana","status":"publish","type":"post","link":"https:\/\/portaltela.pt\/sociedade\/2026\/04\/30\/milhares-participam-na-corrida-run-for-autism-em-astana\/","title":{"rendered":"Milhares participam na corrida Run for Autism em Astana"},"content":{"rendered":"<p>Milhares de pessoas estiveram presentes na corrida solid\u00e1ria Run for Autism, em Astana, reunindo cerca de 5.000 participantes de 26 cidades do Cazaquist\u00e3o. A iniciativa promove a inclus\u00e3o de crian\u00e7as com autismo e perturba\u00e7\u00f5es do desenvolvimento.<\/p>\n<p>Organizada pela Funda\u00e7\u00e3o Corporativa Bolashak, a prova visa sensibilizar para o espetro do autismo e apoiar projetos de educa\u00e7\u00e3o inclusiva em todo o pa\u00eds.<\/p>\n<p>Participantes de v\u00e1rias idades e origens participaram na corrida, descrita pela organiza\u00e7\u00e3o como uma plataforma para promover compreens\u00e3o e oportunidades iguais para pessoas com necessidades de desenvolvimento.<\/p>\n<h3>Impacto e financiamento<\/h3>\n<p>Os recursos angariados v\u00e3o financiar novos centros de apoio \u00e0 inclus\u00e3o e infraestruturas educativas para crian\u00e7as com autismo. Desde 2015, a Funda\u00e7\u00e3o afirma ter inaugurado dezenas de salas de apoio em escolas, no \u00e2mbito de um programa educativo alargado.<\/p>\n","protected":false},"excerpt":{"rendered":"<ul>\n<li>Cerca de 5.000 pessoas participaram na corrida solid\u00e1ria Run for Autism, em Astana, reunindo participantes de 26 cidades do Cazaquist\u00e3o.<\/li>\n<li>A iniciativa, organizada pela Funda\u00e7\u00e3o Corporativa Bolashak, visa sensibilizar para perturba\u00e7\u00f5es do espetro do autismo e apoiar educa\u00e7\u00e3o inclusiva.<\/li>\n<li>A corrida funcionou como plataforma para promover compreens\u00e3o e igualdade de oportunidades para pessoas com perturba\u00e7\u00f5es do desenvolvimento.<\/li>\n<li>Os fundos angariados v\u00e3o apoiar novos centros de apoio \u00e0 inclus\u00e3o e infraestruturas educativas para crian\u00e7as com autismo.<\/li>\n<\/ul>\n<p>\u2022Desde 2015, a funda\u00e7\u00e3o afirma ter aberto dezenas de salas de apoio \u00e0 inclus\u00e3o em escolas do pa\u00eds, no \u00e2mbito do programa educativo.<\/p>\n","protected":false},"author":2,"featured_media":462584,"comment_status":"closed","ping_status":"closed","sticky":false,"template":"","format":"standard","meta":{"footnotes":""},"categories":[6745,6871],"tags":[7602,5354,163,4696,4074,4071],"class_list":["post-462581","post","type-post","status-publish","format-standard","has-post-thumbnail","hentry","category-saude","category-sociedade","tag-astana","tag-cazaquistao","tag-educacao","tag-educacao-inclusiva","tag-inclusao-social","tag-solidariedade-social"],"yoast_head":"<!-- This site is optimized with the Yoast SEO plugin v27.2 - https:\/\/yoast.com\/product\/yoast-seo-wordpress\/ -->\n<title>Milhares participam na corrida Run for Autism em Astana - Portal Tela Portugal<\/title>\n<meta name=\"robots\" content=\"index, follow, max-snippet:-1, max-image-preview:large, max-video-preview:-1\" \/>\n<meta property=\"og:locale\" content=\"pt_PT\" \/>\n<meta property=\"og:type\" content=\"article\" \/>\n<meta property=\"og:title\" content=\"Milhares participam na corrida Run for Autism em Astana - Portal Tela Portugal\" \/>\n<meta property=\"og:description\" content=\"Cerca de 5.000 pessoas participaram na corrida solid\u00e1ria Run for Autism, em Astana, reunindo participantes de 26 cidades do Cazaquist\u00e3o. A iniciativa, organizada pela Funda\u00e7\u00e3o Corporativa Bolashak, visa sensibilizar para perturba\u00e7\u00f5es do espetro do autismo e apoiar educa\u00e7\u00e3o inclusiva. A corrida funcionou como plataforma para promover compreens\u00e3o e igualdade de oportunidades para pessoas com perturba\u00e7\u00f5es do desenvolvimento. Os fundos angariados v\u00e3o apoiar novos centros de apoio \u00e0 inclus\u00e3o e infraestruturas educativas para crian\u00e7as com autismo. \u2022Desde 2015, a funda\u00e7\u00e3o afirma ter aberto dezenas de salas de apoio \u00e0 inclus\u00e3o em escolas do pa\u00eds, no \u00e2mbito do programa educativo.\" \/>\n<meta property=\"og:url\" content=\"https:\/\/portaltela.pt\/noticias\/2026\/04\/30\/milhares-participam-na-corrida-run-for-autism-em-astana\/\" \/>\n<meta property=\"og:site_name\" content=\"Portal Tela Portugal\" \/>\n<meta property=\"article:published_time\" content=\"2026-04-30T15:34:23+00:00\" \/>\n<meta name=\"author\" content=\"Telinha\" \/>\n<meta name=\"twitter:card\" content=\"summary_large_image\" \/>\n<meta name=\"twitter:label1\" content=\"Escrito por\" \/>\n\t<meta name=\"twitter:data1\" content=\"Telinha\" \/>\n\t<meta name=\"twitter:label2\" content=\"Tempo estimado de leitura\" \/>\n\t<meta name=\"twitter:data2\" content=\"1 minuto\" \/>\n<script type=\"application\/ld+json\" class=\"yoast-schema-graph\">{\"@context\":\"https:\/\/schema.org\",\"@graph\":[{\"@type\":\"Article\",\"@id\":\"https:\/\/portaltela.pt\/noticias\/2026\/04\/30\/milhares-participam-na-corrida-run-for-autism-em-astana\/#article\",\"isPartOf\":{\"@id\":\"https:\/\/portaltela.pt\/noticias\/2026\/04\/30\/milhares-participam-na-corrida-run-for-autism-em-astana\/\"},\"author\":{\"name\":\"Telinha\",\"@id\":\"https:\/\/portaltela.pt\/#\/schema\/person\/c4278d4a6028830caff9ee44b42d32ed\"},\"headline\":\"Milhares participam na corrida Run for Autism em Astana\",\"datePublished\":\"2026-04-30T15:34:23+00:00\",\"mainEntityOfPage\":{\"@id\":\"https:\/\/portaltela.pt\/noticias\/2026\/04\/30\/milhares-participam-na-corrida-run-for-autism-em-astana\/\"},\"wordCount\":149,\"image\":{\"@id\":\"https:\/\/portaltela.pt\/noticias\/2026\/04\/30\/milhares-participam-na-corrida-run-for-autism-em-astana\/#primaryimage\"},\"thumbnailUrl\":\"https:\/\/portaltela.pt\/s.01k8rhncp4jt1\/2026\/04\/1536x864_cmsv2_d96ede73-07d7-5fbb-bb47-d6cc8e36090c-9742403.jpg\",\"keywords\":[\"Astana\",\"Cazaquist\u00e3o\",\"educa\u00e7\u00e3o\",\"educa\u00e7\u00e3o inclusiva\",\"inclus\u00e3o social\",\"Solidariedade Social\"],\"articleSection\":[\"Sa\u00fade\",\"Sociedade\"],\"inLanguage\":\"pt-PT\"},{\"@type\":\"WebPage\",\"@id\":\"https:\/\/portaltela.pt\/noticias\/2026\/04\/30\/milhares-participam-na-corrida-run-for-autism-em-astana\/\",\"url\":\"https:\/\/portaltela.pt\/noticias\/2026\/04\/30\/milhares-participam-na-corrida-run-for-autism-em-astana\/\",\"name\":\"Milhares participam na corrida Run for Autism em Astana - Portal Tela Portugal\",\"isPartOf\":{\"@id\":\"https:\/\/portaltela.pt\/#website\"},\"primaryImageOfPage\":{\"@id\":\"https:\/\/portaltela.pt\/noticias\/2026\/04\/30\/milhares-participam-na-corrida-run-for-autism-em-astana\/#primaryimage\"},\"image\":{\"@id\":\"https:\/\/portaltela.pt\/noticias\/2026\/04\/30\/milhares-participam-na-corrida-run-for-autism-em-astana\/#primaryimage\"},\"thumbnailUrl\":\"https:\/\/portaltela.pt\/s.01k8rhncp4jt1\/2026\/04\/1536x864_cmsv2_d96ede73-07d7-5fbb-bb47-d6cc8e36090c-9742403.jpg\",\"datePublished\":\"2026-04-30T15:34:23+00:00\",\"author\":{\"@id\":\"https:\/\/portaltela.pt\/#\/schema\/person\/c4278d4a6028830caff9ee44b42d32ed\"},\"breadcrumb\":{\"@id\":\"https:\/\/portaltela.pt\/noticias\/2026\/04\/30\/milhares-participam-na-corrida-run-for-autism-em-astana\/#breadcrumb\"},\"inLanguage\":\"pt-PT\",\"potentialAction\":[{\"@type\":\"ReadAction\",\"target\":[\"https:\/\/portaltela.pt\/noticias\/2026\/04\/30\/milhares-participam-na-corrida-run-for-autism-em-astana\/\"]}]},{\"@type\":\"ImageObject\",\"inLanguage\":\"pt-PT\",\"@id\":\"https:\/\/portaltela.pt\/noticias\/2026\/04\/30\/milhares-participam-na-corrida-run-for-autism-em-astana\/#primaryimage\",\"url\":\"https:\/\/portaltela.pt\/s.01k8rhncp4jt1\/2026\/04\/1536x864_cmsv2_d96ede73-07d7-5fbb-bb47-d6cc8e36090c-9742403.jpg\",\"contentUrl\":\"https:\/\/portaltela.pt\/s.01k8rhncp4jt1\/2026\/04\/1536x864_cmsv2_d96ede73-07d7-5fbb-bb47-d6cc8e36090c-9742403.jpg\",\"width\":1536,\"height\":864,\"caption\":\"Um corredor faz uma pausa durante uma maratona em apoio ao autismo em Astana, Cazaquist\u00e3o, 26 de abril de 2026.\"},{\"@type\":\"BreadcrumbList\",\"@id\":\"https:\/\/portaltela.pt\/noticias\/2026\/04\/30\/milhares-participam-na-corrida-run-for-autism-em-astana\/#breadcrumb\",\"itemListElement\":[{\"@type\":\"ListItem\",\"position\":1,\"name\":\"In\u00edcio\",\"item\":\"https:\/\/portaltela.pt\/\"},{\"@type\":\"ListItem\",\"position\":2,\"name\":\"Milhares participam na corrida Run for Autism em Astana\"}]},{\"@type\":\"WebSite\",\"@id\":\"https:\/\/portaltela.pt\/#website\",\"url\":\"https:\/\/portaltela.pt\/\",\"name\":\"Portal Tela Portugal\",\"description\":\"\",\"potentialAction\":[{\"@type\":\"SearchAction\",\"target\":{\"@type\":\"EntryPoint\",\"urlTemplate\":\"https:\/\/portaltela.pt\/?s={search_term_string}\"},\"query-input\":{\"@type\":\"PropertyValueSpecification\",\"valueRequired\":true,\"valueName\":\"search_term_string\"}}],\"inLanguage\":\"pt-PT\"},{\"@type\":\"Person\",\"@id\":\"https:\/\/portaltela.pt\/#\/schema\/person\/c4278d4a6028830caff9ee44b42d32ed\",\"name\":\"Telinha\",\"image\":{\"@type\":\"ImageObject\",\"inLanguage\":\"pt-PT\",\"@id\":\"https:\/\/portaltela.pt\/s.01k8rhncp4jt1\/2025\/11\/talking-bot-125x125.png\",\"url\":\"https:\/\/portaltela.pt\/s.01k8rhncp4jt1\/2025\/11\/talking-bot-125x125.png\",\"contentUrl\":\"https:\/\/portaltela.pt\/s.01k8rhncp4jt1\/2025\/11\/talking-bot-125x125.png\",\"caption\":\"Telinha\"},\"sameAs\":[\"https:\/\/portaltela.pt\/\"],\"url\":\"https:\/\/portaltela.pt\/por\/367410592786\/\"}]}<\/script>\n<!-- \/ Yoast SEO plugin. -->","yoast_head_json":{"title":"Milhares participam na corrida Run for Autism em Astana - Portal Tela Portugal","robots":{"index":"index","follow":"follow","max-snippet":"max-snippet:-1","max-image-preview":"max-image-preview:large","max-video-preview":"max-video-preview:-1"},"og_locale":"pt_PT","og_type":"article","og_title":"Milhares participam na corrida Run for Autism em Astana - Portal Tela Portugal","og_description":"Cerca de 5.000 pessoas participaram na corrida solid\u00e1ria Run for Autism, em Astana, reunindo participantes de 26 cidades do Cazaquist\u00e3o. A iniciativa, organizada pela Funda\u00e7\u00e3o Corporativa Bolashak, visa sensibilizar para perturba\u00e7\u00f5es do espetro do autismo e apoiar educa\u00e7\u00e3o inclusiva. A corrida funcionou como plataforma para promover compreens\u00e3o e igualdade de oportunidades para pessoas com perturba\u00e7\u00f5es do desenvolvimento. Os fundos angariados v\u00e3o apoiar novos centros de apoio \u00e0 inclus\u00e3o e infraestruturas educativas para crian\u00e7as com autismo. \u2022Desde 2015, a funda\u00e7\u00e3o afirma ter aberto dezenas de salas de apoio \u00e0 inclus\u00e3o em escolas do pa\u00eds, no \u00e2mbito do programa educativo.","og_url":"https:\/\/portaltela.pt\/noticias\/2026\/04\/30\/milhares-participam-na-corrida-run-for-autism-em-astana\/","og_site_name":"Portal Tela Portugal","article_published_time":"2026-04-30T15:34:23+00:00","author":"Telinha","twitter_card":"summary_large_image","twitter_misc":{"Escrito por":"Telinha","Tempo estimado de leitura":"1 minuto"},"schema":{"@context":"https:\/\/schema.org","@graph":[{"@type":"Article","@id":"https:\/\/portaltela.pt\/noticias\/2026\/04\/30\/milhares-participam-na-corrida-run-for-autism-em-astana\/#article","isPartOf":{"@id":"https:\/\/portaltela.pt\/noticias\/2026\/04\/30\/milhares-participam-na-corrida-run-for-autism-em-astana\/"},"author":{"name":"Telinha","@id":"https:\/\/portaltela.pt\/#\/schema\/person\/c4278d4a6028830caff9ee44b42d32ed"},"headline":"Milhares participam na corrida Run for Autism em Astana","datePublished":"2026-04-30T15:34:23+00:00","mainEntityOfPage":{"@id":"https:\/\/portaltela.pt\/noticias\/2026\/04\/30\/milhares-participam-na-corrida-run-for-autism-em-astana\/"},"wordCount":149,"image":{"@id":"https:\/\/portaltela.pt\/noticias\/2026\/04\/30\/milhares-participam-na-corrida-run-for-autism-em-astana\/#primaryimage"},"thumbnailUrl":"https:\/\/portaltela.pt\/s.01k8rhncp4jt1\/2026\/04\/1536x864_cmsv2_d96ede73-07d7-5fbb-bb47-d6cc8e36090c-9742403.jpg","keywords":["Astana","Cazaquist\u00e3o","educa\u00e7\u00e3o","educa\u00e7\u00e3o inclusiva","inclus\u00e3o social","Solidariedade Social"],"articleSection":["Sa\u00fade","Sociedade"],"inLanguage":"pt-PT"},{"@type":"WebPage","@id":"https:\/\/portaltela.pt\/noticias\/2026\/04\/30\/milhares-participam-na-corrida-run-for-autism-em-astana\/","url":"https:\/\/portaltela.pt\/noticias\/2026\/04\/30\/milhares-participam-na-corrida-run-for-autism-em-astana\/","name":"Milhares participam na corrida Run for Autism em Astana - Portal Tela Portugal","isPartOf":{"@id":"https:\/\/portaltela.pt\/#website"},"primaryImageOfPage":{"@id":"https:\/\/portaltela.pt\/noticias\/2026\/04\/30\/milhares-participam-na-corrida-run-for-autism-em-astana\/#primaryimage"},"image":{"@id":"https:\/\/portaltela.pt\/noticias\/2026\/04\/30\/milhares-participam-na-corrida-run-for-autism-em-astana\/#primaryimage"},"thumbnailUrl":"https:\/\/portaltela.pt\/s.01k8rhncp4jt1\/2026\/04\/1536x864_cmsv2_d96ede73-07d7-5fbb-bb47-d6cc8e36090c-9742403.jpg","datePublished":"2026-04-30T15:34:23+00:00","author":{"@id":"https:\/\/portaltela.pt\/#\/schema\/person\/c4278d4a6028830caff9ee44b42d32ed"},"breadcrumb":{"@id":"https:\/\/portaltela.pt\/noticias\/2026\/04\/30\/milhares-participam-na-corrida-run-for-autism-em-astana\/#breadcrumb"},"inLanguage":"pt-PT","potentialAction":[{"@type":"ReadAction","target":["https:\/\/portaltela.pt\/noticias\/2026\/04\/30\/milhares-participam-na-corrida-run-for-autism-em-astana\/"]}]},{"@type":"ImageObject","inLanguage":"pt-PT","@id":"https:\/\/portaltela.pt\/noticias\/2026\/04\/30\/milhares-participam-na-corrida-run-for-autism-em-astana\/#primaryimage","url":"https:\/\/portaltela.pt\/s.01k8rhncp4jt1\/2026\/04\/1536x864_cmsv2_d96ede73-07d7-5fbb-bb47-d6cc8e36090c-9742403.jpg","contentUrl":"https:\/\/portaltela.pt\/s.01k8rhncp4jt1\/2026\/04\/1536x864_cmsv2_d96ede73-07d7-5fbb-bb47-d6cc8e36090c-9742403.jpg","width":1536,"height":864,"caption":"Um corredor faz uma pausa durante uma maratona em apoio ao autismo em Astana, Cazaquist\u00e3o, 26 de abril de 2026."},{"@type":"BreadcrumbList","@id":"https:\/\/portaltela.pt\/noticias\/2026\/04\/30\/milhares-participam-na-corrida-run-for-autism-em-astana\/#breadcrumb","itemListElement":[{"@type":"ListItem","position":1,"name":"In\u00edcio","item":"https:\/\/portaltela.pt\/"},{"@type":"ListItem","position":2,"name":"Milhares participam na corrida Run for Autism em Astana"}]},{"@type":"WebSite","@id":"https:\/\/portaltela.pt\/#website","url":"https:\/\/portaltela.pt\/","name":"Portal Tela Portugal","description":"","potentialAction":[{"@type":"SearchAction","target":{"@type":"EntryPoint","urlTemplate":"https:\/\/portaltela.pt\/?s={search_term_string}"},"query-input":{"@type":"PropertyValueSpecification","valueRequired":true,"valueName":"search_term_string"}}],"inLanguage":"pt-PT"},{"@type":"Person","@id":"https:\/\/portaltela.pt\/#\/schema\/person\/c4278d4a6028830caff9ee44b42d32ed","name":"Telinha","image":{"@type":"ImageObject","inLanguage":"pt-PT","@id":"https:\/\/portaltela.pt\/s.01k8rhncp4jt1\/2025\/11\/talking-bot-125x125.png","url":"https:\/\/portaltela.pt\/s.01k8rhncp4jt1\/2025\/11\/talking-bot-125x125.png","contentUrl":"https:\/\/portaltela.pt\/s.01k8rhncp4jt1\/2025\/11\/talking-bot-125x125.png","caption":"Telinha"},"sameAs":["https:\/\/portaltela.pt\/"],"url":"https:\/\/portaltela.pt\/por\/367410592786\/"}]}},"_links":{"self":[{"href":"https:\/\/portaltela.pt\/api\/wp\/v2\/posts\/462581","targetHints":{"allow":["GET"]}}],"collection":[{"href":"https:\/\/portaltela.pt\/api\/wp\/v2\/posts"}],"about":[{"href":"https:\/\/portaltela.pt\/api\/wp\/v2\/types\/post"}],"author":[{"embeddable":true,"href":"https:\/\/portaltela.pt\/api\/wp\/v2\/users\/2"}],"replies":[{"embeddable":true,"href":"https:\/\/portaltela.pt\/api\/wp\/v2\/comments?post=462581"}],"version-history":[{"count":0,"href":"https:\/\/portaltela.pt\/api\/wp\/v2\/posts\/462581\/revisions"}],"wp:featuredmedia":[{"embeddable":true,"href":"https:\/\/portaltela.pt\/api\/wp\/v2\/media\/462584"}],"wp:attachment":[{"href":"https:\/\/portaltela.pt\/api\/wp\/v2\/media?parent=462581"}],"wp:term":[{"taxonomy":"category","embeddable":true,"href":"https:\/\/portaltela.pt\/api\/wp\/v2\/categories?post=462581"},{"taxonomy":"post_tag","embeddable":true,"href":"https:\/\/portaltela.pt\/api\/wp\/v2\/tags?post=462581"}],"curies":[{"name":"wp","href":"https:\/\/api.w.org\/{rel}","templated":true}]}}