{"id":462558,"date":"2026-04-30T11:18:26","date_gmt":"2026-04-30T14:18:26","guid":{"rendered":"https:\/\/portaltela.pt\/noticias\/2026\/04\/30\/2024-e-ano-vintage-para-o-vinho-do-porto\/"},"modified":"2026-04-30T11:18:26","modified_gmt":"2026-04-30T14:18:26","slug":"2024-e-ano-vintage-para-o-vinho-do-porto","status":"publish","type":"post","link":"https:\/\/portaltela.pt\/noticias\/2026\/04\/30\/2024-e-ano-vintage-para-o-vinho-do-porto\/","title":{"rendered":"2024 \u00e9 ano vintage para o vinho do Porto"},"content":{"rendered":"<p>A Sogrape foi a primeira a declarar 2024 como ano vintage, com as refer\u00eancias Ferreira e Sandeman a entrar nesse registo. O an\u00fancio ocorreu no in\u00edcio de mar\u00e7o, ap\u00f3s aprova\u00e7\u00e3o do Instituto dos Vinhos do Douro e Porto (IVDP). A Offley ficou de fora, segundo fonte oficial da Sogrape, por n\u00e3o corresponder ao perfil pretendido para um vintage dessa marca.<\/p>\n<p>Nos dias seguintes, outros produtores anunciaram 2024 como vintage, consolidando o movimento no setor. A Ramos Pinto lan\u00e7ou os vintages Porto 2024, Ferreira e Ervamoira apresentaram tamb\u00e9m as refer\u00eancias 2024, destacando equil\u00edbrio, frescura e potencial de envelhecimento.<\/p>\n<p>Para Lu\u00eds de Sottomayor, director de enologia da Sogrape, 2024 \u00e9 um ano cl\u00e1ssico, reconhecido pela qualidade da vindima. O equil\u00edbrio entre concentra\u00e7\u00e3o e acidez foi apontado como determinante para a classifica\u00e7\u00e3o de vintage pela casa.<\/p>\n<h3>Um ano \u00e0 moda antiga<\/h3>\n<p>O Kopke anunciou dois vintages: Burmester Vintage 2024 e Kopke Vintage 2024. A nota de imprensa descreve grande intensidade de cor e acidez natural, resultado de inverno e primavera amenos, ver\u00e3o quente, com noites frescas na vindima que favoreceram matura\u00e7\u00e3o equilibrada.<\/p>\n<p>A Symington revelou vintages cl\u00e1ssicos para todas as suas casas: Dow\u2019s, Graham\u2019s, Warre\u2019s, Cockburn\u2019s e Quinta do Ves\u00favio, enfatizando eleg\u00e2ncia, precis\u00e3o e equil\u00edbrio. A declara\u00e7\u00e3o marca o retorno do vintage ap\u00f3s sete anos, ap\u00f3s 2018, com a cr\u00edtica destacando The Stone Terraces Vintage 2024 entre os lan\u00e7amentos.<\/p>\n<p>David Guimaraens, do grupo Fladgate, afirmou que declarar um ano cl\u00e1ssico envolve responsabilidade, mas 2024 foi excepcional e gerou vinhos not\u00e1veis. O grupo manteve a tradi\u00e7\u00e3o de anunciar vintages nos seus r\u00f3tulos Taylor\u2019s, Croft e Fonseca, no Dia de S\u00e3o Jorge.<\/p>\n<p>A Po\u00e7as J\u00fanior comunicou via redes sociais a declara\u00e7\u00e3o de 2024 como vintage, apresentando Po\u00e7as Vintage 2024 com concentra\u00e7\u00e3o, eleg\u00e2ncia e perfil de Baixo Corgo, refor\u00e7ando a mudan\u00e7a de imagem da casa.<\/p>\n<h3>Outras confirma\u00e7\u00f5es e lens de contexto<\/h3>\n<p>A Quinta do Noval anunciou tr\u00eas vintages 2024: Quinta do Noval Nacional Vintage, Quinta do Noval Vintage e Quinta do Passadouro Vintage. O administrador Christian Seely indicou que vinhas mais jovens sentiram algum stress h\u00eddrico, mas as mais velhas mantiveram equil\u00edbrio gra\u00e7as \u00e0s reservas de \u00e1gua no solo.<\/p>\n<p>O ano 2024 \u00e9 visto como singular pela soma de factores clim\u00e1ticos ben\u00e9ficos ao Douro, mantendo o foco no conceito de vintage como produto de qualidade que pode envelhecer bem em garrafa. A imprensa e as casas de vinho do Porto acompanham de perto o desempenho, as avalia\u00e7\u00f5es do IVDP e as recep\u00e7\u00f5es de mercado.<\/p>\n","protected":false},"excerpt":{"rendered":"<ul>\n<li>V\u00e1rias casas de vinho do Porto declararam 2024 como ano vintage, come\u00e7ando pela Sogrape com as marcas Ferreira e Sandeman.<\/li>\n<li>Ramos Pinto tamb\u00e9m lan\u00e7ou o  Porto Vintage 2024 e o Quinta da Ervamoira Porto Vintage 2024, destacando equil\u00edbrio na vindima Douro.<\/li>\n<li>Kopke\/Burmester anunciaram dois vintages: Burmester Vintage 2024 e Kopke Vintage 2024, elogiando a intensidade de cor e a acidez natural.<\/li>\n<li>O grupo Symington confirmou vintages cl\u00e1ssicos de todas as suas casas (Dow\u2019s, Graham\u2019s, Warre\u2019s, Cockburn\u2019s e Quinta do Ves\u00favio) ap\u00f3s sete anos sem declara\u00e7\u00f5es.<\/li>\n<li>Po\u00e7as J\u00fanior anunciou o Po\u00e7as Vintage 2024, real\u00e7ando eleg\u00e2ncia e concentra\u00e7\u00e3o, e Quinta do Noval revelou tr\u00eas vintages de 2024 (Nacional, Vintage e Passadouro).<\/li>\n<\/ul>\n","protected":false},"author":2,"featured_media":462569,"comment_status":"closed","ping_status":"closed","sticky":false,"template":"","format":"standard","meta":{"footnotes":""},"categories":[7369,1],"tags":[8205,1194,10021,982,10022,779],"class_list":["post-462558","post","type-post","status-publish","format-standard","has-post-thumbnail","hentry","category-gastronomia","category-noticias","tag-_vinho","tag-douro","tag-pocas-junior","tag-porto","tag-quinta-do-noval-nacional-vintage","tag-vinhos"],"yoast_head":"<!-- This site is optimized with the Yoast SEO plugin v27.2 - https:\/\/yoast.com\/product\/yoast-seo-wordpress\/ -->\n<title>2024 \u00e9 ano vintage para o vinho do Porto - Portal Tela Portugal<\/title>\n<meta name=\"robots\" content=\"index, follow, max-snippet:-1, max-image-preview:large, max-video-preview:-1\" \/>\n<meta property=\"og:locale\" content=\"pt_PT\" \/>\n<meta property=\"og:type\" content=\"article\" \/>\n<meta property=\"og:title\" content=\"2024 \u00e9 ano vintage para o vinho do Porto - Portal Tela Portugal\" \/>\n<meta property=\"og:description\" content=\"V\u00e1rias casas de vinho do Porto declararam 2024 como ano vintage, come\u00e7ando pela Sogrape com as marcas Ferreira e Sandeman. Ramos Pinto tamb\u00e9m lan\u00e7ou o Porto Vintage 2024 e o Quinta da Ervamoira Porto Vintage 2024, destacando equil\u00edbrio na vindima Douro. Kopke\/Burmester anunciaram dois vintages: Burmester Vintage 2024 e Kopke Vintage 2024, elogiando a intensidade de cor e a acidez natural. O grupo Symington confirmou vintages cl\u00e1ssicos de todas as suas casas (Dow\u2019s, Graham\u2019s, Warre\u2019s, Cockburn\u2019s e Quinta do Ves\u00favio) ap\u00f3s sete anos sem declara\u00e7\u00f5es. Po\u00e7as J\u00fanior anunciou o Po\u00e7as Vintage 2024, real\u00e7ando eleg\u00e2ncia e concentra\u00e7\u00e3o, e Quinta do Noval revelou tr\u00eas vintages de 2024 (Nacional, Vintage e Passadouro).\" \/>\n<meta property=\"og:url\" content=\"https:\/\/portaltela.pt\/noticias\/2026\/04\/30\/2024-e-ano-vintage-para-o-vinho-do-porto\/\" \/>\n<meta property=\"og:site_name\" content=\"Portal Tela Portugal\" \/>\n<meta property=\"article:published_time\" content=\"2026-04-30T14:18:26+00:00\" \/>\n<meta name=\"author\" content=\"Telinha\" \/>\n<meta name=\"twitter:card\" content=\"summary_large_image\" \/>\n<meta name=\"twitter:label1\" content=\"Escrito por\" \/>\n\t<meta name=\"twitter:data1\" content=\"Telinha\" \/>\n\t<meta name=\"twitter:label2\" content=\"Tempo estimado de leitura\" \/>\n\t<meta name=\"twitter:data2\" content=\"2 minutos\" \/>\n<script type=\"application\/ld+json\" class=\"yoast-schema-graph\">{\"@context\":\"https:\/\/schema.org\",\"@graph\":[{\"@type\":\"Article\",\"@id\":\"https:\/\/portaltela.pt\/noticias\/2026\/04\/30\/2024-e-ano-vintage-para-o-vinho-do-porto\/#article\",\"isPartOf\":{\"@id\":\"https:\/\/portaltela.pt\/noticias\/2026\/04\/30\/2024-e-ano-vintage-para-o-vinho-do-porto\/\"},\"author\":{\"name\":\"Telinha\",\"@id\":\"https:\/\/portaltela.pt\/#\/schema\/person\/c4278d4a6028830caff9ee44b42d32ed\"},\"headline\":\"2024 \u00e9 ano vintage para o vinho do Porto\",\"datePublished\":\"2026-04-30T14:18:26+00:00\",\"mainEntityOfPage\":{\"@id\":\"https:\/\/portaltela.pt\/noticias\/2026\/04\/30\/2024-e-ano-vintage-para-o-vinho-do-porto\/\"},\"wordCount\":453,\"image\":{\"@id\":\"https:\/\/portaltela.pt\/noticias\/2026\/04\/30\/2024-e-ano-vintage-para-o-vinho-do-porto\/#primaryimage\"},\"thumbnailUrl\":\"https:\/\/portaltela.pt\/s.01k8rhncp4jt1\/2026\/04\/2085236.jpg\",\"keywords\":[\"_vinho\",\"Douro\",\"Po\u00e7as J\u00fanior\",\"Porto\",\"Quinta do Noval Nacional Vintage\",\"vinhos\"],\"articleSection\":[\"Gastronomia\",\"Not\u00edcias\"],\"inLanguage\":\"pt-PT\"},{\"@type\":\"WebPage\",\"@id\":\"https:\/\/portaltela.pt\/noticias\/2026\/04\/30\/2024-e-ano-vintage-para-o-vinho-do-porto\/\",\"url\":\"https:\/\/portaltela.pt\/noticias\/2026\/04\/30\/2024-e-ano-vintage-para-o-vinho-do-porto\/\",\"name\":\"2024 \u00e9 ano vintage para o vinho do Porto - Portal Tela Portugal\",\"isPartOf\":{\"@id\":\"https:\/\/portaltela.pt\/#website\"},\"primaryImageOfPage\":{\"@id\":\"https:\/\/portaltela.pt\/noticias\/2026\/04\/30\/2024-e-ano-vintage-para-o-vinho-do-porto\/#primaryimage\"},\"image\":{\"@id\":\"https:\/\/portaltela.pt\/noticias\/2026\/04\/30\/2024-e-ano-vintage-para-o-vinho-do-porto\/#primaryimage\"},\"thumbnailUrl\":\"https:\/\/portaltela.pt\/s.01k8rhncp4jt1\/2026\/04\/2085236.jpg\",\"datePublished\":\"2026-04-30T14:18:26+00:00\",\"author\":{\"@id\":\"https:\/\/portaltela.pt\/#\/schema\/person\/c4278d4a6028830caff9ee44b42d32ed\"},\"breadcrumb\":{\"@id\":\"https:\/\/portaltela.pt\/noticias\/2026\/04\/30\/2024-e-ano-vintage-para-o-vinho-do-porto\/#breadcrumb\"},\"inLanguage\":\"pt-PT\",\"potentialAction\":[{\"@type\":\"ReadAction\",\"target\":[\"https:\/\/portaltela.pt\/noticias\/2026\/04\/30\/2024-e-ano-vintage-para-o-vinho-do-porto\/\"]}]},{\"@type\":\"ImageObject\",\"inLanguage\":\"pt-PT\",\"@id\":\"https:\/\/portaltela.pt\/noticias\/2026\/04\/30\/2024-e-ano-vintage-para-o-vinho-do-porto\/#primaryimage\",\"url\":\"https:\/\/portaltela.pt\/s.01k8rhncp4jt1\/2026\/04\/2085236.jpg\",\"contentUrl\":\"https:\/\/portaltela.pt\/s.01k8rhncp4jt1\/2026\/04\/2085236.jpg\",\"width\":796,\"height\":448,\"caption\":\"A Sogrape foi a primeira a declarar 2024 como ano vintage, apresentando as refer\u00eancias da Ferreira e da Sandeman\"},{\"@type\":\"BreadcrumbList\",\"@id\":\"https:\/\/portaltela.pt\/noticias\/2026\/04\/30\/2024-e-ano-vintage-para-o-vinho-do-porto\/#breadcrumb\",\"itemListElement\":[{\"@type\":\"ListItem\",\"position\":1,\"name\":\"In\u00edcio\",\"item\":\"https:\/\/portaltela.pt\/\"},{\"@type\":\"ListItem\",\"position\":2,\"name\":\"2024 \u00e9 ano vintage para o vinho do Porto\"}]},{\"@type\":\"WebSite\",\"@id\":\"https:\/\/portaltela.pt\/#website\",\"url\":\"https:\/\/portaltela.pt\/\",\"name\":\"Portal Tela Portugal\",\"description\":\"\",\"potentialAction\":[{\"@type\":\"SearchAction\",\"target\":{\"@type\":\"EntryPoint\",\"urlTemplate\":\"https:\/\/portaltela.pt\/?s={search_term_string}\"},\"query-input\":{\"@type\":\"PropertyValueSpecification\",\"valueRequired\":true,\"valueName\":\"search_term_string\"}}],\"inLanguage\":\"pt-PT\"},{\"@type\":\"Person\",\"@id\":\"https:\/\/portaltela.pt\/#\/schema\/person\/c4278d4a6028830caff9ee44b42d32ed\",\"name\":\"Telinha\",\"image\":{\"@type\":\"ImageObject\",\"inLanguage\":\"pt-PT\",\"@id\":\"https:\/\/portaltela.pt\/s.01k8rhncp4jt1\/2025\/11\/talking-bot-125x125.png\",\"url\":\"https:\/\/portaltela.pt\/s.01k8rhncp4jt1\/2025\/11\/talking-bot-125x125.png\",\"contentUrl\":\"https:\/\/portaltela.pt\/s.01k8rhncp4jt1\/2025\/11\/talking-bot-125x125.png\",\"caption\":\"Telinha\"},\"sameAs\":[\"https:\/\/portaltela.pt\/\"],\"url\":\"https:\/\/portaltela.pt\/por\/367410592786\/\"}]}<\/script>\n<!-- \/ Yoast SEO plugin. -->","yoast_head_json":{"title":"2024 \u00e9 ano vintage para o vinho do Porto - Portal Tela Portugal","robots":{"index":"index","follow":"follow","max-snippet":"max-snippet:-1","max-image-preview":"max-image-preview:large","max-video-preview":"max-video-preview:-1"},"og_locale":"pt_PT","og_type":"article","og_title":"2024 \u00e9 ano vintage para o vinho do Porto - Portal Tela Portugal","og_description":"V\u00e1rias casas de vinho do Porto declararam 2024 como ano vintage, come\u00e7ando pela Sogrape com as marcas Ferreira e Sandeman. Ramos Pinto tamb\u00e9m lan\u00e7ou o Porto Vintage 2024 e o Quinta da Ervamoira Porto Vintage 2024, destacando equil\u00edbrio na vindima Douro. Kopke\/Burmester anunciaram dois vintages: Burmester Vintage 2024 e Kopke Vintage 2024, elogiando a intensidade de cor e a acidez natural. O grupo Symington confirmou vintages cl\u00e1ssicos de todas as suas casas (Dow\u2019s, Graham\u2019s, Warre\u2019s, Cockburn\u2019s e Quinta do Ves\u00favio) ap\u00f3s sete anos sem declara\u00e7\u00f5es. Po\u00e7as J\u00fanior anunciou o Po\u00e7as Vintage 2024, real\u00e7ando eleg\u00e2ncia e concentra\u00e7\u00e3o, e Quinta do Noval revelou tr\u00eas vintages de 2024 (Nacional, Vintage e Passadouro).","og_url":"https:\/\/portaltela.pt\/noticias\/2026\/04\/30\/2024-e-ano-vintage-para-o-vinho-do-porto\/","og_site_name":"Portal Tela Portugal","article_published_time":"2026-04-30T14:18:26+00:00","author":"Telinha","twitter_card":"summary_large_image","twitter_misc":{"Escrito por":"Telinha","Tempo estimado de leitura":"2 minutos"},"schema":{"@context":"https:\/\/schema.org","@graph":[{"@type":"Article","@id":"https:\/\/portaltela.pt\/noticias\/2026\/04\/30\/2024-e-ano-vintage-para-o-vinho-do-porto\/#article","isPartOf":{"@id":"https:\/\/portaltela.pt\/noticias\/2026\/04\/30\/2024-e-ano-vintage-para-o-vinho-do-porto\/"},"author":{"name":"Telinha","@id":"https:\/\/portaltela.pt\/#\/schema\/person\/c4278d4a6028830caff9ee44b42d32ed"},"headline":"2024 \u00e9 ano vintage para o vinho do Porto","datePublished":"2026-04-30T14:18:26+00:00","mainEntityOfPage":{"@id":"https:\/\/portaltela.pt\/noticias\/2026\/04\/30\/2024-e-ano-vintage-para-o-vinho-do-porto\/"},"wordCount":453,"image":{"@id":"https:\/\/portaltela.pt\/noticias\/2026\/04\/30\/2024-e-ano-vintage-para-o-vinho-do-porto\/#primaryimage"},"thumbnailUrl":"https:\/\/portaltela.pt\/s.01k8rhncp4jt1\/2026\/04\/2085236.jpg","keywords":["_vinho","Douro","Po\u00e7as J\u00fanior","Porto","Quinta do Noval Nacional Vintage","vinhos"],"articleSection":["Gastronomia","Not\u00edcias"],"inLanguage":"pt-PT"},{"@type":"WebPage","@id":"https:\/\/portaltela.pt\/noticias\/2026\/04\/30\/2024-e-ano-vintage-para-o-vinho-do-porto\/","url":"https:\/\/portaltela.pt\/noticias\/2026\/04\/30\/2024-e-ano-vintage-para-o-vinho-do-porto\/","name":"2024 \u00e9 ano vintage para o vinho do Porto - Portal Tela Portugal","isPartOf":{"@id":"https:\/\/portaltela.pt\/#website"},"primaryImageOfPage":{"@id":"https:\/\/portaltela.pt\/noticias\/2026\/04\/30\/2024-e-ano-vintage-para-o-vinho-do-porto\/#primaryimage"},"image":{"@id":"https:\/\/portaltela.pt\/noticias\/2026\/04\/30\/2024-e-ano-vintage-para-o-vinho-do-porto\/#primaryimage"},"thumbnailUrl":"https:\/\/portaltela.pt\/s.01k8rhncp4jt1\/2026\/04\/2085236.jpg","datePublished":"2026-04-30T14:18:26+00:00","author":{"@id":"https:\/\/portaltela.pt\/#\/schema\/person\/c4278d4a6028830caff9ee44b42d32ed"},"breadcrumb":{"@id":"https:\/\/portaltela.pt\/noticias\/2026\/04\/30\/2024-e-ano-vintage-para-o-vinho-do-porto\/#breadcrumb"},"inLanguage":"pt-PT","potentialAction":[{"@type":"ReadAction","target":["https:\/\/portaltela.pt\/noticias\/2026\/04\/30\/2024-e-ano-vintage-para-o-vinho-do-porto\/"]}]},{"@type":"ImageObject","inLanguage":"pt-PT","@id":"https:\/\/portaltela.pt\/noticias\/2026\/04\/30\/2024-e-ano-vintage-para-o-vinho-do-porto\/#primaryimage","url":"https:\/\/portaltela.pt\/s.01k8rhncp4jt1\/2026\/04\/2085236.jpg","contentUrl":"https:\/\/portaltela.pt\/s.01k8rhncp4jt1\/2026\/04\/2085236.jpg","width":796,"height":448,"caption":"A Sogrape foi a primeira a declarar 2024 como ano vintage, apresentando as refer\u00eancias da Ferreira e da Sandeman"},{"@type":"BreadcrumbList","@id":"https:\/\/portaltela.pt\/noticias\/2026\/04\/30\/2024-e-ano-vintage-para-o-vinho-do-porto\/#breadcrumb","itemListElement":[{"@type":"ListItem","position":1,"name":"In\u00edcio","item":"https:\/\/portaltela.pt\/"},{"@type":"ListItem","position":2,"name":"2024 \u00e9 ano vintage para o vinho do Porto"}]},{"@type":"WebSite","@id":"https:\/\/portaltela.pt\/#website","url":"https:\/\/portaltela.pt\/","name":"Portal Tela Portugal","description":"","potentialAction":[{"@type":"SearchAction","target":{"@type":"EntryPoint","urlTemplate":"https:\/\/portaltela.pt\/?s={search_term_string}"},"query-input":{"@type":"PropertyValueSpecification","valueRequired":true,"valueName":"search_term_string"}}],"inLanguage":"pt-PT"},{"@type":"Person","@id":"https:\/\/portaltela.pt\/#\/schema\/person\/c4278d4a6028830caff9ee44b42d32ed","name":"Telinha","image":{"@type":"ImageObject","inLanguage":"pt-PT","@id":"https:\/\/portaltela.pt\/s.01k8rhncp4jt1\/2025\/11\/talking-bot-125x125.png","url":"https:\/\/portaltela.pt\/s.01k8rhncp4jt1\/2025\/11\/talking-bot-125x125.png","contentUrl":"https:\/\/portaltela.pt\/s.01k8rhncp4jt1\/2025\/11\/talking-bot-125x125.png","caption":"Telinha"},"sameAs":["https:\/\/portaltela.pt\/"],"url":"https:\/\/portaltela.pt\/por\/367410592786\/"}]}},"_links":{"self":[{"href":"https:\/\/portaltela.pt\/api\/wp\/v2\/posts\/462558","targetHints":{"allow":["GET"]}}],"collection":[{"href":"https:\/\/portaltela.pt\/api\/wp\/v2\/posts"}],"about":[{"href":"https:\/\/portaltela.pt\/api\/wp\/v2\/types\/post"}],"author":[{"embeddable":true,"href":"https:\/\/portaltela.pt\/api\/wp\/v2\/users\/2"}],"replies":[{"embeddable":true,"href":"https:\/\/portaltela.pt\/api\/wp\/v2\/comments?post=462558"}],"version-history":[{"count":0,"href":"https:\/\/portaltela.pt\/api\/wp\/v2\/posts\/462558\/revisions"}],"wp:featuredmedia":[{"embeddable":true,"href":"https:\/\/portaltela.pt\/api\/wp\/v2\/media\/462569"}],"wp:attachment":[{"href":"https:\/\/portaltela.pt\/api\/wp\/v2\/media?parent=462558"}],"wp:term":[{"taxonomy":"category","embeddable":true,"href":"https:\/\/portaltela.pt\/api\/wp\/v2\/categories?post=462558"},{"taxonomy":"post_tag","embeddable":true,"href":"https:\/\/portaltela.pt\/api\/wp\/v2\/tags?post=462558"}],"curies":[{"name":"wp","href":"https:\/\/api.w.org\/{rel}","templated":true}]}}