{"id":462557,"date":"2026-04-30T11:18:24","date_gmt":"2026-04-30T14:18:24","guid":{"rendered":"https:\/\/portaltela.pt\/noticias\/2026\/04\/30\/flotilha-rumo-a-gaza-ancorados-ao-sul-de-creta-apos-intercecao-israelita\/"},"modified":"2026-04-30T11:18:24","modified_gmt":"2026-04-30T14:18:24","slug":"flotilha-rumo-a-gaza-ancorados-ao-sul-de-creta-apos-intercecao-israelita","status":"publish","type":"post","link":"https:\/\/portaltela.pt\/guerra\/2026\/04\/30\/flotilha-rumo-a-gaza-ancorados-ao-sul-de-creta-apos-intercecao-israelita\/","title":{"rendered":"Flotilha rumo a Gaza ancorados ao sul de Creta ap\u00f3s interce\u00e7\u00e3o israelita"},"content":{"rendered":"<p>Navios da flotilha humanit\u00e1ria com destino a Gaza, que n\u00e3o foram interceptados pelas for\u00e7as israelitas em \u00e1guas internacionais, estavam hoje ancorados a sul da ilha de Creta. A posi\u00e7\u00e3o visa definir os pr\u00f3ximos passos da iniciativa.<\/p>\n<p>Os barcos que n\u00e3o deram entrada em interce\u00e7\u00e3o permanecem ancorados ao sul de Creta, no sul do Mar Mediterr\u00e2neo, enquanto avaliam a log\u00edstica e a seguran\u00e7a para os seguintes movimentos da opera\u00e7\u00e3o.<\/p>\n<p>A organiza\u00e7\u00e3o por tr\u00e1s da flotilha n\u00e3o divulgou prazos, mas avan\u00e7ou que as a\u00e7\u00f5es futuras dependem de avalia\u00e7\u00f5es de autoridades mar\u00edtimas e da evolu\u00e7\u00e3o da situa\u00e7\u00e3o na regi\u00e3o.<\/p>\n","protected":false},"excerpt":{"rendered":"<ul>\n<li>Navios da flotilha com destino a Gaza que n\u00e3o foram intercetados pelas for\u00e7as israelitas ancoraram a sul da ilha de Creta, em \u00e1guas internacionais.<\/li>\n<li>A veleidade \u00e9 avaliar os pr\u00f3ximos passos da iniciativa humanit\u00e1ria.<\/li>\n<li>A manobra ocorreu ap\u00f3s a interce\u00e7\u00e3o por parte de Israel, em \u00e1guas internacionais.<\/li>\n<li>A not\u00edcia sugere que as embarca\u00e7\u00f5es permanecem na \u00e1rea enquanto definem a\u00e7\u00f5es futuras.<\/li>\n<\/ul>\n","protected":false},"author":2,"featured_media":462562,"comment_status":"closed","ping_status":"closed","sticky":false,"template":"","format":"standard","meta":{"footnotes":""},"categories":[6790,6804],"tags":[6567,3225,10020,466,8332,4222],"class_list":["post-462557","post","type-post","status-publish","format-standard","has-post-thumbnail","hentry","category-conflitos","category-guerra","tag-acao-humanitaria","tag-acoes-internacionais","tag-aguas-internacionais","tag-organizacao-internacional","tag-refugiados","tag-seguranca-internacional"],"yoast_head":"<!-- This site is optimized with the Yoast SEO plugin v27.2 - https:\/\/yoast.com\/product\/yoast-seo-wordpress\/ -->\n<title>Flotilha rumo a Gaza ancorados ao sul de Creta ap\u00f3s interce\u00e7\u00e3o israelita - Portal Tela Portugal<\/title>\n<meta name=\"robots\" content=\"index, follow, max-snippet:-1, max-image-preview:large, max-video-preview:-1\" \/>\n<meta property=\"og:locale\" content=\"pt_PT\" \/>\n<meta property=\"og:type\" content=\"article\" \/>\n<meta property=\"og:title\" content=\"Flotilha rumo a Gaza ancorados ao sul de Creta ap\u00f3s interce\u00e7\u00e3o israelita - Portal Tela Portugal\" \/>\n<meta property=\"og:description\" content=\"Navios da flotilha com destino a Gaza que n\u00e3o foram intercetados pelas for\u00e7as israelitas ancoraram a sul da ilha de Creta, em \u00e1guas internacionais. A veleidade \u00e9 avaliar os pr\u00f3ximos passos da iniciativa humanit\u00e1ria. A manobra ocorreu ap\u00f3s a interce\u00e7\u00e3o por parte de Israel, em \u00e1guas internacionais. A not\u00edcia sugere que as embarca\u00e7\u00f5es permanecem na \u00e1rea enquanto definem a\u00e7\u00f5es futuras.\" \/>\n<meta property=\"og:url\" content=\"https:\/\/portaltela.pt\/noticias\/2026\/04\/30\/flotilha-rumo-a-gaza-ancorados-ao-sul-de-creta-apos-intercecao-israelita\/\" \/>\n<meta property=\"og:site_name\" content=\"Portal Tela Portugal\" \/>\n<meta property=\"article:published_time\" content=\"2026-04-30T14:18:24+00:00\" \/>\n<meta name=\"author\" content=\"Telinha\" \/>\n<meta name=\"twitter:card\" content=\"summary_large_image\" \/>\n<meta name=\"twitter:label1\" content=\"Escrito por\" \/>\n\t<meta name=\"twitter:data1\" content=\"Telinha\" \/>\n\t<meta name=\"twitter:label2\" content=\"Tempo estimado de leitura\" \/>\n\t<meta name=\"twitter:data2\" content=\"1 minuto\" \/>\n<script type=\"application\/ld+json\" class=\"yoast-schema-graph\">{\"@context\":\"https:\/\/schema.org\",\"@graph\":[{\"@type\":\"Article\",\"@id\":\"https:\/\/portaltela.pt\/noticias\/2026\/04\/30\/flotilha-rumo-a-gaza-ancorados-ao-sul-de-creta-apos-intercecao-israelita\/#article\",\"isPartOf\":{\"@id\":\"https:\/\/portaltela.pt\/noticias\/2026\/04\/30\/flotilha-rumo-a-gaza-ancorados-ao-sul-de-creta-apos-intercecao-israelita\/\"},\"author\":{\"name\":\"Telinha\",\"@id\":\"https:\/\/portaltela.pt\/#\/schema\/person\/c4278d4a6028830caff9ee44b42d32ed\"},\"headline\":\"Flotilha rumo a Gaza ancorados ao sul de Creta ap\u00f3s interce\u00e7\u00e3o israelita\",\"datePublished\":\"2026-04-30T14:18:24+00:00\",\"mainEntityOfPage\":{\"@id\":\"https:\/\/portaltela.pt\/noticias\/2026\/04\/30\/flotilha-rumo-a-gaza-ancorados-ao-sul-de-creta-apos-intercecao-israelita\/\"},\"wordCount\":131,\"image\":{\"@id\":\"https:\/\/portaltela.pt\/noticias\/2026\/04\/30\/flotilha-rumo-a-gaza-ancorados-ao-sul-de-creta-apos-intercecao-israelita\/#primaryimage\"},\"thumbnailUrl\":\"https:\/\/portaltela.pt\/s.01k8rhncp4jt1\/2026\/04\/CACHE_780X1200_ANALOG_WATERMARKED_46999428_15548297077965.jpg\",\"keywords\":[\"a\u00e7\u00e3o humanit\u00e1ria\",\"a\u00e7\u00f5es internacionais\",\"\u00c1guas internacionais\",\"organiza\u00e7\u00e3o internacional\",\"refugiados\",\"seguran\u00e7a internacional\"],\"articleSection\":[\"Conflitos\",\"Guerra\"],\"inLanguage\":\"pt-PT\"},{\"@type\":\"WebPage\",\"@id\":\"https:\/\/portaltela.pt\/noticias\/2026\/04\/30\/flotilha-rumo-a-gaza-ancorados-ao-sul-de-creta-apos-intercecao-israelita\/\",\"url\":\"https:\/\/portaltela.pt\/noticias\/2026\/04\/30\/flotilha-rumo-a-gaza-ancorados-ao-sul-de-creta-apos-intercecao-israelita\/\",\"name\":\"Flotilha rumo a Gaza ancorados ao sul de Creta ap\u00f3s interce\u00e7\u00e3o israelita - Portal Tela Portugal\",\"isPartOf\":{\"@id\":\"https:\/\/portaltela.pt\/#website\"},\"primaryImageOfPage\":{\"@id\":\"https:\/\/portaltela.pt\/noticias\/2026\/04\/30\/flotilha-rumo-a-gaza-ancorados-ao-sul-de-creta-apos-intercecao-israelita\/#primaryimage\"},\"image\":{\"@id\":\"https:\/\/portaltela.pt\/noticias\/2026\/04\/30\/flotilha-rumo-a-gaza-ancorados-ao-sul-de-creta-apos-intercecao-israelita\/#primaryimage\"},\"thumbnailUrl\":\"https:\/\/portaltela.pt\/s.01k8rhncp4jt1\/2026\/04\/CACHE_780X1200_ANALOG_WATERMARKED_46999428_15548297077965.jpg\",\"datePublished\":\"2026-04-30T14:18:24+00:00\",\"author\":{\"@id\":\"https:\/\/portaltela.pt\/#\/schema\/person\/c4278d4a6028830caff9ee44b42d32ed\"},\"breadcrumb\":{\"@id\":\"https:\/\/portaltela.pt\/noticias\/2026\/04\/30\/flotilha-rumo-a-gaza-ancorados-ao-sul-de-creta-apos-intercecao-israelita\/#breadcrumb\"},\"inLanguage\":\"pt-PT\",\"potentialAction\":[{\"@type\":\"ReadAction\",\"target\":[\"https:\/\/portaltela.pt\/noticias\/2026\/04\/30\/flotilha-rumo-a-gaza-ancorados-ao-sul-de-creta-apos-intercecao-israelita\/\"]}]},{\"@type\":\"ImageObject\",\"inLanguage\":\"pt-PT\",\"@id\":\"https:\/\/portaltela.pt\/noticias\/2026\/04\/30\/flotilha-rumo-a-gaza-ancorados-ao-sul-de-creta-apos-intercecao-israelita\/#primaryimage\",\"url\":\"https:\/\/portaltela.pt\/s.01k8rhncp4jt1\/2026\/04\/CACHE_780X1200_ANALOG_WATERMARKED_46999428_15548297077965.jpg\",\"contentUrl\":\"https:\/\/portaltela.pt\/s.01k8rhncp4jt1\/2026\/04\/CACHE_780X1200_ANALOG_WATERMARKED_46999428_15548297077965.jpg\",\"width\":796,\"height\":448,\"caption\":\"Navios da flotilha com destino a Gaza ancorados a sul de Creta ap\u00f3s interce\u00e7\u00e3o israelita\"},{\"@type\":\"BreadcrumbList\",\"@id\":\"https:\/\/portaltela.pt\/noticias\/2026\/04\/30\/flotilha-rumo-a-gaza-ancorados-ao-sul-de-creta-apos-intercecao-israelita\/#breadcrumb\",\"itemListElement\":[{\"@type\":\"ListItem\",\"position\":1,\"name\":\"In\u00edcio\",\"item\":\"https:\/\/portaltela.pt\/\"},{\"@type\":\"ListItem\",\"position\":2,\"name\":\"Flotilha rumo a Gaza ancorados ao sul de Creta ap\u00f3s interce\u00e7\u00e3o israelita\"}]},{\"@type\":\"WebSite\",\"@id\":\"https:\/\/portaltela.pt\/#website\",\"url\":\"https:\/\/portaltela.pt\/\",\"name\":\"Portal Tela Portugal\",\"description\":\"\",\"potentialAction\":[{\"@type\":\"SearchAction\",\"target\":{\"@type\":\"EntryPoint\",\"urlTemplate\":\"https:\/\/portaltela.pt\/?s={search_term_string}\"},\"query-input\":{\"@type\":\"PropertyValueSpecification\",\"valueRequired\":true,\"valueName\":\"search_term_string\"}}],\"inLanguage\":\"pt-PT\"},{\"@type\":\"Person\",\"@id\":\"https:\/\/portaltela.pt\/#\/schema\/person\/c4278d4a6028830caff9ee44b42d32ed\",\"name\":\"Telinha\",\"image\":{\"@type\":\"ImageObject\",\"inLanguage\":\"pt-PT\",\"@id\":\"https:\/\/portaltela.pt\/s.01k8rhncp4jt1\/2025\/11\/talking-bot-125x125.png\",\"url\":\"https:\/\/portaltela.pt\/s.01k8rhncp4jt1\/2025\/11\/talking-bot-125x125.png\",\"contentUrl\":\"https:\/\/portaltela.pt\/s.01k8rhncp4jt1\/2025\/11\/talking-bot-125x125.png\",\"caption\":\"Telinha\"},\"sameAs\":[\"https:\/\/portaltela.pt\/\"],\"url\":\"https:\/\/portaltela.pt\/por\/367410592786\/\"}]}<\/script>\n<!-- \/ Yoast SEO plugin. -->","yoast_head_json":{"title":"Flotilha rumo a Gaza ancorados ao sul de Creta ap\u00f3s interce\u00e7\u00e3o israelita - Portal Tela Portugal","robots":{"index":"index","follow":"follow","max-snippet":"max-snippet:-1","max-image-preview":"max-image-preview:large","max-video-preview":"max-video-preview:-1"},"og_locale":"pt_PT","og_type":"article","og_title":"Flotilha rumo a Gaza ancorados ao sul de Creta ap\u00f3s interce\u00e7\u00e3o israelita - Portal Tela Portugal","og_description":"Navios da flotilha com destino a Gaza que n\u00e3o foram intercetados pelas for\u00e7as israelitas ancoraram a sul da ilha de Creta, em \u00e1guas internacionais. A veleidade \u00e9 avaliar os pr\u00f3ximos passos da iniciativa humanit\u00e1ria. A manobra ocorreu ap\u00f3s a interce\u00e7\u00e3o por parte de Israel, em \u00e1guas internacionais. A not\u00edcia sugere que as embarca\u00e7\u00f5es permanecem na \u00e1rea enquanto definem a\u00e7\u00f5es futuras.","og_url":"https:\/\/portaltela.pt\/noticias\/2026\/04\/30\/flotilha-rumo-a-gaza-ancorados-ao-sul-de-creta-apos-intercecao-israelita\/","og_site_name":"Portal Tela Portugal","article_published_time":"2026-04-30T14:18:24+00:00","author":"Telinha","twitter_card":"summary_large_image","twitter_misc":{"Escrito por":"Telinha","Tempo estimado de leitura":"1 minuto"},"schema":{"@context":"https:\/\/schema.org","@graph":[{"@type":"Article","@id":"https:\/\/portaltela.pt\/noticias\/2026\/04\/30\/flotilha-rumo-a-gaza-ancorados-ao-sul-de-creta-apos-intercecao-israelita\/#article","isPartOf":{"@id":"https:\/\/portaltela.pt\/noticias\/2026\/04\/30\/flotilha-rumo-a-gaza-ancorados-ao-sul-de-creta-apos-intercecao-israelita\/"},"author":{"name":"Telinha","@id":"https:\/\/portaltela.pt\/#\/schema\/person\/c4278d4a6028830caff9ee44b42d32ed"},"headline":"Flotilha rumo a Gaza ancorados ao sul de Creta ap\u00f3s interce\u00e7\u00e3o israelita","datePublished":"2026-04-30T14:18:24+00:00","mainEntityOfPage":{"@id":"https:\/\/portaltela.pt\/noticias\/2026\/04\/30\/flotilha-rumo-a-gaza-ancorados-ao-sul-de-creta-apos-intercecao-israelita\/"},"wordCount":131,"image":{"@id":"https:\/\/portaltela.pt\/noticias\/2026\/04\/30\/flotilha-rumo-a-gaza-ancorados-ao-sul-de-creta-apos-intercecao-israelita\/#primaryimage"},"thumbnailUrl":"https:\/\/portaltela.pt\/s.01k8rhncp4jt1\/2026\/04\/CACHE_780X1200_ANALOG_WATERMARKED_46999428_15548297077965.jpg","keywords":["a\u00e7\u00e3o humanit\u00e1ria","a\u00e7\u00f5es internacionais","\u00c1guas internacionais","organiza\u00e7\u00e3o internacional","refugiados","seguran\u00e7a internacional"],"articleSection":["Conflitos","Guerra"],"inLanguage":"pt-PT"},{"@type":"WebPage","@id":"https:\/\/portaltela.pt\/noticias\/2026\/04\/30\/flotilha-rumo-a-gaza-ancorados-ao-sul-de-creta-apos-intercecao-israelita\/","url":"https:\/\/portaltela.pt\/noticias\/2026\/04\/30\/flotilha-rumo-a-gaza-ancorados-ao-sul-de-creta-apos-intercecao-israelita\/","name":"Flotilha rumo a Gaza ancorados ao sul de Creta ap\u00f3s interce\u00e7\u00e3o israelita - Portal Tela Portugal","isPartOf":{"@id":"https:\/\/portaltela.pt\/#website"},"primaryImageOfPage":{"@id":"https:\/\/portaltela.pt\/noticias\/2026\/04\/30\/flotilha-rumo-a-gaza-ancorados-ao-sul-de-creta-apos-intercecao-israelita\/#primaryimage"},"image":{"@id":"https:\/\/portaltela.pt\/noticias\/2026\/04\/30\/flotilha-rumo-a-gaza-ancorados-ao-sul-de-creta-apos-intercecao-israelita\/#primaryimage"},"thumbnailUrl":"https:\/\/portaltela.pt\/s.01k8rhncp4jt1\/2026\/04\/CACHE_780X1200_ANALOG_WATERMARKED_46999428_15548297077965.jpg","datePublished":"2026-04-30T14:18:24+00:00","author":{"@id":"https:\/\/portaltela.pt\/#\/schema\/person\/c4278d4a6028830caff9ee44b42d32ed"},"breadcrumb":{"@id":"https:\/\/portaltela.pt\/noticias\/2026\/04\/30\/flotilha-rumo-a-gaza-ancorados-ao-sul-de-creta-apos-intercecao-israelita\/#breadcrumb"},"inLanguage":"pt-PT","potentialAction":[{"@type":"ReadAction","target":["https:\/\/portaltela.pt\/noticias\/2026\/04\/30\/flotilha-rumo-a-gaza-ancorados-ao-sul-de-creta-apos-intercecao-israelita\/"]}]},{"@type":"ImageObject","inLanguage":"pt-PT","@id":"https:\/\/portaltela.pt\/noticias\/2026\/04\/30\/flotilha-rumo-a-gaza-ancorados-ao-sul-de-creta-apos-intercecao-israelita\/#primaryimage","url":"https:\/\/portaltela.pt\/s.01k8rhncp4jt1\/2026\/04\/CACHE_780X1200_ANALOG_WATERMARKED_46999428_15548297077965.jpg","contentUrl":"https:\/\/portaltela.pt\/s.01k8rhncp4jt1\/2026\/04\/CACHE_780X1200_ANALOG_WATERMARKED_46999428_15548297077965.jpg","width":796,"height":448,"caption":"Navios da flotilha com destino a Gaza ancorados a sul de Creta ap\u00f3s interce\u00e7\u00e3o israelita"},{"@type":"BreadcrumbList","@id":"https:\/\/portaltela.pt\/noticias\/2026\/04\/30\/flotilha-rumo-a-gaza-ancorados-ao-sul-de-creta-apos-intercecao-israelita\/#breadcrumb","itemListElement":[{"@type":"ListItem","position":1,"name":"In\u00edcio","item":"https:\/\/portaltela.pt\/"},{"@type":"ListItem","position":2,"name":"Flotilha rumo a Gaza ancorados ao sul de Creta ap\u00f3s interce\u00e7\u00e3o israelita"}]},{"@type":"WebSite","@id":"https:\/\/portaltela.pt\/#website","url":"https:\/\/portaltela.pt\/","name":"Portal Tela Portugal","description":"","potentialAction":[{"@type":"SearchAction","target":{"@type":"EntryPoint","urlTemplate":"https:\/\/portaltela.pt\/?s={search_term_string}"},"query-input":{"@type":"PropertyValueSpecification","valueRequired":true,"valueName":"search_term_string"}}],"inLanguage":"pt-PT"},{"@type":"Person","@id":"https:\/\/portaltela.pt\/#\/schema\/person\/c4278d4a6028830caff9ee44b42d32ed","name":"Telinha","image":{"@type":"ImageObject","inLanguage":"pt-PT","@id":"https:\/\/portaltela.pt\/s.01k8rhncp4jt1\/2025\/11\/talking-bot-125x125.png","url":"https:\/\/portaltela.pt\/s.01k8rhncp4jt1\/2025\/11\/talking-bot-125x125.png","contentUrl":"https:\/\/portaltela.pt\/s.01k8rhncp4jt1\/2025\/11\/talking-bot-125x125.png","caption":"Telinha"},"sameAs":["https:\/\/portaltela.pt\/"],"url":"https:\/\/portaltela.pt\/por\/367410592786\/"}]}},"_links":{"self":[{"href":"https:\/\/portaltela.pt\/api\/wp\/v2\/posts\/462557","targetHints":{"allow":["GET"]}}],"collection":[{"href":"https:\/\/portaltela.pt\/api\/wp\/v2\/posts"}],"about":[{"href":"https:\/\/portaltela.pt\/api\/wp\/v2\/types\/post"}],"author":[{"embeddable":true,"href":"https:\/\/portaltela.pt\/api\/wp\/v2\/users\/2"}],"replies":[{"embeddable":true,"href":"https:\/\/portaltela.pt\/api\/wp\/v2\/comments?post=462557"}],"version-history":[{"count":0,"href":"https:\/\/portaltela.pt\/api\/wp\/v2\/posts\/462557\/revisions"}],"wp:featuredmedia":[{"embeddable":true,"href":"https:\/\/portaltela.pt\/api\/wp\/v2\/media\/462562"}],"wp:attachment":[{"href":"https:\/\/portaltela.pt\/api\/wp\/v2\/media?parent=462557"}],"wp:term":[{"taxonomy":"category","embeddable":true,"href":"https:\/\/portaltela.pt\/api\/wp\/v2\/categories?post=462557"},{"taxonomy":"post_tag","embeddable":true,"href":"https:\/\/portaltela.pt\/api\/wp\/v2\/tags?post=462557"}],"curies":[{"name":"wp","href":"https:\/\/api.w.org\/{rel}","templated":true}]}}