{"id":462545,"date":"2026-04-30T11:03:45","date_gmt":"2026-04-30T14:03:45","guid":{"rendered":"https:\/\/portaltela.pt\/noticias\/2026\/04\/30\/atrasos-nos-tuneis-e-frio-deixam-linha-rubi-do-porto-em-estado-critico-no-prr\/"},"modified":"2026-04-30T11:03:45","modified_gmt":"2026-04-30T14:03:45","slug":"atrasos-nos-tuneis-e-frio-deixam-linha-rubi-do-porto-em-estado-critico-no-prr","status":"publish","type":"post","link":"https:\/\/portaltela.pt\/noticias\/politica\/2026\/04\/30\/atrasos-nos-tuneis-e-frio-deixam-linha-rubi-do-porto-em-estado-critico-no-prr\/","title":{"rendered":"Atrasos nos t\u00faneis e frio deixam Linha Rubi do Porto em estado cr\u00edtico no PRR"},"content":{"rendered":"<p>A Linha Rubi do Metro do Porto encontra-se em estado cr\u00edtico, segundo a Comiss\u00e3o Nacional de Acompanhamento do PRR (CNA-PRR). A obra, entre Casa da M\u00fasica e Santo Ov\u00eddio, inclui a ponte sobre o Douro e sofre com atrasos, invernos rigorosos e dificuldades de escava\u00e7\u00e3o. O objetivo \u00e9 financiar com PRR parcialmente, recorrendo a fundos europeus Sustent\u00e1vel 2030 para reduzir a participa\u00e7\u00e3o do Or\u00e7amento do Estado.<\/p>\n<p>A CNA-PRR aponta que a execu\u00e7\u00e3o est\u00e1 vis\u00edvel no terreno, mas o ritmo \u00e9 menos acelerado do que o previsto. A equipa t\u00e9cnica indica riscos de cumprimento dos quil\u00f3metros financiados pelo PRR, condicionados pela meteorologia e pela complexidade dos elementos estruturantes. A ponte do Douro \u00e9 destacada como n\u00facleo cr\u00edtico da obra.<\/p>\n<h3>Financiamento e perspetivas<\/h3>\n<p>A Metro do Porto confirmou \u00e0 Lusa que, devido aos atrasos, n\u00e3o v\u00e3o usar na totalidade as verbas do PRR e v\u00e3o procurar fundos do Sustent\u00e1vel 2030 para financiar parte do projeto. O Governo respondeu em igual tom, sem confirmar montantes, questionando-se se haver\u00e1 aloca\u00e7\u00e3o desses fundos.<\/p>\n<p>O relat\u00f3rio da CNA-PRR detalha que desde o in\u00edcio o investimento teve riscos de execu\u00e7\u00e3o temporal, pela dimens\u00e3o, urbanismo e poss\u00edvel litig\u00e2ncia em contratos p\u00fablicos. Observa ainda que a entrada em opera\u00e7\u00e3o ter\u00e1 de ser faseada devido \u00e0 import\u00e2ncia da ponte sobre o Douro.<\/p>\n<h3>Situa\u00e7\u00e3o atual do investimento<\/h3>\n<p>Apesar da obra em curso, h\u00e1 v\u00e1rias frentes de trabalho, incluindo t\u00faneis, esta\u00e7\u00f5es e infraestruturas em Vila Nova de Gaia e no Porto. A ponte est\u00e1 tamb\u00e9m em constru\u00e7\u00e3o, com pilares vis\u00edveis e tabuleiro a avan\u00e7ar. A data prevista de conclus\u00e3o permanece pendente de monitoriza\u00e7\u00e3o cont\u00ednua.<\/p>\n<p>Em abril de 2025 houve altera\u00e7\u00f5es financeiras, com redu\u00e7\u00e3o da ambi\u00e7\u00e3o das verbas do PRR, passando de subs\u00eddios para empr\u00e9stimos e de 6,74 para 5,5 quil\u00f3metros financiados. Em novembro de 2025 houve nova redu\u00e7\u00e3o de ambi\u00e7\u00e3o, com sete esta\u00e7\u00f5es enquadradas no PRR.<\/p>\n<h3>Custos e prazos<\/h3>\n<p>O or\u00e7amento total aumentou desde a anuncia\u00e7\u00e3o em 2021. O custo previsto, originalmente de 299 milh\u00f5es de euros financiados pelo PRR, j\u00e1 ultrapassou 435 milh\u00f5es de euros antes da consigna\u00e7\u00e3o de 2024, com o OE a cobrir at\u00e9 96 milh\u00f5es e o Fundo Ambiental com 40 milh\u00f5es. Em maio de 2025, o Governo autorizou mais 52,9 milh\u00f5es, elevando o total autorizado para 487,9 milh\u00f5es.<\/p>\n<h3>Desdobramentos previstos<\/h3>\n<p>A entidade reguladora recomenda controlo rigoroso da execu\u00e7\u00e3o f\u00edsica, monitoriza\u00e7\u00e3o cont\u00ednua de elementos cr\u00edticos e valida\u00e7\u00e3o antecipada de evid\u00eancias para a Comiss\u00e3o Europeia. Espera-se que a gest\u00e3o de cronogramas e financiamento permita clarificar o caminho para a conclus\u00e3o da Linha Rubi.<\/p>\n","protected":false},"excerpt":{"rendered":"<ul>\n<li>A CNA-PRR declarou a Linha Rubi do Metro do Porto em estado cr\u00edtico, devido a atrasos nas obras de t\u00faneis e ao inverno chuvoso.<\/li>\n<li>A Metro do Porto anunciou que n\u00e3o vai utilizar na totalidade as verbas do PRR, procurando fundos do Sustent\u00e1vel 2030 para financiar a obra e reduzir a participa\u00e7\u00e3o do Or\u00e7amento do Estado.<\/li>\n<li>A conclus\u00e3o da linha, que vai ligas Casa da M\u00fasica a Santo Ov\u00eddio e inclui uma nova ponte sobre o Douro, est\u00e1 prevista para julho de 2028, com o projeto a enfrentar riscos de execu\u00e7\u00e3o temporal.<\/li>\n<li>O custo inicial previsto pelo PRR era de 299 milh\u00f5es de euros; em maio de 2023 j\u00e1 tinha subido para 435 milh\u00f5es, com fundos do Fundo Ambiental e OE adicionais. Em maio de 2025 o Governo autorizou mais 52,9 milh\u00f5es de euros, elevando o total para 487,9 milh\u00f5es.<\/li>\n<li>A CNA-PRR recomenda monitoriza\u00e7\u00e3o rigorosa da execu\u00e7\u00e3o f\u00edsica, valida\u00e7\u00e3o antecipada de evid\u00eancias \u00e0 Comiss\u00e3o Europeia e confirma\u00e7\u00e3o de eventuais verbas do Sustent\u00e1vel 2030 para completar a obra.<\/li>\n<\/ul>\n","protected":false},"author":2,"featured_media":462550,"comment_status":"closed","ping_status":"closed","sticky":false,"template":"","format":"standard","meta":{"footnotes":""},"categories":[1,5],"tags":[2417,1761,258,5795,982,192],"class_list":["post-462545","post","type-post","status-publish","format-standard","has-post-thumbnail","hentry","category-noticias","category-politica","tag-financiamento","tag-gaia","tag-infraestruturas","tag-linha","tag-porto","tag-transporte"],"yoast_head":"<!-- This site is optimized with the Yoast SEO plugin v27.2 - https:\/\/yoast.com\/product\/yoast-seo-wordpress\/ -->\n<title>Atrasos nos t\u00faneis e frio deixam Linha Rubi do Porto em estado cr\u00edtico no PRR - Portal Tela Portugal<\/title>\n<meta name=\"robots\" content=\"index, follow, max-snippet:-1, max-image-preview:large, max-video-preview:-1\" \/>\n<meta property=\"og:locale\" content=\"pt_PT\" \/>\n<meta property=\"og:type\" content=\"article\" \/>\n<meta property=\"og:title\" content=\"Atrasos nos t\u00faneis e frio deixam Linha Rubi do Porto em estado cr\u00edtico no PRR - Portal Tela Portugal\" \/>\n<meta property=\"og:description\" content=\"A CNA-PRR declarou a Linha Rubi do Metro do Porto em estado cr\u00edtico, devido a atrasos nas obras de t\u00faneis e ao inverno chuvoso. A Metro do Porto anunciou que n\u00e3o vai utilizar na totalidade as verbas do PRR, procurando fundos do Sustent\u00e1vel 2030 para financiar a obra e reduzir a participa\u00e7\u00e3o do Or\u00e7amento do Estado. A conclus\u00e3o da linha, que vai ligas Casa da M\u00fasica a Santo Ov\u00eddio e inclui uma nova ponte sobre o Douro, est\u00e1 prevista para julho de 2028, com o projeto a enfrentar riscos de execu\u00e7\u00e3o temporal. O custo inicial previsto pelo PRR era de 299 milh\u00f5es de euros; em maio de 2023 j\u00e1 tinha subido para 435 milh\u00f5es, com fundos do Fundo Ambiental e OE adicionais. Em maio de 2025 o Governo autorizou mais 52,9 milh\u00f5es de euros, elevando o total para 487,9 milh\u00f5es. A CNA-PRR recomenda monitoriza\u00e7\u00e3o rigorosa da execu\u00e7\u00e3o f\u00edsica, valida\u00e7\u00e3o antecipada de evid\u00eancias \u00e0 Comiss\u00e3o Europeia e confirma\u00e7\u00e3o de eventuais verbas do Sustent\u00e1vel 2030 para completar a obra.\" \/>\n<meta property=\"og:url\" content=\"https:\/\/portaltela.pt\/noticias\/2026\/04\/30\/atrasos-nos-tuneis-e-frio-deixam-linha-rubi-do-porto-em-estado-critico-no-prr\/\" \/>\n<meta property=\"og:site_name\" content=\"Portal Tela Portugal\" \/>\n<meta property=\"article:published_time\" content=\"2026-04-30T14:03:45+00:00\" \/>\n<meta name=\"author\" content=\"Telinha\" \/>\n<meta name=\"twitter:card\" content=\"summary_large_image\" \/>\n<meta name=\"twitter:label1\" content=\"Escrito por\" \/>\n\t<meta name=\"twitter:data1\" content=\"Telinha\" \/>\n\t<meta name=\"twitter:label2\" content=\"Tempo estimado de leitura\" \/>\n\t<meta name=\"twitter:data2\" content=\"2 minutos\" \/>\n<script type=\"application\/ld+json\" class=\"yoast-schema-graph\">{\"@context\":\"https:\/\/schema.org\",\"@graph\":[{\"@type\":\"Article\",\"@id\":\"https:\/\/portaltela.pt\/noticias\/2026\/04\/30\/atrasos-nos-tuneis-e-frio-deixam-linha-rubi-do-porto-em-estado-critico-no-prr\/#article\",\"isPartOf\":{\"@id\":\"https:\/\/portaltela.pt\/noticias\/2026\/04\/30\/atrasos-nos-tuneis-e-frio-deixam-linha-rubi-do-porto-em-estado-critico-no-prr\/\"},\"author\":{\"name\":\"Telinha\",\"@id\":\"https:\/\/portaltela.pt\/#\/schema\/person\/c4278d4a6028830caff9ee44b42d32ed\"},\"headline\":\"Atrasos nos t\u00faneis e frio deixam Linha Rubi do Porto em estado cr\u00edtico no PRR\",\"datePublished\":\"2026-04-30T14:03:45+00:00\",\"mainEntityOfPage\":{\"@id\":\"https:\/\/portaltela.pt\/noticias\/2026\/04\/30\/atrasos-nos-tuneis-e-frio-deixam-linha-rubi-do-porto-em-estado-critico-no-prr\/\"},\"wordCount\":478,\"image\":{\"@id\":\"https:\/\/portaltela.pt\/noticias\/2026\/04\/30\/atrasos-nos-tuneis-e-frio-deixam-linha-rubi-do-porto-em-estado-critico-no-prr\/#primaryimage\"},\"thumbnailUrl\":\"https:\/\/portaltela.pt\/s.01k8rhncp4jt1\/2026\/04\/img_1280x721uu2017-01-17-22-02-00-591026.jpg\",\"keywords\":[\"financiamento\",\"Gaia\",\"infraestruturas\",\"Linha\",\"Porto\",\"transporte\"],\"articleSection\":[\"Not\u00edcias\",\"Pol\u00edtica\"],\"inLanguage\":\"pt-PT\"},{\"@type\":\"WebPage\",\"@id\":\"https:\/\/portaltela.pt\/noticias\/2026\/04\/30\/atrasos-nos-tuneis-e-frio-deixam-linha-rubi-do-porto-em-estado-critico-no-prr\/\",\"url\":\"https:\/\/portaltela.pt\/noticias\/2026\/04\/30\/atrasos-nos-tuneis-e-frio-deixam-linha-rubi-do-porto-em-estado-critico-no-prr\/\",\"name\":\"Atrasos nos t\u00faneis e frio deixam Linha Rubi do Porto em estado cr\u00edtico no PRR - Portal Tela Portugal\",\"isPartOf\":{\"@id\":\"https:\/\/portaltela.pt\/#website\"},\"primaryImageOfPage\":{\"@id\":\"https:\/\/portaltela.pt\/noticias\/2026\/04\/30\/atrasos-nos-tuneis-e-frio-deixam-linha-rubi-do-porto-em-estado-critico-no-prr\/#primaryimage\"},\"image\":{\"@id\":\"https:\/\/portaltela.pt\/noticias\/2026\/04\/30\/atrasos-nos-tuneis-e-frio-deixam-linha-rubi-do-porto-em-estado-critico-no-prr\/#primaryimage\"},\"thumbnailUrl\":\"https:\/\/portaltela.pt\/s.01k8rhncp4jt1\/2026\/04\/img_1280x721uu2017-01-17-22-02-00-591026.jpg\",\"datePublished\":\"2026-04-30T14:03:45+00:00\",\"author\":{\"@id\":\"https:\/\/portaltela.pt\/#\/schema\/person\/c4278d4a6028830caff9ee44b42d32ed\"},\"breadcrumb\":{\"@id\":\"https:\/\/portaltela.pt\/noticias\/2026\/04\/30\/atrasos-nos-tuneis-e-frio-deixam-linha-rubi-do-porto-em-estado-critico-no-prr\/#breadcrumb\"},\"inLanguage\":\"pt-PT\",\"potentialAction\":[{\"@type\":\"ReadAction\",\"target\":[\"https:\/\/portaltela.pt\/noticias\/2026\/04\/30\/atrasos-nos-tuneis-e-frio-deixam-linha-rubi-do-porto-em-estado-critico-no-prr\/\"]}]},{\"@type\":\"ImageObject\",\"inLanguage\":\"pt-PT\",\"@id\":\"https:\/\/portaltela.pt\/noticias\/2026\/04\/30\/atrasos-nos-tuneis-e-frio-deixam-linha-rubi-do-porto-em-estado-critico-no-prr\/#primaryimage\",\"url\":\"https:\/\/portaltela.pt\/s.01k8rhncp4jt1\/2026\/04\/img_1280x721uu2017-01-17-22-02-00-591026.jpg\",\"contentUrl\":\"https:\/\/portaltela.pt\/s.01k8rhncp4jt1\/2026\/04\/img_1280x721uu2017-01-17-22-02-00-591026.jpg\",\"width\":796,\"height\":448,\"caption\":\"Metro do Porto\"},{\"@type\":\"BreadcrumbList\",\"@id\":\"https:\/\/portaltela.pt\/noticias\/2026\/04\/30\/atrasos-nos-tuneis-e-frio-deixam-linha-rubi-do-porto-em-estado-critico-no-prr\/#breadcrumb\",\"itemListElement\":[{\"@type\":\"ListItem\",\"position\":1,\"name\":\"In\u00edcio\",\"item\":\"https:\/\/portaltela.pt\/\"},{\"@type\":\"ListItem\",\"position\":2,\"name\":\"Atrasos nos t\u00faneis e frio deixam Linha Rubi do Porto em estado cr\u00edtico no PRR\"}]},{\"@type\":\"WebSite\",\"@id\":\"https:\/\/portaltela.pt\/#website\",\"url\":\"https:\/\/portaltela.pt\/\",\"name\":\"Portal Tela Portugal\",\"description\":\"\",\"potentialAction\":[{\"@type\":\"SearchAction\",\"target\":{\"@type\":\"EntryPoint\",\"urlTemplate\":\"https:\/\/portaltela.pt\/?s={search_term_string}\"},\"query-input\":{\"@type\":\"PropertyValueSpecification\",\"valueRequired\":true,\"valueName\":\"search_term_string\"}}],\"inLanguage\":\"pt-PT\"},{\"@type\":\"Person\",\"@id\":\"https:\/\/portaltela.pt\/#\/schema\/person\/c4278d4a6028830caff9ee44b42d32ed\",\"name\":\"Telinha\",\"image\":{\"@type\":\"ImageObject\",\"inLanguage\":\"pt-PT\",\"@id\":\"https:\/\/portaltela.pt\/s.01k8rhncp4jt1\/2025\/11\/talking-bot-125x125.png\",\"url\":\"https:\/\/portaltela.pt\/s.01k8rhncp4jt1\/2025\/11\/talking-bot-125x125.png\",\"contentUrl\":\"https:\/\/portaltela.pt\/s.01k8rhncp4jt1\/2025\/11\/talking-bot-125x125.png\",\"caption\":\"Telinha\"},\"sameAs\":[\"https:\/\/portaltela.pt\/\"],\"url\":\"https:\/\/portaltela.pt\/por\/367410592786\/\"}]}<\/script>\n<!-- \/ Yoast SEO plugin. -->","yoast_head_json":{"title":"Atrasos nos t\u00faneis e frio deixam Linha Rubi do Porto em estado cr\u00edtico no PRR - Portal Tela Portugal","robots":{"index":"index","follow":"follow","max-snippet":"max-snippet:-1","max-image-preview":"max-image-preview:large","max-video-preview":"max-video-preview:-1"},"og_locale":"pt_PT","og_type":"article","og_title":"Atrasos nos t\u00faneis e frio deixam Linha Rubi do Porto em estado cr\u00edtico no PRR - Portal Tela Portugal","og_description":"A CNA-PRR declarou a Linha Rubi do Metro do Porto em estado cr\u00edtico, devido a atrasos nas obras de t\u00faneis e ao inverno chuvoso. A Metro do Porto anunciou que n\u00e3o vai utilizar na totalidade as verbas do PRR, procurando fundos do Sustent\u00e1vel 2030 para financiar a obra e reduzir a participa\u00e7\u00e3o do Or\u00e7amento do Estado. A conclus\u00e3o da linha, que vai ligas Casa da M\u00fasica a Santo Ov\u00eddio e inclui uma nova ponte sobre o Douro, est\u00e1 prevista para julho de 2028, com o projeto a enfrentar riscos de execu\u00e7\u00e3o temporal. O custo inicial previsto pelo PRR era de 299 milh\u00f5es de euros; em maio de 2023 j\u00e1 tinha subido para 435 milh\u00f5es, com fundos do Fundo Ambiental e OE adicionais. Em maio de 2025 o Governo autorizou mais 52,9 milh\u00f5es de euros, elevando o total para 487,9 milh\u00f5es. A CNA-PRR recomenda monitoriza\u00e7\u00e3o rigorosa da execu\u00e7\u00e3o f\u00edsica, valida\u00e7\u00e3o antecipada de evid\u00eancias \u00e0 Comiss\u00e3o Europeia e confirma\u00e7\u00e3o de eventuais verbas do Sustent\u00e1vel 2030 para completar a obra.","og_url":"https:\/\/portaltela.pt\/noticias\/2026\/04\/30\/atrasos-nos-tuneis-e-frio-deixam-linha-rubi-do-porto-em-estado-critico-no-prr\/","og_site_name":"Portal Tela Portugal","article_published_time":"2026-04-30T14:03:45+00:00","author":"Telinha","twitter_card":"summary_large_image","twitter_misc":{"Escrito por":"Telinha","Tempo estimado de leitura":"2 minutos"},"schema":{"@context":"https:\/\/schema.org","@graph":[{"@type":"Article","@id":"https:\/\/portaltela.pt\/noticias\/2026\/04\/30\/atrasos-nos-tuneis-e-frio-deixam-linha-rubi-do-porto-em-estado-critico-no-prr\/#article","isPartOf":{"@id":"https:\/\/portaltela.pt\/noticias\/2026\/04\/30\/atrasos-nos-tuneis-e-frio-deixam-linha-rubi-do-porto-em-estado-critico-no-prr\/"},"author":{"name":"Telinha","@id":"https:\/\/portaltela.pt\/#\/schema\/person\/c4278d4a6028830caff9ee44b42d32ed"},"headline":"Atrasos nos t\u00faneis e frio deixam Linha Rubi do Porto em estado cr\u00edtico no PRR","datePublished":"2026-04-30T14:03:45+00:00","mainEntityOfPage":{"@id":"https:\/\/portaltela.pt\/noticias\/2026\/04\/30\/atrasos-nos-tuneis-e-frio-deixam-linha-rubi-do-porto-em-estado-critico-no-prr\/"},"wordCount":478,"image":{"@id":"https:\/\/portaltela.pt\/noticias\/2026\/04\/30\/atrasos-nos-tuneis-e-frio-deixam-linha-rubi-do-porto-em-estado-critico-no-prr\/#primaryimage"},"thumbnailUrl":"https:\/\/portaltela.pt\/s.01k8rhncp4jt1\/2026\/04\/img_1280x721uu2017-01-17-22-02-00-591026.jpg","keywords":["financiamento","Gaia","infraestruturas","Linha","Porto","transporte"],"articleSection":["Not\u00edcias","Pol\u00edtica"],"inLanguage":"pt-PT"},{"@type":"WebPage","@id":"https:\/\/portaltela.pt\/noticias\/2026\/04\/30\/atrasos-nos-tuneis-e-frio-deixam-linha-rubi-do-porto-em-estado-critico-no-prr\/","url":"https:\/\/portaltela.pt\/noticias\/2026\/04\/30\/atrasos-nos-tuneis-e-frio-deixam-linha-rubi-do-porto-em-estado-critico-no-prr\/","name":"Atrasos nos t\u00faneis e frio deixam Linha Rubi do Porto em estado cr\u00edtico no PRR - Portal Tela Portugal","isPartOf":{"@id":"https:\/\/portaltela.pt\/#website"},"primaryImageOfPage":{"@id":"https:\/\/portaltela.pt\/noticias\/2026\/04\/30\/atrasos-nos-tuneis-e-frio-deixam-linha-rubi-do-porto-em-estado-critico-no-prr\/#primaryimage"},"image":{"@id":"https:\/\/portaltela.pt\/noticias\/2026\/04\/30\/atrasos-nos-tuneis-e-frio-deixam-linha-rubi-do-porto-em-estado-critico-no-prr\/#primaryimage"},"thumbnailUrl":"https:\/\/portaltela.pt\/s.01k8rhncp4jt1\/2026\/04\/img_1280x721uu2017-01-17-22-02-00-591026.jpg","datePublished":"2026-04-30T14:03:45+00:00","author":{"@id":"https:\/\/portaltela.pt\/#\/schema\/person\/c4278d4a6028830caff9ee44b42d32ed"},"breadcrumb":{"@id":"https:\/\/portaltela.pt\/noticias\/2026\/04\/30\/atrasos-nos-tuneis-e-frio-deixam-linha-rubi-do-porto-em-estado-critico-no-prr\/#breadcrumb"},"inLanguage":"pt-PT","potentialAction":[{"@type":"ReadAction","target":["https:\/\/portaltela.pt\/noticias\/2026\/04\/30\/atrasos-nos-tuneis-e-frio-deixam-linha-rubi-do-porto-em-estado-critico-no-prr\/"]}]},{"@type":"ImageObject","inLanguage":"pt-PT","@id":"https:\/\/portaltela.pt\/noticias\/2026\/04\/30\/atrasos-nos-tuneis-e-frio-deixam-linha-rubi-do-porto-em-estado-critico-no-prr\/#primaryimage","url":"https:\/\/portaltela.pt\/s.01k8rhncp4jt1\/2026\/04\/img_1280x721uu2017-01-17-22-02-00-591026.jpg","contentUrl":"https:\/\/portaltela.pt\/s.01k8rhncp4jt1\/2026\/04\/img_1280x721uu2017-01-17-22-02-00-591026.jpg","width":796,"height":448,"caption":"Metro do Porto"},{"@type":"BreadcrumbList","@id":"https:\/\/portaltela.pt\/noticias\/2026\/04\/30\/atrasos-nos-tuneis-e-frio-deixam-linha-rubi-do-porto-em-estado-critico-no-prr\/#breadcrumb","itemListElement":[{"@type":"ListItem","position":1,"name":"In\u00edcio","item":"https:\/\/portaltela.pt\/"},{"@type":"ListItem","position":2,"name":"Atrasos nos t\u00faneis e frio deixam Linha Rubi do Porto em estado cr\u00edtico no PRR"}]},{"@type":"WebSite","@id":"https:\/\/portaltela.pt\/#website","url":"https:\/\/portaltela.pt\/","name":"Portal Tela Portugal","description":"","potentialAction":[{"@type":"SearchAction","target":{"@type":"EntryPoint","urlTemplate":"https:\/\/portaltela.pt\/?s={search_term_string}"},"query-input":{"@type":"PropertyValueSpecification","valueRequired":true,"valueName":"search_term_string"}}],"inLanguage":"pt-PT"},{"@type":"Person","@id":"https:\/\/portaltela.pt\/#\/schema\/person\/c4278d4a6028830caff9ee44b42d32ed","name":"Telinha","image":{"@type":"ImageObject","inLanguage":"pt-PT","@id":"https:\/\/portaltela.pt\/s.01k8rhncp4jt1\/2025\/11\/talking-bot-125x125.png","url":"https:\/\/portaltela.pt\/s.01k8rhncp4jt1\/2025\/11\/talking-bot-125x125.png","contentUrl":"https:\/\/portaltela.pt\/s.01k8rhncp4jt1\/2025\/11\/talking-bot-125x125.png","caption":"Telinha"},"sameAs":["https:\/\/portaltela.pt\/"],"url":"https:\/\/portaltela.pt\/por\/367410592786\/"}]}},"_links":{"self":[{"href":"https:\/\/portaltela.pt\/api\/wp\/v2\/posts\/462545","targetHints":{"allow":["GET"]}}],"collection":[{"href":"https:\/\/portaltela.pt\/api\/wp\/v2\/posts"}],"about":[{"href":"https:\/\/portaltela.pt\/api\/wp\/v2\/types\/post"}],"author":[{"embeddable":true,"href":"https:\/\/portaltela.pt\/api\/wp\/v2\/users\/2"}],"replies":[{"embeddable":true,"href":"https:\/\/portaltela.pt\/api\/wp\/v2\/comments?post=462545"}],"version-history":[{"count":0,"href":"https:\/\/portaltela.pt\/api\/wp\/v2\/posts\/462545\/revisions"}],"wp:featuredmedia":[{"embeddable":true,"href":"https:\/\/portaltela.pt\/api\/wp\/v2\/media\/462550"}],"wp:attachment":[{"href":"https:\/\/portaltela.pt\/api\/wp\/v2\/media?parent=462545"}],"wp:term":[{"taxonomy":"category","embeddable":true,"href":"https:\/\/portaltela.pt\/api\/wp\/v2\/categories?post=462545"},{"taxonomy":"post_tag","embeddable":true,"href":"https:\/\/portaltela.pt\/api\/wp\/v2\/tags?post=462545"}],"curies":[{"name":"wp","href":"https:\/\/api.w.org\/{rel}","templated":true}]}}