{"id":462539,"date":"2026-04-30T11:03:35","date_gmt":"2026-04-30T14:03:35","guid":{"rendered":"https:\/\/portaltela.pt\/noticias\/2026\/04\/30\/endrick-futebol-nao-e-agradavel-e-quer-que-o-filho-seja-advogado-ou-medico\/"},"modified":"2026-04-30T11:03:35","modified_gmt":"2026-04-30T14:03:35","slug":"endrick-futebol-nao-e-agradavel-e-quer-que-o-filho-seja-advogado-ou-medico","status":"publish","type":"post","link":"https:\/\/portaltela.pt\/desporto\/futebol\/2026\/04\/30\/endrick-futebol-nao-e-agradavel-e-quer-que-o-filho-seja-advogado-ou-medico\/","title":{"rendered":"Endrick: futebol n\u00e3o \u00e9 agrad\u00e1vel e quer que o filho seja advogado ou m\u00e9dico"},"content":{"rendered":"<p>Endrick, 19 anos, est\u00e1 emprestado pelo Real Madrid ao Lyon de Paulo Fonseca. O brasileiro prepara-se para a paternidade pela primeira vez, ainda sem saber o sexo do beb\u00e9. Refor\u00e7a que n\u00e3o deseja que o filho siga a carreira de jogador.<\/p>\n<p>O.global da fam\u00edlia e o futuro do beb\u00e9 s\u00e3o tema central na entrevista ao The Guardian. Endrick manifesta o desejo de que o filho seja uma pessoa exemplar, que o veja como algu\u00e9m comum fora do campo e que se torne, por exemplo, advogado ou m\u00e9dico, se assim quiser.<\/p>\n<p>Sobre as cr\u00edticas que enfrenta nas redes sociais, o atacante admite ter mudado a postura. Relata que j\u00e1 n\u00e3o d\u00e1 import\u00e2ncia a mensagens negativas ap\u00f3s perceber que alimentavam o ego e afetavam o foco no sucesso desportivo.<\/p>\n<p>Endrick recorda ainda a les\u00e3o na coxa que o afastou de jogos enquanto representava o Real Madrid. Descreve ter vivido meses de incerteza, medo de reca\u00edda e sofrimento emocional, referindo que a recupera\u00e7\u00e3o exigiu muita paci\u00eancia e resili\u00eancia para regressar ao ritmo anterior.<\/p>\n<h3>Impacto pessoal e percurso desportivo<\/h3>\n<p>A les\u00e3o interrompeu a evolu\u00e7\u00e3o no clube espanhol, obrigando-o a gerir per\u00edodos sem competi\u00e7\u00e3o. O jogador admite ter enfrentado momentos de ansiedade, mas sublinha a necessidade de manter o treino e a motiva\u00e7\u00e3o para regressar com for\u00e7a.<\/p>\n","protected":false},"excerpt":{"rendered":"<ul>\n<li>Endrick, 19 anos, est\u00e1 emprestado pelo Real Madrid ao Lyon de Paulo Fonseca e vai ser pai pela primeira vez, ainda sem o sexo do beb\u00e9 conhecido.<\/li>\n<li>Em entrevista ao The Guardian, o brasileiro diz que espera que o filho ou filha seja uma grande pessoa e que veja o pai fora do campo como algu\u00e9m normal, destacando que o futebol n\u00e3o \u00e9 um lugar agrad\u00e1vel; prefere que o filho\/a seja advogado\/a ou m\u00e9dico\/a.<\/li>\n<li>Afirma que j\u00e1 n\u00e3o liga \u00e0s cr\u00edticas e que antes consultava as redes sociais para alimentar o ego, mas agora mant\u00e9m a calma ap\u00f3s os jogos e foca-se na recupera\u00e7\u00e3o.<\/li>\n<li>Fala ainda da les\u00e3o na coxa que o afastou de jogos e treinos pelo Real Madrid, descrevendo medo, l\u00e1grimas e a incerteza sobre o regresso, mas assegurando que voltou a dar o seu melhor.<\/li>\n<\/ul>\n","protected":false},"author":2,"featured_media":462547,"comment_status":"closed","ping_status":"closed","sticky":false,"template":"","format":"standard","meta":{"footnotes":""},"categories":[21,24],"tags":[3350,64,32,6693,2538,116],"class_list":["post-462539","post","type-post","status-publish","format-standard","has-post-thumbnail","hentry","category-desporto","category-futebol","tag-ansiedade","tag-familia","tag-futebol","tag-futebol-brasileiro","tag-lesoes","tag-paternidade"],"yoast_head":"<!-- This site is optimized with the Yoast SEO plugin v27.2 - https:\/\/yoast.com\/product\/yoast-seo-wordpress\/ -->\n<title>Endrick: futebol n\u00e3o \u00e9 agrad\u00e1vel e quer que o filho seja advogado ou m\u00e9dico - Portal Tela Portugal<\/title>\n<meta name=\"robots\" content=\"index, follow, max-snippet:-1, max-image-preview:large, max-video-preview:-1\" \/>\n<meta property=\"og:locale\" content=\"pt_PT\" \/>\n<meta property=\"og:type\" content=\"article\" \/>\n<meta property=\"og:title\" content=\"Endrick: futebol n\u00e3o \u00e9 agrad\u00e1vel e quer que o filho seja advogado ou m\u00e9dico - Portal Tela Portugal\" \/>\n<meta property=\"og:description\" content=\"Endrick, 19 anos, est\u00e1 emprestado pelo Real Madrid ao Lyon de Paulo Fonseca e vai ser pai pela primeira vez, ainda sem o sexo do beb\u00e9 conhecido. Em entrevista ao The Guardian, o brasileiro diz que espera que o filho ou filha seja uma grande pessoa e que veja o pai fora do campo como algu\u00e9m normal, destacando que o futebol n\u00e3o \u00e9 um lugar agrad\u00e1vel; prefere que o filho\/a seja advogado\/a ou m\u00e9dico\/a. Afirma que j\u00e1 n\u00e3o liga \u00e0s cr\u00edticas e que antes consultava as redes sociais para alimentar o ego, mas agora mant\u00e9m a calma ap\u00f3s os jogos e foca-se na recupera\u00e7\u00e3o. Fala ainda da les\u00e3o na coxa que o afastou de jogos e treinos pelo Real Madrid, descrevendo medo, l\u00e1grimas e a incerteza sobre o regresso, mas assegurando que voltou a dar o seu melhor.\" \/>\n<meta property=\"og:url\" content=\"https:\/\/portaltela.pt\/noticias\/2026\/04\/30\/endrick-futebol-nao-e-agradavel-e-quer-que-o-filho-seja-advogado-ou-medico\/\" \/>\n<meta property=\"og:site_name\" content=\"Portal Tela Portugal\" \/>\n<meta property=\"article:published_time\" content=\"2026-04-30T14:03:35+00:00\" \/>\n<meta name=\"author\" content=\"Telinha\" \/>\n<meta name=\"twitter:card\" content=\"summary_large_image\" \/>\n<meta name=\"twitter:label1\" content=\"Escrito por\" \/>\n\t<meta name=\"twitter:data1\" content=\"Telinha\" \/>\n\t<meta name=\"twitter:label2\" content=\"Tempo estimado de leitura\" \/>\n\t<meta name=\"twitter:data2\" content=\"1 minuto\" \/>\n<script type=\"application\/ld+json\" class=\"yoast-schema-graph\">{\"@context\":\"https:\/\/schema.org\",\"@graph\":[{\"@type\":\"Article\",\"@id\":\"https:\/\/portaltela.pt\/noticias\/2026\/04\/30\/endrick-futebol-nao-e-agradavel-e-quer-que-o-filho-seja-advogado-ou-medico\/#article\",\"isPartOf\":{\"@id\":\"https:\/\/portaltela.pt\/noticias\/2026\/04\/30\/endrick-futebol-nao-e-agradavel-e-quer-que-o-filho-seja-advogado-ou-medico\/\"},\"author\":{\"name\":\"Telinha\",\"@id\":\"https:\/\/portaltela.pt\/#\/schema\/person\/c4278d4a6028830caff9ee44b42d32ed\"},\"headline\":\"Endrick: futebol n\u00e3o \u00e9 agrad\u00e1vel e quer que o filho seja advogado ou m\u00e9dico\",\"datePublished\":\"2026-04-30T14:03:35+00:00\",\"mainEntityOfPage\":{\"@id\":\"https:\/\/portaltela.pt\/noticias\/2026\/04\/30\/endrick-futebol-nao-e-agradavel-e-quer-que-o-filho-seja-advogado-ou-medico\/\"},\"wordCount\":249,\"image\":{\"@id\":\"https:\/\/portaltela.pt\/noticias\/2026\/04\/30\/endrick-futebol-nao-e-agradavel-e-quer-que-o-filho-seja-advogado-ou-medico\/#primaryimage\"},\"thumbnailUrl\":\"https:\/\/portaltela.pt\/s.01k8rhncp4jt1\/2026\/04\/img_920x518uu2026-04-30-15-00-45-2436103.jpg\",\"keywords\":[\"ansiedade\",\"fam\u00edlia\",\"futebol\",\"futebol brasileiro\",\"les\u00f5es\",\"paternidade\"],\"articleSection\":[\"Desporto\",\"Futebol\"],\"inLanguage\":\"pt-PT\"},{\"@type\":\"WebPage\",\"@id\":\"https:\/\/portaltela.pt\/noticias\/2026\/04\/30\/endrick-futebol-nao-e-agradavel-e-quer-que-o-filho-seja-advogado-ou-medico\/\",\"url\":\"https:\/\/portaltela.pt\/noticias\/2026\/04\/30\/endrick-futebol-nao-e-agradavel-e-quer-que-o-filho-seja-advogado-ou-medico\/\",\"name\":\"Endrick: futebol n\u00e3o \u00e9 agrad\u00e1vel e quer que o filho seja advogado ou m\u00e9dico - Portal Tela Portugal\",\"isPartOf\":{\"@id\":\"https:\/\/portaltela.pt\/#website\"},\"primaryImageOfPage\":{\"@id\":\"https:\/\/portaltela.pt\/noticias\/2026\/04\/30\/endrick-futebol-nao-e-agradavel-e-quer-que-o-filho-seja-advogado-ou-medico\/#primaryimage\"},\"image\":{\"@id\":\"https:\/\/portaltela.pt\/noticias\/2026\/04\/30\/endrick-futebol-nao-e-agradavel-e-quer-que-o-filho-seja-advogado-ou-medico\/#primaryimage\"},\"thumbnailUrl\":\"https:\/\/portaltela.pt\/s.01k8rhncp4jt1\/2026\/04\/img_920x518uu2026-04-30-15-00-45-2436103.jpg\",\"datePublished\":\"2026-04-30T14:03:35+00:00\",\"author\":{\"@id\":\"https:\/\/portaltela.pt\/#\/schema\/person\/c4278d4a6028830caff9ee44b42d32ed\"},\"breadcrumb\":{\"@id\":\"https:\/\/portaltela.pt\/noticias\/2026\/04\/30\/endrick-futebol-nao-e-agradavel-e-quer-que-o-filho-seja-advogado-ou-medico\/#breadcrumb\"},\"inLanguage\":\"pt-PT\",\"potentialAction\":[{\"@type\":\"ReadAction\",\"target\":[\"https:\/\/portaltela.pt\/noticias\/2026\/04\/30\/endrick-futebol-nao-e-agradavel-e-quer-que-o-filho-seja-advogado-ou-medico\/\"]}]},{\"@type\":\"ImageObject\",\"inLanguage\":\"pt-PT\",\"@id\":\"https:\/\/portaltela.pt\/noticias\/2026\/04\/30\/endrick-futebol-nao-e-agradavel-e-quer-que-o-filho-seja-advogado-ou-medico\/#primaryimage\",\"url\":\"https:\/\/portaltela.pt\/s.01k8rhncp4jt1\/2026\/04\/img_920x518uu2026-04-30-15-00-45-2436103.jpg\",\"contentUrl\":\"https:\/\/portaltela.pt\/s.01k8rhncp4jt1\/2026\/04\/img_920x518uu2026-04-30-15-00-45-2436103.jpg\",\"width\":796,\"height\":448,\"caption\":\"Endrick\"},{\"@type\":\"BreadcrumbList\",\"@id\":\"https:\/\/portaltela.pt\/noticias\/2026\/04\/30\/endrick-futebol-nao-e-agradavel-e-quer-que-o-filho-seja-advogado-ou-medico\/#breadcrumb\",\"itemListElement\":[{\"@type\":\"ListItem\",\"position\":1,\"name\":\"In\u00edcio\",\"item\":\"https:\/\/portaltela.pt\/\"},{\"@type\":\"ListItem\",\"position\":2,\"name\":\"Endrick: futebol n\u00e3o \u00e9 agrad\u00e1vel e quer que o filho seja advogado ou m\u00e9dico\"}]},{\"@type\":\"WebSite\",\"@id\":\"https:\/\/portaltela.pt\/#website\",\"url\":\"https:\/\/portaltela.pt\/\",\"name\":\"Portal Tela Portugal\",\"description\":\"\",\"potentialAction\":[{\"@type\":\"SearchAction\",\"target\":{\"@type\":\"EntryPoint\",\"urlTemplate\":\"https:\/\/portaltela.pt\/?s={search_term_string}\"},\"query-input\":{\"@type\":\"PropertyValueSpecification\",\"valueRequired\":true,\"valueName\":\"search_term_string\"}}],\"inLanguage\":\"pt-PT\"},{\"@type\":\"Person\",\"@id\":\"https:\/\/portaltela.pt\/#\/schema\/person\/c4278d4a6028830caff9ee44b42d32ed\",\"name\":\"Telinha\",\"image\":{\"@type\":\"ImageObject\",\"inLanguage\":\"pt-PT\",\"@id\":\"https:\/\/portaltela.pt\/s.01k8rhncp4jt1\/2025\/11\/talking-bot-125x125.png\",\"url\":\"https:\/\/portaltela.pt\/s.01k8rhncp4jt1\/2025\/11\/talking-bot-125x125.png\",\"contentUrl\":\"https:\/\/portaltela.pt\/s.01k8rhncp4jt1\/2025\/11\/talking-bot-125x125.png\",\"caption\":\"Telinha\"},\"sameAs\":[\"https:\/\/portaltela.pt\/\"],\"url\":\"https:\/\/portaltela.pt\/por\/367410592786\/\"}]}<\/script>\n<!-- \/ Yoast SEO plugin. -->","yoast_head_json":{"title":"Endrick: futebol n\u00e3o \u00e9 agrad\u00e1vel e quer que o filho seja advogado ou m\u00e9dico - Portal Tela Portugal","robots":{"index":"index","follow":"follow","max-snippet":"max-snippet:-1","max-image-preview":"max-image-preview:large","max-video-preview":"max-video-preview:-1"},"og_locale":"pt_PT","og_type":"article","og_title":"Endrick: futebol n\u00e3o \u00e9 agrad\u00e1vel e quer que o filho seja advogado ou m\u00e9dico - Portal Tela Portugal","og_description":"Endrick, 19 anos, est\u00e1 emprestado pelo Real Madrid ao Lyon de Paulo Fonseca e vai ser pai pela primeira vez, ainda sem o sexo do beb\u00e9 conhecido. Em entrevista ao The Guardian, o brasileiro diz que espera que o filho ou filha seja uma grande pessoa e que veja o pai fora do campo como algu\u00e9m normal, destacando que o futebol n\u00e3o \u00e9 um lugar agrad\u00e1vel; prefere que o filho\/a seja advogado\/a ou m\u00e9dico\/a. Afirma que j\u00e1 n\u00e3o liga \u00e0s cr\u00edticas e que antes consultava as redes sociais para alimentar o ego, mas agora mant\u00e9m a calma ap\u00f3s os jogos e foca-se na recupera\u00e7\u00e3o. Fala ainda da les\u00e3o na coxa que o afastou de jogos e treinos pelo Real Madrid, descrevendo medo, l\u00e1grimas e a incerteza sobre o regresso, mas assegurando que voltou a dar o seu melhor.","og_url":"https:\/\/portaltela.pt\/noticias\/2026\/04\/30\/endrick-futebol-nao-e-agradavel-e-quer-que-o-filho-seja-advogado-ou-medico\/","og_site_name":"Portal Tela Portugal","article_published_time":"2026-04-30T14:03:35+00:00","author":"Telinha","twitter_card":"summary_large_image","twitter_misc":{"Escrito por":"Telinha","Tempo estimado de leitura":"1 minuto"},"schema":{"@context":"https:\/\/schema.org","@graph":[{"@type":"Article","@id":"https:\/\/portaltela.pt\/noticias\/2026\/04\/30\/endrick-futebol-nao-e-agradavel-e-quer-que-o-filho-seja-advogado-ou-medico\/#article","isPartOf":{"@id":"https:\/\/portaltela.pt\/noticias\/2026\/04\/30\/endrick-futebol-nao-e-agradavel-e-quer-que-o-filho-seja-advogado-ou-medico\/"},"author":{"name":"Telinha","@id":"https:\/\/portaltela.pt\/#\/schema\/person\/c4278d4a6028830caff9ee44b42d32ed"},"headline":"Endrick: futebol n\u00e3o \u00e9 agrad\u00e1vel e quer que o filho seja advogado ou m\u00e9dico","datePublished":"2026-04-30T14:03:35+00:00","mainEntityOfPage":{"@id":"https:\/\/portaltela.pt\/noticias\/2026\/04\/30\/endrick-futebol-nao-e-agradavel-e-quer-que-o-filho-seja-advogado-ou-medico\/"},"wordCount":249,"image":{"@id":"https:\/\/portaltela.pt\/noticias\/2026\/04\/30\/endrick-futebol-nao-e-agradavel-e-quer-que-o-filho-seja-advogado-ou-medico\/#primaryimage"},"thumbnailUrl":"https:\/\/portaltela.pt\/s.01k8rhncp4jt1\/2026\/04\/img_920x518uu2026-04-30-15-00-45-2436103.jpg","keywords":["ansiedade","fam\u00edlia","futebol","futebol brasileiro","les\u00f5es","paternidade"],"articleSection":["Desporto","Futebol"],"inLanguage":"pt-PT"},{"@type":"WebPage","@id":"https:\/\/portaltela.pt\/noticias\/2026\/04\/30\/endrick-futebol-nao-e-agradavel-e-quer-que-o-filho-seja-advogado-ou-medico\/","url":"https:\/\/portaltela.pt\/noticias\/2026\/04\/30\/endrick-futebol-nao-e-agradavel-e-quer-que-o-filho-seja-advogado-ou-medico\/","name":"Endrick: futebol n\u00e3o \u00e9 agrad\u00e1vel e quer que o filho seja advogado ou m\u00e9dico - Portal Tela Portugal","isPartOf":{"@id":"https:\/\/portaltela.pt\/#website"},"primaryImageOfPage":{"@id":"https:\/\/portaltela.pt\/noticias\/2026\/04\/30\/endrick-futebol-nao-e-agradavel-e-quer-que-o-filho-seja-advogado-ou-medico\/#primaryimage"},"image":{"@id":"https:\/\/portaltela.pt\/noticias\/2026\/04\/30\/endrick-futebol-nao-e-agradavel-e-quer-que-o-filho-seja-advogado-ou-medico\/#primaryimage"},"thumbnailUrl":"https:\/\/portaltela.pt\/s.01k8rhncp4jt1\/2026\/04\/img_920x518uu2026-04-30-15-00-45-2436103.jpg","datePublished":"2026-04-30T14:03:35+00:00","author":{"@id":"https:\/\/portaltela.pt\/#\/schema\/person\/c4278d4a6028830caff9ee44b42d32ed"},"breadcrumb":{"@id":"https:\/\/portaltela.pt\/noticias\/2026\/04\/30\/endrick-futebol-nao-e-agradavel-e-quer-que-o-filho-seja-advogado-ou-medico\/#breadcrumb"},"inLanguage":"pt-PT","potentialAction":[{"@type":"ReadAction","target":["https:\/\/portaltela.pt\/noticias\/2026\/04\/30\/endrick-futebol-nao-e-agradavel-e-quer-que-o-filho-seja-advogado-ou-medico\/"]}]},{"@type":"ImageObject","inLanguage":"pt-PT","@id":"https:\/\/portaltela.pt\/noticias\/2026\/04\/30\/endrick-futebol-nao-e-agradavel-e-quer-que-o-filho-seja-advogado-ou-medico\/#primaryimage","url":"https:\/\/portaltela.pt\/s.01k8rhncp4jt1\/2026\/04\/img_920x518uu2026-04-30-15-00-45-2436103.jpg","contentUrl":"https:\/\/portaltela.pt\/s.01k8rhncp4jt1\/2026\/04\/img_920x518uu2026-04-30-15-00-45-2436103.jpg","width":796,"height":448,"caption":"Endrick"},{"@type":"BreadcrumbList","@id":"https:\/\/portaltela.pt\/noticias\/2026\/04\/30\/endrick-futebol-nao-e-agradavel-e-quer-que-o-filho-seja-advogado-ou-medico\/#breadcrumb","itemListElement":[{"@type":"ListItem","position":1,"name":"In\u00edcio","item":"https:\/\/portaltela.pt\/"},{"@type":"ListItem","position":2,"name":"Endrick: futebol n\u00e3o \u00e9 agrad\u00e1vel e quer que o filho seja advogado ou m\u00e9dico"}]},{"@type":"WebSite","@id":"https:\/\/portaltela.pt\/#website","url":"https:\/\/portaltela.pt\/","name":"Portal Tela Portugal","description":"","potentialAction":[{"@type":"SearchAction","target":{"@type":"EntryPoint","urlTemplate":"https:\/\/portaltela.pt\/?s={search_term_string}"},"query-input":{"@type":"PropertyValueSpecification","valueRequired":true,"valueName":"search_term_string"}}],"inLanguage":"pt-PT"},{"@type":"Person","@id":"https:\/\/portaltela.pt\/#\/schema\/person\/c4278d4a6028830caff9ee44b42d32ed","name":"Telinha","image":{"@type":"ImageObject","inLanguage":"pt-PT","@id":"https:\/\/portaltela.pt\/s.01k8rhncp4jt1\/2025\/11\/talking-bot-125x125.png","url":"https:\/\/portaltela.pt\/s.01k8rhncp4jt1\/2025\/11\/talking-bot-125x125.png","contentUrl":"https:\/\/portaltela.pt\/s.01k8rhncp4jt1\/2025\/11\/talking-bot-125x125.png","caption":"Telinha"},"sameAs":["https:\/\/portaltela.pt\/"],"url":"https:\/\/portaltela.pt\/por\/367410592786\/"}]}},"_links":{"self":[{"href":"https:\/\/portaltela.pt\/api\/wp\/v2\/posts\/462539","targetHints":{"allow":["GET"]}}],"collection":[{"href":"https:\/\/portaltela.pt\/api\/wp\/v2\/posts"}],"about":[{"href":"https:\/\/portaltela.pt\/api\/wp\/v2\/types\/post"}],"author":[{"embeddable":true,"href":"https:\/\/portaltela.pt\/api\/wp\/v2\/users\/2"}],"replies":[{"embeddable":true,"href":"https:\/\/portaltela.pt\/api\/wp\/v2\/comments?post=462539"}],"version-history":[{"count":0,"href":"https:\/\/portaltela.pt\/api\/wp\/v2\/posts\/462539\/revisions"}],"wp:featuredmedia":[{"embeddable":true,"href":"https:\/\/portaltela.pt\/api\/wp\/v2\/media\/462547"}],"wp:attachment":[{"href":"https:\/\/portaltela.pt\/api\/wp\/v2\/media?parent=462539"}],"wp:term":[{"taxonomy":"category","embeddable":true,"href":"https:\/\/portaltela.pt\/api\/wp\/v2\/categories?post=462539"},{"taxonomy":"post_tag","embeddable":true,"href":"https:\/\/portaltela.pt\/api\/wp\/v2\/tags?post=462539"}],"curies":[{"name":"wp","href":"https:\/\/api.w.org\/{rel}","templated":true}]}}