{"id":462527,"date":"2026-04-30T10:48:46","date_gmt":"2026-04-30T13:48:46","guid":{"rendered":"https:\/\/portaltela.pt\/noticias\/2026\/04\/30\/drones-russos-atacam-odessa-pelo-menos-20-feridos\/"},"modified":"2026-04-30T10:48:46","modified_gmt":"2026-04-30T13:48:46","slug":"drones-russos-atacam-odessa-pelo-menos-20-feridos","status":"publish","type":"post","link":"https:\/\/portaltela.pt\/guerra\/2026\/04\/30\/drones-russos-atacam-odessa-pelo-menos-20-feridos\/","title":{"rendered":"Drones russos atacam Odessa; pelo menos 20 feridos"},"content":{"rendered":"<p>O que aconteceu: drones russos voltaram a atacar Odessa, no sul da Ucr\u00e2nia, na madrugada de quinta-feira. O ataque, j\u00e1 na segunda vez em quatro dias, deixou pelo menos 20 feridos e provocou danos diversos na cidade, num balan\u00e7o ainda em atualiza\u00e7\u00e3o.<\/p>\n<p>Quem est\u00e1 envolvido: as for\u00e7as russas lan\u00e7aram os drones que atingiram v\u00e1rios pontos da cidade, incluindo edif\u00edcios residenciais e administrativos, um jardim de inf\u00e2ncia, um centro comercial e um hotel. Dois feridos permanecem em estado grave nas unidades de cuidados intensivos.<\/p>\n<p>Quando e onde: o ataque ocorreu durante a madrugada de quinta-feira em Odessa, uma cidade portu\u00e1ria estrat\u00e9gica para as exporta\u00e7\u00f5es ucranianas e repetidamente alvo de ataques. Registaram-se ainda danos em armaz\u00e9ns, garagens, dezenas de autocarros e v\u00e1rios autom\u00f3veis, agravando o cen\u00e1rio de destrui\u00e7\u00e3o.<\/p>\n<p>Por qu\u00ea: a ofensiva insere-se numa sequ\u00eancia de ataques a\u00e9reos na regi\u00e3o, com a R\u00fassia mirando infraestruturas e a atividade portu\u00e1ria para impactar a economia e o fluxo de mercadorias. No \u00faltimo fim de semana, a cidade j\u00e1 tinha sido alvo de uma ofensiva anterior semelhante.<\/p>\n<p>Feridos e danos adicionais: dois feridos continuam em estado grave, recebendo tratamento em cuidados intensivos. Al\u00e9m disso, a infraestrutura da cidade sofreu danos em diferentes locais, com impactos em parques de estacionamento, bem como em estabelecimentos comerciais e p\u00fablicos.<\/p>\n<p>Contexto adicional: na segunda-feira anterior, um ataque semelhante deixou 14 feridos, entre os quais duas crian\u00e7as, e afetou infraestruturas portu\u00e1rias. A Administra\u00e7\u00e3o dos Portos Mar\u00edtimos da Ucr\u00e2nia informou danos numa instala\u00e7\u00e3o energ\u00e9tica de um terminal de carga e a colis\u00e3o de um navio comercial com bandeira n\u00e3o ucraniana.<\/p>\n","protected":false},"excerpt":{"rendered":"<ul>\n<li>Pelo menos vinte feridos ap\u00f3s drones russos atingirem Odessa, na Ucr\u00e2nia, durante a madrugada de quinta-feira.<\/li>\n<li>Dois feridos encontram-se em estado grave, encaminhados para cuidados intensivos.<\/li>\n<li>Danos materiais em v\u00e1rios pontos da cidade: edif\u00edcios residenciais e administrativos, jardim de inf\u00e2ncia, centro comercial e hotel.<\/li>\n<li>Armaz\u00e9ns, garagens e dezenas de autocarros e viaturas ficaram destru\u00eddos ou danificados.<\/li>\n<li>A agress\u00e3o sucede a um ataque semelhante na \u00faltima segunda-feira, que deixou catorze feridos e afetou infraestruturas portu\u00e1rias e um navio comercial.<\/li>\n<\/ul>\n","protected":false},"author":2,"featured_media":462530,"comment_status":"closed","ping_status":"closed","sticky":false,"template":"","format":"standard","meta":{"footnotes":""},"categories":[6790,6804],"tags":[8086,8423,7775,8313,8159,7994],"class_list":["post-462527","post","type-post","status-publish","format-standard","has-post-thumbnail","hentry","category-conflitos","category-guerra","tag-_ataques","tag-_drones","tag-_energia","tag-_infraestruturas","tag-_portos","tag-_ucrania"],"yoast_head":"<!-- This site is optimized with the Yoast SEO plugin v27.2 - https:\/\/yoast.com\/product\/yoast-seo-wordpress\/ -->\n<title>Drones russos atacam Odessa; pelo menos 20 feridos - Portal Tela Portugal<\/title>\n<meta name=\"robots\" content=\"index, follow, max-snippet:-1, max-image-preview:large, max-video-preview:-1\" \/>\n<meta property=\"og:locale\" content=\"pt_PT\" \/>\n<meta property=\"og:type\" content=\"article\" \/>\n<meta property=\"og:title\" content=\"Drones russos atacam Odessa; pelo menos 20 feridos - Portal Tela Portugal\" \/>\n<meta property=\"og:description\" content=\"Pelo menos vinte feridos ap\u00f3s drones russos atingirem Odessa, na Ucr\u00e2nia, durante a madrugada de quinta-feira. Dois feridos encontram-se em estado grave, encaminhados para cuidados intensivos. Danos materiais em v\u00e1rios pontos da cidade: edif\u00edcios residenciais e administrativos, jardim de inf\u00e2ncia, centro comercial e hotel. Armaz\u00e9ns, garagens e dezenas de autocarros e viaturas ficaram destru\u00eddos ou danificados. A agress\u00e3o sucede a um ataque semelhante na \u00faltima segunda-feira, que deixou catorze feridos e afetou infraestruturas portu\u00e1rias e um navio comercial.\" \/>\n<meta property=\"og:url\" content=\"https:\/\/portaltela.pt\/noticias\/2026\/04\/30\/drones-russos-atacam-odessa-pelo-menos-20-feridos\/\" \/>\n<meta property=\"og:site_name\" content=\"Portal Tela Portugal\" \/>\n<meta property=\"article:published_time\" content=\"2026-04-30T13:48:46+00:00\" \/>\n<meta name=\"author\" content=\"Telinha\" \/>\n<meta name=\"twitter:card\" content=\"summary_large_image\" \/>\n<meta name=\"twitter:label1\" content=\"Escrito por\" \/>\n\t<meta name=\"twitter:data1\" content=\"Telinha\" \/>\n\t<meta name=\"twitter:label2\" content=\"Tempo estimado de leitura\" \/>\n\t<meta name=\"twitter:data2\" content=\"1 minuto\" \/>\n<script type=\"application\/ld+json\" class=\"yoast-schema-graph\">{\"@context\":\"https:\/\/schema.org\",\"@graph\":[{\"@type\":\"Article\",\"@id\":\"https:\/\/portaltela.pt\/noticias\/2026\/04\/30\/drones-russos-atacam-odessa-pelo-menos-20-feridos\/#article\",\"isPartOf\":{\"@id\":\"https:\/\/portaltela.pt\/noticias\/2026\/04\/30\/drones-russos-atacam-odessa-pelo-menos-20-feridos\/\"},\"author\":{\"name\":\"Telinha\",\"@id\":\"https:\/\/portaltela.pt\/#\/schema\/person\/c4278d4a6028830caff9ee44b42d32ed\"},\"headline\":\"Drones russos atacam Odessa; pelo menos 20 feridos\",\"datePublished\":\"2026-04-30T13:48:46+00:00\",\"mainEntityOfPage\":{\"@id\":\"https:\/\/portaltela.pt\/noticias\/2026\/04\/30\/drones-russos-atacam-odessa-pelo-menos-20-feridos\/\"},\"wordCount\":296,\"image\":{\"@id\":\"https:\/\/portaltela.pt\/noticias\/2026\/04\/30\/drones-russos-atacam-odessa-pelo-menos-20-feridos\/#primaryimage\"},\"thumbnailUrl\":\"https:\/\/portaltela.pt\/s.01k8rhncp4jt1\/2026\/04\/1536x864_cmsv2_a53963cb-2368-5b4f-9600-8cc9dfc23d5d-9742084.jpg\",\"keywords\":[\"_ataques\",\"_drones\",\"_energia\",\"_infraestruturas\",\"_portos\",\"_Ucr\u00e2nia\"],\"articleSection\":[\"Conflitos\",\"Guerra\"],\"inLanguage\":\"pt-PT\"},{\"@type\":\"WebPage\",\"@id\":\"https:\/\/portaltela.pt\/noticias\/2026\/04\/30\/drones-russos-atacam-odessa-pelo-menos-20-feridos\/\",\"url\":\"https:\/\/portaltela.pt\/noticias\/2026\/04\/30\/drones-russos-atacam-odessa-pelo-menos-20-feridos\/\",\"name\":\"Drones russos atacam Odessa; pelo menos 20 feridos - Portal Tela Portugal\",\"isPartOf\":{\"@id\":\"https:\/\/portaltela.pt\/#website\"},\"primaryImageOfPage\":{\"@id\":\"https:\/\/portaltela.pt\/noticias\/2026\/04\/30\/drones-russos-atacam-odessa-pelo-menos-20-feridos\/#primaryimage\"},\"image\":{\"@id\":\"https:\/\/portaltela.pt\/noticias\/2026\/04\/30\/drones-russos-atacam-odessa-pelo-menos-20-feridos\/#primaryimage\"},\"thumbnailUrl\":\"https:\/\/portaltela.pt\/s.01k8rhncp4jt1\/2026\/04\/1536x864_cmsv2_a53963cb-2368-5b4f-9600-8cc9dfc23d5d-9742084.jpg\",\"datePublished\":\"2026-04-30T13:48:46+00:00\",\"author\":{\"@id\":\"https:\/\/portaltela.pt\/#\/schema\/person\/c4278d4a6028830caff9ee44b42d32ed\"},\"breadcrumb\":{\"@id\":\"https:\/\/portaltela.pt\/noticias\/2026\/04\/30\/drones-russos-atacam-odessa-pelo-menos-20-feridos\/#breadcrumb\"},\"inLanguage\":\"pt-PT\",\"potentialAction\":[{\"@type\":\"ReadAction\",\"target\":[\"https:\/\/portaltela.pt\/noticias\/2026\/04\/30\/drones-russos-atacam-odessa-pelo-menos-20-feridos\/\"]}]},{\"@type\":\"ImageObject\",\"inLanguage\":\"pt-PT\",\"@id\":\"https:\/\/portaltela.pt\/noticias\/2026\/04\/30\/drones-russos-atacam-odessa-pelo-menos-20-feridos\/#primaryimage\",\"url\":\"https:\/\/portaltela.pt\/s.01k8rhncp4jt1\/2026\/04\/1536x864_cmsv2_a53963cb-2368-5b4f-9600-8cc9dfc23d5d-9742084.jpg\",\"contentUrl\":\"https:\/\/portaltela.pt\/s.01k8rhncp4jt1\/2026\/04\/1536x864_cmsv2_a53963cb-2368-5b4f-9600-8cc9dfc23d5d-9742084.jpg\",\"width\":796,\"height\":448,\"caption\":\"Uma pessoa caminha junto a casas danificadas por ataque russo em Odessa, na Ucr\u00e2nia, segunda-feira, 27 de abril de 2026.\"},{\"@type\":\"BreadcrumbList\",\"@id\":\"https:\/\/portaltela.pt\/noticias\/2026\/04\/30\/drones-russos-atacam-odessa-pelo-menos-20-feridos\/#breadcrumb\",\"itemListElement\":[{\"@type\":\"ListItem\",\"position\":1,\"name\":\"In\u00edcio\",\"item\":\"https:\/\/portaltela.pt\/\"},{\"@type\":\"ListItem\",\"position\":2,\"name\":\"Drones russos atacam Odessa; pelo menos 20 feridos\"}]},{\"@type\":\"WebSite\",\"@id\":\"https:\/\/portaltela.pt\/#website\",\"url\":\"https:\/\/portaltela.pt\/\",\"name\":\"Portal Tela Portugal\",\"description\":\"\",\"potentialAction\":[{\"@type\":\"SearchAction\",\"target\":{\"@type\":\"EntryPoint\",\"urlTemplate\":\"https:\/\/portaltela.pt\/?s={search_term_string}\"},\"query-input\":{\"@type\":\"PropertyValueSpecification\",\"valueRequired\":true,\"valueName\":\"search_term_string\"}}],\"inLanguage\":\"pt-PT\"},{\"@type\":\"Person\",\"@id\":\"https:\/\/portaltela.pt\/#\/schema\/person\/c4278d4a6028830caff9ee44b42d32ed\",\"name\":\"Telinha\",\"image\":{\"@type\":\"ImageObject\",\"inLanguage\":\"pt-PT\",\"@id\":\"https:\/\/portaltela.pt\/s.01k8rhncp4jt1\/2025\/11\/talking-bot-125x125.png\",\"url\":\"https:\/\/portaltela.pt\/s.01k8rhncp4jt1\/2025\/11\/talking-bot-125x125.png\",\"contentUrl\":\"https:\/\/portaltela.pt\/s.01k8rhncp4jt1\/2025\/11\/talking-bot-125x125.png\",\"caption\":\"Telinha\"},\"sameAs\":[\"https:\/\/portaltela.pt\/\"],\"url\":\"https:\/\/portaltela.pt\/por\/367410592786\/\"}]}<\/script>\n<!-- \/ Yoast SEO plugin. -->","yoast_head_json":{"title":"Drones russos atacam Odessa; pelo menos 20 feridos - Portal Tela Portugal","robots":{"index":"index","follow":"follow","max-snippet":"max-snippet:-1","max-image-preview":"max-image-preview:large","max-video-preview":"max-video-preview:-1"},"og_locale":"pt_PT","og_type":"article","og_title":"Drones russos atacam Odessa; pelo menos 20 feridos - Portal Tela Portugal","og_description":"Pelo menos vinte feridos ap\u00f3s drones russos atingirem Odessa, na Ucr\u00e2nia, durante a madrugada de quinta-feira. Dois feridos encontram-se em estado grave, encaminhados para cuidados intensivos. Danos materiais em v\u00e1rios pontos da cidade: edif\u00edcios residenciais e administrativos, jardim de inf\u00e2ncia, centro comercial e hotel. Armaz\u00e9ns, garagens e dezenas de autocarros e viaturas ficaram destru\u00eddos ou danificados. A agress\u00e3o sucede a um ataque semelhante na \u00faltima segunda-feira, que deixou catorze feridos e afetou infraestruturas portu\u00e1rias e um navio comercial.","og_url":"https:\/\/portaltela.pt\/noticias\/2026\/04\/30\/drones-russos-atacam-odessa-pelo-menos-20-feridos\/","og_site_name":"Portal Tela Portugal","article_published_time":"2026-04-30T13:48:46+00:00","author":"Telinha","twitter_card":"summary_large_image","twitter_misc":{"Escrito por":"Telinha","Tempo estimado de leitura":"1 minuto"},"schema":{"@context":"https:\/\/schema.org","@graph":[{"@type":"Article","@id":"https:\/\/portaltela.pt\/noticias\/2026\/04\/30\/drones-russos-atacam-odessa-pelo-menos-20-feridos\/#article","isPartOf":{"@id":"https:\/\/portaltela.pt\/noticias\/2026\/04\/30\/drones-russos-atacam-odessa-pelo-menos-20-feridos\/"},"author":{"name":"Telinha","@id":"https:\/\/portaltela.pt\/#\/schema\/person\/c4278d4a6028830caff9ee44b42d32ed"},"headline":"Drones russos atacam Odessa; pelo menos 20 feridos","datePublished":"2026-04-30T13:48:46+00:00","mainEntityOfPage":{"@id":"https:\/\/portaltela.pt\/noticias\/2026\/04\/30\/drones-russos-atacam-odessa-pelo-menos-20-feridos\/"},"wordCount":296,"image":{"@id":"https:\/\/portaltela.pt\/noticias\/2026\/04\/30\/drones-russos-atacam-odessa-pelo-menos-20-feridos\/#primaryimage"},"thumbnailUrl":"https:\/\/portaltela.pt\/s.01k8rhncp4jt1\/2026\/04\/1536x864_cmsv2_a53963cb-2368-5b4f-9600-8cc9dfc23d5d-9742084.jpg","keywords":["_ataques","_drones","_energia","_infraestruturas","_portos","_Ucr\u00e2nia"],"articleSection":["Conflitos","Guerra"],"inLanguage":"pt-PT"},{"@type":"WebPage","@id":"https:\/\/portaltela.pt\/noticias\/2026\/04\/30\/drones-russos-atacam-odessa-pelo-menos-20-feridos\/","url":"https:\/\/portaltela.pt\/noticias\/2026\/04\/30\/drones-russos-atacam-odessa-pelo-menos-20-feridos\/","name":"Drones russos atacam Odessa; pelo menos 20 feridos - Portal Tela Portugal","isPartOf":{"@id":"https:\/\/portaltela.pt\/#website"},"primaryImageOfPage":{"@id":"https:\/\/portaltela.pt\/noticias\/2026\/04\/30\/drones-russos-atacam-odessa-pelo-menos-20-feridos\/#primaryimage"},"image":{"@id":"https:\/\/portaltela.pt\/noticias\/2026\/04\/30\/drones-russos-atacam-odessa-pelo-menos-20-feridos\/#primaryimage"},"thumbnailUrl":"https:\/\/portaltela.pt\/s.01k8rhncp4jt1\/2026\/04\/1536x864_cmsv2_a53963cb-2368-5b4f-9600-8cc9dfc23d5d-9742084.jpg","datePublished":"2026-04-30T13:48:46+00:00","author":{"@id":"https:\/\/portaltela.pt\/#\/schema\/person\/c4278d4a6028830caff9ee44b42d32ed"},"breadcrumb":{"@id":"https:\/\/portaltela.pt\/noticias\/2026\/04\/30\/drones-russos-atacam-odessa-pelo-menos-20-feridos\/#breadcrumb"},"inLanguage":"pt-PT","potentialAction":[{"@type":"ReadAction","target":["https:\/\/portaltela.pt\/noticias\/2026\/04\/30\/drones-russos-atacam-odessa-pelo-menos-20-feridos\/"]}]},{"@type":"ImageObject","inLanguage":"pt-PT","@id":"https:\/\/portaltela.pt\/noticias\/2026\/04\/30\/drones-russos-atacam-odessa-pelo-menos-20-feridos\/#primaryimage","url":"https:\/\/portaltela.pt\/s.01k8rhncp4jt1\/2026\/04\/1536x864_cmsv2_a53963cb-2368-5b4f-9600-8cc9dfc23d5d-9742084.jpg","contentUrl":"https:\/\/portaltela.pt\/s.01k8rhncp4jt1\/2026\/04\/1536x864_cmsv2_a53963cb-2368-5b4f-9600-8cc9dfc23d5d-9742084.jpg","width":796,"height":448,"caption":"Uma pessoa caminha junto a casas danificadas por ataque russo em Odessa, na Ucr\u00e2nia, segunda-feira, 27 de abril de 2026."},{"@type":"BreadcrumbList","@id":"https:\/\/portaltela.pt\/noticias\/2026\/04\/30\/drones-russos-atacam-odessa-pelo-menos-20-feridos\/#breadcrumb","itemListElement":[{"@type":"ListItem","position":1,"name":"In\u00edcio","item":"https:\/\/portaltela.pt\/"},{"@type":"ListItem","position":2,"name":"Drones russos atacam Odessa; pelo menos 20 feridos"}]},{"@type":"WebSite","@id":"https:\/\/portaltela.pt\/#website","url":"https:\/\/portaltela.pt\/","name":"Portal Tela Portugal","description":"","potentialAction":[{"@type":"SearchAction","target":{"@type":"EntryPoint","urlTemplate":"https:\/\/portaltela.pt\/?s={search_term_string}"},"query-input":{"@type":"PropertyValueSpecification","valueRequired":true,"valueName":"search_term_string"}}],"inLanguage":"pt-PT"},{"@type":"Person","@id":"https:\/\/portaltela.pt\/#\/schema\/person\/c4278d4a6028830caff9ee44b42d32ed","name":"Telinha","image":{"@type":"ImageObject","inLanguage":"pt-PT","@id":"https:\/\/portaltela.pt\/s.01k8rhncp4jt1\/2025\/11\/talking-bot-125x125.png","url":"https:\/\/portaltela.pt\/s.01k8rhncp4jt1\/2025\/11\/talking-bot-125x125.png","contentUrl":"https:\/\/portaltela.pt\/s.01k8rhncp4jt1\/2025\/11\/talking-bot-125x125.png","caption":"Telinha"},"sameAs":["https:\/\/portaltela.pt\/"],"url":"https:\/\/portaltela.pt\/por\/367410592786\/"}]}},"_links":{"self":[{"href":"https:\/\/portaltela.pt\/api\/wp\/v2\/posts\/462527","targetHints":{"allow":["GET"]}}],"collection":[{"href":"https:\/\/portaltela.pt\/api\/wp\/v2\/posts"}],"about":[{"href":"https:\/\/portaltela.pt\/api\/wp\/v2\/types\/post"}],"author":[{"embeddable":true,"href":"https:\/\/portaltela.pt\/api\/wp\/v2\/users\/2"}],"replies":[{"embeddable":true,"href":"https:\/\/portaltela.pt\/api\/wp\/v2\/comments?post=462527"}],"version-history":[{"count":0,"href":"https:\/\/portaltela.pt\/api\/wp\/v2\/posts\/462527\/revisions"}],"wp:featuredmedia":[{"embeddable":true,"href":"https:\/\/portaltela.pt\/api\/wp\/v2\/media\/462530"}],"wp:attachment":[{"href":"https:\/\/portaltela.pt\/api\/wp\/v2\/media?parent=462527"}],"wp:term":[{"taxonomy":"category","embeddable":true,"href":"https:\/\/portaltela.pt\/api\/wp\/v2\/categories?post=462527"},{"taxonomy":"post_tag","embeddable":true,"href":"https:\/\/portaltela.pt\/api\/wp\/v2\/tags?post=462527"}],"curies":[{"name":"wp","href":"https:\/\/api.w.org\/{rel}","templated":true}]}}