{"id":462522,"date":"2026-04-30T10:48:40","date_gmt":"2026-04-30T13:48:40","guid":{"rendered":"https:\/\/portaltela.pt\/noticias\/2026\/04\/30\/pan-acores-condena-a-morte-violenta-de-tubarao-em-rabo-de-peixe\/"},"modified":"2026-04-30T10:48:40","modified_gmt":"2026-04-30T13:48:40","slug":"pan-acores-condena-a-morte-violenta-de-tubarao-em-rabo-de-peixe","status":"publish","type":"post","link":"https:\/\/portaltela.pt\/meio-ambiente\/2026\/04\/30\/pan-acores-condena-a-morte-violenta-de-tubarao-em-rabo-de-peixe\/","title":{"rendered":"PAN A\u00e7ores condena a morte violenta de tubar\u00e3o em Rabo de Peixe"},"content":{"rendered":"<p>O PAN\/A\u00e7ores condenou esta quinta-feira a morte violenta de um tubar\u00e3o no porto de pescas de Rabo de Peixe, na ilha de S\u00e3o Miguel. A den\u00fancia surge na sequ\u00eancia de um v\u00eddeo que ter\u00e1 sido transmitido em direto e amplamente divulgado nas redes sociais.<\/p>\n<p>Segundo o partido, elementos da sua estrutura visualizaram o v\u00eddeo, no qual o tubar\u00e3o-mako, com cerca de tr\u00eas metros, \u00e9 retirado da \u00e1gua com uma corda ligada \u00e0 barbatana caudal e \u00e9 alvo de pontap\u00e9s por dois homens, sendo arrastado pelas rochas do porto. Crian\u00e7as aparecem a assistir \u00e0 viol\u00eancia no momento da ocorr\u00eancia.<\/p>\n<p>O PAN\/A\u00e7ores afirma ter comunicado de imediato \u00e0s entidades competentes, considerando que pode ter existido crime e\/ou il\u00edcito contraordenacional, sobretudo pela esp\u00e9cie estar classificada como em perigo de extin\u00e7\u00e3o pela IUCN. O partido tamb\u00e9m enfatiza a necessidade de empatia com a vida marinha.<\/p>\n<h3>Contexto e reac\u00e7\u00e3o<\/h3>\n<p>A organiza\u00e7\u00e3o ressalva a gravidade das imagens e manifesta preocupa\u00e7\u00e3o com a viol\u00eancia exposta, bem como com a divulga\u00e7\u00e3o e participa\u00e7\u00e3o de terceiros que assistem \u00e0 situa\u00e7\u00e3o. O tubar\u00e3o desempenha um papel relevante no ecossistema marinho, e a esp\u00e9cie encontra-se com elevados riscos de extin\u00e7\u00e3o, segundo fontes da IUCN.<\/p>\n<p>As autoridades competentes ainda n\u00e3o divulgaram confirma\u00e7\u00e3o oficial sobre eventuais crime, nem sobre a\u00e7\u00f5es legais em curso. A ocorr\u00eancia levanta quest\u00f5es sobre prote\u00e7\u00e3o de esp\u00e9cies marinhas e sobre a responsabiliza\u00e7\u00e3o de a\u00e7\u00f5es contra a vida marinha no arquip\u00e9lago.<\/p>\n","protected":false},"excerpt":{"rendered":"<ul>\n<li>O PAN\/A\u00e7ores condenou a morte violenta de um tubar\u00e3o no porto de pesca de Rabo de Peixe, S\u00e3o Miguel, alegadamente transmitida em direto num v\u00eddeo.<\/li>\n<li>No v\u00eddeo, o tubar\u00e3o-mako, com cerca de tr\u00eas metros, \u00e9 retirado da \u00e1gua com uma corda na cauda e alvo de pauladas, sendo arrastado pelas rochas do porto.<\/li>\n<li>Crian\u00e7as aparecem a assistir ao incidente, gravado em direto na rede social Facebook.<\/li>\n<li>O PAN informou ter denunciado a situa\u00e7\u00e3o \u00e0s entidades competentes, mencionando poss\u00edvel ilicitude e crime, dada a esp\u00e9cie estar classificada como em perigo de extin\u00e7\u00e3o pela IUCN.<\/li>\n<li>O partido sublinha a import\u00e2ncia ecol\u00f3gica dos tubar\u00f5es e a necessidade de empatia com a vida marinha, especialmente com esp\u00e9cies amea\u00e7adas nos A\u00e7ores.<\/li>\n<\/ul>\n","protected":false},"author":2,"featured_media":462528,"comment_status":"closed","ping_status":"closed","sticky":false,"template":"","format":"standard","meta":{"footnotes":""},"categories":[6725],"tags":[8118,8238,8131,8103,8593,8286],"class_list":["post-462522","post","type-post","status-publish","format-standard","has-post-thumbnail","hentry","category-meio-ambiente","tag-_acores","tag-_ambiente","tag-_animais","tag-_conservacao-ambiental","tag-_maus-tratos-a-animais","tag-_protecao-ambiental"],"yoast_head":"<!-- This site is optimized with the Yoast SEO plugin v27.2 - https:\/\/yoast.com\/product\/yoast-seo-wordpress\/ -->\n<title>PAN A\u00e7ores condena a morte violenta de tubar\u00e3o em Rabo de Peixe - Portal Tela Portugal<\/title>\n<meta name=\"robots\" content=\"index, follow, max-snippet:-1, max-image-preview:large, max-video-preview:-1\" \/>\n<meta property=\"og:locale\" content=\"pt_PT\" \/>\n<meta property=\"og:type\" content=\"article\" \/>\n<meta property=\"og:title\" content=\"PAN A\u00e7ores condena a morte violenta de tubar\u00e3o em Rabo de Peixe - Portal Tela Portugal\" \/>\n<meta property=\"og:description\" content=\"O PAN\/A\u00e7ores condenou a morte violenta de um tubar\u00e3o no porto de pesca de Rabo de Peixe, S\u00e3o Miguel, alegadamente transmitida em direto num v\u00eddeo. No v\u00eddeo, o tubar\u00e3o-mako, com cerca de tr\u00eas metros, \u00e9 retirado da \u00e1gua com uma corda na cauda e alvo de pauladas, sendo arrastado pelas rochas do porto. Crian\u00e7as aparecem a assistir ao incidente, gravado em direto na rede social Facebook. O PAN informou ter denunciado a situa\u00e7\u00e3o \u00e0s entidades competentes, mencionando poss\u00edvel ilicitude e crime, dada a esp\u00e9cie estar classificada como em perigo de extin\u00e7\u00e3o pela IUCN. O partido sublinha a import\u00e2ncia ecol\u00f3gica dos tubar\u00f5es e a necessidade de empatia com a vida marinha, especialmente com esp\u00e9cies amea\u00e7adas nos A\u00e7ores.\" \/>\n<meta property=\"og:url\" content=\"https:\/\/portaltela.pt\/noticias\/2026\/04\/30\/pan-acores-condena-a-morte-violenta-de-tubarao-em-rabo-de-peixe\/\" \/>\n<meta property=\"og:site_name\" content=\"Portal Tela Portugal\" \/>\n<meta property=\"article:published_time\" content=\"2026-04-30T13:48:40+00:00\" \/>\n<meta name=\"author\" content=\"Telinha\" \/>\n<meta name=\"twitter:card\" content=\"summary_large_image\" \/>\n<meta name=\"twitter:label1\" content=\"Escrito por\" \/>\n\t<meta name=\"twitter:data1\" content=\"Telinha\" \/>\n\t<meta name=\"twitter:label2\" content=\"Tempo estimado de leitura\" \/>\n\t<meta name=\"twitter:data2\" content=\"1 minuto\" \/>\n<script type=\"application\/ld+json\" class=\"yoast-schema-graph\">{\"@context\":\"https:\/\/schema.org\",\"@graph\":[{\"@type\":\"Article\",\"@id\":\"https:\/\/portaltela.pt\/noticias\/2026\/04\/30\/pan-acores-condena-a-morte-violenta-de-tubarao-em-rabo-de-peixe\/#article\",\"isPartOf\":{\"@id\":\"https:\/\/portaltela.pt\/noticias\/2026\/04\/30\/pan-acores-condena-a-morte-violenta-de-tubarao-em-rabo-de-peixe\/\"},\"author\":{\"name\":\"Telinha\",\"@id\":\"https:\/\/portaltela.pt\/#\/schema\/person\/c4278d4a6028830caff9ee44b42d32ed\"},\"headline\":\"PAN A\u00e7ores condena a morte violenta de tubar\u00e3o em Rabo de Peixe\",\"datePublished\":\"2026-04-30T13:48:40+00:00\",\"mainEntityOfPage\":{\"@id\":\"https:\/\/portaltela.pt\/noticias\/2026\/04\/30\/pan-acores-condena-a-morte-violenta-de-tubarao-em-rabo-de-peixe\/\"},\"wordCount\":281,\"image\":{\"@id\":\"https:\/\/portaltela.pt\/noticias\/2026\/04\/30\/pan-acores-condena-a-morte-violenta-de-tubarao-em-rabo-de-peixe\/#primaryimage\"},\"thumbnailUrl\":\"https:\/\/portaltela.pt\/s.01k8rhncp4jt1\/2026\/04\/img_1500x1000uu2024-11-18-13-29-37-2178026.jpg\",\"keywords\":[\"_A\u00e7ores\",\"_ambiente\",\"_animais\",\"_conserva\u00e7\u00e3o ambiental\",\"_maus-tratos a animais\",\"_prote\u00e7\u00e3o ambiental\"],\"articleSection\":[\"Meio Ambiente\"],\"inLanguage\":\"pt-PT\"},{\"@type\":\"WebPage\",\"@id\":\"https:\/\/portaltela.pt\/noticias\/2026\/04\/30\/pan-acores-condena-a-morte-violenta-de-tubarao-em-rabo-de-peixe\/\",\"url\":\"https:\/\/portaltela.pt\/noticias\/2026\/04\/30\/pan-acores-condena-a-morte-violenta-de-tubarao-em-rabo-de-peixe\/\",\"name\":\"PAN A\u00e7ores condena a morte violenta de tubar\u00e3o em Rabo de Peixe - Portal Tela Portugal\",\"isPartOf\":{\"@id\":\"https:\/\/portaltela.pt\/#website\"},\"primaryImageOfPage\":{\"@id\":\"https:\/\/portaltela.pt\/noticias\/2026\/04\/30\/pan-acores-condena-a-morte-violenta-de-tubarao-em-rabo-de-peixe\/#primaryimage\"},\"image\":{\"@id\":\"https:\/\/portaltela.pt\/noticias\/2026\/04\/30\/pan-acores-condena-a-morte-violenta-de-tubarao-em-rabo-de-peixe\/#primaryimage\"},\"thumbnailUrl\":\"https:\/\/portaltela.pt\/s.01k8rhncp4jt1\/2026\/04\/img_1500x1000uu2024-11-18-13-29-37-2178026.jpg\",\"datePublished\":\"2026-04-30T13:48:40+00:00\",\"author\":{\"@id\":\"https:\/\/portaltela.pt\/#\/schema\/person\/c4278d4a6028830caff9ee44b42d32ed\"},\"breadcrumb\":{\"@id\":\"https:\/\/portaltela.pt\/noticias\/2026\/04\/30\/pan-acores-condena-a-morte-violenta-de-tubarao-em-rabo-de-peixe\/#breadcrumb\"},\"inLanguage\":\"pt-PT\",\"potentialAction\":[{\"@type\":\"ReadAction\",\"target\":[\"https:\/\/portaltela.pt\/noticias\/2026\/04\/30\/pan-acores-condena-a-morte-violenta-de-tubarao-em-rabo-de-peixe\/\"]}]},{\"@type\":\"ImageObject\",\"inLanguage\":\"pt-PT\",\"@id\":\"https:\/\/portaltela.pt\/noticias\/2026\/04\/30\/pan-acores-condena-a-morte-violenta-de-tubarao-em-rabo-de-peixe\/#primaryimage\",\"url\":\"https:\/\/portaltela.pt\/s.01k8rhncp4jt1\/2026\/04\/img_1500x1000uu2024-11-18-13-29-37-2178026.jpg\",\"contentUrl\":\"https:\/\/portaltela.pt\/s.01k8rhncp4jt1\/2026\/04\/img_1500x1000uu2024-11-18-13-29-37-2178026.jpg\",\"width\":796,\"height\":448,\"caption\":\"Oceano Atl\u00e2ntico\"},{\"@type\":\"BreadcrumbList\",\"@id\":\"https:\/\/portaltela.pt\/noticias\/2026\/04\/30\/pan-acores-condena-a-morte-violenta-de-tubarao-em-rabo-de-peixe\/#breadcrumb\",\"itemListElement\":[{\"@type\":\"ListItem\",\"position\":1,\"name\":\"In\u00edcio\",\"item\":\"https:\/\/portaltela.pt\/\"},{\"@type\":\"ListItem\",\"position\":2,\"name\":\"PAN A\u00e7ores condena a morte violenta de tubar\u00e3o em Rabo de Peixe\"}]},{\"@type\":\"WebSite\",\"@id\":\"https:\/\/portaltela.pt\/#website\",\"url\":\"https:\/\/portaltela.pt\/\",\"name\":\"Portal Tela Portugal\",\"description\":\"\",\"potentialAction\":[{\"@type\":\"SearchAction\",\"target\":{\"@type\":\"EntryPoint\",\"urlTemplate\":\"https:\/\/portaltela.pt\/?s={search_term_string}\"},\"query-input\":{\"@type\":\"PropertyValueSpecification\",\"valueRequired\":true,\"valueName\":\"search_term_string\"}}],\"inLanguage\":\"pt-PT\"},{\"@type\":\"Person\",\"@id\":\"https:\/\/portaltela.pt\/#\/schema\/person\/c4278d4a6028830caff9ee44b42d32ed\",\"name\":\"Telinha\",\"image\":{\"@type\":\"ImageObject\",\"inLanguage\":\"pt-PT\",\"@id\":\"https:\/\/portaltela.pt\/s.01k8rhncp4jt1\/2025\/11\/talking-bot-125x125.png\",\"url\":\"https:\/\/portaltela.pt\/s.01k8rhncp4jt1\/2025\/11\/talking-bot-125x125.png\",\"contentUrl\":\"https:\/\/portaltela.pt\/s.01k8rhncp4jt1\/2025\/11\/talking-bot-125x125.png\",\"caption\":\"Telinha\"},\"sameAs\":[\"https:\/\/portaltela.pt\/\"],\"url\":\"https:\/\/portaltela.pt\/por\/367410592786\/\"}]}<\/script>\n<!-- \/ Yoast SEO plugin. -->","yoast_head_json":{"title":"PAN A\u00e7ores condena a morte violenta de tubar\u00e3o em Rabo de Peixe - Portal Tela Portugal","robots":{"index":"index","follow":"follow","max-snippet":"max-snippet:-1","max-image-preview":"max-image-preview:large","max-video-preview":"max-video-preview:-1"},"og_locale":"pt_PT","og_type":"article","og_title":"PAN A\u00e7ores condena a morte violenta de tubar\u00e3o em Rabo de Peixe - Portal Tela Portugal","og_description":"O PAN\/A\u00e7ores condenou a morte violenta de um tubar\u00e3o no porto de pesca de Rabo de Peixe, S\u00e3o Miguel, alegadamente transmitida em direto num v\u00eddeo. No v\u00eddeo, o tubar\u00e3o-mako, com cerca de tr\u00eas metros, \u00e9 retirado da \u00e1gua com uma corda na cauda e alvo de pauladas, sendo arrastado pelas rochas do porto. Crian\u00e7as aparecem a assistir ao incidente, gravado em direto na rede social Facebook. O PAN informou ter denunciado a situa\u00e7\u00e3o \u00e0s entidades competentes, mencionando poss\u00edvel ilicitude e crime, dada a esp\u00e9cie estar classificada como em perigo de extin\u00e7\u00e3o pela IUCN. O partido sublinha a import\u00e2ncia ecol\u00f3gica dos tubar\u00f5es e a necessidade de empatia com a vida marinha, especialmente com esp\u00e9cies amea\u00e7adas nos A\u00e7ores.","og_url":"https:\/\/portaltela.pt\/noticias\/2026\/04\/30\/pan-acores-condena-a-morte-violenta-de-tubarao-em-rabo-de-peixe\/","og_site_name":"Portal Tela Portugal","article_published_time":"2026-04-30T13:48:40+00:00","author":"Telinha","twitter_card":"summary_large_image","twitter_misc":{"Escrito por":"Telinha","Tempo estimado de leitura":"1 minuto"},"schema":{"@context":"https:\/\/schema.org","@graph":[{"@type":"Article","@id":"https:\/\/portaltela.pt\/noticias\/2026\/04\/30\/pan-acores-condena-a-morte-violenta-de-tubarao-em-rabo-de-peixe\/#article","isPartOf":{"@id":"https:\/\/portaltela.pt\/noticias\/2026\/04\/30\/pan-acores-condena-a-morte-violenta-de-tubarao-em-rabo-de-peixe\/"},"author":{"name":"Telinha","@id":"https:\/\/portaltela.pt\/#\/schema\/person\/c4278d4a6028830caff9ee44b42d32ed"},"headline":"PAN A\u00e7ores condena a morte violenta de tubar\u00e3o em Rabo de Peixe","datePublished":"2026-04-30T13:48:40+00:00","mainEntityOfPage":{"@id":"https:\/\/portaltela.pt\/noticias\/2026\/04\/30\/pan-acores-condena-a-morte-violenta-de-tubarao-em-rabo-de-peixe\/"},"wordCount":281,"image":{"@id":"https:\/\/portaltela.pt\/noticias\/2026\/04\/30\/pan-acores-condena-a-morte-violenta-de-tubarao-em-rabo-de-peixe\/#primaryimage"},"thumbnailUrl":"https:\/\/portaltela.pt\/s.01k8rhncp4jt1\/2026\/04\/img_1500x1000uu2024-11-18-13-29-37-2178026.jpg","keywords":["_A\u00e7ores","_ambiente","_animais","_conserva\u00e7\u00e3o ambiental","_maus-tratos a animais","_prote\u00e7\u00e3o ambiental"],"articleSection":["Meio Ambiente"],"inLanguage":"pt-PT"},{"@type":"WebPage","@id":"https:\/\/portaltela.pt\/noticias\/2026\/04\/30\/pan-acores-condena-a-morte-violenta-de-tubarao-em-rabo-de-peixe\/","url":"https:\/\/portaltela.pt\/noticias\/2026\/04\/30\/pan-acores-condena-a-morte-violenta-de-tubarao-em-rabo-de-peixe\/","name":"PAN A\u00e7ores condena a morte violenta de tubar\u00e3o em Rabo de Peixe - Portal Tela Portugal","isPartOf":{"@id":"https:\/\/portaltela.pt\/#website"},"primaryImageOfPage":{"@id":"https:\/\/portaltela.pt\/noticias\/2026\/04\/30\/pan-acores-condena-a-morte-violenta-de-tubarao-em-rabo-de-peixe\/#primaryimage"},"image":{"@id":"https:\/\/portaltela.pt\/noticias\/2026\/04\/30\/pan-acores-condena-a-morte-violenta-de-tubarao-em-rabo-de-peixe\/#primaryimage"},"thumbnailUrl":"https:\/\/portaltela.pt\/s.01k8rhncp4jt1\/2026\/04\/img_1500x1000uu2024-11-18-13-29-37-2178026.jpg","datePublished":"2026-04-30T13:48:40+00:00","author":{"@id":"https:\/\/portaltela.pt\/#\/schema\/person\/c4278d4a6028830caff9ee44b42d32ed"},"breadcrumb":{"@id":"https:\/\/portaltela.pt\/noticias\/2026\/04\/30\/pan-acores-condena-a-morte-violenta-de-tubarao-em-rabo-de-peixe\/#breadcrumb"},"inLanguage":"pt-PT","potentialAction":[{"@type":"ReadAction","target":["https:\/\/portaltela.pt\/noticias\/2026\/04\/30\/pan-acores-condena-a-morte-violenta-de-tubarao-em-rabo-de-peixe\/"]}]},{"@type":"ImageObject","inLanguage":"pt-PT","@id":"https:\/\/portaltela.pt\/noticias\/2026\/04\/30\/pan-acores-condena-a-morte-violenta-de-tubarao-em-rabo-de-peixe\/#primaryimage","url":"https:\/\/portaltela.pt\/s.01k8rhncp4jt1\/2026\/04\/img_1500x1000uu2024-11-18-13-29-37-2178026.jpg","contentUrl":"https:\/\/portaltela.pt\/s.01k8rhncp4jt1\/2026\/04\/img_1500x1000uu2024-11-18-13-29-37-2178026.jpg","width":796,"height":448,"caption":"Oceano Atl\u00e2ntico"},{"@type":"BreadcrumbList","@id":"https:\/\/portaltela.pt\/noticias\/2026\/04\/30\/pan-acores-condena-a-morte-violenta-de-tubarao-em-rabo-de-peixe\/#breadcrumb","itemListElement":[{"@type":"ListItem","position":1,"name":"In\u00edcio","item":"https:\/\/portaltela.pt\/"},{"@type":"ListItem","position":2,"name":"PAN A\u00e7ores condena a morte violenta de tubar\u00e3o em Rabo de Peixe"}]},{"@type":"WebSite","@id":"https:\/\/portaltela.pt\/#website","url":"https:\/\/portaltela.pt\/","name":"Portal Tela Portugal","description":"","potentialAction":[{"@type":"SearchAction","target":{"@type":"EntryPoint","urlTemplate":"https:\/\/portaltela.pt\/?s={search_term_string}"},"query-input":{"@type":"PropertyValueSpecification","valueRequired":true,"valueName":"search_term_string"}}],"inLanguage":"pt-PT"},{"@type":"Person","@id":"https:\/\/portaltela.pt\/#\/schema\/person\/c4278d4a6028830caff9ee44b42d32ed","name":"Telinha","image":{"@type":"ImageObject","inLanguage":"pt-PT","@id":"https:\/\/portaltela.pt\/s.01k8rhncp4jt1\/2025\/11\/talking-bot-125x125.png","url":"https:\/\/portaltela.pt\/s.01k8rhncp4jt1\/2025\/11\/talking-bot-125x125.png","contentUrl":"https:\/\/portaltela.pt\/s.01k8rhncp4jt1\/2025\/11\/talking-bot-125x125.png","caption":"Telinha"},"sameAs":["https:\/\/portaltela.pt\/"],"url":"https:\/\/portaltela.pt\/por\/367410592786\/"}]}},"_links":{"self":[{"href":"https:\/\/portaltela.pt\/api\/wp\/v2\/posts\/462522","targetHints":{"allow":["GET"]}}],"collection":[{"href":"https:\/\/portaltela.pt\/api\/wp\/v2\/posts"}],"about":[{"href":"https:\/\/portaltela.pt\/api\/wp\/v2\/types\/post"}],"author":[{"embeddable":true,"href":"https:\/\/portaltela.pt\/api\/wp\/v2\/users\/2"}],"replies":[{"embeddable":true,"href":"https:\/\/portaltela.pt\/api\/wp\/v2\/comments?post=462522"}],"version-history":[{"count":0,"href":"https:\/\/portaltela.pt\/api\/wp\/v2\/posts\/462522\/revisions"}],"wp:featuredmedia":[{"embeddable":true,"href":"https:\/\/portaltela.pt\/api\/wp\/v2\/media\/462528"}],"wp:attachment":[{"href":"https:\/\/portaltela.pt\/api\/wp\/v2\/media?parent=462522"}],"wp:term":[{"taxonomy":"category","embeddable":true,"href":"https:\/\/portaltela.pt\/api\/wp\/v2\/categories?post=462522"},{"taxonomy":"post_tag","embeddable":true,"href":"https:\/\/portaltela.pt\/api\/wp\/v2\/tags?post=462522"}],"curies":[{"name":"wp","href":"https:\/\/api.w.org\/{rel}","templated":true}]}}