{"id":462520,"date":"2026-04-30T10:48:35","date_gmt":"2026-04-30T13:48:35","guid":{"rendered":"https:\/\/portaltela.pt\/noticias\/2026\/04\/30\/ramaphosa-marca-eleicoes-locais-na-africa-do-sul-para-4-de-novembro\/"},"modified":"2026-04-30T10:48:35","modified_gmt":"2026-04-30T13:48:35","slug":"ramaphosa-marca-eleicoes-locais-na-africa-do-sul-para-4-de-novembro","status":"publish","type":"post","link":"https:\/\/portaltela.pt\/noticias\/internacional\/2026\/04\/30\/ramaphosa-marca-eleicoes-locais-na-africa-do-sul-para-4-de-novembro\/","title":{"rendered":"Ramaphosa marca elei\u00e7\u00f5es locais na \u00c1frica do Sul para 4 de novembro"},"content":{"rendered":"<p>Ramaphosa anunciou hoje que as elei\u00e7\u00f5es locais da \u00c1frica do Sul v\u00e3o realizar-se a 4 de novembro. O an\u00fancio foi feito pelo Presidente, em contexto de prepara\u00e7\u00e3o eleitoral em todo o pa\u00eds.<\/p>\n<p>As elei\u00e7\u00f5es servem como teste pol\u00edtico ao Congresso Nacional Africano (ANC), que est\u00e1 no poder e tem enfrentado perda de popularidade nas \u00faltimas sondagens. O escrut\u00ednio dever\u00e1 decidir governos municipais por todo o territ\u00f3rio.<\/p>\n<p>A data foi comunicada como parte do calend\u00e1rio eleitoral do pa\u00eds, com foco na participa\u00e7\u00e3o c\u00edvica e na legitimidade das pr\u00f3ximas administra\u00e7\u00f5es locais. O ANC pretende consolidar apoio em v\u00e1rias regi\u00f5es.<\/p>\n","protected":false},"excerpt":{"rendered":"<ul>\n<li>O presidente sul-africano, Cyril Ramaphosa, anunciou que as elei\u00e7\u00f5es locais ser\u00e3o realizadas a quatro de novembro.<\/li>\n<li>O escrut\u00ednio \u00e9 visto como um teste ao Congresso Nacional Africano (ANC), que tem perdido popularidade.<\/li>\n<li>O an\u00fancio foi feito hoje.<\/li>\n<li>As elei\u00e7\u00f5es visam medir o apoio ao governo e ao ANC em diferentes regi\u00f5es do pa\u00eds.<\/li>\n<\/ul>\n","protected":false},"author":2,"featured_media":462523,"comment_status":"closed","ping_status":"closed","sticky":false,"template":"","format":"standard","meta":{"footnotes":""},"categories":[6814,4],"tags":[5227,2795,68,34,6014,2832],"class_list":["post-462520","post","type-post","status-publish","format-standard","has-post-thumbnail","hentry","category-geopolitica","category-internacional","tag-africa","tag-democracia","tag-eleicoes","tag-governo","tag-noticias-internacionais","tag-politica"],"yoast_head":"<!-- This site is optimized with the Yoast SEO plugin v27.2 - https:\/\/yoast.com\/product\/yoast-seo-wordpress\/ -->\n<title>Ramaphosa marca elei\u00e7\u00f5es locais na \u00c1frica do Sul para 4 de novembro - Portal Tela Portugal<\/title>\n<meta name=\"robots\" content=\"index, follow, max-snippet:-1, max-image-preview:large, max-video-preview:-1\" \/>\n<meta property=\"og:locale\" content=\"pt_PT\" \/>\n<meta property=\"og:type\" content=\"article\" \/>\n<meta property=\"og:title\" content=\"Ramaphosa marca elei\u00e7\u00f5es locais na \u00c1frica do Sul para 4 de novembro - Portal Tela Portugal\" \/>\n<meta property=\"og:description\" content=\"O presidente sul-africano, Cyril Ramaphosa, anunciou que as elei\u00e7\u00f5es locais ser\u00e3o realizadas a quatro de novembro. O escrut\u00ednio \u00e9 visto como um teste ao Congresso Nacional Africano (ANC), que tem perdido popularidade. O an\u00fancio foi feito hoje. As elei\u00e7\u00f5es visam medir o apoio ao governo e ao ANC em diferentes regi\u00f5es do pa\u00eds.\" \/>\n<meta property=\"og:url\" content=\"https:\/\/portaltela.pt\/noticias\/2026\/04\/30\/ramaphosa-marca-eleicoes-locais-na-africa-do-sul-para-4-de-novembro\/\" \/>\n<meta property=\"og:site_name\" content=\"Portal Tela Portugal\" \/>\n<meta property=\"article:published_time\" content=\"2026-04-30T13:48:35+00:00\" \/>\n<meta name=\"author\" content=\"Telinha\" \/>\n<meta name=\"twitter:card\" content=\"summary_large_image\" \/>\n<meta name=\"twitter:label1\" content=\"Escrito por\" \/>\n\t<meta name=\"twitter:data1\" content=\"Telinha\" \/>\n\t<meta name=\"twitter:label2\" content=\"Tempo estimado de leitura\" \/>\n\t<meta name=\"twitter:data2\" content=\"1 minuto\" \/>\n<script type=\"application\/ld+json\" class=\"yoast-schema-graph\">{\"@context\":\"https:\/\/schema.org\",\"@graph\":[{\"@type\":\"Article\",\"@id\":\"https:\/\/portaltela.pt\/noticias\/2026\/04\/30\/ramaphosa-marca-eleicoes-locais-na-africa-do-sul-para-4-de-novembro\/#article\",\"isPartOf\":{\"@id\":\"https:\/\/portaltela.pt\/noticias\/2026\/04\/30\/ramaphosa-marca-eleicoes-locais-na-africa-do-sul-para-4-de-novembro\/\"},\"author\":{\"name\":\"Telinha\",\"@id\":\"https:\/\/portaltela.pt\/#\/schema\/person\/c4278d4a6028830caff9ee44b42d32ed\"},\"headline\":\"Ramaphosa marca elei\u00e7\u00f5es locais na \u00c1frica do Sul para 4 de novembro\",\"datePublished\":\"2026-04-30T13:48:35+00:00\",\"mainEntityOfPage\":{\"@id\":\"https:\/\/portaltela.pt\/noticias\/2026\/04\/30\/ramaphosa-marca-eleicoes-locais-na-africa-do-sul-para-4-de-novembro\/\"},\"wordCount\":125,\"image\":{\"@id\":\"https:\/\/portaltela.pt\/noticias\/2026\/04\/30\/ramaphosa-marca-eleicoes-locais-na-africa-do-sul-para-4-de-novembro\/#primaryimage\"},\"thumbnailUrl\":\"https:\/\/portaltela.pt\/s.01k8rhncp4jt1\/2026\/04\/CACHE_780X1200_ANALOG_WATERMARKED_46983850_2604431091917.jpg\",\"keywords\":[\"\u00c1frica\",\"democracia\",\"elei\u00e7\u00f5es\",\"governo\",\"not\u00edcias internacionais\",\"pol\u00edtica\"],\"articleSection\":[\"Geopol\u00edtica\",\"Internacional\"],\"inLanguage\":\"pt-PT\"},{\"@type\":\"WebPage\",\"@id\":\"https:\/\/portaltela.pt\/noticias\/2026\/04\/30\/ramaphosa-marca-eleicoes-locais-na-africa-do-sul-para-4-de-novembro\/\",\"url\":\"https:\/\/portaltela.pt\/noticias\/2026\/04\/30\/ramaphosa-marca-eleicoes-locais-na-africa-do-sul-para-4-de-novembro\/\",\"name\":\"Ramaphosa marca elei\u00e7\u00f5es locais na \u00c1frica do Sul para 4 de novembro - Portal Tela Portugal\",\"isPartOf\":{\"@id\":\"https:\/\/portaltela.pt\/#website\"},\"primaryImageOfPage\":{\"@id\":\"https:\/\/portaltela.pt\/noticias\/2026\/04\/30\/ramaphosa-marca-eleicoes-locais-na-africa-do-sul-para-4-de-novembro\/#primaryimage\"},\"image\":{\"@id\":\"https:\/\/portaltela.pt\/noticias\/2026\/04\/30\/ramaphosa-marca-eleicoes-locais-na-africa-do-sul-para-4-de-novembro\/#primaryimage\"},\"thumbnailUrl\":\"https:\/\/portaltela.pt\/s.01k8rhncp4jt1\/2026\/04\/CACHE_780X1200_ANALOG_WATERMARKED_46983850_2604431091917.jpg\",\"datePublished\":\"2026-04-30T13:48:35+00:00\",\"author\":{\"@id\":\"https:\/\/portaltela.pt\/#\/schema\/person\/c4278d4a6028830caff9ee44b42d32ed\"},\"breadcrumb\":{\"@id\":\"https:\/\/portaltela.pt\/noticias\/2026\/04\/30\/ramaphosa-marca-eleicoes-locais-na-africa-do-sul-para-4-de-novembro\/#breadcrumb\"},\"inLanguage\":\"pt-PT\",\"potentialAction\":[{\"@type\":\"ReadAction\",\"target\":[\"https:\/\/portaltela.pt\/noticias\/2026\/04\/30\/ramaphosa-marca-eleicoes-locais-na-africa-do-sul-para-4-de-novembro\/\"]}]},{\"@type\":\"ImageObject\",\"inLanguage\":\"pt-PT\",\"@id\":\"https:\/\/portaltela.pt\/noticias\/2026\/04\/30\/ramaphosa-marca-eleicoes-locais-na-africa-do-sul-para-4-de-novembro\/#primaryimage\",\"url\":\"https:\/\/portaltela.pt\/s.01k8rhncp4jt1\/2026\/04\/CACHE_780X1200_ANALOG_WATERMARKED_46983850_2604431091917.jpg\",\"contentUrl\":\"https:\/\/portaltela.pt\/s.01k8rhncp4jt1\/2026\/04\/CACHE_780X1200_ANALOG_WATERMARKED_46983850_2604431091917.jpg\",\"width\":796,\"height\":448,\"caption\":\"Ramaphosa anuncia elei\u00e7\u00f5es locais na \u00c1frica do Sul para 04 de novembro\"},{\"@type\":\"BreadcrumbList\",\"@id\":\"https:\/\/portaltela.pt\/noticias\/2026\/04\/30\/ramaphosa-marca-eleicoes-locais-na-africa-do-sul-para-4-de-novembro\/#breadcrumb\",\"itemListElement\":[{\"@type\":\"ListItem\",\"position\":1,\"name\":\"In\u00edcio\",\"item\":\"https:\/\/portaltela.pt\/\"},{\"@type\":\"ListItem\",\"position\":2,\"name\":\"Ramaphosa marca elei\u00e7\u00f5es locais na \u00c1frica do Sul para 4 de novembro\"}]},{\"@type\":\"WebSite\",\"@id\":\"https:\/\/portaltela.pt\/#website\",\"url\":\"https:\/\/portaltela.pt\/\",\"name\":\"Portal Tela Portugal\",\"description\":\"\",\"potentialAction\":[{\"@type\":\"SearchAction\",\"target\":{\"@type\":\"EntryPoint\",\"urlTemplate\":\"https:\/\/portaltela.pt\/?s={search_term_string}\"},\"query-input\":{\"@type\":\"PropertyValueSpecification\",\"valueRequired\":true,\"valueName\":\"search_term_string\"}}],\"inLanguage\":\"pt-PT\"},{\"@type\":\"Person\",\"@id\":\"https:\/\/portaltela.pt\/#\/schema\/person\/c4278d4a6028830caff9ee44b42d32ed\",\"name\":\"Telinha\",\"image\":{\"@type\":\"ImageObject\",\"inLanguage\":\"pt-PT\",\"@id\":\"https:\/\/portaltela.pt\/s.01k8rhncp4jt1\/2025\/11\/talking-bot-125x125.png\",\"url\":\"https:\/\/portaltela.pt\/s.01k8rhncp4jt1\/2025\/11\/talking-bot-125x125.png\",\"contentUrl\":\"https:\/\/portaltela.pt\/s.01k8rhncp4jt1\/2025\/11\/talking-bot-125x125.png\",\"caption\":\"Telinha\"},\"sameAs\":[\"https:\/\/portaltela.pt\/\"],\"url\":\"https:\/\/portaltela.pt\/por\/367410592786\/\"}]}<\/script>\n<!-- \/ Yoast SEO plugin. -->","yoast_head_json":{"title":"Ramaphosa marca elei\u00e7\u00f5es locais na \u00c1frica do Sul para 4 de novembro - Portal Tela Portugal","robots":{"index":"index","follow":"follow","max-snippet":"max-snippet:-1","max-image-preview":"max-image-preview:large","max-video-preview":"max-video-preview:-1"},"og_locale":"pt_PT","og_type":"article","og_title":"Ramaphosa marca elei\u00e7\u00f5es locais na \u00c1frica do Sul para 4 de novembro - Portal Tela Portugal","og_description":"O presidente sul-africano, Cyril Ramaphosa, anunciou que as elei\u00e7\u00f5es locais ser\u00e3o realizadas a quatro de novembro. O escrut\u00ednio \u00e9 visto como um teste ao Congresso Nacional Africano (ANC), que tem perdido popularidade. O an\u00fancio foi feito hoje. As elei\u00e7\u00f5es visam medir o apoio ao governo e ao ANC em diferentes regi\u00f5es do pa\u00eds.","og_url":"https:\/\/portaltela.pt\/noticias\/2026\/04\/30\/ramaphosa-marca-eleicoes-locais-na-africa-do-sul-para-4-de-novembro\/","og_site_name":"Portal Tela Portugal","article_published_time":"2026-04-30T13:48:35+00:00","author":"Telinha","twitter_card":"summary_large_image","twitter_misc":{"Escrito por":"Telinha","Tempo estimado de leitura":"1 minuto"},"schema":{"@context":"https:\/\/schema.org","@graph":[{"@type":"Article","@id":"https:\/\/portaltela.pt\/noticias\/2026\/04\/30\/ramaphosa-marca-eleicoes-locais-na-africa-do-sul-para-4-de-novembro\/#article","isPartOf":{"@id":"https:\/\/portaltela.pt\/noticias\/2026\/04\/30\/ramaphosa-marca-eleicoes-locais-na-africa-do-sul-para-4-de-novembro\/"},"author":{"name":"Telinha","@id":"https:\/\/portaltela.pt\/#\/schema\/person\/c4278d4a6028830caff9ee44b42d32ed"},"headline":"Ramaphosa marca elei\u00e7\u00f5es locais na \u00c1frica do Sul para 4 de novembro","datePublished":"2026-04-30T13:48:35+00:00","mainEntityOfPage":{"@id":"https:\/\/portaltela.pt\/noticias\/2026\/04\/30\/ramaphosa-marca-eleicoes-locais-na-africa-do-sul-para-4-de-novembro\/"},"wordCount":125,"image":{"@id":"https:\/\/portaltela.pt\/noticias\/2026\/04\/30\/ramaphosa-marca-eleicoes-locais-na-africa-do-sul-para-4-de-novembro\/#primaryimage"},"thumbnailUrl":"https:\/\/portaltela.pt\/s.01k8rhncp4jt1\/2026\/04\/CACHE_780X1200_ANALOG_WATERMARKED_46983850_2604431091917.jpg","keywords":["\u00c1frica","democracia","elei\u00e7\u00f5es","governo","not\u00edcias internacionais","pol\u00edtica"],"articleSection":["Geopol\u00edtica","Internacional"],"inLanguage":"pt-PT"},{"@type":"WebPage","@id":"https:\/\/portaltela.pt\/noticias\/2026\/04\/30\/ramaphosa-marca-eleicoes-locais-na-africa-do-sul-para-4-de-novembro\/","url":"https:\/\/portaltela.pt\/noticias\/2026\/04\/30\/ramaphosa-marca-eleicoes-locais-na-africa-do-sul-para-4-de-novembro\/","name":"Ramaphosa marca elei\u00e7\u00f5es locais na \u00c1frica do Sul para 4 de novembro - Portal Tela Portugal","isPartOf":{"@id":"https:\/\/portaltela.pt\/#website"},"primaryImageOfPage":{"@id":"https:\/\/portaltela.pt\/noticias\/2026\/04\/30\/ramaphosa-marca-eleicoes-locais-na-africa-do-sul-para-4-de-novembro\/#primaryimage"},"image":{"@id":"https:\/\/portaltela.pt\/noticias\/2026\/04\/30\/ramaphosa-marca-eleicoes-locais-na-africa-do-sul-para-4-de-novembro\/#primaryimage"},"thumbnailUrl":"https:\/\/portaltela.pt\/s.01k8rhncp4jt1\/2026\/04\/CACHE_780X1200_ANALOG_WATERMARKED_46983850_2604431091917.jpg","datePublished":"2026-04-30T13:48:35+00:00","author":{"@id":"https:\/\/portaltela.pt\/#\/schema\/person\/c4278d4a6028830caff9ee44b42d32ed"},"breadcrumb":{"@id":"https:\/\/portaltela.pt\/noticias\/2026\/04\/30\/ramaphosa-marca-eleicoes-locais-na-africa-do-sul-para-4-de-novembro\/#breadcrumb"},"inLanguage":"pt-PT","potentialAction":[{"@type":"ReadAction","target":["https:\/\/portaltela.pt\/noticias\/2026\/04\/30\/ramaphosa-marca-eleicoes-locais-na-africa-do-sul-para-4-de-novembro\/"]}]},{"@type":"ImageObject","inLanguage":"pt-PT","@id":"https:\/\/portaltela.pt\/noticias\/2026\/04\/30\/ramaphosa-marca-eleicoes-locais-na-africa-do-sul-para-4-de-novembro\/#primaryimage","url":"https:\/\/portaltela.pt\/s.01k8rhncp4jt1\/2026\/04\/CACHE_780X1200_ANALOG_WATERMARKED_46983850_2604431091917.jpg","contentUrl":"https:\/\/portaltela.pt\/s.01k8rhncp4jt1\/2026\/04\/CACHE_780X1200_ANALOG_WATERMARKED_46983850_2604431091917.jpg","width":796,"height":448,"caption":"Ramaphosa anuncia elei\u00e7\u00f5es locais na \u00c1frica do Sul para 04 de novembro"},{"@type":"BreadcrumbList","@id":"https:\/\/portaltela.pt\/noticias\/2026\/04\/30\/ramaphosa-marca-eleicoes-locais-na-africa-do-sul-para-4-de-novembro\/#breadcrumb","itemListElement":[{"@type":"ListItem","position":1,"name":"In\u00edcio","item":"https:\/\/portaltela.pt\/"},{"@type":"ListItem","position":2,"name":"Ramaphosa marca elei\u00e7\u00f5es locais na \u00c1frica do Sul para 4 de novembro"}]},{"@type":"WebSite","@id":"https:\/\/portaltela.pt\/#website","url":"https:\/\/portaltela.pt\/","name":"Portal Tela Portugal","description":"","potentialAction":[{"@type":"SearchAction","target":{"@type":"EntryPoint","urlTemplate":"https:\/\/portaltela.pt\/?s={search_term_string}"},"query-input":{"@type":"PropertyValueSpecification","valueRequired":true,"valueName":"search_term_string"}}],"inLanguage":"pt-PT"},{"@type":"Person","@id":"https:\/\/portaltela.pt\/#\/schema\/person\/c4278d4a6028830caff9ee44b42d32ed","name":"Telinha","image":{"@type":"ImageObject","inLanguage":"pt-PT","@id":"https:\/\/portaltela.pt\/s.01k8rhncp4jt1\/2025\/11\/talking-bot-125x125.png","url":"https:\/\/portaltela.pt\/s.01k8rhncp4jt1\/2025\/11\/talking-bot-125x125.png","contentUrl":"https:\/\/portaltela.pt\/s.01k8rhncp4jt1\/2025\/11\/talking-bot-125x125.png","caption":"Telinha"},"sameAs":["https:\/\/portaltela.pt\/"],"url":"https:\/\/portaltela.pt\/por\/367410592786\/"}]}},"_links":{"self":[{"href":"https:\/\/portaltela.pt\/api\/wp\/v2\/posts\/462520","targetHints":{"allow":["GET"]}}],"collection":[{"href":"https:\/\/portaltela.pt\/api\/wp\/v2\/posts"}],"about":[{"href":"https:\/\/portaltela.pt\/api\/wp\/v2\/types\/post"}],"author":[{"embeddable":true,"href":"https:\/\/portaltela.pt\/api\/wp\/v2\/users\/2"}],"replies":[{"embeddable":true,"href":"https:\/\/portaltela.pt\/api\/wp\/v2\/comments?post=462520"}],"version-history":[{"count":0,"href":"https:\/\/portaltela.pt\/api\/wp\/v2\/posts\/462520\/revisions"}],"wp:featuredmedia":[{"embeddable":true,"href":"https:\/\/portaltela.pt\/api\/wp\/v2\/media\/462523"}],"wp:attachment":[{"href":"https:\/\/portaltela.pt\/api\/wp\/v2\/media?parent=462520"}],"wp:term":[{"taxonomy":"category","embeddable":true,"href":"https:\/\/portaltela.pt\/api\/wp\/v2\/categories?post=462520"},{"taxonomy":"post_tag","embeddable":true,"href":"https:\/\/portaltela.pt\/api\/wp\/v2\/tags?post=462520"}],"curies":[{"name":"wp","href":"https:\/\/api.w.org\/{rel}","templated":true}]}}