{"id":462509,"date":"2026-04-30T10:33:38","date_gmt":"2026-04-30T13:33:38","guid":{"rendered":"https:\/\/portaltela.pt\/noticias\/2026\/04\/30\/fernando-mendes-sporting-nao-merece-ser-campeao-nem-ficar-em-2-o-lugar\/"},"modified":"2026-04-30T10:33:38","modified_gmt":"2026-04-30T13:33:38","slug":"fernando-mendes-sporting-nao-merece-ser-campeao-nem-ficar-em-2-o-lugar","status":"publish","type":"post","link":"https:\/\/portaltela.pt\/desporto\/futebol\/2026\/04\/30\/fernando-mendes-sporting-nao-merece-ser-campeao-nem-ficar-em-2-o-lugar\/","title":{"rendered":"Fernando Mendes: Sporting n\u00e3o merece ser campe\u00e3o nem ficar em 2.\u00ba lugar"},"content":{"rendered":"<p>O ex-lateral do Sporting, Fernando Mendes, analisa o momento da equipa de forma pragm\u00e1tica e sem dramatismos. O ex-jogador lamenta os sete pontos perdidos na Liga ap\u00f3s a elimina\u00e7\u00e3o da Champions League e afirma que o clube n\u00e3o merece vencer o campeonato nem terminar em segundo lugar.<\/p>\n<p>Mendes aponta cr\u00edticas ao desempenho recente da equipa, apontando fatores que contribu\u00edram para a situa\u00e7\u00e3o atual. A equipa de Rui Borges empatou 2-2 com o Tondela na quarta-feira, num encontro que aumentou a press\u00e3o sobre o plantel.<\/p>\n<p>O antigo jogador refere-se ainda ao trabalho do departamento de scout, ao corpo t\u00e9cnico e aos jogadores, sugerindo que v\u00e1rias \u00e1reas precisam de uma melhoria de rendimento para recuperar o equil\u00edbrio da equipa. O Sporting mant\u00e9m a luta pela classifica\u00e7\u00e3o na liga.<\/p>\n<h3>An\u00e1lise de Mendes<\/h3>\n<p>O comentador sublinha que a atual coloca\u00e7\u00e3o da equipa n\u00e3o corresponde \u00e0s expectativas anteriores \u00e0 temporada e destaca a necessidade de mudan\u00e7as estruturais. Mendes refor\u00e7a a import\u00e2ncia de ajustar planos de jogo e refor\u00e7ar aspetos defensivos e ofensivos.<\/p>\n<p>As declara\u00e7\u00f5es de Mendes surgem num momento de instabilidade para o Sporting, que procura responder aos resultados insatisfat\u00f3rios em competi\u00e7\u00f5es nacionais e europeias. A dire\u00e7\u00e3o mantem-se focada em retomar o caminho vitorioso da \u00faltima \u00e9poca.<\/p>\n","protected":false},"excerpt":{"rendered":"<ul>\n<li>Fernando Mendes, antigo lateral do Sporting, critica o momento da equipa e aponta falhas no grupo.<\/li>\n<li>O ex-jogador lamenta os sete pontos perdidos na Liga ap\u00f3s a elimina\u00e7\u00e3o da Champions League.<\/li>\n<li>Afirma que o Sporting \u201cn\u00e3o merece ser campe\u00e3o nem estar em 2.\u00ba lugar\u201d nem qualificar-se para a Liga dos Campe\u00f5es.<\/li>\n<li>A an\u00e1lise incide sobre a equipa orientada por Rui Borges, que empatou 2-2 com o Tondela na \u00faltima jornada.<\/li>\n<li>Mendes tamb\u00e9m denuncia falhas no departamento de scout e em setores da equipa.<\/li>\n<\/ul>\n","protected":false},"author":2,"featured_media":462514,"comment_status":"closed","ping_status":"closed","sticky":false,"template":"","format":"standard","meta":{"footnotes":""},"categories":[21,24],"tags":[4143,7766,152,32,50,1652],"class_list":["post-462509","post","type-post","status-publish","format-standard","has-post-thumbnail","hentry","category-desporto","category-futebol","tag-1-liga","tag-criticas","tag-desporto","tag-futebol","tag-mercado-da-bola","tag-sporting"],"yoast_head":"<!-- This site is optimized with the Yoast SEO plugin v27.2 - https:\/\/yoast.com\/product\/yoast-seo-wordpress\/ -->\n<title>Fernando Mendes: Sporting n\u00e3o merece ser campe\u00e3o nem ficar em 2.\u00ba lugar - Portal Tela Portugal<\/title>\n<meta name=\"robots\" content=\"index, follow, max-snippet:-1, max-image-preview:large, max-video-preview:-1\" \/>\n<meta property=\"og:locale\" content=\"pt_PT\" \/>\n<meta property=\"og:type\" content=\"article\" \/>\n<meta property=\"og:title\" content=\"Fernando Mendes: Sporting n\u00e3o merece ser campe\u00e3o nem ficar em 2.\u00ba lugar - Portal Tela Portugal\" \/>\n<meta property=\"og:description\" content=\"Fernando Mendes, antigo lateral do Sporting, critica o momento da equipa e aponta falhas no grupo. O ex-jogador lamenta os sete pontos perdidos na Liga ap\u00f3s a elimina\u00e7\u00e3o da Champions League. Afirma que o Sporting \u201cn\u00e3o merece ser campe\u00e3o nem estar em 2.\u00ba lugar\u201d nem qualificar-se para a Liga dos Campe\u00f5es. A an\u00e1lise incide sobre a equipa orientada por Rui Borges, que empatou 2-2 com o Tondela na \u00faltima jornada. Mendes tamb\u00e9m denuncia falhas no departamento de scout e em setores da equipa.\" \/>\n<meta property=\"og:url\" content=\"https:\/\/portaltela.pt\/noticias\/2026\/04\/30\/fernando-mendes-sporting-nao-merece-ser-campeao-nem-ficar-em-2-o-lugar\/\" \/>\n<meta property=\"og:site_name\" content=\"Portal Tela Portugal\" \/>\n<meta property=\"article:published_time\" content=\"2026-04-30T13:33:38+00:00\" \/>\n<meta name=\"author\" content=\"Telinha\" \/>\n<meta name=\"twitter:card\" content=\"summary_large_image\" \/>\n<meta name=\"twitter:label1\" content=\"Escrito por\" \/>\n\t<meta name=\"twitter:data1\" content=\"Telinha\" \/>\n\t<meta name=\"twitter:label2\" content=\"Tempo estimado de leitura\" \/>\n\t<meta name=\"twitter:data2\" content=\"1 minuto\" \/>\n<script type=\"application\/ld+json\" class=\"yoast-schema-graph\">{\"@context\":\"https:\/\/schema.org\",\"@graph\":[{\"@type\":\"Article\",\"@id\":\"https:\/\/portaltela.pt\/noticias\/2026\/04\/30\/fernando-mendes-sporting-nao-merece-ser-campeao-nem-ficar-em-2-o-lugar\/#article\",\"isPartOf\":{\"@id\":\"https:\/\/portaltela.pt\/noticias\/2026\/04\/30\/fernando-mendes-sporting-nao-merece-ser-campeao-nem-ficar-em-2-o-lugar\/\"},\"author\":{\"name\":\"Telinha\",\"@id\":\"https:\/\/portaltela.pt\/#\/schema\/person\/c4278d4a6028830caff9ee44b42d32ed\"},\"headline\":\"Fernando Mendes: Sporting n\u00e3o merece ser campe\u00e3o nem ficar em 2.\u00ba lugar\",\"datePublished\":\"2026-04-30T13:33:38+00:00\",\"mainEntityOfPage\":{\"@id\":\"https:\/\/portaltela.pt\/noticias\/2026\/04\/30\/fernando-mendes-sporting-nao-merece-ser-campeao-nem-ficar-em-2-o-lugar\/\"},\"wordCount\":238,\"image\":{\"@id\":\"https:\/\/portaltela.pt\/noticias\/2026\/04\/30\/fernando-mendes-sporting-nao-merece-ser-campeao-nem-ficar-em-2-o-lugar\/#primaryimage\"},\"thumbnailUrl\":\"https:\/\/portaltela.pt\/s.01k8rhncp4jt1\/2026\/04\/img_293x165uu2026-04-30-14-22-08-2436100.jpg\",\"keywords\":[\"1. Liga\",\"cr\u00edticas\",\"desporto\",\"futebol\",\"mercado da bola\",\"Sporting\"],\"articleSection\":[\"Desporto\",\"Futebol\"],\"inLanguage\":\"pt-PT\"},{\"@type\":\"WebPage\",\"@id\":\"https:\/\/portaltela.pt\/noticias\/2026\/04\/30\/fernando-mendes-sporting-nao-merece-ser-campeao-nem-ficar-em-2-o-lugar\/\",\"url\":\"https:\/\/portaltela.pt\/noticias\/2026\/04\/30\/fernando-mendes-sporting-nao-merece-ser-campeao-nem-ficar-em-2-o-lugar\/\",\"name\":\"Fernando Mendes: Sporting n\u00e3o merece ser campe\u00e3o nem ficar em 2.\u00ba lugar - Portal Tela Portugal\",\"isPartOf\":{\"@id\":\"https:\/\/portaltela.pt\/#website\"},\"primaryImageOfPage\":{\"@id\":\"https:\/\/portaltela.pt\/noticias\/2026\/04\/30\/fernando-mendes-sporting-nao-merece-ser-campeao-nem-ficar-em-2-o-lugar\/#primaryimage\"},\"image\":{\"@id\":\"https:\/\/portaltela.pt\/noticias\/2026\/04\/30\/fernando-mendes-sporting-nao-merece-ser-campeao-nem-ficar-em-2-o-lugar\/#primaryimage\"},\"thumbnailUrl\":\"https:\/\/portaltela.pt\/s.01k8rhncp4jt1\/2026\/04\/img_293x165uu2026-04-30-14-22-08-2436100.jpg\",\"datePublished\":\"2026-04-30T13:33:38+00:00\",\"author\":{\"@id\":\"https:\/\/portaltela.pt\/#\/schema\/person\/c4278d4a6028830caff9ee44b42d32ed\"},\"breadcrumb\":{\"@id\":\"https:\/\/portaltela.pt\/noticias\/2026\/04\/30\/fernando-mendes-sporting-nao-merece-ser-campeao-nem-ficar-em-2-o-lugar\/#breadcrumb\"},\"inLanguage\":\"pt-PT\",\"potentialAction\":[{\"@type\":\"ReadAction\",\"target\":[\"https:\/\/portaltela.pt\/noticias\/2026\/04\/30\/fernando-mendes-sporting-nao-merece-ser-campeao-nem-ficar-em-2-o-lugar\/\"]}]},{\"@type\":\"ImageObject\",\"inLanguage\":\"pt-PT\",\"@id\":\"https:\/\/portaltela.pt\/noticias\/2026\/04\/30\/fernando-mendes-sporting-nao-merece-ser-campeao-nem-ficar-em-2-o-lugar\/#primaryimage\",\"url\":\"https:\/\/portaltela.pt\/s.01k8rhncp4jt1\/2026\/04\/img_293x165uu2026-04-30-14-22-08-2436100.jpg\",\"contentUrl\":\"https:\/\/portaltela.pt\/s.01k8rhncp4jt1\/2026\/04\/img_293x165uu2026-04-30-14-22-08-2436100.jpg\",\"width\":796,\"height\":448,\"caption\":\"Fernando Mendes analisa momento do Sporting: \u00abN\u00e3o merece ser campe\u00e3o nem estar em 2.\u00ba lugar\u00bb\"},{\"@type\":\"BreadcrumbList\",\"@id\":\"https:\/\/portaltela.pt\/noticias\/2026\/04\/30\/fernando-mendes-sporting-nao-merece-ser-campeao-nem-ficar-em-2-o-lugar\/#breadcrumb\",\"itemListElement\":[{\"@type\":\"ListItem\",\"position\":1,\"name\":\"In\u00edcio\",\"item\":\"https:\/\/portaltela.pt\/\"},{\"@type\":\"ListItem\",\"position\":2,\"name\":\"Fernando Mendes: Sporting n\u00e3o merece ser campe\u00e3o nem ficar em 2.\u00ba lugar\"}]},{\"@type\":\"WebSite\",\"@id\":\"https:\/\/portaltela.pt\/#website\",\"url\":\"https:\/\/portaltela.pt\/\",\"name\":\"Portal Tela Portugal\",\"description\":\"\",\"potentialAction\":[{\"@type\":\"SearchAction\",\"target\":{\"@type\":\"EntryPoint\",\"urlTemplate\":\"https:\/\/portaltela.pt\/?s={search_term_string}\"},\"query-input\":{\"@type\":\"PropertyValueSpecification\",\"valueRequired\":true,\"valueName\":\"search_term_string\"}}],\"inLanguage\":\"pt-PT\"},{\"@type\":\"Person\",\"@id\":\"https:\/\/portaltela.pt\/#\/schema\/person\/c4278d4a6028830caff9ee44b42d32ed\",\"name\":\"Telinha\",\"image\":{\"@type\":\"ImageObject\",\"inLanguage\":\"pt-PT\",\"@id\":\"https:\/\/portaltela.pt\/s.01k8rhncp4jt1\/2025\/11\/talking-bot-125x125.png\",\"url\":\"https:\/\/portaltela.pt\/s.01k8rhncp4jt1\/2025\/11\/talking-bot-125x125.png\",\"contentUrl\":\"https:\/\/portaltela.pt\/s.01k8rhncp4jt1\/2025\/11\/talking-bot-125x125.png\",\"caption\":\"Telinha\"},\"sameAs\":[\"https:\/\/portaltela.pt\/\"],\"url\":\"https:\/\/portaltela.pt\/por\/367410592786\/\"}]}<\/script>\n<!-- \/ Yoast SEO plugin. -->","yoast_head_json":{"title":"Fernando Mendes: Sporting n\u00e3o merece ser campe\u00e3o nem ficar em 2.\u00ba lugar - Portal Tela Portugal","robots":{"index":"index","follow":"follow","max-snippet":"max-snippet:-1","max-image-preview":"max-image-preview:large","max-video-preview":"max-video-preview:-1"},"og_locale":"pt_PT","og_type":"article","og_title":"Fernando Mendes: Sporting n\u00e3o merece ser campe\u00e3o nem ficar em 2.\u00ba lugar - Portal Tela Portugal","og_description":"Fernando Mendes, antigo lateral do Sporting, critica o momento da equipa e aponta falhas no grupo. O ex-jogador lamenta os sete pontos perdidos na Liga ap\u00f3s a elimina\u00e7\u00e3o da Champions League. Afirma que o Sporting \u201cn\u00e3o merece ser campe\u00e3o nem estar em 2.\u00ba lugar\u201d nem qualificar-se para a Liga dos Campe\u00f5es. A an\u00e1lise incide sobre a equipa orientada por Rui Borges, que empatou 2-2 com o Tondela na \u00faltima jornada. Mendes tamb\u00e9m denuncia falhas no departamento de scout e em setores da equipa.","og_url":"https:\/\/portaltela.pt\/noticias\/2026\/04\/30\/fernando-mendes-sporting-nao-merece-ser-campeao-nem-ficar-em-2-o-lugar\/","og_site_name":"Portal Tela Portugal","article_published_time":"2026-04-30T13:33:38+00:00","author":"Telinha","twitter_card":"summary_large_image","twitter_misc":{"Escrito por":"Telinha","Tempo estimado de leitura":"1 minuto"},"schema":{"@context":"https:\/\/schema.org","@graph":[{"@type":"Article","@id":"https:\/\/portaltela.pt\/noticias\/2026\/04\/30\/fernando-mendes-sporting-nao-merece-ser-campeao-nem-ficar-em-2-o-lugar\/#article","isPartOf":{"@id":"https:\/\/portaltela.pt\/noticias\/2026\/04\/30\/fernando-mendes-sporting-nao-merece-ser-campeao-nem-ficar-em-2-o-lugar\/"},"author":{"name":"Telinha","@id":"https:\/\/portaltela.pt\/#\/schema\/person\/c4278d4a6028830caff9ee44b42d32ed"},"headline":"Fernando Mendes: Sporting n\u00e3o merece ser campe\u00e3o nem ficar em 2.\u00ba lugar","datePublished":"2026-04-30T13:33:38+00:00","mainEntityOfPage":{"@id":"https:\/\/portaltela.pt\/noticias\/2026\/04\/30\/fernando-mendes-sporting-nao-merece-ser-campeao-nem-ficar-em-2-o-lugar\/"},"wordCount":238,"image":{"@id":"https:\/\/portaltela.pt\/noticias\/2026\/04\/30\/fernando-mendes-sporting-nao-merece-ser-campeao-nem-ficar-em-2-o-lugar\/#primaryimage"},"thumbnailUrl":"https:\/\/portaltela.pt\/s.01k8rhncp4jt1\/2026\/04\/img_293x165uu2026-04-30-14-22-08-2436100.jpg","keywords":["1. Liga","cr\u00edticas","desporto","futebol","mercado da bola","Sporting"],"articleSection":["Desporto","Futebol"],"inLanguage":"pt-PT"},{"@type":"WebPage","@id":"https:\/\/portaltela.pt\/noticias\/2026\/04\/30\/fernando-mendes-sporting-nao-merece-ser-campeao-nem-ficar-em-2-o-lugar\/","url":"https:\/\/portaltela.pt\/noticias\/2026\/04\/30\/fernando-mendes-sporting-nao-merece-ser-campeao-nem-ficar-em-2-o-lugar\/","name":"Fernando Mendes: Sporting n\u00e3o merece ser campe\u00e3o nem ficar em 2.\u00ba lugar - Portal Tela Portugal","isPartOf":{"@id":"https:\/\/portaltela.pt\/#website"},"primaryImageOfPage":{"@id":"https:\/\/portaltela.pt\/noticias\/2026\/04\/30\/fernando-mendes-sporting-nao-merece-ser-campeao-nem-ficar-em-2-o-lugar\/#primaryimage"},"image":{"@id":"https:\/\/portaltela.pt\/noticias\/2026\/04\/30\/fernando-mendes-sporting-nao-merece-ser-campeao-nem-ficar-em-2-o-lugar\/#primaryimage"},"thumbnailUrl":"https:\/\/portaltela.pt\/s.01k8rhncp4jt1\/2026\/04\/img_293x165uu2026-04-30-14-22-08-2436100.jpg","datePublished":"2026-04-30T13:33:38+00:00","author":{"@id":"https:\/\/portaltela.pt\/#\/schema\/person\/c4278d4a6028830caff9ee44b42d32ed"},"breadcrumb":{"@id":"https:\/\/portaltela.pt\/noticias\/2026\/04\/30\/fernando-mendes-sporting-nao-merece-ser-campeao-nem-ficar-em-2-o-lugar\/#breadcrumb"},"inLanguage":"pt-PT","potentialAction":[{"@type":"ReadAction","target":["https:\/\/portaltela.pt\/noticias\/2026\/04\/30\/fernando-mendes-sporting-nao-merece-ser-campeao-nem-ficar-em-2-o-lugar\/"]}]},{"@type":"ImageObject","inLanguage":"pt-PT","@id":"https:\/\/portaltela.pt\/noticias\/2026\/04\/30\/fernando-mendes-sporting-nao-merece-ser-campeao-nem-ficar-em-2-o-lugar\/#primaryimage","url":"https:\/\/portaltela.pt\/s.01k8rhncp4jt1\/2026\/04\/img_293x165uu2026-04-30-14-22-08-2436100.jpg","contentUrl":"https:\/\/portaltela.pt\/s.01k8rhncp4jt1\/2026\/04\/img_293x165uu2026-04-30-14-22-08-2436100.jpg","width":796,"height":448,"caption":"Fernando Mendes analisa momento do Sporting: \u00abN\u00e3o merece ser campe\u00e3o nem estar em 2.\u00ba lugar\u00bb"},{"@type":"BreadcrumbList","@id":"https:\/\/portaltela.pt\/noticias\/2026\/04\/30\/fernando-mendes-sporting-nao-merece-ser-campeao-nem-ficar-em-2-o-lugar\/#breadcrumb","itemListElement":[{"@type":"ListItem","position":1,"name":"In\u00edcio","item":"https:\/\/portaltela.pt\/"},{"@type":"ListItem","position":2,"name":"Fernando Mendes: Sporting n\u00e3o merece ser campe\u00e3o nem ficar em 2.\u00ba lugar"}]},{"@type":"WebSite","@id":"https:\/\/portaltela.pt\/#website","url":"https:\/\/portaltela.pt\/","name":"Portal Tela Portugal","description":"","potentialAction":[{"@type":"SearchAction","target":{"@type":"EntryPoint","urlTemplate":"https:\/\/portaltela.pt\/?s={search_term_string}"},"query-input":{"@type":"PropertyValueSpecification","valueRequired":true,"valueName":"search_term_string"}}],"inLanguage":"pt-PT"},{"@type":"Person","@id":"https:\/\/portaltela.pt\/#\/schema\/person\/c4278d4a6028830caff9ee44b42d32ed","name":"Telinha","image":{"@type":"ImageObject","inLanguage":"pt-PT","@id":"https:\/\/portaltela.pt\/s.01k8rhncp4jt1\/2025\/11\/talking-bot-125x125.png","url":"https:\/\/portaltela.pt\/s.01k8rhncp4jt1\/2025\/11\/talking-bot-125x125.png","contentUrl":"https:\/\/portaltela.pt\/s.01k8rhncp4jt1\/2025\/11\/talking-bot-125x125.png","caption":"Telinha"},"sameAs":["https:\/\/portaltela.pt\/"],"url":"https:\/\/portaltela.pt\/por\/367410592786\/"}]}},"_links":{"self":[{"href":"https:\/\/portaltela.pt\/api\/wp\/v2\/posts\/462509","targetHints":{"allow":["GET"]}}],"collection":[{"href":"https:\/\/portaltela.pt\/api\/wp\/v2\/posts"}],"about":[{"href":"https:\/\/portaltela.pt\/api\/wp\/v2\/types\/post"}],"author":[{"embeddable":true,"href":"https:\/\/portaltela.pt\/api\/wp\/v2\/users\/2"}],"replies":[{"embeddable":true,"href":"https:\/\/portaltela.pt\/api\/wp\/v2\/comments?post=462509"}],"version-history":[{"count":0,"href":"https:\/\/portaltela.pt\/api\/wp\/v2\/posts\/462509\/revisions"}],"wp:featuredmedia":[{"embeddable":true,"href":"https:\/\/portaltela.pt\/api\/wp\/v2\/media\/462514"}],"wp:attachment":[{"href":"https:\/\/portaltela.pt\/api\/wp\/v2\/media?parent=462509"}],"wp:term":[{"taxonomy":"category","embeddable":true,"href":"https:\/\/portaltela.pt\/api\/wp\/v2\/categories?post=462509"},{"taxonomy":"post_tag","embeddable":true,"href":"https:\/\/portaltela.pt\/api\/wp\/v2\/tags?post=462509"}],"curies":[{"name":"wp","href":"https:\/\/api.w.org\/{rel}","templated":true}]}}