{"id":462507,"date":"2026-04-30T10:33:31","date_gmt":"2026-04-30T13:33:31","guid":{"rendered":"https:\/\/portaltela.pt\/noticias\/2026\/04\/30\/matosinhos-discute-o-futuro-da-habitacao\/"},"modified":"2026-04-30T10:33:31","modified_gmt":"2026-04-30T13:33:31","slug":"matosinhos-discute-o-futuro-da-habitacao","status":"publish","type":"post","link":"https:\/\/portaltela.pt\/noticias\/economia\/2026\/04\/30\/matosinhos-discute-o-futuro-da-habitacao\/","title":{"rendered":"Matosinhos discute o futuro da habita\u00e7\u00e3o"},"content":{"rendered":"<p>Matosinhos recebe, no \u00e2mbito das comemora\u00e7\u00f5es dos 50 anos do Poder Local em Portugal, a confer\u00eancia Habitar Portugal: Cooperativas de Habita\u00e7\u00e3o: Escala, Comunidade e Futuro. O evento realiza-se no dia 6 de maio na Antiga F\u00e1brica Vasco da Gama.<\/p>\n<p>Promovida pela Not\u00edcias Ilimitadas, com apoio \u00e0 produ\u00e7\u00e3o da C\u00e2mara Municipal de Matosinhos, a iniciativa junta decisores, autarcas, especialistas e a comunidade para debater habita\u00e7\u00e3o mais inclusiva e acess\u00edvel.<\/p>\n<p>O objetivo \u00e9 apresentar solu\u00e7\u00f5es concretas para o futuro da cidade, indo al\u00e9m da an\u00e1lise hist\u00f3rica e apontando caminhos para a pr\u00f3xima d\u00e9cada com parcerias entre Estado, munic\u00edpios e cooperativas.<\/p>\n<h3>Programa<\/h3>\n<p>A tarde come\u00e7a \u00e0s 14h30 com a abertura institucional por Domingos de Andrade, presidente do conselho de administra\u00e7\u00e3o da Not\u00edcias Ilimitadas. O Ministro das Infraestruturas e Habita\u00e7\u00e3o, Miguel Pinto Luz, apresentar\u00e1 pol\u00edticas nacionais para o setor.<\/p>\n<p>Seguem tr\u00eas pain\u00e9is que v\u00e3o abordar o legado do cooperativismo, financiamento e risco, e parcerias locais entre munic\u00edpios e cooperativas, com participa\u00e7\u00e3o de representantes de entidades como o Banco Portugu\u00eas de Fomento, o IHRU, a autarquia de Matosinhos e a Cooperativa As Sete Bicas.<\/p>\n<h3>Porqu\u00ea participar<\/h3>\n<p>O encontro foca-se na pr\u00f3xima d\u00e9cada e destina-se a t\u00e9cnicos, acad\u00e9micos, membros de cooperativas e cidad\u00e3os interessados. O objetivo \u00e9 perceber como as parcerias entre o Estado, os Munic\u00edpios e as Cooperativas podem enfrentar o desafio habitacional.<\/p>\n<h3>Informa\u00e7\u00f5es \u00fateis<\/h3>\n<p>Data: 6 de maio.<\/p>\n<p>Hor\u00e1rio: 14h30 \u2013 17h00.<\/p>\n<p>Local: Antiga F\u00e1brica Vasco da Gama, Av. Men\u00e9res 657, Matosinhos.<\/p>\n<p>Entrada gratuita, sujeita \u00e0 lota\u00e7\u00e3o do espa\u00e7o.<\/p>\n<p>As inscri\u00e7\u00f5es j\u00e1 est\u00e3o abertas; os interessados devem garantir o lugar.<\/p>\n","protected":false},"excerpt":{"rendered":"<ul>\n<li>Confer\u00eancia Habitar Portugal debate habita\u00e7\u00e3o cooperativa em Matosinhos no dia 6 de maio, das 14h30 \u00e0s 17h00, na Antiga F\u00e1brica Vasco da Gama.<\/li>\n<li>A iniciativa insere-se nas comemora\u00e7\u00f5es dos 50 anos do Poder Local em Portugal e \u00e9 promovida pela Not\u00edcias Ilimitadas com apoio da C\u00e2mara Municipal de Matosinhos.<\/li>\n<li>Tr\u00eas pain\u00e9is v\u00e3o abordar: o legado do cooperativismo, financiamento e risco com o Banco Portugu\u00eas de Fomento e o Instituto da Habita\u00e7\u00e3o e da Reabilita\u00e7\u00e3o Urbana, e parcerias locais com o munic\u00edpio e a Cooperativa As Sete Bicas.<\/li>\n<li>O ministro das Infraestruturas e Habita\u00e7\u00e3o, Miguel Pinto Luz, far\u00e1 a interven\u00e7\u00e3o principal sobre pol\u00edticas nacionais para o setor.<\/li>\n<li>A entrada \u00e9 gratuita, sujeita \u00e0 lota\u00e7\u00e3o; as inscri\u00e7\u00f5es j\u00e1 est\u00e3o abertas.<\/li>\n<\/ul>\n","protected":false},"author":2,"featured_media":462512,"comment_status":"closed","ping_status":"closed","sticky":false,"template":"","format":"standard","meta":{"footnotes":""},"categories":[2,6871],"tags":[8219,7791,7815,7816,8440,8040],"class_list":["post-462507","post","type-post","status-publish","format-standard","has-post-thumbnail","hentry","category-economia","category-sociedade","tag-_coordenacao-institucional","tag-_habitacao","tag-_habitacao-publica","tag-_habitacao-social","tag-_matosinhos","tag-_municipios"],"yoast_head":"<!-- This site is optimized with the Yoast SEO plugin v27.2 - https:\/\/yoast.com\/product\/yoast-seo-wordpress\/ -->\n<title>Matosinhos discute o futuro da habita\u00e7\u00e3o - Portal Tela Portugal<\/title>\n<meta name=\"robots\" content=\"index, follow, max-snippet:-1, max-image-preview:large, max-video-preview:-1\" \/>\n<meta property=\"og:locale\" content=\"pt_PT\" \/>\n<meta property=\"og:type\" content=\"article\" \/>\n<meta property=\"og:title\" content=\"Matosinhos discute o futuro da habita\u00e7\u00e3o - Portal Tela Portugal\" \/>\n<meta property=\"og:description\" content=\"Confer\u00eancia Habitar Portugal debate habita\u00e7\u00e3o cooperativa em Matosinhos no dia 6 de maio, das 14h30 \u00e0s 17h00, na Antiga F\u00e1brica Vasco da Gama. A iniciativa insere-se nas comemora\u00e7\u00f5es dos 50 anos do Poder Local em Portugal e \u00e9 promovida pela Not\u00edcias Ilimitadas com apoio da C\u00e2mara Municipal de Matosinhos. Tr\u00eas pain\u00e9is v\u00e3o abordar: o legado do cooperativismo, financiamento e risco com o Banco Portugu\u00eas de Fomento e o Instituto da Habita\u00e7\u00e3o e da Reabilita\u00e7\u00e3o Urbana, e parcerias locais com o munic\u00edpio e a Cooperativa As Sete Bicas. O ministro das Infraestruturas e Habita\u00e7\u00e3o, Miguel Pinto Luz, far\u00e1 a interven\u00e7\u00e3o principal sobre pol\u00edticas nacionais para o setor. A entrada \u00e9 gratuita, sujeita \u00e0 lota\u00e7\u00e3o; as inscri\u00e7\u00f5es j\u00e1 est\u00e3o abertas.\" \/>\n<meta property=\"og:url\" content=\"https:\/\/portaltela.pt\/noticias\/2026\/04\/30\/matosinhos-discute-o-futuro-da-habitacao\/\" \/>\n<meta property=\"og:site_name\" content=\"Portal Tela Portugal\" \/>\n<meta property=\"article:published_time\" content=\"2026-04-30T13:33:31+00:00\" \/>\n<meta name=\"author\" content=\"Telinha\" \/>\n<meta name=\"twitter:card\" content=\"summary_large_image\" \/>\n<meta name=\"twitter:label1\" content=\"Escrito por\" \/>\n\t<meta name=\"twitter:data1\" content=\"Telinha\" \/>\n\t<meta name=\"twitter:label2\" content=\"Tempo estimado de leitura\" \/>\n\t<meta name=\"twitter:data2\" content=\"1 minuto\" \/>\n<script type=\"application\/ld+json\" class=\"yoast-schema-graph\">{\"@context\":\"https:\/\/schema.org\",\"@graph\":[{\"@type\":\"Article\",\"@id\":\"https:\/\/portaltela.pt\/noticias\/2026\/04\/30\/matosinhos-discute-o-futuro-da-habitacao\/#article\",\"isPartOf\":{\"@id\":\"https:\/\/portaltela.pt\/noticias\/2026\/04\/30\/matosinhos-discute-o-futuro-da-habitacao\/\"},\"author\":{\"name\":\"Telinha\",\"@id\":\"https:\/\/portaltela.pt\/#\/schema\/person\/c4278d4a6028830caff9ee44b42d32ed\"},\"headline\":\"Matosinhos discute o futuro da habita\u00e7\u00e3o\",\"datePublished\":\"2026-04-30T13:33:31+00:00\",\"mainEntityOfPage\":{\"@id\":\"https:\/\/portaltela.pt\/noticias\/2026\/04\/30\/matosinhos-discute-o-futuro-da-habitacao\/\"},\"wordCount\":295,\"image\":{\"@id\":\"https:\/\/portaltela.pt\/noticias\/2026\/04\/30\/matosinhos-discute-o-futuro-da-habitacao\/#primaryimage\"},\"thumbnailUrl\":\"https:\/\/portaltela.pt\/s.01k8rhncp4jt1\/2026\/04\/image-1724.jpg\",\"keywords\":[\"_coordena\u00e7\u00e3o institucional\",\"_habita\u00e7\u00e3o\",\"_habita\u00e7\u00e3o p\u00fablica\",\"_habita\u00e7\u00e3o social\",\"_Matosinhos\",\"_munic\u00edpios\"],\"articleSection\":[\"Economia\",\"Sociedade\"],\"inLanguage\":\"pt-PT\"},{\"@type\":\"WebPage\",\"@id\":\"https:\/\/portaltela.pt\/noticias\/2026\/04\/30\/matosinhos-discute-o-futuro-da-habitacao\/\",\"url\":\"https:\/\/portaltela.pt\/noticias\/2026\/04\/30\/matosinhos-discute-o-futuro-da-habitacao\/\",\"name\":\"Matosinhos discute o futuro da habita\u00e7\u00e3o - Portal Tela Portugal\",\"isPartOf\":{\"@id\":\"https:\/\/portaltela.pt\/#website\"},\"primaryImageOfPage\":{\"@id\":\"https:\/\/portaltela.pt\/noticias\/2026\/04\/30\/matosinhos-discute-o-futuro-da-habitacao\/#primaryimage\"},\"image\":{\"@id\":\"https:\/\/portaltela.pt\/noticias\/2026\/04\/30\/matosinhos-discute-o-futuro-da-habitacao\/#primaryimage\"},\"thumbnailUrl\":\"https:\/\/portaltela.pt\/s.01k8rhncp4jt1\/2026\/04\/image-1724.jpg\",\"datePublished\":\"2026-04-30T13:33:31+00:00\",\"author\":{\"@id\":\"https:\/\/portaltela.pt\/#\/schema\/person\/c4278d4a6028830caff9ee44b42d32ed\"},\"breadcrumb\":{\"@id\":\"https:\/\/portaltela.pt\/noticias\/2026\/04\/30\/matosinhos-discute-o-futuro-da-habitacao\/#breadcrumb\"},\"inLanguage\":\"pt-PT\",\"potentialAction\":[{\"@type\":\"ReadAction\",\"target\":[\"https:\/\/portaltela.pt\/noticias\/2026\/04\/30\/matosinhos-discute-o-futuro-da-habitacao\/\"]}]},{\"@type\":\"ImageObject\",\"inLanguage\":\"pt-PT\",\"@id\":\"https:\/\/portaltela.pt\/noticias\/2026\/04\/30\/matosinhos-discute-o-futuro-da-habitacao\/#primaryimage\",\"url\":\"https:\/\/portaltela.pt\/s.01k8rhncp4jt1\/2026\/04\/image-1724.jpg\",\"contentUrl\":\"https:\/\/portaltela.pt\/s.01k8rhncp4jt1\/2026\/04\/image-1724.jpg\",\"width\":796,\"height\":448,\"caption\":\"Imagem de contexto do artigo Matosinhos debate futuro da habita\u00e7\u00e3o\"},{\"@type\":\"BreadcrumbList\",\"@id\":\"https:\/\/portaltela.pt\/noticias\/2026\/04\/30\/matosinhos-discute-o-futuro-da-habitacao\/#breadcrumb\",\"itemListElement\":[{\"@type\":\"ListItem\",\"position\":1,\"name\":\"In\u00edcio\",\"item\":\"https:\/\/portaltela.pt\/\"},{\"@type\":\"ListItem\",\"position\":2,\"name\":\"Matosinhos discute o futuro da habita\u00e7\u00e3o\"}]},{\"@type\":\"WebSite\",\"@id\":\"https:\/\/portaltela.pt\/#website\",\"url\":\"https:\/\/portaltela.pt\/\",\"name\":\"Portal Tela Portugal\",\"description\":\"\",\"potentialAction\":[{\"@type\":\"SearchAction\",\"target\":{\"@type\":\"EntryPoint\",\"urlTemplate\":\"https:\/\/portaltela.pt\/?s={search_term_string}\"},\"query-input\":{\"@type\":\"PropertyValueSpecification\",\"valueRequired\":true,\"valueName\":\"search_term_string\"}}],\"inLanguage\":\"pt-PT\"},{\"@type\":\"Person\",\"@id\":\"https:\/\/portaltela.pt\/#\/schema\/person\/c4278d4a6028830caff9ee44b42d32ed\",\"name\":\"Telinha\",\"image\":{\"@type\":\"ImageObject\",\"inLanguage\":\"pt-PT\",\"@id\":\"https:\/\/portaltela.pt\/s.01k8rhncp4jt1\/2025\/11\/talking-bot-125x125.png\",\"url\":\"https:\/\/portaltela.pt\/s.01k8rhncp4jt1\/2025\/11\/talking-bot-125x125.png\",\"contentUrl\":\"https:\/\/portaltela.pt\/s.01k8rhncp4jt1\/2025\/11\/talking-bot-125x125.png\",\"caption\":\"Telinha\"},\"sameAs\":[\"https:\/\/portaltela.pt\/\"],\"url\":\"https:\/\/portaltela.pt\/por\/367410592786\/\"}]}<\/script>\n<!-- \/ Yoast SEO plugin. -->","yoast_head_json":{"title":"Matosinhos discute o futuro da habita\u00e7\u00e3o - Portal Tela Portugal","robots":{"index":"index","follow":"follow","max-snippet":"max-snippet:-1","max-image-preview":"max-image-preview:large","max-video-preview":"max-video-preview:-1"},"og_locale":"pt_PT","og_type":"article","og_title":"Matosinhos discute o futuro da habita\u00e7\u00e3o - Portal Tela Portugal","og_description":"Confer\u00eancia Habitar Portugal debate habita\u00e7\u00e3o cooperativa em Matosinhos no dia 6 de maio, das 14h30 \u00e0s 17h00, na Antiga F\u00e1brica Vasco da Gama. A iniciativa insere-se nas comemora\u00e7\u00f5es dos 50 anos do Poder Local em Portugal e \u00e9 promovida pela Not\u00edcias Ilimitadas com apoio da C\u00e2mara Municipal de Matosinhos. Tr\u00eas pain\u00e9is v\u00e3o abordar: o legado do cooperativismo, financiamento e risco com o Banco Portugu\u00eas de Fomento e o Instituto da Habita\u00e7\u00e3o e da Reabilita\u00e7\u00e3o Urbana, e parcerias locais com o munic\u00edpio e a Cooperativa As Sete Bicas. O ministro das Infraestruturas e Habita\u00e7\u00e3o, Miguel Pinto Luz, far\u00e1 a interven\u00e7\u00e3o principal sobre pol\u00edticas nacionais para o setor. A entrada \u00e9 gratuita, sujeita \u00e0 lota\u00e7\u00e3o; as inscri\u00e7\u00f5es j\u00e1 est\u00e3o abertas.","og_url":"https:\/\/portaltela.pt\/noticias\/2026\/04\/30\/matosinhos-discute-o-futuro-da-habitacao\/","og_site_name":"Portal Tela Portugal","article_published_time":"2026-04-30T13:33:31+00:00","author":"Telinha","twitter_card":"summary_large_image","twitter_misc":{"Escrito por":"Telinha","Tempo estimado de leitura":"1 minuto"},"schema":{"@context":"https:\/\/schema.org","@graph":[{"@type":"Article","@id":"https:\/\/portaltela.pt\/noticias\/2026\/04\/30\/matosinhos-discute-o-futuro-da-habitacao\/#article","isPartOf":{"@id":"https:\/\/portaltela.pt\/noticias\/2026\/04\/30\/matosinhos-discute-o-futuro-da-habitacao\/"},"author":{"name":"Telinha","@id":"https:\/\/portaltela.pt\/#\/schema\/person\/c4278d4a6028830caff9ee44b42d32ed"},"headline":"Matosinhos discute o futuro da habita\u00e7\u00e3o","datePublished":"2026-04-30T13:33:31+00:00","mainEntityOfPage":{"@id":"https:\/\/portaltela.pt\/noticias\/2026\/04\/30\/matosinhos-discute-o-futuro-da-habitacao\/"},"wordCount":295,"image":{"@id":"https:\/\/portaltela.pt\/noticias\/2026\/04\/30\/matosinhos-discute-o-futuro-da-habitacao\/#primaryimage"},"thumbnailUrl":"https:\/\/portaltela.pt\/s.01k8rhncp4jt1\/2026\/04\/image-1724.jpg","keywords":["_coordena\u00e7\u00e3o institucional","_habita\u00e7\u00e3o","_habita\u00e7\u00e3o p\u00fablica","_habita\u00e7\u00e3o social","_Matosinhos","_munic\u00edpios"],"articleSection":["Economia","Sociedade"],"inLanguage":"pt-PT"},{"@type":"WebPage","@id":"https:\/\/portaltela.pt\/noticias\/2026\/04\/30\/matosinhos-discute-o-futuro-da-habitacao\/","url":"https:\/\/portaltela.pt\/noticias\/2026\/04\/30\/matosinhos-discute-o-futuro-da-habitacao\/","name":"Matosinhos discute o futuro da habita\u00e7\u00e3o - Portal Tela Portugal","isPartOf":{"@id":"https:\/\/portaltela.pt\/#website"},"primaryImageOfPage":{"@id":"https:\/\/portaltela.pt\/noticias\/2026\/04\/30\/matosinhos-discute-o-futuro-da-habitacao\/#primaryimage"},"image":{"@id":"https:\/\/portaltela.pt\/noticias\/2026\/04\/30\/matosinhos-discute-o-futuro-da-habitacao\/#primaryimage"},"thumbnailUrl":"https:\/\/portaltela.pt\/s.01k8rhncp4jt1\/2026\/04\/image-1724.jpg","datePublished":"2026-04-30T13:33:31+00:00","author":{"@id":"https:\/\/portaltela.pt\/#\/schema\/person\/c4278d4a6028830caff9ee44b42d32ed"},"breadcrumb":{"@id":"https:\/\/portaltela.pt\/noticias\/2026\/04\/30\/matosinhos-discute-o-futuro-da-habitacao\/#breadcrumb"},"inLanguage":"pt-PT","potentialAction":[{"@type":"ReadAction","target":["https:\/\/portaltela.pt\/noticias\/2026\/04\/30\/matosinhos-discute-o-futuro-da-habitacao\/"]}]},{"@type":"ImageObject","inLanguage":"pt-PT","@id":"https:\/\/portaltela.pt\/noticias\/2026\/04\/30\/matosinhos-discute-o-futuro-da-habitacao\/#primaryimage","url":"https:\/\/portaltela.pt\/s.01k8rhncp4jt1\/2026\/04\/image-1724.jpg","contentUrl":"https:\/\/portaltela.pt\/s.01k8rhncp4jt1\/2026\/04\/image-1724.jpg","width":796,"height":448,"caption":"Imagem de contexto do artigo Matosinhos debate futuro da habita\u00e7\u00e3o"},{"@type":"BreadcrumbList","@id":"https:\/\/portaltela.pt\/noticias\/2026\/04\/30\/matosinhos-discute-o-futuro-da-habitacao\/#breadcrumb","itemListElement":[{"@type":"ListItem","position":1,"name":"In\u00edcio","item":"https:\/\/portaltela.pt\/"},{"@type":"ListItem","position":2,"name":"Matosinhos discute o futuro da habita\u00e7\u00e3o"}]},{"@type":"WebSite","@id":"https:\/\/portaltela.pt\/#website","url":"https:\/\/portaltela.pt\/","name":"Portal Tela Portugal","description":"","potentialAction":[{"@type":"SearchAction","target":{"@type":"EntryPoint","urlTemplate":"https:\/\/portaltela.pt\/?s={search_term_string}"},"query-input":{"@type":"PropertyValueSpecification","valueRequired":true,"valueName":"search_term_string"}}],"inLanguage":"pt-PT"},{"@type":"Person","@id":"https:\/\/portaltela.pt\/#\/schema\/person\/c4278d4a6028830caff9ee44b42d32ed","name":"Telinha","image":{"@type":"ImageObject","inLanguage":"pt-PT","@id":"https:\/\/portaltela.pt\/s.01k8rhncp4jt1\/2025\/11\/talking-bot-125x125.png","url":"https:\/\/portaltela.pt\/s.01k8rhncp4jt1\/2025\/11\/talking-bot-125x125.png","contentUrl":"https:\/\/portaltela.pt\/s.01k8rhncp4jt1\/2025\/11\/talking-bot-125x125.png","caption":"Telinha"},"sameAs":["https:\/\/portaltela.pt\/"],"url":"https:\/\/portaltela.pt\/por\/367410592786\/"}]}},"_links":{"self":[{"href":"https:\/\/portaltela.pt\/api\/wp\/v2\/posts\/462507","targetHints":{"allow":["GET"]}}],"collection":[{"href":"https:\/\/portaltela.pt\/api\/wp\/v2\/posts"}],"about":[{"href":"https:\/\/portaltela.pt\/api\/wp\/v2\/types\/post"}],"author":[{"embeddable":true,"href":"https:\/\/portaltela.pt\/api\/wp\/v2\/users\/2"}],"replies":[{"embeddable":true,"href":"https:\/\/portaltela.pt\/api\/wp\/v2\/comments?post=462507"}],"version-history":[{"count":0,"href":"https:\/\/portaltela.pt\/api\/wp\/v2\/posts\/462507\/revisions"}],"wp:featuredmedia":[{"embeddable":true,"href":"https:\/\/portaltela.pt\/api\/wp\/v2\/media\/462512"}],"wp:attachment":[{"href":"https:\/\/portaltela.pt\/api\/wp\/v2\/media?parent=462507"}],"wp:term":[{"taxonomy":"category","embeddable":true,"href":"https:\/\/portaltela.pt\/api\/wp\/v2\/categories?post=462507"},{"taxonomy":"post_tag","embeddable":true,"href":"https:\/\/portaltela.pt\/api\/wp\/v2\/tags?post=462507"}],"curies":[{"name":"wp","href":"https:\/\/api.w.org\/{rel}","templated":true}]}}