{"id":462506,"date":"2026-04-30T08:00:00","date_gmt":"2026-04-30T11:00:00","guid":{"rendered":"https:\/\/portaltela.pt\/noticias\/2026\/04\/30\/o-diabo-veste-prada-2-estreia-20-anos-apos-o-primeiro-filme\/"},"modified":"2026-04-30T08:00:00","modified_gmt":"2026-04-30T11:00:00","slug":"o-diabo-veste-prada-2-estreia-20-anos-apos-o-primeiro-filme","status":"publish","type":"post","link":"https:\/\/portaltela.pt\/series-e-filmes\/2026\/04\/30\/o-diabo-veste-prada-2-estreia-20-anos-apos-o-primeiro-filme\/","title":{"rendered":"O Diabo Veste Prada 2 estreia 20 anos ap\u00f3s o primeiro filme"},"content":{"rendered":"<p>Vinte anos ap\u00f3s o sucesso do primeiro filme, chega aos cinemas a sequela O Diabo Veste Prada 2. Miranda Priestly enfrenta o desafio de salvar a revista que dirige, recorrendo a uma antiga assistente.<\/p>\n<p>Do elenco original regressam Meryl Streep, Anne Hathaway e Emily Blunt, com David Frankel de volta na dire\u00e7\u00e3o. A continuidade junta-se a uma nova din\u00e2mica entre as personagens, mantendo o tom de drama corporativo e moda que marcou o t\u00edtulo original.<\/p>\n<p>A produ\u00e7\u00e3o mant\u00e9m o foco em conflitos internos da reda\u00e7\u00e3o, mudan\u00e7as editoriais e a press\u00e3o da ind\u00fastria. O filme chega num momento de renova\u00e7\u00e3o para a s\u00e9rie, com impactos previstos na narrativa e na imagem p\u00fablica das personagens.<\/p>\n<h3>Outras estreias da semana<\/h3>\n<p>Al\u00e9m de O Diabo Veste Prada 2, chegam aos cinemas Sonho e Correntes, ampliando a oferta de estreias. As obras prometem explorar temas diversos, variando entre drama, romance e fic\u00e7\u00e3o.<\/p>\n","protected":false},"excerpt":{"rendered":"<ul>\n<li>Vinte anos depois do sucesso do primeiro filme, estreia agora \u201cO Diabo Veste Prada 2\u201d.<\/li>\n<li>Miranda precisa salvar a revista e contrata os servi\u00e7os de uma antiga assistente.<\/li>\n<li>O realizador David Frankel regressa, juntamente com Meryl Streep, Anne Hathaway e Emily Blunt.<\/li>\n<li>Esta semana estreiam tamb\u00e9m os filmes \u201cSonho\u201d e \u201cCorrentes\u201d.<\/li>\n<\/ul>\n","protected":false},"author":2,"featured_media":462513,"comment_status":"closed","ping_status":"closed","sticky":false,"template":"","format":"standard","meta":{"footnotes":""},"categories":[12,7368],"tags":[3259,112,6598,5242,135],"class_list":["post-462506","post","type-post","status-publish","format-standard","has-post-thumbnail","hentry","category-entretenimento","category-series-e-filmes","tag-celebidades","tag-cinema","tag-entretenimento","tag-filmes","tag-moda"],"yoast_head":"<!-- This site is optimized with the Yoast SEO plugin v27.2 - https:\/\/yoast.com\/product\/yoast-seo-wordpress\/ -->\n<title>O Diabo Veste Prada 2 estreia 20 anos ap\u00f3s o primeiro filme - Portal Tela Portugal<\/title>\n<meta name=\"robots\" content=\"index, follow, max-snippet:-1, max-image-preview:large, max-video-preview:-1\" \/>\n<meta property=\"og:locale\" content=\"pt_PT\" \/>\n<meta property=\"og:type\" content=\"article\" \/>\n<meta property=\"og:title\" content=\"O Diabo Veste Prada 2 estreia 20 anos ap\u00f3s o primeiro filme - Portal Tela Portugal\" \/>\n<meta property=\"og:description\" content=\"Vinte anos depois do sucesso do primeiro filme, estreia agora \u201cO Diabo Veste Prada 2\u201d. Miranda precisa salvar a revista e contrata os servi\u00e7os de uma antiga assistente. O realizador David Frankel regressa, juntamente com Meryl Streep, Anne Hathaway e Emily Blunt. Esta semana estreiam tamb\u00e9m os filmes \u201cSonho\u201d e \u201cCorrentes\u201d.\" \/>\n<meta property=\"og:url\" content=\"https:\/\/portaltela.pt\/noticias\/2026\/04\/30\/o-diabo-veste-prada-2-estreia-20-anos-apos-o-primeiro-filme\/\" \/>\n<meta property=\"og:site_name\" content=\"Portal Tela Portugal\" \/>\n<meta property=\"article:published_time\" content=\"2026-04-30T11:00:00+00:00\" \/>\n<meta name=\"author\" content=\"Telinha\" \/>\n<meta name=\"twitter:card\" content=\"summary_large_image\" \/>\n<meta name=\"twitter:label1\" content=\"Escrito por\" \/>\n\t<meta name=\"twitter:data1\" content=\"Telinha\" \/>\n\t<meta name=\"twitter:label2\" content=\"Tempo estimado de leitura\" \/>\n\t<meta name=\"twitter:data2\" content=\"1 minuto\" \/>\n<script type=\"application\/ld+json\" class=\"yoast-schema-graph\">{\"@context\":\"https:\/\/schema.org\",\"@graph\":[{\"@type\":\"Article\",\"@id\":\"https:\/\/portaltela.pt\/noticias\/2026\/04\/30\/o-diabo-veste-prada-2-estreia-20-anos-apos-o-primeiro-filme\/#article\",\"isPartOf\":{\"@id\":\"https:\/\/portaltela.pt\/noticias\/2026\/04\/30\/o-diabo-veste-prada-2-estreia-20-anos-apos-o-primeiro-filme\/\"},\"author\":{\"name\":\"Telinha\",\"@id\":\"https:\/\/portaltela.pt\/#\/schema\/person\/c4278d4a6028830caff9ee44b42d32ed\"},\"headline\":\"O Diabo Veste Prada 2 estreia 20 anos ap\u00f3s o primeiro filme\",\"datePublished\":\"2026-04-30T11:00:00+00:00\",\"mainEntityOfPage\":{\"@id\":\"https:\/\/portaltela.pt\/noticias\/2026\/04\/30\/o-diabo-veste-prada-2-estreia-20-anos-apos-o-primeiro-filme\/\"},\"wordCount\":171,\"image\":{\"@id\":\"https:\/\/portaltela.pt\/noticias\/2026\/04\/30\/o-diabo-veste-prada-2-estreia-20-anos-apos-o-primeiro-filme\/#primaryimage\"},\"thumbnailUrl\":\"https:\/\/portaltela.pt\/s.01k8rhncp4jt1\/2026\/04\/db0a17ed-4982-4331-81a4-e6ea7d018f16_1200x675.jpg\",\"keywords\":[\"celebidades\",\"cinema\",\"entretenimento\",\"filmes\",\"moda\"],\"articleSection\":[\"Entretenimento\",\"S\u00e9ries e filmes\"],\"inLanguage\":\"pt-PT\"},{\"@type\":\"WebPage\",\"@id\":\"https:\/\/portaltela.pt\/noticias\/2026\/04\/30\/o-diabo-veste-prada-2-estreia-20-anos-apos-o-primeiro-filme\/\",\"url\":\"https:\/\/portaltela.pt\/noticias\/2026\/04\/30\/o-diabo-veste-prada-2-estreia-20-anos-apos-o-primeiro-filme\/\",\"name\":\"O Diabo Veste Prada 2 estreia 20 anos ap\u00f3s o primeiro filme - Portal Tela Portugal\",\"isPartOf\":{\"@id\":\"https:\/\/portaltela.pt\/#website\"},\"primaryImageOfPage\":{\"@id\":\"https:\/\/portaltela.pt\/noticias\/2026\/04\/30\/o-diabo-veste-prada-2-estreia-20-anos-apos-o-primeiro-filme\/#primaryimage\"},\"image\":{\"@id\":\"https:\/\/portaltela.pt\/noticias\/2026\/04\/30\/o-diabo-veste-prada-2-estreia-20-anos-apos-o-primeiro-filme\/#primaryimage\"},\"thumbnailUrl\":\"https:\/\/portaltela.pt\/s.01k8rhncp4jt1\/2026\/04\/db0a17ed-4982-4331-81a4-e6ea7d018f16_1200x675.jpg\",\"datePublished\":\"2026-04-30T11:00:00+00:00\",\"author\":{\"@id\":\"https:\/\/portaltela.pt\/#\/schema\/person\/c4278d4a6028830caff9ee44b42d32ed\"},\"breadcrumb\":{\"@id\":\"https:\/\/portaltela.pt\/noticias\/2026\/04\/30\/o-diabo-veste-prada-2-estreia-20-anos-apos-o-primeiro-filme\/#breadcrumb\"},\"inLanguage\":\"pt-PT\",\"potentialAction\":[{\"@type\":\"ReadAction\",\"target\":[\"https:\/\/portaltela.pt\/noticias\/2026\/04\/30\/o-diabo-veste-prada-2-estreia-20-anos-apos-o-primeiro-filme\/\"]}]},{\"@type\":\"ImageObject\",\"inLanguage\":\"pt-PT\",\"@id\":\"https:\/\/portaltela.pt\/noticias\/2026\/04\/30\/o-diabo-veste-prada-2-estreia-20-anos-apos-o-primeiro-filme\/#primaryimage\",\"url\":\"https:\/\/portaltela.pt\/s.01k8rhncp4jt1\/2026\/04\/db0a17ed-4982-4331-81a4-e6ea7d018f16_1200x675.jpg\",\"contentUrl\":\"https:\/\/portaltela.pt\/s.01k8rhncp4jt1\/2026\/04\/db0a17ed-4982-4331-81a4-e6ea7d018f16_1200x675.jpg\",\"width\":796,\"height\":448,\"caption\":\"Photo\"},{\"@type\":\"BreadcrumbList\",\"@id\":\"https:\/\/portaltela.pt\/noticias\/2026\/04\/30\/o-diabo-veste-prada-2-estreia-20-anos-apos-o-primeiro-filme\/#breadcrumb\",\"itemListElement\":[{\"@type\":\"ListItem\",\"position\":1,\"name\":\"In\u00edcio\",\"item\":\"https:\/\/portaltela.pt\/\"},{\"@type\":\"ListItem\",\"position\":2,\"name\":\"O Diabo Veste Prada 2 estreia 20 anos ap\u00f3s o primeiro filme\"}]},{\"@type\":\"WebSite\",\"@id\":\"https:\/\/portaltela.pt\/#website\",\"url\":\"https:\/\/portaltela.pt\/\",\"name\":\"Portal Tela Portugal\",\"description\":\"\",\"potentialAction\":[{\"@type\":\"SearchAction\",\"target\":{\"@type\":\"EntryPoint\",\"urlTemplate\":\"https:\/\/portaltela.pt\/?s={search_term_string}\"},\"query-input\":{\"@type\":\"PropertyValueSpecification\",\"valueRequired\":true,\"valueName\":\"search_term_string\"}}],\"inLanguage\":\"pt-PT\"},{\"@type\":\"Person\",\"@id\":\"https:\/\/portaltela.pt\/#\/schema\/person\/c4278d4a6028830caff9ee44b42d32ed\",\"name\":\"Telinha\",\"image\":{\"@type\":\"ImageObject\",\"inLanguage\":\"pt-PT\",\"@id\":\"https:\/\/portaltela.pt\/s.01k8rhncp4jt1\/2025\/11\/talking-bot-125x125.png\",\"url\":\"https:\/\/portaltela.pt\/s.01k8rhncp4jt1\/2025\/11\/talking-bot-125x125.png\",\"contentUrl\":\"https:\/\/portaltela.pt\/s.01k8rhncp4jt1\/2025\/11\/talking-bot-125x125.png\",\"caption\":\"Telinha\"},\"sameAs\":[\"https:\/\/portaltela.pt\/\"],\"url\":\"https:\/\/portaltela.pt\/por\/367410592786\/\"}]}<\/script>\n<!-- \/ Yoast SEO plugin. -->","yoast_head_json":{"title":"O Diabo Veste Prada 2 estreia 20 anos ap\u00f3s o primeiro filme - Portal Tela Portugal","robots":{"index":"index","follow":"follow","max-snippet":"max-snippet:-1","max-image-preview":"max-image-preview:large","max-video-preview":"max-video-preview:-1"},"og_locale":"pt_PT","og_type":"article","og_title":"O Diabo Veste Prada 2 estreia 20 anos ap\u00f3s o primeiro filme - Portal Tela Portugal","og_description":"Vinte anos depois do sucesso do primeiro filme, estreia agora \u201cO Diabo Veste Prada 2\u201d. Miranda precisa salvar a revista e contrata os servi\u00e7os de uma antiga assistente. O realizador David Frankel regressa, juntamente com Meryl Streep, Anne Hathaway e Emily Blunt. Esta semana estreiam tamb\u00e9m os filmes \u201cSonho\u201d e \u201cCorrentes\u201d.","og_url":"https:\/\/portaltela.pt\/noticias\/2026\/04\/30\/o-diabo-veste-prada-2-estreia-20-anos-apos-o-primeiro-filme\/","og_site_name":"Portal Tela Portugal","article_published_time":"2026-04-30T11:00:00+00:00","author":"Telinha","twitter_card":"summary_large_image","twitter_misc":{"Escrito por":"Telinha","Tempo estimado de leitura":"1 minuto"},"schema":{"@context":"https:\/\/schema.org","@graph":[{"@type":"Article","@id":"https:\/\/portaltela.pt\/noticias\/2026\/04\/30\/o-diabo-veste-prada-2-estreia-20-anos-apos-o-primeiro-filme\/#article","isPartOf":{"@id":"https:\/\/portaltela.pt\/noticias\/2026\/04\/30\/o-diabo-veste-prada-2-estreia-20-anos-apos-o-primeiro-filme\/"},"author":{"name":"Telinha","@id":"https:\/\/portaltela.pt\/#\/schema\/person\/c4278d4a6028830caff9ee44b42d32ed"},"headline":"O Diabo Veste Prada 2 estreia 20 anos ap\u00f3s o primeiro filme","datePublished":"2026-04-30T11:00:00+00:00","mainEntityOfPage":{"@id":"https:\/\/portaltela.pt\/noticias\/2026\/04\/30\/o-diabo-veste-prada-2-estreia-20-anos-apos-o-primeiro-filme\/"},"wordCount":171,"image":{"@id":"https:\/\/portaltela.pt\/noticias\/2026\/04\/30\/o-diabo-veste-prada-2-estreia-20-anos-apos-o-primeiro-filme\/#primaryimage"},"thumbnailUrl":"https:\/\/portaltela.pt\/s.01k8rhncp4jt1\/2026\/04\/db0a17ed-4982-4331-81a4-e6ea7d018f16_1200x675.jpg","keywords":["celebidades","cinema","entretenimento","filmes","moda"],"articleSection":["Entretenimento","S\u00e9ries e filmes"],"inLanguage":"pt-PT"},{"@type":"WebPage","@id":"https:\/\/portaltela.pt\/noticias\/2026\/04\/30\/o-diabo-veste-prada-2-estreia-20-anos-apos-o-primeiro-filme\/","url":"https:\/\/portaltela.pt\/noticias\/2026\/04\/30\/o-diabo-veste-prada-2-estreia-20-anos-apos-o-primeiro-filme\/","name":"O Diabo Veste Prada 2 estreia 20 anos ap\u00f3s o primeiro filme - Portal Tela Portugal","isPartOf":{"@id":"https:\/\/portaltela.pt\/#website"},"primaryImageOfPage":{"@id":"https:\/\/portaltela.pt\/noticias\/2026\/04\/30\/o-diabo-veste-prada-2-estreia-20-anos-apos-o-primeiro-filme\/#primaryimage"},"image":{"@id":"https:\/\/portaltela.pt\/noticias\/2026\/04\/30\/o-diabo-veste-prada-2-estreia-20-anos-apos-o-primeiro-filme\/#primaryimage"},"thumbnailUrl":"https:\/\/portaltela.pt\/s.01k8rhncp4jt1\/2026\/04\/db0a17ed-4982-4331-81a4-e6ea7d018f16_1200x675.jpg","datePublished":"2026-04-30T11:00:00+00:00","author":{"@id":"https:\/\/portaltela.pt\/#\/schema\/person\/c4278d4a6028830caff9ee44b42d32ed"},"breadcrumb":{"@id":"https:\/\/portaltela.pt\/noticias\/2026\/04\/30\/o-diabo-veste-prada-2-estreia-20-anos-apos-o-primeiro-filme\/#breadcrumb"},"inLanguage":"pt-PT","potentialAction":[{"@type":"ReadAction","target":["https:\/\/portaltela.pt\/noticias\/2026\/04\/30\/o-diabo-veste-prada-2-estreia-20-anos-apos-o-primeiro-filme\/"]}]},{"@type":"ImageObject","inLanguage":"pt-PT","@id":"https:\/\/portaltela.pt\/noticias\/2026\/04\/30\/o-diabo-veste-prada-2-estreia-20-anos-apos-o-primeiro-filme\/#primaryimage","url":"https:\/\/portaltela.pt\/s.01k8rhncp4jt1\/2026\/04\/db0a17ed-4982-4331-81a4-e6ea7d018f16_1200x675.jpg","contentUrl":"https:\/\/portaltela.pt\/s.01k8rhncp4jt1\/2026\/04\/db0a17ed-4982-4331-81a4-e6ea7d018f16_1200x675.jpg","width":796,"height":448,"caption":"Photo"},{"@type":"BreadcrumbList","@id":"https:\/\/portaltela.pt\/noticias\/2026\/04\/30\/o-diabo-veste-prada-2-estreia-20-anos-apos-o-primeiro-filme\/#breadcrumb","itemListElement":[{"@type":"ListItem","position":1,"name":"In\u00edcio","item":"https:\/\/portaltela.pt\/"},{"@type":"ListItem","position":2,"name":"O Diabo Veste Prada 2 estreia 20 anos ap\u00f3s o primeiro filme"}]},{"@type":"WebSite","@id":"https:\/\/portaltela.pt\/#website","url":"https:\/\/portaltela.pt\/","name":"Portal Tela Portugal","description":"","potentialAction":[{"@type":"SearchAction","target":{"@type":"EntryPoint","urlTemplate":"https:\/\/portaltela.pt\/?s={search_term_string}"},"query-input":{"@type":"PropertyValueSpecification","valueRequired":true,"valueName":"search_term_string"}}],"inLanguage":"pt-PT"},{"@type":"Person","@id":"https:\/\/portaltela.pt\/#\/schema\/person\/c4278d4a6028830caff9ee44b42d32ed","name":"Telinha","image":{"@type":"ImageObject","inLanguage":"pt-PT","@id":"https:\/\/portaltela.pt\/s.01k8rhncp4jt1\/2025\/11\/talking-bot-125x125.png","url":"https:\/\/portaltela.pt\/s.01k8rhncp4jt1\/2025\/11\/talking-bot-125x125.png","contentUrl":"https:\/\/portaltela.pt\/s.01k8rhncp4jt1\/2025\/11\/talking-bot-125x125.png","caption":"Telinha"},"sameAs":["https:\/\/portaltela.pt\/"],"url":"https:\/\/portaltela.pt\/por\/367410592786\/"}]}},"_links":{"self":[{"href":"https:\/\/portaltela.pt\/api\/wp\/v2\/posts\/462506","targetHints":{"allow":["GET"]}}],"collection":[{"href":"https:\/\/portaltela.pt\/api\/wp\/v2\/posts"}],"about":[{"href":"https:\/\/portaltela.pt\/api\/wp\/v2\/types\/post"}],"author":[{"embeddable":true,"href":"https:\/\/portaltela.pt\/api\/wp\/v2\/users\/2"}],"replies":[{"embeddable":true,"href":"https:\/\/portaltela.pt\/api\/wp\/v2\/comments?post=462506"}],"version-history":[{"count":0,"href":"https:\/\/portaltela.pt\/api\/wp\/v2\/posts\/462506\/revisions"}],"wp:featuredmedia":[{"embeddable":true,"href":"https:\/\/portaltela.pt\/api\/wp\/v2\/media\/462513"}],"wp:attachment":[{"href":"https:\/\/portaltela.pt\/api\/wp\/v2\/media?parent=462506"}],"wp:term":[{"taxonomy":"category","embeddable":true,"href":"https:\/\/portaltela.pt\/api\/wp\/v2\/categories?post=462506"},{"taxonomy":"post_tag","embeddable":true,"href":"https:\/\/portaltela.pt\/api\/wp\/v2\/tags?post=462506"}],"curies":[{"name":"wp","href":"https:\/\/api.w.org\/{rel}","templated":true}]}}