{"id":462505,"date":"2026-04-30T10:33:28","date_gmt":"2026-04-30T13:33:28","guid":{"rendered":"https:\/\/portaltela.pt\/noticias\/2026\/04\/30\/representantes-dos-trabalhadores-da-lusa-apelam-a-mobilizacao-contra-estatutos\/"},"modified":"2026-04-30T10:33:28","modified_gmt":"2026-04-30T13:33:28","slug":"representantes-dos-trabalhadores-da-lusa-apelam-a-mobilizacao-contra-estatutos","status":"publish","type":"post","link":"https:\/\/portaltela.pt\/noticias\/politica\/2026\/04\/30\/representantes-dos-trabalhadores-da-lusa-apelam-a-mobilizacao-contra-estatutos\/","title":{"rendered":"Representantes dos trabalhadores da Lusa apelam \u00e0 mobiliza\u00e7\u00e3o contra estatutos"},"content":{"rendered":"<p>Os representantes dos trabalhadores da Lusa apelaram \u00e0 mobiliza\u00e7\u00e3o da sociedade portuguesa e dos partidos pol\u00edticos para a revis\u00e3o imediata dos estatutos da ag\u00eancia, ap\u00f3s uma reuni\u00e3o com o ministro da Presid\u00eancia, Ant\u00f3nio Leit\u00e3o Amaro. Consideram que os novos estatutos amea\u00e7am a independ\u00eancia da Lusa.<\/p>\n<p>Mant\u00e9m-se a posi\u00e7\u00e3o de apoiar os estatutos defendidos pelo Governo, com o ministro a querer testar o modelo que acredita e a admitir um balan\u00e7o daqui a um ano. Os trabalhadores dizem ter apresentado obje\u00e7\u00f5es aos estatutos e apontam irregularidades que, na perspetiva deles, comprometem o servi\u00e7o p\u00fablico de not\u00edcias.<\/p>\n<p>Entretanto, afirmam que a revis\u00e3o deve ocorrer j\u00e1, e n\u00e3o daqui a doze meses, num contexto de processo legislativo em curso. Aceitam testar altera\u00e7\u00f5es com cautela, mas defendem que altera\u00e7\u00f5es contrariam direitos constitucionais dos jornalistas e normas europeias sobre independ\u00eancia editorial.<\/p>\n<h3>Mudan\u00e7as estatut\u00e1rias e impactos na independ\u00eancia<\/h3>\n<p>Os sindicatos e a Comiss\u00e3o de Trabalhadores sustentam que as altera\u00e7\u00f5es ferem a prote\u00e7\u00e3o da independ\u00eancia dos jornalistas prevista na Constitui\u00e7\u00e3o e no Estatuto do Jornalista, bem como regras do Direito Europeu. Apontam risco de inger\u00eancia externa na linha editorial da Lusa.<\/p>\n<p>Os trabalhadores destacam ainda que as mudan\u00e7as violam o Regulamento UE 2024\/1083, relativo \u00e0 liberdade dos meios de comunica\u00e7\u00e3o social e \u00e0 prote\u00e7\u00e3o da independ\u00eancia editorial em servi\u00e7os p\u00fablicos. Lembram que a independ\u00eancia \u00e9 crucial para a credibilidade da ag\u00eancia.<\/p>\n<h3>Posi\u00e7\u00e3o sobre a mudan\u00e7a de instala\u00e7\u00f5es<\/h3>\n<p>Relativamente \u00e0 eventual mudan\u00e7a da Lusa para o edif\u00edcio da RTP, Leit\u00e3o Amaro afirmou n\u00e3o ter dado instru\u00e7\u00f5es para tal, nem tomada qualquer decis\u00e3o. Aduziu que a partilha de espa\u00e7os pode ser ben\u00e9fica, sem implicar fus\u00e3o editorial.<\/p>\n<p>Para os representantes dos trabalhadores, ter um edif\u00edcio pr\u00f3prio \u00e9 um capital simb\u00f3lico que assegura independ\u00eancia e autonomia funcional e editorial. Mant\u00eam a posi\u00e7\u00e3o de mobiliza\u00e7\u00e3o caso o processo avance sem altera\u00e7\u00f5es substanciais aos estatutos.<\/p>\n","protected":false},"excerpt":{"rendered":"<ul>\n<li>Os sindicatos e a Comiss\u00e3o de Trabalhadores da Lusa apelaram \u00e0 mobiliza\u00e7\u00e3o da sociedade e dos partidos para a revis\u00e3o imediata dos estatutos, que, dizem, amea\u00e7am a independ\u00eancia da ag\u00eancia.<\/li>\n<li>O ministro da Presid\u00eancia, Ant\u00f3nio Leit\u00e3o Amaro, afirmou n\u00e3o avan\u00e7ar com a mudan\u00e7a dos estatutos e pediu testar o modelo em que acredita, admitindo fazer um balan\u00e7o daqui a um ano.<\/li>\n<li>Os representantes destacam irregularidades e perigos para o servi\u00e7o p\u00fablico de not\u00edcias, defendendo que a revis\u00e3o deve acontecer j\u00e1, n\u00e3o daqui a doze meses.<\/li>\n<li>Alegam que as altera\u00e7\u00f5es violam direitos dos jornalistas e normas europeias de liberdade de meios, aumentando o risco de inger\u00eancia externa e de controlo editorial.<\/li>\n<li>Sobre a poss\u00edvel transfer\u00eancia para o edif\u00edcio da RTP, o ministro disse n\u00e3o haver instru\u00e7\u00f5es nem decis\u00e3o tomada; defenderam, por\u00e9m, que compartilhar espa\u00e7os pode ter impacto na independ\u00eancia editorial.<\/li>\n<\/ul>\n","protected":false},"author":2,"featured_media":462508,"comment_status":"closed","ping_status":"closed","sticky":false,"template":"","format":"standard","meta":{"footnotes":""},"categories":[1,5],"tags":[8032,8186,7937,8478,8524,8421],"class_list":["post-462505","post","type-post","status-publish","format-standard","has-post-thumbnail","hentry","category-noticias","category-politica","tag-_agencia-publica","tag-_constituicao","tag-_direito-internacional","tag-_direitos","tag-_independencia-institucional","tag-_jornalistas"],"yoast_head":"<!-- This site is optimized with the Yoast SEO plugin v27.2 - https:\/\/yoast.com\/product\/yoast-seo-wordpress\/ -->\n<title>Representantes dos trabalhadores da Lusa apelam \u00e0 mobiliza\u00e7\u00e3o contra estatutos - Portal Tela Portugal<\/title>\n<meta name=\"robots\" content=\"index, follow, max-snippet:-1, max-image-preview:large, max-video-preview:-1\" \/>\n<meta property=\"og:locale\" content=\"pt_PT\" \/>\n<meta property=\"og:type\" content=\"article\" \/>\n<meta property=\"og:title\" content=\"Representantes dos trabalhadores da Lusa apelam \u00e0 mobiliza\u00e7\u00e3o contra estatutos - Portal Tela Portugal\" \/>\n<meta property=\"og:description\" content=\"Os sindicatos e a Comiss\u00e3o de Trabalhadores da Lusa apelaram \u00e0 mobiliza\u00e7\u00e3o da sociedade e dos partidos para a revis\u00e3o imediata dos estatutos, que, dizem, amea\u00e7am a independ\u00eancia da ag\u00eancia. O ministro da Presid\u00eancia, Ant\u00f3nio Leit\u00e3o Amaro, afirmou n\u00e3o avan\u00e7ar com a mudan\u00e7a dos estatutos e pediu testar o modelo em que acredita, admitindo fazer um balan\u00e7o daqui a um ano. Os representantes destacam irregularidades e perigos para o servi\u00e7o p\u00fablico de not\u00edcias, defendendo que a revis\u00e3o deve acontecer j\u00e1, n\u00e3o daqui a doze meses. Alegam que as altera\u00e7\u00f5es violam direitos dos jornalistas e normas europeias de liberdade de meios, aumentando o risco de inger\u00eancia externa e de controlo editorial. Sobre a poss\u00edvel transfer\u00eancia para o edif\u00edcio da RTP, o ministro disse n\u00e3o haver instru\u00e7\u00f5es nem decis\u00e3o tomada; defenderam, por\u00e9m, que compartilhar espa\u00e7os pode ter impacto na independ\u00eancia editorial.\" \/>\n<meta property=\"og:url\" content=\"https:\/\/portaltela.pt\/noticias\/2026\/04\/30\/representantes-dos-trabalhadores-da-lusa-apelam-a-mobilizacao-contra-estatutos\/\" \/>\n<meta property=\"og:site_name\" content=\"Portal Tela Portugal\" \/>\n<meta property=\"article:published_time\" content=\"2026-04-30T13:33:28+00:00\" \/>\n<meta name=\"author\" content=\"Telinha\" \/>\n<meta name=\"twitter:card\" content=\"summary_large_image\" \/>\n<meta name=\"twitter:label1\" content=\"Escrito por\" \/>\n\t<meta name=\"twitter:data1\" content=\"Telinha\" \/>\n\t<meta name=\"twitter:label2\" content=\"Tempo estimado de leitura\" \/>\n\t<meta name=\"twitter:data2\" content=\"2 minutos\" \/>\n<script type=\"application\/ld+json\" class=\"yoast-schema-graph\">{\"@context\":\"https:\/\/schema.org\",\"@graph\":[{\"@type\":\"Article\",\"@id\":\"https:\/\/portaltela.pt\/noticias\/2026\/04\/30\/representantes-dos-trabalhadores-da-lusa-apelam-a-mobilizacao-contra-estatutos\/#article\",\"isPartOf\":{\"@id\":\"https:\/\/portaltela.pt\/noticias\/2026\/04\/30\/representantes-dos-trabalhadores-da-lusa-apelam-a-mobilizacao-contra-estatutos\/\"},\"author\":{\"name\":\"Telinha\",\"@id\":\"https:\/\/portaltela.pt\/#\/schema\/person\/c4278d4a6028830caff9ee44b42d32ed\"},\"headline\":\"Representantes dos trabalhadores da Lusa apelam \u00e0 mobiliza\u00e7\u00e3o contra estatutos\",\"datePublished\":\"2026-04-30T13:33:28+00:00\",\"mainEntityOfPage\":{\"@id\":\"https:\/\/portaltela.pt\/noticias\/2026\/04\/30\/representantes-dos-trabalhadores-da-lusa-apelam-a-mobilizacao-contra-estatutos\/\"},\"wordCount\":365,\"image\":{\"@id\":\"https:\/\/portaltela.pt\/noticias\/2026\/04\/30\/representantes-dos-trabalhadores-da-lusa-apelam-a-mobilizacao-contra-estatutos\/#primaryimage\"},\"thumbnailUrl\":\"https:\/\/portaltela.pt\/s.01k8rhncp4jt1\/2026\/04\/img_1280x721uu2025-12-02-19-47-25-2252051.jpg\",\"keywords\":[\"_ag\u00eancia p\u00fablica\",\"_constitui\u00e7\u00e3o\",\"_direito internacional\",\"_direitos\",\"_independ\u00eancia institucional\",\"_jornalistas\"],\"articleSection\":[\"Not\u00edcias\",\"Pol\u00edtica\"],\"inLanguage\":\"pt-PT\"},{\"@type\":\"WebPage\",\"@id\":\"https:\/\/portaltela.pt\/noticias\/2026\/04\/30\/representantes-dos-trabalhadores-da-lusa-apelam-a-mobilizacao-contra-estatutos\/\",\"url\":\"https:\/\/portaltela.pt\/noticias\/2026\/04\/30\/representantes-dos-trabalhadores-da-lusa-apelam-a-mobilizacao-contra-estatutos\/\",\"name\":\"Representantes dos trabalhadores da Lusa apelam \u00e0 mobiliza\u00e7\u00e3o contra estatutos - Portal Tela Portugal\",\"isPartOf\":{\"@id\":\"https:\/\/portaltela.pt\/#website\"},\"primaryImageOfPage\":{\"@id\":\"https:\/\/portaltela.pt\/noticias\/2026\/04\/30\/representantes-dos-trabalhadores-da-lusa-apelam-a-mobilizacao-contra-estatutos\/#primaryimage\"},\"image\":{\"@id\":\"https:\/\/portaltela.pt\/noticias\/2026\/04\/30\/representantes-dos-trabalhadores-da-lusa-apelam-a-mobilizacao-contra-estatutos\/#primaryimage\"},\"thumbnailUrl\":\"https:\/\/portaltela.pt\/s.01k8rhncp4jt1\/2026\/04\/img_1280x721uu2025-12-02-19-47-25-2252051.jpg\",\"datePublished\":\"2026-04-30T13:33:28+00:00\",\"author\":{\"@id\":\"https:\/\/portaltela.pt\/#\/schema\/person\/c4278d4a6028830caff9ee44b42d32ed\"},\"breadcrumb\":{\"@id\":\"https:\/\/portaltela.pt\/noticias\/2026\/04\/30\/representantes-dos-trabalhadores-da-lusa-apelam-a-mobilizacao-contra-estatutos\/#breadcrumb\"},\"inLanguage\":\"pt-PT\",\"potentialAction\":[{\"@type\":\"ReadAction\",\"target\":[\"https:\/\/portaltela.pt\/noticias\/2026\/04\/30\/representantes-dos-trabalhadores-da-lusa-apelam-a-mobilizacao-contra-estatutos\/\"]}]},{\"@type\":\"ImageObject\",\"inLanguage\":\"pt-PT\",\"@id\":\"https:\/\/portaltela.pt\/noticias\/2026\/04\/30\/representantes-dos-trabalhadores-da-lusa-apelam-a-mobilizacao-contra-estatutos\/#primaryimage\",\"url\":\"https:\/\/portaltela.pt\/s.01k8rhncp4jt1\/2026\/04\/img_1280x721uu2025-12-02-19-47-25-2252051.jpg\",\"contentUrl\":\"https:\/\/portaltela.pt\/s.01k8rhncp4jt1\/2026\/04\/img_1280x721uu2025-12-02-19-47-25-2252051.jpg\",\"width\":1280,\"height\":721,\"caption\":\"Ag\u00eancia Lusa\"},{\"@type\":\"BreadcrumbList\",\"@id\":\"https:\/\/portaltela.pt\/noticias\/2026\/04\/30\/representantes-dos-trabalhadores-da-lusa-apelam-a-mobilizacao-contra-estatutos\/#breadcrumb\",\"itemListElement\":[{\"@type\":\"ListItem\",\"position\":1,\"name\":\"In\u00edcio\",\"item\":\"https:\/\/portaltela.pt\/\"},{\"@type\":\"ListItem\",\"position\":2,\"name\":\"Representantes dos trabalhadores da Lusa apelam \u00e0 mobiliza\u00e7\u00e3o contra estatutos\"}]},{\"@type\":\"WebSite\",\"@id\":\"https:\/\/portaltela.pt\/#website\",\"url\":\"https:\/\/portaltela.pt\/\",\"name\":\"Portal Tela Portugal\",\"description\":\"\",\"potentialAction\":[{\"@type\":\"SearchAction\",\"target\":{\"@type\":\"EntryPoint\",\"urlTemplate\":\"https:\/\/portaltela.pt\/?s={search_term_string}\"},\"query-input\":{\"@type\":\"PropertyValueSpecification\",\"valueRequired\":true,\"valueName\":\"search_term_string\"}}],\"inLanguage\":\"pt-PT\"},{\"@type\":\"Person\",\"@id\":\"https:\/\/portaltela.pt\/#\/schema\/person\/c4278d4a6028830caff9ee44b42d32ed\",\"name\":\"Telinha\",\"image\":{\"@type\":\"ImageObject\",\"inLanguage\":\"pt-PT\",\"@id\":\"https:\/\/portaltela.pt\/s.01k8rhncp4jt1\/2025\/11\/talking-bot-125x125.png\",\"url\":\"https:\/\/portaltela.pt\/s.01k8rhncp4jt1\/2025\/11\/talking-bot-125x125.png\",\"contentUrl\":\"https:\/\/portaltela.pt\/s.01k8rhncp4jt1\/2025\/11\/talking-bot-125x125.png\",\"caption\":\"Telinha\"},\"sameAs\":[\"https:\/\/portaltela.pt\/\"],\"url\":\"https:\/\/portaltela.pt\/por\/367410592786\/\"}]}<\/script>\n<!-- \/ Yoast SEO plugin. -->","yoast_head_json":{"title":"Representantes dos trabalhadores da Lusa apelam \u00e0 mobiliza\u00e7\u00e3o contra estatutos - Portal Tela Portugal","robots":{"index":"index","follow":"follow","max-snippet":"max-snippet:-1","max-image-preview":"max-image-preview:large","max-video-preview":"max-video-preview:-1"},"og_locale":"pt_PT","og_type":"article","og_title":"Representantes dos trabalhadores da Lusa apelam \u00e0 mobiliza\u00e7\u00e3o contra estatutos - Portal Tela Portugal","og_description":"Os sindicatos e a Comiss\u00e3o de Trabalhadores da Lusa apelaram \u00e0 mobiliza\u00e7\u00e3o da sociedade e dos partidos para a revis\u00e3o imediata dos estatutos, que, dizem, amea\u00e7am a independ\u00eancia da ag\u00eancia. O ministro da Presid\u00eancia, Ant\u00f3nio Leit\u00e3o Amaro, afirmou n\u00e3o avan\u00e7ar com a mudan\u00e7a dos estatutos e pediu testar o modelo em que acredita, admitindo fazer um balan\u00e7o daqui a um ano. Os representantes destacam irregularidades e perigos para o servi\u00e7o p\u00fablico de not\u00edcias, defendendo que a revis\u00e3o deve acontecer j\u00e1, n\u00e3o daqui a doze meses. Alegam que as altera\u00e7\u00f5es violam direitos dos jornalistas e normas europeias de liberdade de meios, aumentando o risco de inger\u00eancia externa e de controlo editorial. Sobre a poss\u00edvel transfer\u00eancia para o edif\u00edcio da RTP, o ministro disse n\u00e3o haver instru\u00e7\u00f5es nem decis\u00e3o tomada; defenderam, por\u00e9m, que compartilhar espa\u00e7os pode ter impacto na independ\u00eancia editorial.","og_url":"https:\/\/portaltela.pt\/noticias\/2026\/04\/30\/representantes-dos-trabalhadores-da-lusa-apelam-a-mobilizacao-contra-estatutos\/","og_site_name":"Portal Tela Portugal","article_published_time":"2026-04-30T13:33:28+00:00","author":"Telinha","twitter_card":"summary_large_image","twitter_misc":{"Escrito por":"Telinha","Tempo estimado de leitura":"2 minutos"},"schema":{"@context":"https:\/\/schema.org","@graph":[{"@type":"Article","@id":"https:\/\/portaltela.pt\/noticias\/2026\/04\/30\/representantes-dos-trabalhadores-da-lusa-apelam-a-mobilizacao-contra-estatutos\/#article","isPartOf":{"@id":"https:\/\/portaltela.pt\/noticias\/2026\/04\/30\/representantes-dos-trabalhadores-da-lusa-apelam-a-mobilizacao-contra-estatutos\/"},"author":{"name":"Telinha","@id":"https:\/\/portaltela.pt\/#\/schema\/person\/c4278d4a6028830caff9ee44b42d32ed"},"headline":"Representantes dos trabalhadores da Lusa apelam \u00e0 mobiliza\u00e7\u00e3o contra estatutos","datePublished":"2026-04-30T13:33:28+00:00","mainEntityOfPage":{"@id":"https:\/\/portaltela.pt\/noticias\/2026\/04\/30\/representantes-dos-trabalhadores-da-lusa-apelam-a-mobilizacao-contra-estatutos\/"},"wordCount":365,"image":{"@id":"https:\/\/portaltela.pt\/noticias\/2026\/04\/30\/representantes-dos-trabalhadores-da-lusa-apelam-a-mobilizacao-contra-estatutos\/#primaryimage"},"thumbnailUrl":"https:\/\/portaltela.pt\/s.01k8rhncp4jt1\/2026\/04\/img_1280x721uu2025-12-02-19-47-25-2252051.jpg","keywords":["_ag\u00eancia p\u00fablica","_constitui\u00e7\u00e3o","_direito internacional","_direitos","_independ\u00eancia institucional","_jornalistas"],"articleSection":["Not\u00edcias","Pol\u00edtica"],"inLanguage":"pt-PT"},{"@type":"WebPage","@id":"https:\/\/portaltela.pt\/noticias\/2026\/04\/30\/representantes-dos-trabalhadores-da-lusa-apelam-a-mobilizacao-contra-estatutos\/","url":"https:\/\/portaltela.pt\/noticias\/2026\/04\/30\/representantes-dos-trabalhadores-da-lusa-apelam-a-mobilizacao-contra-estatutos\/","name":"Representantes dos trabalhadores da Lusa apelam \u00e0 mobiliza\u00e7\u00e3o contra estatutos - Portal Tela Portugal","isPartOf":{"@id":"https:\/\/portaltela.pt\/#website"},"primaryImageOfPage":{"@id":"https:\/\/portaltela.pt\/noticias\/2026\/04\/30\/representantes-dos-trabalhadores-da-lusa-apelam-a-mobilizacao-contra-estatutos\/#primaryimage"},"image":{"@id":"https:\/\/portaltela.pt\/noticias\/2026\/04\/30\/representantes-dos-trabalhadores-da-lusa-apelam-a-mobilizacao-contra-estatutos\/#primaryimage"},"thumbnailUrl":"https:\/\/portaltela.pt\/s.01k8rhncp4jt1\/2026\/04\/img_1280x721uu2025-12-02-19-47-25-2252051.jpg","datePublished":"2026-04-30T13:33:28+00:00","author":{"@id":"https:\/\/portaltela.pt\/#\/schema\/person\/c4278d4a6028830caff9ee44b42d32ed"},"breadcrumb":{"@id":"https:\/\/portaltela.pt\/noticias\/2026\/04\/30\/representantes-dos-trabalhadores-da-lusa-apelam-a-mobilizacao-contra-estatutos\/#breadcrumb"},"inLanguage":"pt-PT","potentialAction":[{"@type":"ReadAction","target":["https:\/\/portaltela.pt\/noticias\/2026\/04\/30\/representantes-dos-trabalhadores-da-lusa-apelam-a-mobilizacao-contra-estatutos\/"]}]},{"@type":"ImageObject","inLanguage":"pt-PT","@id":"https:\/\/portaltela.pt\/noticias\/2026\/04\/30\/representantes-dos-trabalhadores-da-lusa-apelam-a-mobilizacao-contra-estatutos\/#primaryimage","url":"https:\/\/portaltela.pt\/s.01k8rhncp4jt1\/2026\/04\/img_1280x721uu2025-12-02-19-47-25-2252051.jpg","contentUrl":"https:\/\/portaltela.pt\/s.01k8rhncp4jt1\/2026\/04\/img_1280x721uu2025-12-02-19-47-25-2252051.jpg","width":1280,"height":721,"caption":"Ag\u00eancia Lusa"},{"@type":"BreadcrumbList","@id":"https:\/\/portaltela.pt\/noticias\/2026\/04\/30\/representantes-dos-trabalhadores-da-lusa-apelam-a-mobilizacao-contra-estatutos\/#breadcrumb","itemListElement":[{"@type":"ListItem","position":1,"name":"In\u00edcio","item":"https:\/\/portaltela.pt\/"},{"@type":"ListItem","position":2,"name":"Representantes dos trabalhadores da Lusa apelam \u00e0 mobiliza\u00e7\u00e3o contra estatutos"}]},{"@type":"WebSite","@id":"https:\/\/portaltela.pt\/#website","url":"https:\/\/portaltela.pt\/","name":"Portal Tela Portugal","description":"","potentialAction":[{"@type":"SearchAction","target":{"@type":"EntryPoint","urlTemplate":"https:\/\/portaltela.pt\/?s={search_term_string}"},"query-input":{"@type":"PropertyValueSpecification","valueRequired":true,"valueName":"search_term_string"}}],"inLanguage":"pt-PT"},{"@type":"Person","@id":"https:\/\/portaltela.pt\/#\/schema\/person\/c4278d4a6028830caff9ee44b42d32ed","name":"Telinha","image":{"@type":"ImageObject","inLanguage":"pt-PT","@id":"https:\/\/portaltela.pt\/s.01k8rhncp4jt1\/2025\/11\/talking-bot-125x125.png","url":"https:\/\/portaltela.pt\/s.01k8rhncp4jt1\/2025\/11\/talking-bot-125x125.png","contentUrl":"https:\/\/portaltela.pt\/s.01k8rhncp4jt1\/2025\/11\/talking-bot-125x125.png","caption":"Telinha"},"sameAs":["https:\/\/portaltela.pt\/"],"url":"https:\/\/portaltela.pt\/por\/367410592786\/"}]}},"_links":{"self":[{"href":"https:\/\/portaltela.pt\/api\/wp\/v2\/posts\/462505","targetHints":{"allow":["GET"]}}],"collection":[{"href":"https:\/\/portaltela.pt\/api\/wp\/v2\/posts"}],"about":[{"href":"https:\/\/portaltela.pt\/api\/wp\/v2\/types\/post"}],"author":[{"embeddable":true,"href":"https:\/\/portaltela.pt\/api\/wp\/v2\/users\/2"}],"replies":[{"embeddable":true,"href":"https:\/\/portaltela.pt\/api\/wp\/v2\/comments?post=462505"}],"version-history":[{"count":0,"href":"https:\/\/portaltela.pt\/api\/wp\/v2\/posts\/462505\/revisions"}],"wp:featuredmedia":[{"embeddable":true,"href":"https:\/\/portaltela.pt\/api\/wp\/v2\/media\/462508"}],"wp:attachment":[{"href":"https:\/\/portaltela.pt\/api\/wp\/v2\/media?parent=462505"}],"wp:term":[{"taxonomy":"category","embeddable":true,"href":"https:\/\/portaltela.pt\/api\/wp\/v2\/categories?post=462505"},{"taxonomy":"post_tag","embeddable":true,"href":"https:\/\/portaltela.pt\/api\/wp\/v2\/tags?post=462505"}],"curies":[{"name":"wp","href":"https:\/\/api.w.org\/{rel}","templated":true}]}}