{"id":462503,"date":"2026-04-30T10:33:26","date_gmt":"2026-04-30T13:33:26","guid":{"rendered":"https:\/\/portaltela.pt\/noticias\/2026\/04\/30\/inflacao-e-custo-de-vida-sobem-montenegro-diz-que-nao-e-motivo-para-alarme\/"},"modified":"2026-04-30T10:33:26","modified_gmt":"2026-04-30T13:33:26","slug":"inflacao-e-custo-de-vida-sobem-montenegro-diz-que-nao-e-motivo-para-alarme","status":"publish","type":"post","link":"https:\/\/portaltela.pt\/noticias\/economia\/2026\/04\/30\/inflacao-e-custo-de-vida-sobem-montenegro-diz-que-nao-e-motivo-para-alarme\/","title":{"rendered":"Infla\u00e7\u00e3o e custo de vida sobem, Montenegro diz que n\u00e3o \u00e9 motivo para alarme"},"content":{"rendered":"<p>O primeiro-ministro Lu\u00eds Montenegro afirmou, esta quinta-feira, que o Governo sabe que a infla\u00e7\u00e3o est\u00e1 a aumentar e que o custo de vida sobe, surgindo preocupa\u00e7\u00e3o, mas n\u00e3o \u00e9 ainda motivo para alarme. A interven\u00e7\u00e3o ocorreu \u00e0 margem da 42.\u00aa Ovibeja, em Beja, onde tamb\u00e9m decorre a reuni\u00e3o do Conselho de Ministros.<\/p>\n<p>Segundo a estimativa r\u00e1pida do INE, a infla\u00e7\u00e3o acelerou para 3,4% em abril, registando um aumento de 0,7 pontos percentuais face a mar\u00e7o. O aumento \u00e9 apontado como impulsionado pelo segmento dos combust\u00edveis.<\/p>\n<p>O chefe do Governo refor\u00e7ou que o objetivo \u00e9 evitar problemas adicionais e manter a tranquilidade econ\u00f3mica. Montenegro ressaltou que o Governo monitoriza regularmente os indicadores e prepara respostas se necess\u00e1rio.<\/p>\n<h3>Contexto econ\u00f3mico<\/h3>\n<p>Beja recebeu a visita de Montenegro durante o evento agropecu\u00e1rio, com foco no desempenho econ\u00f3mico recente e nas perspetivas para o per\u00edodo pr\u00f3ximo. Os dados do INE s\u00e3o os mais recentes a indicar press\u00e3o sobre o custo de vida.<\/p>\n","protected":false},"excerpt":{"rendered":"<ul>\n<li>O primeiro-ministro Lu\u00eds Montenegro disse que a infla\u00e7\u00e3o subiu e o custo de vida est\u00e1 a aumentar, o que \u00e9 preocupante, mas n\u00e3o \u00e9 ainda motivo para alarme.<\/li>\n<li>A declara\u00e7\u00e3o ocorreu \u00e0 margem da 42.\u00aa Ovibeja, em Beja, onde decorre hoje a reuni\u00e3o do Conselho de Ministros.<\/li>\n<li>O INE informou que a taxa de infla\u00e7\u00e3o acelerou para 3,4% em abril, mais 0,7 pontos percentuais face a mar\u00e7o.<\/li>\n<li>A subida foi, sobretudo, impulsionada pelos combust\u00edveis.<\/li>\n<li>Montenegro refor\u00e7ou que o Governo est\u00e1 atento, mas n\u00e3o antecipa problemas que ainda possam ser evitados.<\/li>\n<\/ul>\n","protected":false},"author":2,"featured_media":462517,"comment_status":"closed","ping_status":"closed","sticky":false,"template":"","format":"standard","meta":{"footnotes":""},"categories":[2,6850],"tags":[8768,9140,28,34,1676],"class_list":["post-462503","post","type-post","status-publish","format-standard","has-post-thumbnail","hentry","category-economia","category-financas","tag-_beja","tag-_ovibeja","tag-economia","tag-governo","tag-inflacao"],"yoast_head":"<!-- This site is optimized with the Yoast SEO plugin v27.2 - https:\/\/yoast.com\/product\/yoast-seo-wordpress\/ -->\n<title>Infla\u00e7\u00e3o e custo de vida sobem, Montenegro diz que n\u00e3o \u00e9 motivo para alarme - Portal Tela Portugal<\/title>\n<meta name=\"robots\" content=\"index, follow, max-snippet:-1, max-image-preview:large, max-video-preview:-1\" \/>\n<meta property=\"og:locale\" content=\"pt_PT\" \/>\n<meta property=\"og:type\" content=\"article\" \/>\n<meta property=\"og:title\" content=\"Infla\u00e7\u00e3o e custo de vida sobem, Montenegro diz que n\u00e3o \u00e9 motivo para alarme - Portal Tela Portugal\" \/>\n<meta property=\"og:description\" content=\"O primeiro-ministro Lu\u00eds Montenegro disse que a infla\u00e7\u00e3o subiu e o custo de vida est\u00e1 a aumentar, o que \u00e9 preocupante, mas n\u00e3o \u00e9 ainda motivo para alarme. A declara\u00e7\u00e3o ocorreu \u00e0 margem da 42.\u00aa Ovibeja, em Beja, onde decorre hoje a reuni\u00e3o do Conselho de Ministros. O INE informou que a taxa de infla\u00e7\u00e3o acelerou para 3,4% em abril, mais 0,7 pontos percentuais face a mar\u00e7o. A subida foi, sobretudo, impulsionada pelos combust\u00edveis. Montenegro refor\u00e7ou que o Governo est\u00e1 atento, mas n\u00e3o antecipa problemas que ainda possam ser evitados.\" \/>\n<meta property=\"og:url\" content=\"https:\/\/portaltela.pt\/noticias\/2026\/04\/30\/inflacao-e-custo-de-vida-sobem-montenegro-diz-que-nao-e-motivo-para-alarme\/\" \/>\n<meta property=\"og:site_name\" content=\"Portal Tela Portugal\" \/>\n<meta property=\"article:published_time\" content=\"2026-04-30T13:33:26+00:00\" \/>\n<meta name=\"author\" content=\"Telinha\" \/>\n<meta name=\"twitter:card\" content=\"summary_large_image\" \/>\n<meta name=\"twitter:label1\" content=\"Escrito por\" \/>\n\t<meta name=\"twitter:data1\" content=\"Telinha\" \/>\n\t<meta name=\"twitter:label2\" content=\"Tempo estimado de leitura\" \/>\n\t<meta name=\"twitter:data2\" content=\"1 minuto\" \/>\n<script type=\"application\/ld+json\" class=\"yoast-schema-graph\">{\"@context\":\"https:\/\/schema.org\",\"@graph\":[{\"@type\":\"Article\",\"@id\":\"https:\/\/portaltela.pt\/noticias\/2026\/04\/30\/inflacao-e-custo-de-vida-sobem-montenegro-diz-que-nao-e-motivo-para-alarme\/#article\",\"isPartOf\":{\"@id\":\"https:\/\/portaltela.pt\/noticias\/2026\/04\/30\/inflacao-e-custo-de-vida-sobem-montenegro-diz-que-nao-e-motivo-para-alarme\/\"},\"author\":{\"name\":\"Telinha\",\"@id\":\"https:\/\/portaltela.pt\/#\/schema\/person\/c4278d4a6028830caff9ee44b42d32ed\"},\"headline\":\"Infla\u00e7\u00e3o e custo de vida sobem, Montenegro diz que n\u00e3o \u00e9 motivo para alarme\",\"datePublished\":\"2026-04-30T13:33:26+00:00\",\"mainEntityOfPage\":{\"@id\":\"https:\/\/portaltela.pt\/noticias\/2026\/04\/30\/inflacao-e-custo-de-vida-sobem-montenegro-diz-que-nao-e-motivo-para-alarme\/\"},\"wordCount\":186,\"image\":{\"@id\":\"https:\/\/portaltela.pt\/noticias\/2026\/04\/30\/inflacao-e-custo-de-vida-sobem-montenegro-diz-que-nao-e-motivo-para-alarme\/#primaryimage\"},\"thumbnailUrl\":\"https:\/\/portaltela.pt\/s.01k8rhncp4jt1\/2026\/04\/image-1725.jpg\",\"keywords\":[\"_Beja\",\"_Ovibeja\",\"economia\",\"governo\",\"infla\u00e7\u00e3o\"],\"articleSection\":[\"Economia\",\"Finan\u00e7as\"],\"inLanguage\":\"pt-PT\"},{\"@type\":\"WebPage\",\"@id\":\"https:\/\/portaltela.pt\/noticias\/2026\/04\/30\/inflacao-e-custo-de-vida-sobem-montenegro-diz-que-nao-e-motivo-para-alarme\/\",\"url\":\"https:\/\/portaltela.pt\/noticias\/2026\/04\/30\/inflacao-e-custo-de-vida-sobem-montenegro-diz-que-nao-e-motivo-para-alarme\/\",\"name\":\"Infla\u00e7\u00e3o e custo de vida sobem, Montenegro diz que n\u00e3o \u00e9 motivo para alarme - Portal Tela Portugal\",\"isPartOf\":{\"@id\":\"https:\/\/portaltela.pt\/#website\"},\"primaryImageOfPage\":{\"@id\":\"https:\/\/portaltela.pt\/noticias\/2026\/04\/30\/inflacao-e-custo-de-vida-sobem-montenegro-diz-que-nao-e-motivo-para-alarme\/#primaryimage\"},\"image\":{\"@id\":\"https:\/\/portaltela.pt\/noticias\/2026\/04\/30\/inflacao-e-custo-de-vida-sobem-montenegro-diz-que-nao-e-motivo-para-alarme\/#primaryimage\"},\"thumbnailUrl\":\"https:\/\/portaltela.pt\/s.01k8rhncp4jt1\/2026\/04\/image-1725.jpg\",\"datePublished\":\"2026-04-30T13:33:26+00:00\",\"author\":{\"@id\":\"https:\/\/portaltela.pt\/#\/schema\/person\/c4278d4a6028830caff9ee44b42d32ed\"},\"breadcrumb\":{\"@id\":\"https:\/\/portaltela.pt\/noticias\/2026\/04\/30\/inflacao-e-custo-de-vida-sobem-montenegro-diz-que-nao-e-motivo-para-alarme\/#breadcrumb\"},\"inLanguage\":\"pt-PT\",\"potentialAction\":[{\"@type\":\"ReadAction\",\"target\":[\"https:\/\/portaltela.pt\/noticias\/2026\/04\/30\/inflacao-e-custo-de-vida-sobem-montenegro-diz-que-nao-e-motivo-para-alarme\/\"]}]},{\"@type\":\"ImageObject\",\"inLanguage\":\"pt-PT\",\"@id\":\"https:\/\/portaltela.pt\/noticias\/2026\/04\/30\/inflacao-e-custo-de-vida-sobem-montenegro-diz-que-nao-e-motivo-para-alarme\/#primaryimage\",\"url\":\"https:\/\/portaltela.pt\/s.01k8rhncp4jt1\/2026\/04\/image-1725.jpg\",\"contentUrl\":\"https:\/\/portaltela.pt\/s.01k8rhncp4jt1\/2026\/04\/image-1725.jpg\",\"width\":796,\"height\":448,\"caption\":\"Lu\u00eds Montenegro esteve na Delta Caf\u00e9s, em Campo Maior\"},{\"@type\":\"BreadcrumbList\",\"@id\":\"https:\/\/portaltela.pt\/noticias\/2026\/04\/30\/inflacao-e-custo-de-vida-sobem-montenegro-diz-que-nao-e-motivo-para-alarme\/#breadcrumb\",\"itemListElement\":[{\"@type\":\"ListItem\",\"position\":1,\"name\":\"In\u00edcio\",\"item\":\"https:\/\/portaltela.pt\/\"},{\"@type\":\"ListItem\",\"position\":2,\"name\":\"Infla\u00e7\u00e3o e custo de vida sobem, Montenegro diz que n\u00e3o \u00e9 motivo para alarme\"}]},{\"@type\":\"WebSite\",\"@id\":\"https:\/\/portaltela.pt\/#website\",\"url\":\"https:\/\/portaltela.pt\/\",\"name\":\"Portal Tela Portugal\",\"description\":\"\",\"potentialAction\":[{\"@type\":\"SearchAction\",\"target\":{\"@type\":\"EntryPoint\",\"urlTemplate\":\"https:\/\/portaltela.pt\/?s={search_term_string}\"},\"query-input\":{\"@type\":\"PropertyValueSpecification\",\"valueRequired\":true,\"valueName\":\"search_term_string\"}}],\"inLanguage\":\"pt-PT\"},{\"@type\":\"Person\",\"@id\":\"https:\/\/portaltela.pt\/#\/schema\/person\/c4278d4a6028830caff9ee44b42d32ed\",\"name\":\"Telinha\",\"image\":{\"@type\":\"ImageObject\",\"inLanguage\":\"pt-PT\",\"@id\":\"https:\/\/portaltela.pt\/s.01k8rhncp4jt1\/2025\/11\/talking-bot-125x125.png\",\"url\":\"https:\/\/portaltela.pt\/s.01k8rhncp4jt1\/2025\/11\/talking-bot-125x125.png\",\"contentUrl\":\"https:\/\/portaltela.pt\/s.01k8rhncp4jt1\/2025\/11\/talking-bot-125x125.png\",\"caption\":\"Telinha\"},\"sameAs\":[\"https:\/\/portaltela.pt\/\"],\"url\":\"https:\/\/portaltela.pt\/por\/367410592786\/\"}]}<\/script>\n<!-- \/ Yoast SEO plugin. -->","yoast_head_json":{"title":"Infla\u00e7\u00e3o e custo de vida sobem, Montenegro diz que n\u00e3o \u00e9 motivo para alarme - Portal Tela Portugal","robots":{"index":"index","follow":"follow","max-snippet":"max-snippet:-1","max-image-preview":"max-image-preview:large","max-video-preview":"max-video-preview:-1"},"og_locale":"pt_PT","og_type":"article","og_title":"Infla\u00e7\u00e3o e custo de vida sobem, Montenegro diz que n\u00e3o \u00e9 motivo para alarme - Portal Tela Portugal","og_description":"O primeiro-ministro Lu\u00eds Montenegro disse que a infla\u00e7\u00e3o subiu e o custo de vida est\u00e1 a aumentar, o que \u00e9 preocupante, mas n\u00e3o \u00e9 ainda motivo para alarme. A declara\u00e7\u00e3o ocorreu \u00e0 margem da 42.\u00aa Ovibeja, em Beja, onde decorre hoje a reuni\u00e3o do Conselho de Ministros. O INE informou que a taxa de infla\u00e7\u00e3o acelerou para 3,4% em abril, mais 0,7 pontos percentuais face a mar\u00e7o. A subida foi, sobretudo, impulsionada pelos combust\u00edveis. Montenegro refor\u00e7ou que o Governo est\u00e1 atento, mas n\u00e3o antecipa problemas que ainda possam ser evitados.","og_url":"https:\/\/portaltela.pt\/noticias\/2026\/04\/30\/inflacao-e-custo-de-vida-sobem-montenegro-diz-que-nao-e-motivo-para-alarme\/","og_site_name":"Portal Tela Portugal","article_published_time":"2026-04-30T13:33:26+00:00","author":"Telinha","twitter_card":"summary_large_image","twitter_misc":{"Escrito por":"Telinha","Tempo estimado de leitura":"1 minuto"},"schema":{"@context":"https:\/\/schema.org","@graph":[{"@type":"Article","@id":"https:\/\/portaltela.pt\/noticias\/2026\/04\/30\/inflacao-e-custo-de-vida-sobem-montenegro-diz-que-nao-e-motivo-para-alarme\/#article","isPartOf":{"@id":"https:\/\/portaltela.pt\/noticias\/2026\/04\/30\/inflacao-e-custo-de-vida-sobem-montenegro-diz-que-nao-e-motivo-para-alarme\/"},"author":{"name":"Telinha","@id":"https:\/\/portaltela.pt\/#\/schema\/person\/c4278d4a6028830caff9ee44b42d32ed"},"headline":"Infla\u00e7\u00e3o e custo de vida sobem, Montenegro diz que n\u00e3o \u00e9 motivo para alarme","datePublished":"2026-04-30T13:33:26+00:00","mainEntityOfPage":{"@id":"https:\/\/portaltela.pt\/noticias\/2026\/04\/30\/inflacao-e-custo-de-vida-sobem-montenegro-diz-que-nao-e-motivo-para-alarme\/"},"wordCount":186,"image":{"@id":"https:\/\/portaltela.pt\/noticias\/2026\/04\/30\/inflacao-e-custo-de-vida-sobem-montenegro-diz-que-nao-e-motivo-para-alarme\/#primaryimage"},"thumbnailUrl":"https:\/\/portaltela.pt\/s.01k8rhncp4jt1\/2026\/04\/image-1725.jpg","keywords":["_Beja","_Ovibeja","economia","governo","infla\u00e7\u00e3o"],"articleSection":["Economia","Finan\u00e7as"],"inLanguage":"pt-PT"},{"@type":"WebPage","@id":"https:\/\/portaltela.pt\/noticias\/2026\/04\/30\/inflacao-e-custo-de-vida-sobem-montenegro-diz-que-nao-e-motivo-para-alarme\/","url":"https:\/\/portaltela.pt\/noticias\/2026\/04\/30\/inflacao-e-custo-de-vida-sobem-montenegro-diz-que-nao-e-motivo-para-alarme\/","name":"Infla\u00e7\u00e3o e custo de vida sobem, Montenegro diz que n\u00e3o \u00e9 motivo para alarme - Portal Tela Portugal","isPartOf":{"@id":"https:\/\/portaltela.pt\/#website"},"primaryImageOfPage":{"@id":"https:\/\/portaltela.pt\/noticias\/2026\/04\/30\/inflacao-e-custo-de-vida-sobem-montenegro-diz-que-nao-e-motivo-para-alarme\/#primaryimage"},"image":{"@id":"https:\/\/portaltela.pt\/noticias\/2026\/04\/30\/inflacao-e-custo-de-vida-sobem-montenegro-diz-que-nao-e-motivo-para-alarme\/#primaryimage"},"thumbnailUrl":"https:\/\/portaltela.pt\/s.01k8rhncp4jt1\/2026\/04\/image-1725.jpg","datePublished":"2026-04-30T13:33:26+00:00","author":{"@id":"https:\/\/portaltela.pt\/#\/schema\/person\/c4278d4a6028830caff9ee44b42d32ed"},"breadcrumb":{"@id":"https:\/\/portaltela.pt\/noticias\/2026\/04\/30\/inflacao-e-custo-de-vida-sobem-montenegro-diz-que-nao-e-motivo-para-alarme\/#breadcrumb"},"inLanguage":"pt-PT","potentialAction":[{"@type":"ReadAction","target":["https:\/\/portaltela.pt\/noticias\/2026\/04\/30\/inflacao-e-custo-de-vida-sobem-montenegro-diz-que-nao-e-motivo-para-alarme\/"]}]},{"@type":"ImageObject","inLanguage":"pt-PT","@id":"https:\/\/portaltela.pt\/noticias\/2026\/04\/30\/inflacao-e-custo-de-vida-sobem-montenegro-diz-que-nao-e-motivo-para-alarme\/#primaryimage","url":"https:\/\/portaltela.pt\/s.01k8rhncp4jt1\/2026\/04\/image-1725.jpg","contentUrl":"https:\/\/portaltela.pt\/s.01k8rhncp4jt1\/2026\/04\/image-1725.jpg","width":796,"height":448,"caption":"Lu\u00eds Montenegro esteve na Delta Caf\u00e9s, em Campo Maior"},{"@type":"BreadcrumbList","@id":"https:\/\/portaltela.pt\/noticias\/2026\/04\/30\/inflacao-e-custo-de-vida-sobem-montenegro-diz-que-nao-e-motivo-para-alarme\/#breadcrumb","itemListElement":[{"@type":"ListItem","position":1,"name":"In\u00edcio","item":"https:\/\/portaltela.pt\/"},{"@type":"ListItem","position":2,"name":"Infla\u00e7\u00e3o e custo de vida sobem, Montenegro diz que n\u00e3o \u00e9 motivo para alarme"}]},{"@type":"WebSite","@id":"https:\/\/portaltela.pt\/#website","url":"https:\/\/portaltela.pt\/","name":"Portal Tela Portugal","description":"","potentialAction":[{"@type":"SearchAction","target":{"@type":"EntryPoint","urlTemplate":"https:\/\/portaltela.pt\/?s={search_term_string}"},"query-input":{"@type":"PropertyValueSpecification","valueRequired":true,"valueName":"search_term_string"}}],"inLanguage":"pt-PT"},{"@type":"Person","@id":"https:\/\/portaltela.pt\/#\/schema\/person\/c4278d4a6028830caff9ee44b42d32ed","name":"Telinha","image":{"@type":"ImageObject","inLanguage":"pt-PT","@id":"https:\/\/portaltela.pt\/s.01k8rhncp4jt1\/2025\/11\/talking-bot-125x125.png","url":"https:\/\/portaltela.pt\/s.01k8rhncp4jt1\/2025\/11\/talking-bot-125x125.png","contentUrl":"https:\/\/portaltela.pt\/s.01k8rhncp4jt1\/2025\/11\/talking-bot-125x125.png","caption":"Telinha"},"sameAs":["https:\/\/portaltela.pt\/"],"url":"https:\/\/portaltela.pt\/por\/367410592786\/"}]}},"_links":{"self":[{"href":"https:\/\/portaltela.pt\/api\/wp\/v2\/posts\/462503","targetHints":{"allow":["GET"]}}],"collection":[{"href":"https:\/\/portaltela.pt\/api\/wp\/v2\/posts"}],"about":[{"href":"https:\/\/portaltela.pt\/api\/wp\/v2\/types\/post"}],"author":[{"embeddable":true,"href":"https:\/\/portaltela.pt\/api\/wp\/v2\/users\/2"}],"replies":[{"embeddable":true,"href":"https:\/\/portaltela.pt\/api\/wp\/v2\/comments?post=462503"}],"version-history":[{"count":0,"href":"https:\/\/portaltela.pt\/api\/wp\/v2\/posts\/462503\/revisions"}],"wp:featuredmedia":[{"embeddable":true,"href":"https:\/\/portaltela.pt\/api\/wp\/v2\/media\/462517"}],"wp:attachment":[{"href":"https:\/\/portaltela.pt\/api\/wp\/v2\/media?parent=462503"}],"wp:term":[{"taxonomy":"category","embeddable":true,"href":"https:\/\/portaltela.pt\/api\/wp\/v2\/categories?post=462503"},{"taxonomy":"post_tag","embeddable":true,"href":"https:\/\/portaltela.pt\/api\/wp\/v2\/tags?post=462503"}],"curies":[{"name":"wp","href":"https:\/\/api.w.org\/{rel}","templated":true}]}}