{"id":462500,"date":"2026-04-30T10:33:25","date_gmt":"2026-04-30T13:33:25","guid":{"rendered":"https:\/\/portaltela.pt\/noticias\/2026\/04\/30\/nova-ligacao-a-nacional-205-abre-ao-transito-durante-a-festa-das-cruzes\/"},"modified":"2026-04-30T10:33:25","modified_gmt":"2026-04-30T13:33:25","slug":"nova-ligacao-a-nacional-205-abre-ao-transito-durante-a-festa-das-cruzes","status":"publish","type":"post","link":"https:\/\/portaltela.pt\/curiosidades\/2026\/04\/30\/nova-ligacao-a-nacional-205-abre-ao-transito-durante-a-festa-das-cruzes\/","title":{"rendered":"Nova liga\u00e7\u00e3o \u00e0 Nacional 205 abre ao tr\u00e2nsito durante a Festa das Cruzes"},"content":{"rendered":"<p>O novo ramal de liga\u00e7\u00e3o \u00e0 Estrada Nacional 205, entre a Ponte de Santa Eug\u00e9nia e a Rua do Pinheiro, em Barcelos, est\u00e1 temporariamente aberto ao tr\u00e2nsito at\u00e9 ao dia 6 de maio. A abertura destina-se a melhorar a fluidez vi\u00e1ria durante a Festa das Cruzes.<\/p>\n<p>A medida pretende facilitar o escoamento de tr\u00e1fego numa das zonas com maior aflu\u00eancia nessa \u00e9poca do ano, contribuindo para uma circula\u00e7\u00e3o mais eficiente e organizada.<\/p>\n<p>Durante este per\u00edodo, a circula\u00e7\u00e3o na nova via est\u00e1 sujeita a sinaliza\u00e7\u00e3o tempor\u00e1ria. \u00c9 essencial que os condutores respeitem as indica\u00e7\u00f5es no local para garantir a seguran\u00e7a de todos, incluindo pe\u00f5es.<\/p>\n<h3>Medidas de circula\u00e7\u00e3o<\/h3>\n<p>A via tempor\u00e1ria exige aten\u00e7\u00e3o a regras e indica\u00e7\u00f5es espec\u00edficas, com o objetivo de manter a mobilidade durante a celebra\u00e7\u00e3o.<\/p>\n<p>Recorda-se que o N\u00f3 de Santa Eug\u00e9nia, que far\u00e1 o fecho da Circular Urbana de Barcelos, continua por concluir h\u00e1 mais de 20 anos.<\/p>\n","protected":false},"excerpt":{"rendered":"<ul>\n<li>A nova via de liga\u00e7\u00e3o \u00e0 Estrada Nacional 205, entre a Ponte de Santa Eug\u00e9nia e a Rua do Pinheiro, em Barcelos, est\u00e1 temporariamente aberta ao tr\u00e2nsito at\u00e9 6 de maio.<\/li>\n<li>A abertura destina-se a melhorar a fluidez rodovi\u00e1ria durante a Festa das Cruzes, numa \u00e1rea de elevada aflu\u00eancia.<\/li>\n<li>Durante o per\u00edodo, a circula\u00e7\u00e3o seguir\u00e1 sinaliza\u00e7\u00e3o tempor\u00e1ria, devendo os condutores respeitar as indica\u00e7\u00f5es para assegurar a seguran\u00e7a de todos, incluindo pe\u00f5es.<\/li>\n<li>A medida visa facilitar o escoamento do tr\u00e2nsito na regi\u00e3o, contribuindo para uma circula\u00e7\u00e3o mais eficiente e organizada.<\/li>\n<li>O N\u00f3 de Santa Eug\u00e9nia, que dever\u00e1 fechar a Circular Urbana de Barcelos, j\u00e1 se arrasta h\u00e1 mais de vinte anos.<\/li>\n<\/ul>\n","protected":false},"author":2,"featured_media":462516,"comment_status":"closed","ping_status":"closed","sticky":false,"template":"","format":"standard","meta":{"footnotes":""},"categories":[7372,7384],"tags":[8383,8790,8536,8020,8751,8727],"class_list":["post-462500","post","type-post","status-publish","format-standard","has-post-thumbnail","hentry","category-comunidade","category-curiosidades","tag-_barcelos","tag-_estradas","tag-_festas","tag-_mobilidade","tag-_transito","tag-_vias-publicas"],"yoast_head":"<!-- This site is optimized with the Yoast SEO plugin v27.2 - https:\/\/yoast.com\/product\/yoast-seo-wordpress\/ -->\n<title>Nova liga\u00e7\u00e3o \u00e0 Nacional 205 abre ao tr\u00e2nsito durante a Festa das Cruzes - Portal Tela Portugal<\/title>\n<meta name=\"robots\" content=\"index, follow, max-snippet:-1, max-image-preview:large, max-video-preview:-1\" \/>\n<meta property=\"og:locale\" content=\"pt_PT\" \/>\n<meta property=\"og:type\" content=\"article\" \/>\n<meta property=\"og:title\" content=\"Nova liga\u00e7\u00e3o \u00e0 Nacional 205 abre ao tr\u00e2nsito durante a Festa das Cruzes - Portal Tela Portugal\" \/>\n<meta property=\"og:description\" content=\"A nova via de liga\u00e7\u00e3o \u00e0 Estrada Nacional 205, entre a Ponte de Santa Eug\u00e9nia e a Rua do Pinheiro, em Barcelos, est\u00e1 temporariamente aberta ao tr\u00e2nsito at\u00e9 6 de maio. A abertura destina-se a melhorar a fluidez rodovi\u00e1ria durante a Festa das Cruzes, numa \u00e1rea de elevada aflu\u00eancia. Durante o per\u00edodo, a circula\u00e7\u00e3o seguir\u00e1 sinaliza\u00e7\u00e3o tempor\u00e1ria, devendo os condutores respeitar as indica\u00e7\u00f5es para assegurar a seguran\u00e7a de todos, incluindo pe\u00f5es. A medida visa facilitar o escoamento do tr\u00e2nsito na regi\u00e3o, contribuindo para uma circula\u00e7\u00e3o mais eficiente e organizada. O N\u00f3 de Santa Eug\u00e9nia, que dever\u00e1 fechar a Circular Urbana de Barcelos, j\u00e1 se arrasta h\u00e1 mais de vinte anos.\" \/>\n<meta property=\"og:url\" content=\"https:\/\/portaltela.pt\/noticias\/2026\/04\/30\/nova-ligacao-a-nacional-205-abre-ao-transito-durante-a-festa-das-cruzes\/\" \/>\n<meta property=\"og:site_name\" content=\"Portal Tela Portugal\" \/>\n<meta property=\"article:published_time\" content=\"2026-04-30T13:33:25+00:00\" \/>\n<meta name=\"author\" content=\"Telinha\" \/>\n<meta name=\"twitter:card\" content=\"summary_large_image\" \/>\n<meta name=\"twitter:label1\" content=\"Escrito por\" \/>\n\t<meta name=\"twitter:data1\" content=\"Telinha\" \/>\n\t<meta name=\"twitter:label2\" content=\"Tempo estimado de leitura\" \/>\n\t<meta name=\"twitter:data2\" content=\"1 minuto\" \/>\n<script type=\"application\/ld+json\" class=\"yoast-schema-graph\">{\"@context\":\"https:\/\/schema.org\",\"@graph\":[{\"@type\":\"Article\",\"@id\":\"https:\/\/portaltela.pt\/noticias\/2026\/04\/30\/nova-ligacao-a-nacional-205-abre-ao-transito-durante-a-festa-das-cruzes\/#article\",\"isPartOf\":{\"@id\":\"https:\/\/portaltela.pt\/noticias\/2026\/04\/30\/nova-ligacao-a-nacional-205-abre-ao-transito-durante-a-festa-das-cruzes\/\"},\"author\":{\"name\":\"Telinha\",\"@id\":\"https:\/\/portaltela.pt\/#\/schema\/person\/c4278d4a6028830caff9ee44b42d32ed\"},\"headline\":\"Nova liga\u00e7\u00e3o \u00e0 Nacional 205 abre ao tr\u00e2nsito durante a Festa das Cruzes\",\"datePublished\":\"2026-04-30T13:33:25+00:00\",\"mainEntityOfPage\":{\"@id\":\"https:\/\/portaltela.pt\/noticias\/2026\/04\/30\/nova-ligacao-a-nacional-205-abre-ao-transito-durante-a-festa-das-cruzes\/\"},\"wordCount\":179,\"image\":{\"@id\":\"https:\/\/portaltela.pt\/noticias\/2026\/04\/30\/nova-ligacao-a-nacional-205-abre-ao-transito-durante-a-festa-das-cruzes\/#primaryimage\"},\"thumbnailUrl\":\"https:\/\/portaltela.pt\/s.01k8rhncp4jt1\/2026\/04\/image-1725.jpg\",\"keywords\":[\"_Barcelos\",\"_estradas\",\"_festas\",\"_mobilidade\",\"_tr\u00e2nsito\",\"_vias p\u00fablicas\"],\"articleSection\":[\"Comunidade\",\"Curiosidades\"],\"inLanguage\":\"pt-PT\"},{\"@type\":\"WebPage\",\"@id\":\"https:\/\/portaltela.pt\/noticias\/2026\/04\/30\/nova-ligacao-a-nacional-205-abre-ao-transito-durante-a-festa-das-cruzes\/\",\"url\":\"https:\/\/portaltela.pt\/noticias\/2026\/04\/30\/nova-ligacao-a-nacional-205-abre-ao-transito-durante-a-festa-das-cruzes\/\",\"name\":\"Nova liga\u00e7\u00e3o \u00e0 Nacional 205 abre ao tr\u00e2nsito durante a Festa das Cruzes - Portal Tela Portugal\",\"isPartOf\":{\"@id\":\"https:\/\/portaltela.pt\/#website\"},\"primaryImageOfPage\":{\"@id\":\"https:\/\/portaltela.pt\/noticias\/2026\/04\/30\/nova-ligacao-a-nacional-205-abre-ao-transito-durante-a-festa-das-cruzes\/#primaryimage\"},\"image\":{\"@id\":\"https:\/\/portaltela.pt\/noticias\/2026\/04\/30\/nova-ligacao-a-nacional-205-abre-ao-transito-durante-a-festa-das-cruzes\/#primaryimage\"},\"thumbnailUrl\":\"https:\/\/portaltela.pt\/s.01k8rhncp4jt1\/2026\/04\/image-1725.jpg\",\"datePublished\":\"2026-04-30T13:33:25+00:00\",\"author\":{\"@id\":\"https:\/\/portaltela.pt\/#\/schema\/person\/c4278d4a6028830caff9ee44b42d32ed\"},\"breadcrumb\":{\"@id\":\"https:\/\/portaltela.pt\/noticias\/2026\/04\/30\/nova-ligacao-a-nacional-205-abre-ao-transito-durante-a-festa-das-cruzes\/#breadcrumb\"},\"inLanguage\":\"pt-PT\",\"potentialAction\":[{\"@type\":\"ReadAction\",\"target\":[\"https:\/\/portaltela.pt\/noticias\/2026\/04\/30\/nova-ligacao-a-nacional-205-abre-ao-transito-durante-a-festa-das-cruzes\/\"]}]},{\"@type\":\"ImageObject\",\"inLanguage\":\"pt-PT\",\"@id\":\"https:\/\/portaltela.pt\/noticias\/2026\/04\/30\/nova-ligacao-a-nacional-205-abre-ao-transito-durante-a-festa-das-cruzes\/#primaryimage\",\"url\":\"https:\/\/portaltela.pt\/s.01k8rhncp4jt1\/2026\/04\/image-1725.jpg\",\"contentUrl\":\"https:\/\/portaltela.pt\/s.01k8rhncp4jt1\/2026\/04\/image-1725.jpg\",\"width\":796,\"height\":448,\"caption\":\"A Batalha das Flores \u00e9 o ponto alto da Festa das Cruzes\"},{\"@type\":\"BreadcrumbList\",\"@id\":\"https:\/\/portaltela.pt\/noticias\/2026\/04\/30\/nova-ligacao-a-nacional-205-abre-ao-transito-durante-a-festa-das-cruzes\/#breadcrumb\",\"itemListElement\":[{\"@type\":\"ListItem\",\"position\":1,\"name\":\"In\u00edcio\",\"item\":\"https:\/\/portaltela.pt\/\"},{\"@type\":\"ListItem\",\"position\":2,\"name\":\"Nova liga\u00e7\u00e3o \u00e0 Nacional 205 abre ao tr\u00e2nsito durante a Festa das Cruzes\"}]},{\"@type\":\"WebSite\",\"@id\":\"https:\/\/portaltela.pt\/#website\",\"url\":\"https:\/\/portaltela.pt\/\",\"name\":\"Portal Tela Portugal\",\"description\":\"\",\"potentialAction\":[{\"@type\":\"SearchAction\",\"target\":{\"@type\":\"EntryPoint\",\"urlTemplate\":\"https:\/\/portaltela.pt\/?s={search_term_string}\"},\"query-input\":{\"@type\":\"PropertyValueSpecification\",\"valueRequired\":true,\"valueName\":\"search_term_string\"}}],\"inLanguage\":\"pt-PT\"},{\"@type\":\"Person\",\"@id\":\"https:\/\/portaltela.pt\/#\/schema\/person\/c4278d4a6028830caff9ee44b42d32ed\",\"name\":\"Telinha\",\"image\":{\"@type\":\"ImageObject\",\"inLanguage\":\"pt-PT\",\"@id\":\"https:\/\/portaltela.pt\/s.01k8rhncp4jt1\/2025\/11\/talking-bot-125x125.png\",\"url\":\"https:\/\/portaltela.pt\/s.01k8rhncp4jt1\/2025\/11\/talking-bot-125x125.png\",\"contentUrl\":\"https:\/\/portaltela.pt\/s.01k8rhncp4jt1\/2025\/11\/talking-bot-125x125.png\",\"caption\":\"Telinha\"},\"sameAs\":[\"https:\/\/portaltela.pt\/\"],\"url\":\"https:\/\/portaltela.pt\/por\/367410592786\/\"}]}<\/script>\n<!-- \/ Yoast SEO plugin. -->","yoast_head_json":{"title":"Nova liga\u00e7\u00e3o \u00e0 Nacional 205 abre ao tr\u00e2nsito durante a Festa das Cruzes - Portal Tela Portugal","robots":{"index":"index","follow":"follow","max-snippet":"max-snippet:-1","max-image-preview":"max-image-preview:large","max-video-preview":"max-video-preview:-1"},"og_locale":"pt_PT","og_type":"article","og_title":"Nova liga\u00e7\u00e3o \u00e0 Nacional 205 abre ao tr\u00e2nsito durante a Festa das Cruzes - Portal Tela Portugal","og_description":"A nova via de liga\u00e7\u00e3o \u00e0 Estrada Nacional 205, entre a Ponte de Santa Eug\u00e9nia e a Rua do Pinheiro, em Barcelos, est\u00e1 temporariamente aberta ao tr\u00e2nsito at\u00e9 6 de maio. A abertura destina-se a melhorar a fluidez rodovi\u00e1ria durante a Festa das Cruzes, numa \u00e1rea de elevada aflu\u00eancia. Durante o per\u00edodo, a circula\u00e7\u00e3o seguir\u00e1 sinaliza\u00e7\u00e3o tempor\u00e1ria, devendo os condutores respeitar as indica\u00e7\u00f5es para assegurar a seguran\u00e7a de todos, incluindo pe\u00f5es. A medida visa facilitar o escoamento do tr\u00e2nsito na regi\u00e3o, contribuindo para uma circula\u00e7\u00e3o mais eficiente e organizada. O N\u00f3 de Santa Eug\u00e9nia, que dever\u00e1 fechar a Circular Urbana de Barcelos, j\u00e1 se arrasta h\u00e1 mais de vinte anos.","og_url":"https:\/\/portaltela.pt\/noticias\/2026\/04\/30\/nova-ligacao-a-nacional-205-abre-ao-transito-durante-a-festa-das-cruzes\/","og_site_name":"Portal Tela Portugal","article_published_time":"2026-04-30T13:33:25+00:00","author":"Telinha","twitter_card":"summary_large_image","twitter_misc":{"Escrito por":"Telinha","Tempo estimado de leitura":"1 minuto"},"schema":{"@context":"https:\/\/schema.org","@graph":[{"@type":"Article","@id":"https:\/\/portaltela.pt\/noticias\/2026\/04\/30\/nova-ligacao-a-nacional-205-abre-ao-transito-durante-a-festa-das-cruzes\/#article","isPartOf":{"@id":"https:\/\/portaltela.pt\/noticias\/2026\/04\/30\/nova-ligacao-a-nacional-205-abre-ao-transito-durante-a-festa-das-cruzes\/"},"author":{"name":"Telinha","@id":"https:\/\/portaltela.pt\/#\/schema\/person\/c4278d4a6028830caff9ee44b42d32ed"},"headline":"Nova liga\u00e7\u00e3o \u00e0 Nacional 205 abre ao tr\u00e2nsito durante a Festa das Cruzes","datePublished":"2026-04-30T13:33:25+00:00","mainEntityOfPage":{"@id":"https:\/\/portaltela.pt\/noticias\/2026\/04\/30\/nova-ligacao-a-nacional-205-abre-ao-transito-durante-a-festa-das-cruzes\/"},"wordCount":179,"image":{"@id":"https:\/\/portaltela.pt\/noticias\/2026\/04\/30\/nova-ligacao-a-nacional-205-abre-ao-transito-durante-a-festa-das-cruzes\/#primaryimage"},"thumbnailUrl":"https:\/\/portaltela.pt\/s.01k8rhncp4jt1\/2026\/04\/image-1725.jpg","keywords":["_Barcelos","_estradas","_festas","_mobilidade","_tr\u00e2nsito","_vias p\u00fablicas"],"articleSection":["Comunidade","Curiosidades"],"inLanguage":"pt-PT"},{"@type":"WebPage","@id":"https:\/\/portaltela.pt\/noticias\/2026\/04\/30\/nova-ligacao-a-nacional-205-abre-ao-transito-durante-a-festa-das-cruzes\/","url":"https:\/\/portaltela.pt\/noticias\/2026\/04\/30\/nova-ligacao-a-nacional-205-abre-ao-transito-durante-a-festa-das-cruzes\/","name":"Nova liga\u00e7\u00e3o \u00e0 Nacional 205 abre ao tr\u00e2nsito durante a Festa das Cruzes - Portal Tela Portugal","isPartOf":{"@id":"https:\/\/portaltela.pt\/#website"},"primaryImageOfPage":{"@id":"https:\/\/portaltela.pt\/noticias\/2026\/04\/30\/nova-ligacao-a-nacional-205-abre-ao-transito-durante-a-festa-das-cruzes\/#primaryimage"},"image":{"@id":"https:\/\/portaltela.pt\/noticias\/2026\/04\/30\/nova-ligacao-a-nacional-205-abre-ao-transito-durante-a-festa-das-cruzes\/#primaryimage"},"thumbnailUrl":"https:\/\/portaltela.pt\/s.01k8rhncp4jt1\/2026\/04\/image-1725.jpg","datePublished":"2026-04-30T13:33:25+00:00","author":{"@id":"https:\/\/portaltela.pt\/#\/schema\/person\/c4278d4a6028830caff9ee44b42d32ed"},"breadcrumb":{"@id":"https:\/\/portaltela.pt\/noticias\/2026\/04\/30\/nova-ligacao-a-nacional-205-abre-ao-transito-durante-a-festa-das-cruzes\/#breadcrumb"},"inLanguage":"pt-PT","potentialAction":[{"@type":"ReadAction","target":["https:\/\/portaltela.pt\/noticias\/2026\/04\/30\/nova-ligacao-a-nacional-205-abre-ao-transito-durante-a-festa-das-cruzes\/"]}]},{"@type":"ImageObject","inLanguage":"pt-PT","@id":"https:\/\/portaltela.pt\/noticias\/2026\/04\/30\/nova-ligacao-a-nacional-205-abre-ao-transito-durante-a-festa-das-cruzes\/#primaryimage","url":"https:\/\/portaltela.pt\/s.01k8rhncp4jt1\/2026\/04\/image-1725.jpg","contentUrl":"https:\/\/portaltela.pt\/s.01k8rhncp4jt1\/2026\/04\/image-1725.jpg","width":796,"height":448,"caption":"A Batalha das Flores \u00e9 o ponto alto da Festa das Cruzes"},{"@type":"BreadcrumbList","@id":"https:\/\/portaltela.pt\/noticias\/2026\/04\/30\/nova-ligacao-a-nacional-205-abre-ao-transito-durante-a-festa-das-cruzes\/#breadcrumb","itemListElement":[{"@type":"ListItem","position":1,"name":"In\u00edcio","item":"https:\/\/portaltela.pt\/"},{"@type":"ListItem","position":2,"name":"Nova liga\u00e7\u00e3o \u00e0 Nacional 205 abre ao tr\u00e2nsito durante a Festa das Cruzes"}]},{"@type":"WebSite","@id":"https:\/\/portaltela.pt\/#website","url":"https:\/\/portaltela.pt\/","name":"Portal Tela Portugal","description":"","potentialAction":[{"@type":"SearchAction","target":{"@type":"EntryPoint","urlTemplate":"https:\/\/portaltela.pt\/?s={search_term_string}"},"query-input":{"@type":"PropertyValueSpecification","valueRequired":true,"valueName":"search_term_string"}}],"inLanguage":"pt-PT"},{"@type":"Person","@id":"https:\/\/portaltela.pt\/#\/schema\/person\/c4278d4a6028830caff9ee44b42d32ed","name":"Telinha","image":{"@type":"ImageObject","inLanguage":"pt-PT","@id":"https:\/\/portaltela.pt\/s.01k8rhncp4jt1\/2025\/11\/talking-bot-125x125.png","url":"https:\/\/portaltela.pt\/s.01k8rhncp4jt1\/2025\/11\/talking-bot-125x125.png","contentUrl":"https:\/\/portaltela.pt\/s.01k8rhncp4jt1\/2025\/11\/talking-bot-125x125.png","caption":"Telinha"},"sameAs":["https:\/\/portaltela.pt\/"],"url":"https:\/\/portaltela.pt\/por\/367410592786\/"}]}},"_links":{"self":[{"href":"https:\/\/portaltela.pt\/api\/wp\/v2\/posts\/462500","targetHints":{"allow":["GET"]}}],"collection":[{"href":"https:\/\/portaltela.pt\/api\/wp\/v2\/posts"}],"about":[{"href":"https:\/\/portaltela.pt\/api\/wp\/v2\/types\/post"}],"author":[{"embeddable":true,"href":"https:\/\/portaltela.pt\/api\/wp\/v2\/users\/2"}],"replies":[{"embeddable":true,"href":"https:\/\/portaltela.pt\/api\/wp\/v2\/comments?post=462500"}],"version-history":[{"count":0,"href":"https:\/\/portaltela.pt\/api\/wp\/v2\/posts\/462500\/revisions"}],"wp:featuredmedia":[{"embeddable":true,"href":"https:\/\/portaltela.pt\/api\/wp\/v2\/media\/462516"}],"wp:attachment":[{"href":"https:\/\/portaltela.pt\/api\/wp\/v2\/media?parent=462500"}],"wp:term":[{"taxonomy":"category","embeddable":true,"href":"https:\/\/portaltela.pt\/api\/wp\/v2\/categories?post=462500"},{"taxonomy":"post_tag","embeddable":true,"href":"https:\/\/portaltela.pt\/api\/wp\/v2\/tags?post=462500"}],"curies":[{"name":"wp","href":"https:\/\/api.w.org\/{rel}","templated":true}]}}