{"id":462495,"date":"2026-04-30T10:33:17","date_gmt":"2026-04-30T13:33:17","guid":{"rendered":"https:\/\/portaltela.pt\/noticias\/2026\/04\/30\/centro-de-formacao-no-azerbaijao-cumpre-normas-globais-e-reduz-dependencia\/"},"modified":"2026-04-30T10:33:17","modified_gmt":"2026-04-30T13:33:17","slug":"centro-de-formacao-no-azerbaijao-cumpre-normas-globais-e-reduz-dependencia","status":"publish","type":"post","link":"https:\/\/portaltela.pt\/tecnologia\/2026\/04\/30\/centro-de-formacao-no-azerbaijao-cumpre-normas-globais-e-reduz-dependencia\/","title":{"rendered":"Centro de forma\u00e7\u00e3o no Azerbaij\u00e3o cumpre normas globais e reduz depend\u00eancia"},"content":{"rendered":"<p>O Azerbaij\u00e3o est\u00e1 a centralizar a forma\u00e7\u00e3o de pilotos e controladores de tr\u00e1fego a\u00e9reo num novo centro da Academia Nacional de Avia\u00e7\u00e3o, com o objetivo de cumprir padr\u00f5es globais de seguran\u00e7a.<\/p>\n<p>O programa inclui simuladores de voo integral que reproduzem cen\u00e1rios reais em ambiente seguro, aliado a um ensino que combina teoria e treino pr\u00e1tico para opera\u00e7\u00f5es complexas.<\/p>\n<p>A iniciativa beneficia de parcerias em dezenas de pa\u00edses, criando uma rede de profissionais da avia\u00e7\u00e3o e fortalecendo a forma\u00e7\u00e3o local para al\u00e9m de fontes externas.<\/p>\n<p>As autoridades destacam que a medida eleva os padr\u00f5es de forma\u00e7\u00e3o, alinhando-os aos requisitos da avia\u00e7\u00e3o internacional e promovendo maior autonomia do setor no pa\u00eds.<\/p>\n","protected":false},"excerpt":{"rendered":"<ul>\n<li>O Azerbaij\u00e3o centraliza a forma\u00e7\u00e3o de pilotos e controladores de tr\u00e1fego a\u00e9reo num novo centro da Academia Nacional de Avia\u00e7\u00e3o.<\/li>\n<li>O centro utiliza simuladores de voo integral para reproduzir cen\u00e1rios reais num ambiente seguro.<\/li>\n<li>Os programas combinam ensino te\u00f3rico com treino pr\u00e1tico, preparando profissionais para opera\u00e7\u00f5es complexas.<\/li>\n<li>Conta com parcerias em dezenas de pa\u00edses, fortalecendo uma rede de profissionais da avia\u00e7\u00e3o.<\/li>\n<li>O objetivo \u00e9 desenvolver compet\u00eancias locais, reduzir a depend\u00eancia de forma\u00e7\u00e3o externa e elevar os padr\u00f5es de seguran\u00e7a internacionais.<\/li>\n<\/ul>\n","protected":false},"author":2,"featured_media":462504,"comment_status":"closed","ping_status":"closed","sticky":false,"template":"","format":"standard","meta":{"footnotes":""},"categories":[6716],"tags":[7910,8502,9149,7991,7795,8431],"class_list":["post-462495","post","type-post","status-publish","format-standard","has-post-thumbnail","hentry","category-tecnologia","tag-_a-aeronautica","tag-_aviacao","tag-_azerbaijao","tag-_cooperacao-internacional","tag-_educacao","tag-_organizacoes-internacionais"],"yoast_head":"<!-- This site is optimized with the Yoast SEO plugin v27.2 - https:\/\/yoast.com\/product\/yoast-seo-wordpress\/ -->\n<title>Centro de forma\u00e7\u00e3o no Azerbaij\u00e3o cumpre normas globais e reduz depend\u00eancia - Portal Tela Portugal<\/title>\n<meta name=\"robots\" content=\"index, follow, max-snippet:-1, max-image-preview:large, max-video-preview:-1\" \/>\n<meta property=\"og:locale\" content=\"pt_PT\" \/>\n<meta property=\"og:type\" content=\"article\" \/>\n<meta property=\"og:title\" content=\"Centro de forma\u00e7\u00e3o no Azerbaij\u00e3o cumpre normas globais e reduz depend\u00eancia - Portal Tela Portugal\" \/>\n<meta property=\"og:description\" content=\"O Azerbaij\u00e3o centraliza a forma\u00e7\u00e3o de pilotos e controladores de tr\u00e1fego a\u00e9reo num novo centro da Academia Nacional de Avia\u00e7\u00e3o. O centro utiliza simuladores de voo integral para reproduzir cen\u00e1rios reais num ambiente seguro. Os programas combinam ensino te\u00f3rico com treino pr\u00e1tico, preparando profissionais para opera\u00e7\u00f5es complexas. Conta com parcerias em dezenas de pa\u00edses, fortalecendo uma rede de profissionais da avia\u00e7\u00e3o. O objetivo \u00e9 desenvolver compet\u00eancias locais, reduzir a depend\u00eancia de forma\u00e7\u00e3o externa e elevar os padr\u00f5es de seguran\u00e7a internacionais.\" \/>\n<meta property=\"og:url\" content=\"https:\/\/portaltela.pt\/noticias\/2026\/04\/30\/centro-de-formacao-no-azerbaijao-cumpre-normas-globais-e-reduz-dependencia\/\" \/>\n<meta property=\"og:site_name\" content=\"Portal Tela Portugal\" \/>\n<meta property=\"article:published_time\" content=\"2026-04-30T13:33:17+00:00\" \/>\n<meta name=\"author\" content=\"Telinha\" \/>\n<meta name=\"twitter:card\" content=\"summary_large_image\" \/>\n<meta name=\"twitter:label1\" content=\"Escrito por\" \/>\n\t<meta name=\"twitter:data1\" content=\"Telinha\" \/>\n\t<meta name=\"twitter:label2\" content=\"Tempo estimado de leitura\" \/>\n\t<meta name=\"twitter:data2\" content=\"1 minuto\" \/>\n<script type=\"application\/ld+json\" class=\"yoast-schema-graph\">{\"@context\":\"https:\/\/schema.org\",\"@graph\":[{\"@type\":\"Article\",\"@id\":\"https:\/\/portaltela.pt\/noticias\/2026\/04\/30\/centro-de-formacao-no-azerbaijao-cumpre-normas-globais-e-reduz-dependencia\/#article\",\"isPartOf\":{\"@id\":\"https:\/\/portaltela.pt\/noticias\/2026\/04\/30\/centro-de-formacao-no-azerbaijao-cumpre-normas-globais-e-reduz-dependencia\/\"},\"author\":{\"name\":\"Telinha\",\"@id\":\"https:\/\/portaltela.pt\/#\/schema\/person\/c4278d4a6028830caff9ee44b42d32ed\"},\"headline\":\"Centro de forma\u00e7\u00e3o no Azerbaij\u00e3o cumpre normas globais e reduz depend\u00eancia\",\"datePublished\":\"2026-04-30T13:33:17+00:00\",\"mainEntityOfPage\":{\"@id\":\"https:\/\/portaltela.pt\/noticias\/2026\/04\/30\/centro-de-formacao-no-azerbaijao-cumpre-normas-globais-e-reduz-dependencia\/\"},\"wordCount\":141,\"image\":{\"@id\":\"https:\/\/portaltela.pt\/noticias\/2026\/04\/30\/centro-de-formacao-no-azerbaijao-cumpre-normas-globais-e-reduz-dependencia\/#primaryimage\"},\"thumbnailUrl\":\"https:\/\/portaltela.pt\/s.01k8rhncp4jt1\/2026\/04\/1536x864_cmsv2_b5e07df8-565a-5b14-8b0d-3631d89cb509-9732900.jpg\",\"keywords\":[\"_a aeron\u00e1utica\",\"_avia\u00e7\u00e3o\",\"_Azerbaij\u00e3o\",\"_coopera\u00e7\u00e3o internacional\",\"_educa\u00e7\u00e3o\",\"_organiza\u00e7\u00f5es internacionais\"],\"articleSection\":[\"Tecnologia\"],\"inLanguage\":\"pt-PT\"},{\"@type\":\"WebPage\",\"@id\":\"https:\/\/portaltela.pt\/noticias\/2026\/04\/30\/centro-de-formacao-no-azerbaijao-cumpre-normas-globais-e-reduz-dependencia\/\",\"url\":\"https:\/\/portaltela.pt\/noticias\/2026\/04\/30\/centro-de-formacao-no-azerbaijao-cumpre-normas-globais-e-reduz-dependencia\/\",\"name\":\"Centro de forma\u00e7\u00e3o no Azerbaij\u00e3o cumpre normas globais e reduz depend\u00eancia - Portal Tela Portugal\",\"isPartOf\":{\"@id\":\"https:\/\/portaltela.pt\/#website\"},\"primaryImageOfPage\":{\"@id\":\"https:\/\/portaltela.pt\/noticias\/2026\/04\/30\/centro-de-formacao-no-azerbaijao-cumpre-normas-globais-e-reduz-dependencia\/#primaryimage\"},\"image\":{\"@id\":\"https:\/\/portaltela.pt\/noticias\/2026\/04\/30\/centro-de-formacao-no-azerbaijao-cumpre-normas-globais-e-reduz-dependencia\/#primaryimage\"},\"thumbnailUrl\":\"https:\/\/portaltela.pt\/s.01k8rhncp4jt1\/2026\/04\/1536x864_cmsv2_b5e07df8-565a-5b14-8b0d-3631d89cb509-9732900.jpg\",\"datePublished\":\"2026-04-30T13:33:17+00:00\",\"author\":{\"@id\":\"https:\/\/portaltela.pt\/#\/schema\/person\/c4278d4a6028830caff9ee44b42d32ed\"},\"breadcrumb\":{\"@id\":\"https:\/\/portaltela.pt\/noticias\/2026\/04\/30\/centro-de-formacao-no-azerbaijao-cumpre-normas-globais-e-reduz-dependencia\/#breadcrumb\"},\"inLanguage\":\"pt-PT\",\"potentialAction\":[{\"@type\":\"ReadAction\",\"target\":[\"https:\/\/portaltela.pt\/noticias\/2026\/04\/30\/centro-de-formacao-no-azerbaijao-cumpre-normas-globais-e-reduz-dependencia\/\"]}]},{\"@type\":\"ImageObject\",\"inLanguage\":\"pt-PT\",\"@id\":\"https:\/\/portaltela.pt\/noticias\/2026\/04\/30\/centro-de-formacao-no-azerbaijao-cumpre-normas-globais-e-reduz-dependencia\/#primaryimage\",\"url\":\"https:\/\/portaltela.pt\/s.01k8rhncp4jt1\/2026\/04\/1536x864_cmsv2_b5e07df8-565a-5b14-8b0d-3631d89cb509-9732900.jpg\",\"contentUrl\":\"https:\/\/portaltela.pt\/s.01k8rhncp4jt1\/2026\/04\/1536x864_cmsv2_b5e07df8-565a-5b14-8b0d-3631d89cb509-9732900.jpg\",\"width\":796,\"height\":448,\"caption\":\"Azerbaij\u00e3o: centro de forma\u00e7\u00e3o cumpre normas globais e reduz depend\u00eancia externa\"},{\"@type\":\"BreadcrumbList\",\"@id\":\"https:\/\/portaltela.pt\/noticias\/2026\/04\/30\/centro-de-formacao-no-azerbaijao-cumpre-normas-globais-e-reduz-dependencia\/#breadcrumb\",\"itemListElement\":[{\"@type\":\"ListItem\",\"position\":1,\"name\":\"In\u00edcio\",\"item\":\"https:\/\/portaltela.pt\/\"},{\"@type\":\"ListItem\",\"position\":2,\"name\":\"Centro de forma\u00e7\u00e3o no Azerbaij\u00e3o cumpre normas globais e reduz depend\u00eancia\"}]},{\"@type\":\"WebSite\",\"@id\":\"https:\/\/portaltela.pt\/#website\",\"url\":\"https:\/\/portaltela.pt\/\",\"name\":\"Portal Tela Portugal\",\"description\":\"\",\"potentialAction\":[{\"@type\":\"SearchAction\",\"target\":{\"@type\":\"EntryPoint\",\"urlTemplate\":\"https:\/\/portaltela.pt\/?s={search_term_string}\"},\"query-input\":{\"@type\":\"PropertyValueSpecification\",\"valueRequired\":true,\"valueName\":\"search_term_string\"}}],\"inLanguage\":\"pt-PT\"},{\"@type\":\"Person\",\"@id\":\"https:\/\/portaltela.pt\/#\/schema\/person\/c4278d4a6028830caff9ee44b42d32ed\",\"name\":\"Telinha\",\"image\":{\"@type\":\"ImageObject\",\"inLanguage\":\"pt-PT\",\"@id\":\"https:\/\/portaltela.pt\/s.01k8rhncp4jt1\/2025\/11\/talking-bot-125x125.png\",\"url\":\"https:\/\/portaltela.pt\/s.01k8rhncp4jt1\/2025\/11\/talking-bot-125x125.png\",\"contentUrl\":\"https:\/\/portaltela.pt\/s.01k8rhncp4jt1\/2025\/11\/talking-bot-125x125.png\",\"caption\":\"Telinha\"},\"sameAs\":[\"https:\/\/portaltela.pt\/\"],\"url\":\"https:\/\/portaltela.pt\/por\/367410592786\/\"}]}<\/script>\n<!-- \/ Yoast SEO plugin. -->","yoast_head_json":{"title":"Centro de forma\u00e7\u00e3o no Azerbaij\u00e3o cumpre normas globais e reduz depend\u00eancia - Portal Tela Portugal","robots":{"index":"index","follow":"follow","max-snippet":"max-snippet:-1","max-image-preview":"max-image-preview:large","max-video-preview":"max-video-preview:-1"},"og_locale":"pt_PT","og_type":"article","og_title":"Centro de forma\u00e7\u00e3o no Azerbaij\u00e3o cumpre normas globais e reduz depend\u00eancia - Portal Tela Portugal","og_description":"O Azerbaij\u00e3o centraliza a forma\u00e7\u00e3o de pilotos e controladores de tr\u00e1fego a\u00e9reo num novo centro da Academia Nacional de Avia\u00e7\u00e3o. O centro utiliza simuladores de voo integral para reproduzir cen\u00e1rios reais num ambiente seguro. Os programas combinam ensino te\u00f3rico com treino pr\u00e1tico, preparando profissionais para opera\u00e7\u00f5es complexas. Conta com parcerias em dezenas de pa\u00edses, fortalecendo uma rede de profissionais da avia\u00e7\u00e3o. O objetivo \u00e9 desenvolver compet\u00eancias locais, reduzir a depend\u00eancia de forma\u00e7\u00e3o externa e elevar os padr\u00f5es de seguran\u00e7a internacionais.","og_url":"https:\/\/portaltela.pt\/noticias\/2026\/04\/30\/centro-de-formacao-no-azerbaijao-cumpre-normas-globais-e-reduz-dependencia\/","og_site_name":"Portal Tela Portugal","article_published_time":"2026-04-30T13:33:17+00:00","author":"Telinha","twitter_card":"summary_large_image","twitter_misc":{"Escrito por":"Telinha","Tempo estimado de leitura":"1 minuto"},"schema":{"@context":"https:\/\/schema.org","@graph":[{"@type":"Article","@id":"https:\/\/portaltela.pt\/noticias\/2026\/04\/30\/centro-de-formacao-no-azerbaijao-cumpre-normas-globais-e-reduz-dependencia\/#article","isPartOf":{"@id":"https:\/\/portaltela.pt\/noticias\/2026\/04\/30\/centro-de-formacao-no-azerbaijao-cumpre-normas-globais-e-reduz-dependencia\/"},"author":{"name":"Telinha","@id":"https:\/\/portaltela.pt\/#\/schema\/person\/c4278d4a6028830caff9ee44b42d32ed"},"headline":"Centro de forma\u00e7\u00e3o no Azerbaij\u00e3o cumpre normas globais e reduz depend\u00eancia","datePublished":"2026-04-30T13:33:17+00:00","mainEntityOfPage":{"@id":"https:\/\/portaltela.pt\/noticias\/2026\/04\/30\/centro-de-formacao-no-azerbaijao-cumpre-normas-globais-e-reduz-dependencia\/"},"wordCount":141,"image":{"@id":"https:\/\/portaltela.pt\/noticias\/2026\/04\/30\/centro-de-formacao-no-azerbaijao-cumpre-normas-globais-e-reduz-dependencia\/#primaryimage"},"thumbnailUrl":"https:\/\/portaltela.pt\/s.01k8rhncp4jt1\/2026\/04\/1536x864_cmsv2_b5e07df8-565a-5b14-8b0d-3631d89cb509-9732900.jpg","keywords":["_a aeron\u00e1utica","_avia\u00e7\u00e3o","_Azerbaij\u00e3o","_coopera\u00e7\u00e3o internacional","_educa\u00e7\u00e3o","_organiza\u00e7\u00f5es internacionais"],"articleSection":["Tecnologia"],"inLanguage":"pt-PT"},{"@type":"WebPage","@id":"https:\/\/portaltela.pt\/noticias\/2026\/04\/30\/centro-de-formacao-no-azerbaijao-cumpre-normas-globais-e-reduz-dependencia\/","url":"https:\/\/portaltela.pt\/noticias\/2026\/04\/30\/centro-de-formacao-no-azerbaijao-cumpre-normas-globais-e-reduz-dependencia\/","name":"Centro de forma\u00e7\u00e3o no Azerbaij\u00e3o cumpre normas globais e reduz depend\u00eancia - Portal Tela Portugal","isPartOf":{"@id":"https:\/\/portaltela.pt\/#website"},"primaryImageOfPage":{"@id":"https:\/\/portaltela.pt\/noticias\/2026\/04\/30\/centro-de-formacao-no-azerbaijao-cumpre-normas-globais-e-reduz-dependencia\/#primaryimage"},"image":{"@id":"https:\/\/portaltela.pt\/noticias\/2026\/04\/30\/centro-de-formacao-no-azerbaijao-cumpre-normas-globais-e-reduz-dependencia\/#primaryimage"},"thumbnailUrl":"https:\/\/portaltela.pt\/s.01k8rhncp4jt1\/2026\/04\/1536x864_cmsv2_b5e07df8-565a-5b14-8b0d-3631d89cb509-9732900.jpg","datePublished":"2026-04-30T13:33:17+00:00","author":{"@id":"https:\/\/portaltela.pt\/#\/schema\/person\/c4278d4a6028830caff9ee44b42d32ed"},"breadcrumb":{"@id":"https:\/\/portaltela.pt\/noticias\/2026\/04\/30\/centro-de-formacao-no-azerbaijao-cumpre-normas-globais-e-reduz-dependencia\/#breadcrumb"},"inLanguage":"pt-PT","potentialAction":[{"@type":"ReadAction","target":["https:\/\/portaltela.pt\/noticias\/2026\/04\/30\/centro-de-formacao-no-azerbaijao-cumpre-normas-globais-e-reduz-dependencia\/"]}]},{"@type":"ImageObject","inLanguage":"pt-PT","@id":"https:\/\/portaltela.pt\/noticias\/2026\/04\/30\/centro-de-formacao-no-azerbaijao-cumpre-normas-globais-e-reduz-dependencia\/#primaryimage","url":"https:\/\/portaltela.pt\/s.01k8rhncp4jt1\/2026\/04\/1536x864_cmsv2_b5e07df8-565a-5b14-8b0d-3631d89cb509-9732900.jpg","contentUrl":"https:\/\/portaltela.pt\/s.01k8rhncp4jt1\/2026\/04\/1536x864_cmsv2_b5e07df8-565a-5b14-8b0d-3631d89cb509-9732900.jpg","width":796,"height":448,"caption":"Azerbaij\u00e3o: centro de forma\u00e7\u00e3o cumpre normas globais e reduz depend\u00eancia externa"},{"@type":"BreadcrumbList","@id":"https:\/\/portaltela.pt\/noticias\/2026\/04\/30\/centro-de-formacao-no-azerbaijao-cumpre-normas-globais-e-reduz-dependencia\/#breadcrumb","itemListElement":[{"@type":"ListItem","position":1,"name":"In\u00edcio","item":"https:\/\/portaltela.pt\/"},{"@type":"ListItem","position":2,"name":"Centro de forma\u00e7\u00e3o no Azerbaij\u00e3o cumpre normas globais e reduz depend\u00eancia"}]},{"@type":"WebSite","@id":"https:\/\/portaltela.pt\/#website","url":"https:\/\/portaltela.pt\/","name":"Portal Tela Portugal","description":"","potentialAction":[{"@type":"SearchAction","target":{"@type":"EntryPoint","urlTemplate":"https:\/\/portaltela.pt\/?s={search_term_string}"},"query-input":{"@type":"PropertyValueSpecification","valueRequired":true,"valueName":"search_term_string"}}],"inLanguage":"pt-PT"},{"@type":"Person","@id":"https:\/\/portaltela.pt\/#\/schema\/person\/c4278d4a6028830caff9ee44b42d32ed","name":"Telinha","image":{"@type":"ImageObject","inLanguage":"pt-PT","@id":"https:\/\/portaltela.pt\/s.01k8rhncp4jt1\/2025\/11\/talking-bot-125x125.png","url":"https:\/\/portaltela.pt\/s.01k8rhncp4jt1\/2025\/11\/talking-bot-125x125.png","contentUrl":"https:\/\/portaltela.pt\/s.01k8rhncp4jt1\/2025\/11\/talking-bot-125x125.png","caption":"Telinha"},"sameAs":["https:\/\/portaltela.pt\/"],"url":"https:\/\/portaltela.pt\/por\/367410592786\/"}]}},"_links":{"self":[{"href":"https:\/\/portaltela.pt\/api\/wp\/v2\/posts\/462495","targetHints":{"allow":["GET"]}}],"collection":[{"href":"https:\/\/portaltela.pt\/api\/wp\/v2\/posts"}],"about":[{"href":"https:\/\/portaltela.pt\/api\/wp\/v2\/types\/post"}],"author":[{"embeddable":true,"href":"https:\/\/portaltela.pt\/api\/wp\/v2\/users\/2"}],"replies":[{"embeddable":true,"href":"https:\/\/portaltela.pt\/api\/wp\/v2\/comments?post=462495"}],"version-history":[{"count":0,"href":"https:\/\/portaltela.pt\/api\/wp\/v2\/posts\/462495\/revisions"}],"wp:featuredmedia":[{"embeddable":true,"href":"https:\/\/portaltela.pt\/api\/wp\/v2\/media\/462504"}],"wp:attachment":[{"href":"https:\/\/portaltela.pt\/api\/wp\/v2\/media?parent=462495"}],"wp:term":[{"taxonomy":"category","embeddable":true,"href":"https:\/\/portaltela.pt\/api\/wp\/v2\/categories?post=462495"},{"taxonomy":"post_tag","embeddable":true,"href":"https:\/\/portaltela.pt\/api\/wp\/v2\/tags?post=462495"}],"curies":[{"name":"wp","href":"https:\/\/api.w.org\/{rel}","templated":true}]}}