{"id":462493,"date":"2026-04-30T10:33:16","date_gmt":"2026-04-30T13:33:16","guid":{"rendered":"https:\/\/portaltela.pt\/noticias\/2026\/04\/30\/inflacao-e-custo-de-vida-sobem-governo-mantem-tom-cauteloso\/"},"modified":"2026-04-30T10:33:16","modified_gmt":"2026-04-30T13:33:16","slug":"inflacao-e-custo-de-vida-sobem-governo-mantem-tom-cauteloso","status":"publish","type":"post","link":"https:\/\/portaltela.pt\/noticias\/economia\/2026\/04\/30\/inflacao-e-custo-de-vida-sobem-governo-mantem-tom-cauteloso\/","title":{"rendered":"Infla\u00e7\u00e3o e custo de vida sobem, Governo mant\u00e9m tom cauteloso"},"content":{"rendered":"<p>A estimativa r\u00e1pida do INE indica que a infla\u00e7\u00e3o acelerou para 3,4% em abril, acima de 0,7 p.p. face a mar\u00e7o, mantendo o consumo impulsionado pelos combust\u00edveis.<\/p>\n<p>A subida \u00e9 apresentada como algo relevante, mas sem indicativo de alarme imediato para o Governo.<\/p>\n<p>O primeiro-ministro Lu\u00eds Montenegro pediu pondera\u00e7\u00e3o, afirmando que o custo de vida est\u00e1 a aumentar e que a evolu\u00e7\u00e3o \u00e9 motivo de preocupa\u00e7\u00e3o sem justificar p\u00e2nico p\u00fablico.<\/p>\n<p>As declara\u00e7\u00f5es foram feitas \u00e0 margem de uma visita \u00e0 Ovibeja, em Beja, onde decorre hoje a reuni\u00e3o do Conselho de Ministros.<\/p>\n<p>O Governo acompanha de perto os dados divulgados pelo INE e analisa impactos na economia familiar e nos pre\u00e7os.<\/p>\n<p>Segundo o INE, os combust\u00edveis voltaram a ser o principal impulsionador da infla\u00e7\u00e3o em abril, contribuindo para a acelera\u00e7\u00e3o verificada.<\/p>\n","protected":false},"excerpt":{"rendered":"<ul>\n<li>O Instituto Nacional de Estat\u00edstica (INE) indicou que a infla\u00e7\u00e3o acelerou para 3,4% em abril, face a mar\u00e7o, impulsionada pelos combust\u00edveis.<\/li>\n<li>A subida representa 0,7 pontos percentuais em rela\u00e7\u00e3o ao m\u00eas anterior.<\/li>\n<li>O primeiro-ministro, Lu\u00eds Montenegro, disse que o custo de vida est\u00e1 a aumentar e que a situa\u00e7\u00e3o \u00e9 preocupante, mas ainda sem alarme.<\/li>\n<li>Montenegro falava \u00e0 margem da visita \u00e0 42.\u00aa Ovibeja, em Beja, onde decorre hoje a reuni\u00e3o do Conselho de Ministros.<\/li>\n<\/ul>\n","protected":false},"author":2,"featured_media":462502,"comment_status":"closed","ping_status":"closed","sticky":false,"template":"","format":"standard","meta":{"footnotes":""},"categories":[2,6850],"tags":[8201,943,7465,28,34,1676],"class_list":["post-462493","post","type-post","status-publish","format-standard","has-post-thumbnail","hentry","category-economia","category-financas","tag-_alentejo","tag-beja","tag-combustiveis","tag-economia","tag-governo","tag-inflacao"],"yoast_head":"<!-- This site is optimized with the Yoast SEO plugin v27.2 - https:\/\/yoast.com\/product\/yoast-seo-wordpress\/ -->\n<title>Infla\u00e7\u00e3o e custo de vida sobem, Governo mant\u00e9m tom cauteloso - Portal Tela Portugal<\/title>\n<meta name=\"robots\" content=\"index, follow, max-snippet:-1, max-image-preview:large, max-video-preview:-1\" \/>\n<meta property=\"og:locale\" content=\"pt_PT\" \/>\n<meta property=\"og:type\" content=\"article\" \/>\n<meta property=\"og:title\" content=\"Infla\u00e7\u00e3o e custo de vida sobem, Governo mant\u00e9m tom cauteloso - Portal Tela Portugal\" \/>\n<meta property=\"og:description\" content=\"O Instituto Nacional de Estat\u00edstica (INE) indicou que a infla\u00e7\u00e3o acelerou para 3,4% em abril, face a mar\u00e7o, impulsionada pelos combust\u00edveis. A subida representa 0,7 pontos percentuais em rela\u00e7\u00e3o ao m\u00eas anterior. O primeiro-ministro, Lu\u00eds Montenegro, disse que o custo de vida est\u00e1 a aumentar e que a situa\u00e7\u00e3o \u00e9 preocupante, mas ainda sem alarme. Montenegro falava \u00e0 margem da visita \u00e0 42.\u00aa Ovibeja, em Beja, onde decorre hoje a reuni\u00e3o do Conselho de Ministros.\" \/>\n<meta property=\"og:url\" content=\"https:\/\/portaltela.pt\/noticias\/2026\/04\/30\/inflacao-e-custo-de-vida-sobem-governo-mantem-tom-cauteloso\/\" \/>\n<meta property=\"og:site_name\" content=\"Portal Tela Portugal\" \/>\n<meta property=\"article:published_time\" content=\"2026-04-30T13:33:16+00:00\" \/>\n<meta name=\"author\" content=\"Telinha\" \/>\n<meta name=\"twitter:card\" content=\"summary_large_image\" \/>\n<meta name=\"twitter:label1\" content=\"Escrito por\" \/>\n\t<meta name=\"twitter:data1\" content=\"Telinha\" \/>\n\t<meta name=\"twitter:label2\" content=\"Tempo estimado de leitura\" \/>\n\t<meta name=\"twitter:data2\" content=\"1 minuto\" \/>\n<script type=\"application\/ld+json\" class=\"yoast-schema-graph\">{\"@context\":\"https:\/\/schema.org\",\"@graph\":[{\"@type\":\"Article\",\"@id\":\"https:\/\/portaltela.pt\/noticias\/2026\/04\/30\/inflacao-e-custo-de-vida-sobem-governo-mantem-tom-cauteloso\/#article\",\"isPartOf\":{\"@id\":\"https:\/\/portaltela.pt\/noticias\/2026\/04\/30\/inflacao-e-custo-de-vida-sobem-governo-mantem-tom-cauteloso\/\"},\"author\":{\"name\":\"Telinha\",\"@id\":\"https:\/\/portaltela.pt\/#\/schema\/person\/c4278d4a6028830caff9ee44b42d32ed\"},\"headline\":\"Infla\u00e7\u00e3o e custo de vida sobem, Governo mant\u00e9m tom cauteloso\",\"datePublished\":\"2026-04-30T13:33:16+00:00\",\"mainEntityOfPage\":{\"@id\":\"https:\/\/portaltela.pt\/noticias\/2026\/04\/30\/inflacao-e-custo-de-vida-sobem-governo-mantem-tom-cauteloso\/\"},\"wordCount\":154,\"image\":{\"@id\":\"https:\/\/portaltela.pt\/noticias\/2026\/04\/30\/inflacao-e-custo-de-vida-sobem-governo-mantem-tom-cauteloso\/#primaryimage\"},\"thumbnailUrl\":\"https:\/\/portaltela.pt\/s.01k8rhncp4jt1\/2026\/04\/img_1280x721uu2026-03-20-10-02-41-2273627.jpg\",\"keywords\":[\"_Alentejo\",\"Beja\",\"combust\u00edveis\",\"economia\",\"governo\",\"infla\u00e7\u00e3o\"],\"articleSection\":[\"Economia\",\"Finan\u00e7as\"],\"inLanguage\":\"pt-PT\"},{\"@type\":\"WebPage\",\"@id\":\"https:\/\/portaltela.pt\/noticias\/2026\/04\/30\/inflacao-e-custo-de-vida-sobem-governo-mantem-tom-cauteloso\/\",\"url\":\"https:\/\/portaltela.pt\/noticias\/2026\/04\/30\/inflacao-e-custo-de-vida-sobem-governo-mantem-tom-cauteloso\/\",\"name\":\"Infla\u00e7\u00e3o e custo de vida sobem, Governo mant\u00e9m tom cauteloso - Portal Tela Portugal\",\"isPartOf\":{\"@id\":\"https:\/\/portaltela.pt\/#website\"},\"primaryImageOfPage\":{\"@id\":\"https:\/\/portaltela.pt\/noticias\/2026\/04\/30\/inflacao-e-custo-de-vida-sobem-governo-mantem-tom-cauteloso\/#primaryimage\"},\"image\":{\"@id\":\"https:\/\/portaltela.pt\/noticias\/2026\/04\/30\/inflacao-e-custo-de-vida-sobem-governo-mantem-tom-cauteloso\/#primaryimage\"},\"thumbnailUrl\":\"https:\/\/portaltela.pt\/s.01k8rhncp4jt1\/2026\/04\/img_1280x721uu2026-03-20-10-02-41-2273627.jpg\",\"datePublished\":\"2026-04-30T13:33:16+00:00\",\"author\":{\"@id\":\"https:\/\/portaltela.pt\/#\/schema\/person\/c4278d4a6028830caff9ee44b42d32ed\"},\"breadcrumb\":{\"@id\":\"https:\/\/portaltela.pt\/noticias\/2026\/04\/30\/inflacao-e-custo-de-vida-sobem-governo-mantem-tom-cauteloso\/#breadcrumb\"},\"inLanguage\":\"pt-PT\",\"potentialAction\":[{\"@type\":\"ReadAction\",\"target\":[\"https:\/\/portaltela.pt\/noticias\/2026\/04\/30\/inflacao-e-custo-de-vida-sobem-governo-mantem-tom-cauteloso\/\"]}]},{\"@type\":\"ImageObject\",\"inLanguage\":\"pt-PT\",\"@id\":\"https:\/\/portaltela.pt\/noticias\/2026\/04\/30\/inflacao-e-custo-de-vida-sobem-governo-mantem-tom-cauteloso\/#primaryimage\",\"url\":\"https:\/\/portaltela.pt\/s.01k8rhncp4jt1\/2026\/04\/img_1280x721uu2026-03-20-10-02-41-2273627.jpg\",\"contentUrl\":\"https:\/\/portaltela.pt\/s.01k8rhncp4jt1\/2026\/04\/img_1280x721uu2026-03-20-10-02-41-2273627.jpg\",\"width\":796,\"height\":448,\"caption\":\"Primeiro-ministro, Lu\u00eds Montenegro\"},{\"@type\":\"BreadcrumbList\",\"@id\":\"https:\/\/portaltela.pt\/noticias\/2026\/04\/30\/inflacao-e-custo-de-vida-sobem-governo-mantem-tom-cauteloso\/#breadcrumb\",\"itemListElement\":[{\"@type\":\"ListItem\",\"position\":1,\"name\":\"In\u00edcio\",\"item\":\"https:\/\/portaltela.pt\/\"},{\"@type\":\"ListItem\",\"position\":2,\"name\":\"Infla\u00e7\u00e3o e custo de vida sobem, Governo mant\u00e9m tom cauteloso\"}]},{\"@type\":\"WebSite\",\"@id\":\"https:\/\/portaltela.pt\/#website\",\"url\":\"https:\/\/portaltela.pt\/\",\"name\":\"Portal Tela Portugal\",\"description\":\"\",\"potentialAction\":[{\"@type\":\"SearchAction\",\"target\":{\"@type\":\"EntryPoint\",\"urlTemplate\":\"https:\/\/portaltela.pt\/?s={search_term_string}\"},\"query-input\":{\"@type\":\"PropertyValueSpecification\",\"valueRequired\":true,\"valueName\":\"search_term_string\"}}],\"inLanguage\":\"pt-PT\"},{\"@type\":\"Person\",\"@id\":\"https:\/\/portaltela.pt\/#\/schema\/person\/c4278d4a6028830caff9ee44b42d32ed\",\"name\":\"Telinha\",\"image\":{\"@type\":\"ImageObject\",\"inLanguage\":\"pt-PT\",\"@id\":\"https:\/\/portaltela.pt\/s.01k8rhncp4jt1\/2025\/11\/talking-bot-125x125.png\",\"url\":\"https:\/\/portaltela.pt\/s.01k8rhncp4jt1\/2025\/11\/talking-bot-125x125.png\",\"contentUrl\":\"https:\/\/portaltela.pt\/s.01k8rhncp4jt1\/2025\/11\/talking-bot-125x125.png\",\"caption\":\"Telinha\"},\"sameAs\":[\"https:\/\/portaltela.pt\/\"],\"url\":\"https:\/\/portaltela.pt\/por\/367410592786\/\"}]}<\/script>\n<!-- \/ Yoast SEO plugin. -->","yoast_head_json":{"title":"Infla\u00e7\u00e3o e custo de vida sobem, Governo mant\u00e9m tom cauteloso - Portal Tela Portugal","robots":{"index":"index","follow":"follow","max-snippet":"max-snippet:-1","max-image-preview":"max-image-preview:large","max-video-preview":"max-video-preview:-1"},"og_locale":"pt_PT","og_type":"article","og_title":"Infla\u00e7\u00e3o e custo de vida sobem, Governo mant\u00e9m tom cauteloso - Portal Tela Portugal","og_description":"O Instituto Nacional de Estat\u00edstica (INE) indicou que a infla\u00e7\u00e3o acelerou para 3,4% em abril, face a mar\u00e7o, impulsionada pelos combust\u00edveis. A subida representa 0,7 pontos percentuais em rela\u00e7\u00e3o ao m\u00eas anterior. O primeiro-ministro, Lu\u00eds Montenegro, disse que o custo de vida est\u00e1 a aumentar e que a situa\u00e7\u00e3o \u00e9 preocupante, mas ainda sem alarme. Montenegro falava \u00e0 margem da visita \u00e0 42.\u00aa Ovibeja, em Beja, onde decorre hoje a reuni\u00e3o do Conselho de Ministros.","og_url":"https:\/\/portaltela.pt\/noticias\/2026\/04\/30\/inflacao-e-custo-de-vida-sobem-governo-mantem-tom-cauteloso\/","og_site_name":"Portal Tela Portugal","article_published_time":"2026-04-30T13:33:16+00:00","author":"Telinha","twitter_card":"summary_large_image","twitter_misc":{"Escrito por":"Telinha","Tempo estimado de leitura":"1 minuto"},"schema":{"@context":"https:\/\/schema.org","@graph":[{"@type":"Article","@id":"https:\/\/portaltela.pt\/noticias\/2026\/04\/30\/inflacao-e-custo-de-vida-sobem-governo-mantem-tom-cauteloso\/#article","isPartOf":{"@id":"https:\/\/portaltela.pt\/noticias\/2026\/04\/30\/inflacao-e-custo-de-vida-sobem-governo-mantem-tom-cauteloso\/"},"author":{"name":"Telinha","@id":"https:\/\/portaltela.pt\/#\/schema\/person\/c4278d4a6028830caff9ee44b42d32ed"},"headline":"Infla\u00e7\u00e3o e custo de vida sobem, Governo mant\u00e9m tom cauteloso","datePublished":"2026-04-30T13:33:16+00:00","mainEntityOfPage":{"@id":"https:\/\/portaltela.pt\/noticias\/2026\/04\/30\/inflacao-e-custo-de-vida-sobem-governo-mantem-tom-cauteloso\/"},"wordCount":154,"image":{"@id":"https:\/\/portaltela.pt\/noticias\/2026\/04\/30\/inflacao-e-custo-de-vida-sobem-governo-mantem-tom-cauteloso\/#primaryimage"},"thumbnailUrl":"https:\/\/portaltela.pt\/s.01k8rhncp4jt1\/2026\/04\/img_1280x721uu2026-03-20-10-02-41-2273627.jpg","keywords":["_Alentejo","Beja","combust\u00edveis","economia","governo","infla\u00e7\u00e3o"],"articleSection":["Economia","Finan\u00e7as"],"inLanguage":"pt-PT"},{"@type":"WebPage","@id":"https:\/\/portaltela.pt\/noticias\/2026\/04\/30\/inflacao-e-custo-de-vida-sobem-governo-mantem-tom-cauteloso\/","url":"https:\/\/portaltela.pt\/noticias\/2026\/04\/30\/inflacao-e-custo-de-vida-sobem-governo-mantem-tom-cauteloso\/","name":"Infla\u00e7\u00e3o e custo de vida sobem, Governo mant\u00e9m tom cauteloso - Portal Tela Portugal","isPartOf":{"@id":"https:\/\/portaltela.pt\/#website"},"primaryImageOfPage":{"@id":"https:\/\/portaltela.pt\/noticias\/2026\/04\/30\/inflacao-e-custo-de-vida-sobem-governo-mantem-tom-cauteloso\/#primaryimage"},"image":{"@id":"https:\/\/portaltela.pt\/noticias\/2026\/04\/30\/inflacao-e-custo-de-vida-sobem-governo-mantem-tom-cauteloso\/#primaryimage"},"thumbnailUrl":"https:\/\/portaltela.pt\/s.01k8rhncp4jt1\/2026\/04\/img_1280x721uu2026-03-20-10-02-41-2273627.jpg","datePublished":"2026-04-30T13:33:16+00:00","author":{"@id":"https:\/\/portaltela.pt\/#\/schema\/person\/c4278d4a6028830caff9ee44b42d32ed"},"breadcrumb":{"@id":"https:\/\/portaltela.pt\/noticias\/2026\/04\/30\/inflacao-e-custo-de-vida-sobem-governo-mantem-tom-cauteloso\/#breadcrumb"},"inLanguage":"pt-PT","potentialAction":[{"@type":"ReadAction","target":["https:\/\/portaltela.pt\/noticias\/2026\/04\/30\/inflacao-e-custo-de-vida-sobem-governo-mantem-tom-cauteloso\/"]}]},{"@type":"ImageObject","inLanguage":"pt-PT","@id":"https:\/\/portaltela.pt\/noticias\/2026\/04\/30\/inflacao-e-custo-de-vida-sobem-governo-mantem-tom-cauteloso\/#primaryimage","url":"https:\/\/portaltela.pt\/s.01k8rhncp4jt1\/2026\/04\/img_1280x721uu2026-03-20-10-02-41-2273627.jpg","contentUrl":"https:\/\/portaltela.pt\/s.01k8rhncp4jt1\/2026\/04\/img_1280x721uu2026-03-20-10-02-41-2273627.jpg","width":796,"height":448,"caption":"Primeiro-ministro, Lu\u00eds Montenegro"},{"@type":"BreadcrumbList","@id":"https:\/\/portaltela.pt\/noticias\/2026\/04\/30\/inflacao-e-custo-de-vida-sobem-governo-mantem-tom-cauteloso\/#breadcrumb","itemListElement":[{"@type":"ListItem","position":1,"name":"In\u00edcio","item":"https:\/\/portaltela.pt\/"},{"@type":"ListItem","position":2,"name":"Infla\u00e7\u00e3o e custo de vida sobem, Governo mant\u00e9m tom cauteloso"}]},{"@type":"WebSite","@id":"https:\/\/portaltela.pt\/#website","url":"https:\/\/portaltela.pt\/","name":"Portal Tela Portugal","description":"","potentialAction":[{"@type":"SearchAction","target":{"@type":"EntryPoint","urlTemplate":"https:\/\/portaltela.pt\/?s={search_term_string}"},"query-input":{"@type":"PropertyValueSpecification","valueRequired":true,"valueName":"search_term_string"}}],"inLanguage":"pt-PT"},{"@type":"Person","@id":"https:\/\/portaltela.pt\/#\/schema\/person\/c4278d4a6028830caff9ee44b42d32ed","name":"Telinha","image":{"@type":"ImageObject","inLanguage":"pt-PT","@id":"https:\/\/portaltela.pt\/s.01k8rhncp4jt1\/2025\/11\/talking-bot-125x125.png","url":"https:\/\/portaltela.pt\/s.01k8rhncp4jt1\/2025\/11\/talking-bot-125x125.png","contentUrl":"https:\/\/portaltela.pt\/s.01k8rhncp4jt1\/2025\/11\/talking-bot-125x125.png","caption":"Telinha"},"sameAs":["https:\/\/portaltela.pt\/"],"url":"https:\/\/portaltela.pt\/por\/367410592786\/"}]}},"_links":{"self":[{"href":"https:\/\/portaltela.pt\/api\/wp\/v2\/posts\/462493","targetHints":{"allow":["GET"]}}],"collection":[{"href":"https:\/\/portaltela.pt\/api\/wp\/v2\/posts"}],"about":[{"href":"https:\/\/portaltela.pt\/api\/wp\/v2\/types\/post"}],"author":[{"embeddable":true,"href":"https:\/\/portaltela.pt\/api\/wp\/v2\/users\/2"}],"replies":[{"embeddable":true,"href":"https:\/\/portaltela.pt\/api\/wp\/v2\/comments?post=462493"}],"version-history":[{"count":0,"href":"https:\/\/portaltela.pt\/api\/wp\/v2\/posts\/462493\/revisions"}],"wp:featuredmedia":[{"embeddable":true,"href":"https:\/\/portaltela.pt\/api\/wp\/v2\/media\/462502"}],"wp:attachment":[{"href":"https:\/\/portaltela.pt\/api\/wp\/v2\/media?parent=462493"}],"wp:term":[{"taxonomy":"category","embeddable":true,"href":"https:\/\/portaltela.pt\/api\/wp\/v2\/categories?post=462493"},{"taxonomy":"post_tag","embeddable":true,"href":"https:\/\/portaltela.pt\/api\/wp\/v2\/tags?post=462493"}],"curies":[{"name":"wp","href":"https:\/\/api.w.org\/{rel}","templated":true}]}}