{"id":462492,"date":"2026-04-30T10:33:16","date_gmt":"2026-04-30T13:33:16","guid":{"rendered":"https:\/\/portaltela.pt\/noticias\/2026\/04\/30\/camilla-e-sarah-jessica-parker-em-nova-iorque-mostram-literatura-e-estilo\/"},"modified":"2026-04-30T10:33:16","modified_gmt":"2026-04-30T13:33:16","slug":"camilla-e-sarah-jessica-parker-em-nova-iorque-mostram-literatura-e-estilo","status":"publish","type":"post","link":"https:\/\/portaltela.pt\/noticias\/2026\/04\/30\/camilla-e-sarah-jessica-parker-em-nova-iorque-mostram-literatura-e-estilo\/","title":{"rendered":"Camilla e Sarah Jessica Parker em Nova Iorque mostram literatura e estilo"},"content":{"rendered":"<p>Camilla, a rainha consorte do Reino Unido, e Sarah Jessica Parker, ic\u00f3nica atriz de cinema, viveram um encontro marcado pela leitura e pela cultura em Nova Iorque. O evento decorreu na Biblioteca P\u00fablica de Nova Iorque, no cora\u00e7\u00e3o de Manhattan, integrando a agenda da visita de Estado de Camilla.<\/p>\n<p>A atriz, conhecida por interpretar Carrie Bradshaw, participou num momento dedicado \u00e0 promo\u00e7\u00e3o de livros, num ambiente onde o protocolo deu lugar a uma atmosfera mais descontra\u00edda. Figuras do mundo editorial e da cultura marcaram presen\u00e7a, incluindo nomes de refer\u00eancia na moda e comunica\u00e7\u00e3o.<\/p>\n<p>A reuni\u00e3o seguiu o eixo de promo\u00e7\u00e3o liter\u00e1ria, com Camilla a manter a postura institucional, enquanto Parker assumiu um registo mais expressivo. O encontro simbolizou a uni\u00e3o entre literatura, imagem p\u00fablica e recep\u00e7\u00e3o nova-iorquina.<\/p>\n<h3>Gesto simb\u00f3lico e patrim\u00f3nio<\/h3>\n<p>Num momento marcante, Camilla ofereceu \u00e0 biblioteca uma r\u00e9plica do peluche Roo, do universo Winnie-the-Pooh, para integrar a cole\u00e7\u00e3o, em celebra\u00e7\u00e3o do centen\u00e1rio da obra. A a\u00e7\u00e3o foi destacada pela Casa Real brit\u00e2nica nas redes oficiais, associando leitura e legado liter\u00e1rio.<\/p>\n<p>A visita incluiu contactos com organiza\u00e7\u00f5es que apoiam v\u00edtimas de viol\u00eancia dom\u00e9stica, que utilizam a biblioteca como recurso comunit\u00e1rio. O objetivo foi apoiar iniciativas sociais associadas ao espa\u00e7o cultural.<\/p>\n<p>A passagem de Camilla pelos Estados Unidos faz parte de uma visita de Estado acompanhando o rei Carlos III, fortalecendo rela\u00e7\u00f5es transatl\u00e2nticas. A visita come\u00e7ou na Casa Branca, com encontros formais, honra militar e banquete de Estado.<\/p>\n<h3>Nova Iorque como palco de encontros<\/h3>\n<p>A cidade serviu de cen\u00e1rio para a converg\u00eancia de universos distintos. Al\u00e9m da troca entre uma l\u00edder brit\u00e2nica e uma estrela de televis\u00e3o, a biblioteca surgiu como espa\u00e7o de mem\u00f3ria liter\u00e1ria e de di\u00e1logo entre mundos.<\/p>\n<p>A presen\u00e7a de Camilla e Parker mostrou como Nova Iorque pode aproximar protocolos oficiais de momentos culturais. A cidade continua a funcionar como palco natural para encontros improv\u00e1veis entre figuras p\u00fablicas.<\/p>\n","protected":false},"excerpt":{"rendered":"<ul>\n<li>Rainha Camilla e a atriz Sarah Jessica Parker participaram num evento de leitura na Biblioteca P\u00fablica de Nova Iorque, juntando literatura, cultura e a aura nova-iorquina.<\/li>\n<li>Sarah Jessica Parker chegou ligada ao seu papel em \u201cO Sexo e a Cidade\u201d, enquanto Camilla manteve um estilo institucional; estiveram presentes figuras do mundo editorial, como Anna Wintour.<\/li>\n<li>Camilla ofereceu \u00e0 biblioteca uma r\u00e9plica do peluche Roo, do Winnie-the-Pooh, para assinalar o centen\u00e1rio da obra; o objeto passar\u00e1 a integrar a cole\u00e7\u00e3o da institui\u00e7\u00e3o.<\/li>\n<li>A visita incluiu contactos com organiza\u00e7\u00f5es que apoiam v\u00edtimas de viol\u00eancia dom\u00e9stica, que utilizam a biblioteca como recurso comunit\u00e1rio.<\/li>\n<li>A passagem por solo americano faz parte de uma visita de Estado com o Rei Charles III, seguindo uma passagem pela Casa Branca para encontros formais com o presidente e a primeira-dama.<\/li>\n<\/ul>\n","protected":false},"author":2,"featured_media":462499,"comment_status":"closed","ping_status":"closed","sticky":false,"template":"","format":"standard","meta":{"footnotes":""},"categories":[7375,1],"tags":[7936,7992,7756,8106,8527,7946],"class_list":["post-462492","post","type-post","status-publish","format-standard","has-post-thumbnail","hentry","category-cultura","category-noticias","tag-_acao-social","tag-_bibliotecas-arquivos","tag-_cultura","tag-_literatura","tag-_nova-york","tag-_relacoes-internacionais"],"yoast_head":"<!-- This site is optimized with the Yoast SEO plugin v27.2 - https:\/\/yoast.com\/product\/yoast-seo-wordpress\/ -->\n<title>Camilla e Sarah Jessica Parker em Nova Iorque mostram literatura e estilo - Portal Tela Portugal<\/title>\n<meta name=\"robots\" content=\"index, follow, max-snippet:-1, max-image-preview:large, max-video-preview:-1\" \/>\n<meta property=\"og:locale\" content=\"pt_PT\" \/>\n<meta property=\"og:type\" content=\"article\" \/>\n<meta property=\"og:title\" content=\"Camilla e Sarah Jessica Parker em Nova Iorque mostram literatura e estilo - Portal Tela Portugal\" \/>\n<meta property=\"og:description\" content=\"Rainha Camilla e a atriz Sarah Jessica Parker participaram num evento de leitura na Biblioteca P\u00fablica de Nova Iorque, juntando literatura, cultura e a aura nova-iorquina. Sarah Jessica Parker chegou ligada ao seu papel em \u201cO Sexo e a Cidade\u201d, enquanto Camilla manteve um estilo institucional; estiveram presentes figuras do mundo editorial, como Anna Wintour. Camilla ofereceu \u00e0 biblioteca uma r\u00e9plica do peluche Roo, do Winnie-the-Pooh, para assinalar o centen\u00e1rio da obra; o objeto passar\u00e1 a integrar a cole\u00e7\u00e3o da institui\u00e7\u00e3o. A visita incluiu contactos com organiza\u00e7\u00f5es que apoiam v\u00edtimas de viol\u00eancia dom\u00e9stica, que utilizam a biblioteca como recurso comunit\u00e1rio. A passagem por solo americano faz parte de uma visita de Estado com o Rei Charles III, seguindo uma passagem pela Casa Branca para encontros formais com o presidente e a primeira-dama.\" \/>\n<meta property=\"og:url\" content=\"https:\/\/portaltela.pt\/noticias\/2026\/04\/30\/camilla-e-sarah-jessica-parker-em-nova-iorque-mostram-literatura-e-estilo\/\" \/>\n<meta property=\"og:site_name\" content=\"Portal Tela Portugal\" \/>\n<meta property=\"article:published_time\" content=\"2026-04-30T13:33:16+00:00\" \/>\n<meta name=\"author\" content=\"Telinha\" \/>\n<meta name=\"twitter:card\" content=\"summary_large_image\" \/>\n<meta name=\"twitter:label1\" content=\"Escrito por\" \/>\n\t<meta name=\"twitter:data1\" content=\"Telinha\" \/>\n\t<meta name=\"twitter:label2\" content=\"Tempo estimado de leitura\" \/>\n\t<meta name=\"twitter:data2\" content=\"2 minutos\" \/>\n<script type=\"application\/ld+json\" class=\"yoast-schema-graph\">{\"@context\":\"https:\/\/schema.org\",\"@graph\":[{\"@type\":\"Article\",\"@id\":\"https:\/\/portaltela.pt\/noticias\/2026\/04\/30\/camilla-e-sarah-jessica-parker-em-nova-iorque-mostram-literatura-e-estilo\/#article\",\"isPartOf\":{\"@id\":\"https:\/\/portaltela.pt\/noticias\/2026\/04\/30\/camilla-e-sarah-jessica-parker-em-nova-iorque-mostram-literatura-e-estilo\/\"},\"author\":{\"name\":\"Telinha\",\"@id\":\"https:\/\/portaltela.pt\/#\/schema\/person\/c4278d4a6028830caff9ee44b42d32ed\"},\"headline\":\"Camilla e Sarah Jessica Parker em Nova Iorque mostram literatura e estilo\",\"datePublished\":\"2026-04-30T13:33:16+00:00\",\"mainEntityOfPage\":{\"@id\":\"https:\/\/portaltela.pt\/noticias\/2026\/04\/30\/camilla-e-sarah-jessica-parker-em-nova-iorque-mostram-literatura-e-estilo\/\"},\"wordCount\":366,\"image\":{\"@id\":\"https:\/\/portaltela.pt\/noticias\/2026\/04\/30\/camilla-e-sarah-jessica-parker-em-nova-iorque-mostram-literatura-e-estilo\/#primaryimage\"},\"thumbnailUrl\":\"https:\/\/portaltela.pt\/s.01k8rhncp4jt1\/2026\/04\/4811ea70-9b42-4989-aa4a-1907c2a30999_1200x675.jpg\",\"keywords\":[\"_a\u00e7\u00e3o social\",\"_bibliotecas\/arquivos\",\"_cultura\",\"_literatura\",\"_Nova York\",\"_rela\u00e7\u00f5es internacionais\"],\"articleSection\":[\"Cultura\",\"Not\u00edcias\"],\"inLanguage\":\"pt-PT\"},{\"@type\":\"WebPage\",\"@id\":\"https:\/\/portaltela.pt\/noticias\/2026\/04\/30\/camilla-e-sarah-jessica-parker-em-nova-iorque-mostram-literatura-e-estilo\/\",\"url\":\"https:\/\/portaltela.pt\/noticias\/2026\/04\/30\/camilla-e-sarah-jessica-parker-em-nova-iorque-mostram-literatura-e-estilo\/\",\"name\":\"Camilla e Sarah Jessica Parker em Nova Iorque mostram literatura e estilo - Portal Tela Portugal\",\"isPartOf\":{\"@id\":\"https:\/\/portaltela.pt\/#website\"},\"primaryImageOfPage\":{\"@id\":\"https:\/\/portaltela.pt\/noticias\/2026\/04\/30\/camilla-e-sarah-jessica-parker-em-nova-iorque-mostram-literatura-e-estilo\/#primaryimage\"},\"image\":{\"@id\":\"https:\/\/portaltela.pt\/noticias\/2026\/04\/30\/camilla-e-sarah-jessica-parker-em-nova-iorque-mostram-literatura-e-estilo\/#primaryimage\"},\"thumbnailUrl\":\"https:\/\/portaltela.pt\/s.01k8rhncp4jt1\/2026\/04\/4811ea70-9b42-4989-aa4a-1907c2a30999_1200x675.jpg\",\"datePublished\":\"2026-04-30T13:33:16+00:00\",\"author\":{\"@id\":\"https:\/\/portaltela.pt\/#\/schema\/person\/c4278d4a6028830caff9ee44b42d32ed\"},\"breadcrumb\":{\"@id\":\"https:\/\/portaltela.pt\/noticias\/2026\/04\/30\/camilla-e-sarah-jessica-parker-em-nova-iorque-mostram-literatura-e-estilo\/#breadcrumb\"},\"inLanguage\":\"pt-PT\",\"potentialAction\":[{\"@type\":\"ReadAction\",\"target\":[\"https:\/\/portaltela.pt\/noticias\/2026\/04\/30\/camilla-e-sarah-jessica-parker-em-nova-iorque-mostram-literatura-e-estilo\/\"]}]},{\"@type\":\"ImageObject\",\"inLanguage\":\"pt-PT\",\"@id\":\"https:\/\/portaltela.pt\/noticias\/2026\/04\/30\/camilla-e-sarah-jessica-parker-em-nova-iorque-mostram-literatura-e-estilo\/#primaryimage\",\"url\":\"https:\/\/portaltela.pt\/s.01k8rhncp4jt1\/2026\/04\/4811ea70-9b42-4989-aa4a-1907c2a30999_1200x675.jpg\",\"contentUrl\":\"https:\/\/portaltela.pt\/s.01k8rhncp4jt1\/2026\/04\/4811ea70-9b42-4989-aa4a-1907c2a30999_1200x675.jpg\",\"width\":796,\"height\":448,\"caption\":\"Photo\"},{\"@type\":\"BreadcrumbList\",\"@id\":\"https:\/\/portaltela.pt\/noticias\/2026\/04\/30\/camilla-e-sarah-jessica-parker-em-nova-iorque-mostram-literatura-e-estilo\/#breadcrumb\",\"itemListElement\":[{\"@type\":\"ListItem\",\"position\":1,\"name\":\"In\u00edcio\",\"item\":\"https:\/\/portaltela.pt\/\"},{\"@type\":\"ListItem\",\"position\":2,\"name\":\"Camilla e Sarah Jessica Parker em Nova Iorque mostram literatura e estilo\"}]},{\"@type\":\"WebSite\",\"@id\":\"https:\/\/portaltela.pt\/#website\",\"url\":\"https:\/\/portaltela.pt\/\",\"name\":\"Portal Tela Portugal\",\"description\":\"\",\"potentialAction\":[{\"@type\":\"SearchAction\",\"target\":{\"@type\":\"EntryPoint\",\"urlTemplate\":\"https:\/\/portaltela.pt\/?s={search_term_string}\"},\"query-input\":{\"@type\":\"PropertyValueSpecification\",\"valueRequired\":true,\"valueName\":\"search_term_string\"}}],\"inLanguage\":\"pt-PT\"},{\"@type\":\"Person\",\"@id\":\"https:\/\/portaltela.pt\/#\/schema\/person\/c4278d4a6028830caff9ee44b42d32ed\",\"name\":\"Telinha\",\"image\":{\"@type\":\"ImageObject\",\"inLanguage\":\"pt-PT\",\"@id\":\"https:\/\/portaltela.pt\/s.01k8rhncp4jt1\/2025\/11\/talking-bot-125x125.png\",\"url\":\"https:\/\/portaltela.pt\/s.01k8rhncp4jt1\/2025\/11\/talking-bot-125x125.png\",\"contentUrl\":\"https:\/\/portaltela.pt\/s.01k8rhncp4jt1\/2025\/11\/talking-bot-125x125.png\",\"caption\":\"Telinha\"},\"sameAs\":[\"https:\/\/portaltela.pt\/\"],\"url\":\"https:\/\/portaltela.pt\/por\/367410592786\/\"}]}<\/script>\n<!-- \/ Yoast SEO plugin. -->","yoast_head_json":{"title":"Camilla e Sarah Jessica Parker em Nova Iorque mostram literatura e estilo - Portal Tela Portugal","robots":{"index":"index","follow":"follow","max-snippet":"max-snippet:-1","max-image-preview":"max-image-preview:large","max-video-preview":"max-video-preview:-1"},"og_locale":"pt_PT","og_type":"article","og_title":"Camilla e Sarah Jessica Parker em Nova Iorque mostram literatura e estilo - Portal Tela Portugal","og_description":"Rainha Camilla e a atriz Sarah Jessica Parker participaram num evento de leitura na Biblioteca P\u00fablica de Nova Iorque, juntando literatura, cultura e a aura nova-iorquina. Sarah Jessica Parker chegou ligada ao seu papel em \u201cO Sexo e a Cidade\u201d, enquanto Camilla manteve um estilo institucional; estiveram presentes figuras do mundo editorial, como Anna Wintour. Camilla ofereceu \u00e0 biblioteca uma r\u00e9plica do peluche Roo, do Winnie-the-Pooh, para assinalar o centen\u00e1rio da obra; o objeto passar\u00e1 a integrar a cole\u00e7\u00e3o da institui\u00e7\u00e3o. A visita incluiu contactos com organiza\u00e7\u00f5es que apoiam v\u00edtimas de viol\u00eancia dom\u00e9stica, que utilizam a biblioteca como recurso comunit\u00e1rio. A passagem por solo americano faz parte de uma visita de Estado com o Rei Charles III, seguindo uma passagem pela Casa Branca para encontros formais com o presidente e a primeira-dama.","og_url":"https:\/\/portaltela.pt\/noticias\/2026\/04\/30\/camilla-e-sarah-jessica-parker-em-nova-iorque-mostram-literatura-e-estilo\/","og_site_name":"Portal Tela Portugal","article_published_time":"2026-04-30T13:33:16+00:00","author":"Telinha","twitter_card":"summary_large_image","twitter_misc":{"Escrito por":"Telinha","Tempo estimado de leitura":"2 minutos"},"schema":{"@context":"https:\/\/schema.org","@graph":[{"@type":"Article","@id":"https:\/\/portaltela.pt\/noticias\/2026\/04\/30\/camilla-e-sarah-jessica-parker-em-nova-iorque-mostram-literatura-e-estilo\/#article","isPartOf":{"@id":"https:\/\/portaltela.pt\/noticias\/2026\/04\/30\/camilla-e-sarah-jessica-parker-em-nova-iorque-mostram-literatura-e-estilo\/"},"author":{"name":"Telinha","@id":"https:\/\/portaltela.pt\/#\/schema\/person\/c4278d4a6028830caff9ee44b42d32ed"},"headline":"Camilla e Sarah Jessica Parker em Nova Iorque mostram literatura e estilo","datePublished":"2026-04-30T13:33:16+00:00","mainEntityOfPage":{"@id":"https:\/\/portaltela.pt\/noticias\/2026\/04\/30\/camilla-e-sarah-jessica-parker-em-nova-iorque-mostram-literatura-e-estilo\/"},"wordCount":366,"image":{"@id":"https:\/\/portaltela.pt\/noticias\/2026\/04\/30\/camilla-e-sarah-jessica-parker-em-nova-iorque-mostram-literatura-e-estilo\/#primaryimage"},"thumbnailUrl":"https:\/\/portaltela.pt\/s.01k8rhncp4jt1\/2026\/04\/4811ea70-9b42-4989-aa4a-1907c2a30999_1200x675.jpg","keywords":["_a\u00e7\u00e3o social","_bibliotecas\/arquivos","_cultura","_literatura","_Nova York","_rela\u00e7\u00f5es internacionais"],"articleSection":["Cultura","Not\u00edcias"],"inLanguage":"pt-PT"},{"@type":"WebPage","@id":"https:\/\/portaltela.pt\/noticias\/2026\/04\/30\/camilla-e-sarah-jessica-parker-em-nova-iorque-mostram-literatura-e-estilo\/","url":"https:\/\/portaltela.pt\/noticias\/2026\/04\/30\/camilla-e-sarah-jessica-parker-em-nova-iorque-mostram-literatura-e-estilo\/","name":"Camilla e Sarah Jessica Parker em Nova Iorque mostram literatura e estilo - Portal Tela Portugal","isPartOf":{"@id":"https:\/\/portaltela.pt\/#website"},"primaryImageOfPage":{"@id":"https:\/\/portaltela.pt\/noticias\/2026\/04\/30\/camilla-e-sarah-jessica-parker-em-nova-iorque-mostram-literatura-e-estilo\/#primaryimage"},"image":{"@id":"https:\/\/portaltela.pt\/noticias\/2026\/04\/30\/camilla-e-sarah-jessica-parker-em-nova-iorque-mostram-literatura-e-estilo\/#primaryimage"},"thumbnailUrl":"https:\/\/portaltela.pt\/s.01k8rhncp4jt1\/2026\/04\/4811ea70-9b42-4989-aa4a-1907c2a30999_1200x675.jpg","datePublished":"2026-04-30T13:33:16+00:00","author":{"@id":"https:\/\/portaltela.pt\/#\/schema\/person\/c4278d4a6028830caff9ee44b42d32ed"},"breadcrumb":{"@id":"https:\/\/portaltela.pt\/noticias\/2026\/04\/30\/camilla-e-sarah-jessica-parker-em-nova-iorque-mostram-literatura-e-estilo\/#breadcrumb"},"inLanguage":"pt-PT","potentialAction":[{"@type":"ReadAction","target":["https:\/\/portaltela.pt\/noticias\/2026\/04\/30\/camilla-e-sarah-jessica-parker-em-nova-iorque-mostram-literatura-e-estilo\/"]}]},{"@type":"ImageObject","inLanguage":"pt-PT","@id":"https:\/\/portaltela.pt\/noticias\/2026\/04\/30\/camilla-e-sarah-jessica-parker-em-nova-iorque-mostram-literatura-e-estilo\/#primaryimage","url":"https:\/\/portaltela.pt\/s.01k8rhncp4jt1\/2026\/04\/4811ea70-9b42-4989-aa4a-1907c2a30999_1200x675.jpg","contentUrl":"https:\/\/portaltela.pt\/s.01k8rhncp4jt1\/2026\/04\/4811ea70-9b42-4989-aa4a-1907c2a30999_1200x675.jpg","width":796,"height":448,"caption":"Photo"},{"@type":"BreadcrumbList","@id":"https:\/\/portaltela.pt\/noticias\/2026\/04\/30\/camilla-e-sarah-jessica-parker-em-nova-iorque-mostram-literatura-e-estilo\/#breadcrumb","itemListElement":[{"@type":"ListItem","position":1,"name":"In\u00edcio","item":"https:\/\/portaltela.pt\/"},{"@type":"ListItem","position":2,"name":"Camilla e Sarah Jessica Parker em Nova Iorque mostram literatura e estilo"}]},{"@type":"WebSite","@id":"https:\/\/portaltela.pt\/#website","url":"https:\/\/portaltela.pt\/","name":"Portal Tela Portugal","description":"","potentialAction":[{"@type":"SearchAction","target":{"@type":"EntryPoint","urlTemplate":"https:\/\/portaltela.pt\/?s={search_term_string}"},"query-input":{"@type":"PropertyValueSpecification","valueRequired":true,"valueName":"search_term_string"}}],"inLanguage":"pt-PT"},{"@type":"Person","@id":"https:\/\/portaltela.pt\/#\/schema\/person\/c4278d4a6028830caff9ee44b42d32ed","name":"Telinha","image":{"@type":"ImageObject","inLanguage":"pt-PT","@id":"https:\/\/portaltela.pt\/s.01k8rhncp4jt1\/2025\/11\/talking-bot-125x125.png","url":"https:\/\/portaltela.pt\/s.01k8rhncp4jt1\/2025\/11\/talking-bot-125x125.png","contentUrl":"https:\/\/portaltela.pt\/s.01k8rhncp4jt1\/2025\/11\/talking-bot-125x125.png","caption":"Telinha"},"sameAs":["https:\/\/portaltela.pt\/"],"url":"https:\/\/portaltela.pt\/por\/367410592786\/"}]}},"_links":{"self":[{"href":"https:\/\/portaltela.pt\/api\/wp\/v2\/posts\/462492","targetHints":{"allow":["GET"]}}],"collection":[{"href":"https:\/\/portaltela.pt\/api\/wp\/v2\/posts"}],"about":[{"href":"https:\/\/portaltela.pt\/api\/wp\/v2\/types\/post"}],"author":[{"embeddable":true,"href":"https:\/\/portaltela.pt\/api\/wp\/v2\/users\/2"}],"replies":[{"embeddable":true,"href":"https:\/\/portaltela.pt\/api\/wp\/v2\/comments?post=462492"}],"version-history":[{"count":0,"href":"https:\/\/portaltela.pt\/api\/wp\/v2\/posts\/462492\/revisions"}],"wp:featuredmedia":[{"embeddable":true,"href":"https:\/\/portaltela.pt\/api\/wp\/v2\/media\/462499"}],"wp:attachment":[{"href":"https:\/\/portaltela.pt\/api\/wp\/v2\/media?parent=462492"}],"wp:term":[{"taxonomy":"category","embeddable":true,"href":"https:\/\/portaltela.pt\/api\/wp\/v2\/categories?post=462492"},{"taxonomy":"post_tag","embeddable":true,"href":"https:\/\/portaltela.pt\/api\/wp\/v2\/tags?post=462492"}],"curies":[{"name":"wp","href":"https:\/\/api.w.org\/{rel}","templated":true}]}}