{"id":462490,"date":"2026-04-30T10:33:15","date_gmt":"2026-04-30T13:33:15","guid":{"rendered":"https:\/\/portaltela.pt\/noticias\/2026\/04\/30\/ocde-alerta-que-saude-mental-custa-76-mil-milhoes-ano-as-economias-europeias\/"},"modified":"2026-04-30T10:33:15","modified_gmt":"2026-04-30T13:33:15","slug":"ocde-alerta-que-saude-mental-custa-76-mil-milhoes-ano-as-economias-europeias","status":"publish","type":"post","link":"https:\/\/portaltela.pt\/saude\/2026\/04\/30\/ocde-alerta-que-saude-mental-custa-76-mil-milhoes-ano-as-economias-europeias\/","title":{"rendered":"OCDE alerta que sa\u00fade mental custa 76 mil milh\u00f5es\/ano \u00e0s economias europeias"},"content":{"rendered":"<p>O relat\u00f3rio da OCDE afirma que a m\u00e1 sa\u00fade mental custa cerca de 76 mil milh\u00f5es de euros por ano \u00e0s economias europeias, o equivalente a 6% dos or\u00e7amentos de sa\u00fade. O estudo destaca que o impacto vai al\u00e9m do indiv\u00edduo, afetando diretamente recursos e produtividade.<\/p>\n<p>Segundo a OCDE, as perturba\u00e7\u00f5es mentais agravam outras doen\u00e7as f\u00edsicas, elevando a complexidade e o custo dos tratamentos. O documento antecipa ainda um impacto significativo no mercado de trabalho e no PIB entre 2025 e 2050.<\/p>\n<p>A an\u00e1lise aponta que epis\u00f3dios depressivos major, ansiedade generalizada e problemas ligados ao \u00e1lcool reduzem, em conjunto, a hopeira de vida saud\u00e1vel da UE em 2,5 anos nos pr\u00f3ximos 25 anos, resultando em cerca de 28 mil mortes prematuras anuais.<\/p>\n<h3>Impacto econ\u00f3mico e demogr\u00e1fico<\/h3>\n<p>A OCDE refere que, nos \u00faltimos 20 anos, a taxa de perturba\u00e7\u00f5es mentais aumentou cerca de 21% entre os pa\u00edses membros. Hoje, mais de 1 em cada 5 pessoas na UE e na OCDE \u00e9 afetada por uma perturba\u00e7\u00e3o mental.<\/p>\n<p>As perturba\u00e7\u00f5es de ansiedade representam a maioria dos casos, seguidas pelas depressivas e pelas associadas ao consumo de subst\u00e2ncias. Muitas situa\u00e7\u00f5es permanecem subdiagnosticadas por estigma e limita\u00e7\u00f5es dos sistemas de sa\u00fade.<\/p>\n<h3>Grupos mais afetados<\/h3>\n<p>Mulheres, jovens e pessoas com baixos rendimentos s\u00e3o os grupos mais atingidos. Entre jovens de 15 a 24 anos, mais de 25% j\u00e1 sofreu de uma perturba\u00e7\u00e3o mental, segundo dados da OCDE.<\/p>\n<p>A tend\u00eancia \u00e9 preocupante porque perturba\u00e7\u00f5es surgidas antes dos 24 tendem a prolongar-se na idade adulta se n\u00e3o tratadas. Fatores como pandemia, guerra, instabilidade geopol\u00edtica e crises econ\u00f3micas ajudam a explicar o aumento.<\/p>\n<h3>Fatores sociais e tecnol\u00f3gicos<\/h3>\n<p>Os autores destacam ainda que a ansiedade ligada \u00e0s altera\u00e7\u00f5es clim\u00e1ticas \u00e9 uma preocupa\u00e7\u00e3o crescente entre os jovens, com 84% a manifestarem algum grau de ansiedade sobre o futuro do planeta. O uso problem\u00e1tico das redes sociais \u00e9 outro fator em ascens\u00e3o.<\/p>\n<p>Geralmente, a sa\u00fade mental melhora com a idade adulta, com exce\u00e7\u00e3o de um ligeiro aumento em idosos com 95+ anos. A an\u00e1lise sugere que o contexto de vida influencia fortemente esses padr\u00f5es.<\/p>\n<h3>Desafios de acesso e pol\u00edticas p\u00fablicas<\/h3>\n<p>A maioria dos pa\u00edses j\u00e1 tem quadros pol\u00edticos para a sa\u00fade mental, mas o acesso a cuidados continua deficiente. Cerca de 67,5% das pessoas que precisam de cuidados n\u00e3o recebem tratamento na UE.<\/p>\n<p>Entre os obst\u00e1culos est\u00e3o custos diretos para terapias, falta de servi\u00e7os em zonas rurais e escassez de profissionais. O relat\u00f3rio enfatiza o papel de interven\u00e7\u00f5es comunit\u00e1rias, prim\u00e1rias, escolares e laborais.<\/p>\n<h3>Caminhos de reforma<\/h3>\n<p>Os investigadores defendem uma mudan\u00e7a de foco: reduzir a resposta hospitalar em favor de a\u00e7\u00f5es precoces fora do hospital. Atrasos no tratamento agravam o progn\u00f3stico e aumentam custos, apontam os autores.<\/p>\n","protected":false},"excerpt":{"rendered":"<ul>\n<li>A m\u00e1 sa\u00fade mental custa cerca de 76 mil milh\u00f5es de euros por ano \u00e0s economias europeias, representando cerca de 6% dos or\u00e7amentos totais da sa\u00fade.<\/li>\n<li>O impacto econ\u00f3mico inclui uma redu\u00e7\u00e3o prevista do PIB de 1,7% por ano entre 2025 e 2050, devido a menor participa\u00e7\u00e3o no mercado de trabalho e menor produtividade.<\/li>\n<li>Em termos de sa\u00fade, a UE pode perder aproximadamente 28 mil mortes prematuras por ano e 2,5 anos de esperan\u00e7a de vida saud\u00e1vel nas pr\u00f3ximas duas d\u00e9cadas devido a perturba\u00e7\u00f5es como ansiedade, depress\u00e3o e consumo de \u00e1lcool.<\/li>\n<li>As perturba\u00e7\u00f5es mentais afetam mais de um em cada cinco pessoas na OCDE\/UE, com ansiedade a representar cerca de 40% dos casos, depress\u00f5es 20% e perturba\u00e7\u00f5es associadas ao consumo de subst\u00e2ncias 17%; a incid\u00eancia tem vindo a aumentar, especialmente entre jovens.<\/li>\n<li>Cerca de 67,5% das pessoas que necessitam de cuidados de sa\u00fade mental na UE n\u00e3o recebem tratamento; as reformas apontam para interven\u00e7\u00f5es comunit\u00e1rias e de cuidados prim\u00e1rios para acelerar o acesso e reduzir custos.<\/li>\n<\/ul>\n","protected":false},"author":2,"featured_media":462497,"comment_status":"closed","ping_status":"closed","sticky":false,"template":"","format":"standard","meta":{"footnotes":""},"categories":[1,6745],"tags":[8037,6115,8468,8454,7955,8056],"class_list":["post-462490","post","type-post","status-publish","format-standard","has-post-thumbnail","hentry","category-noticias","category-saude","tag-_desenvolvimento-economico","tag-_economia","tag-_politica-publica","tag-_saude-mental","tag-_saude-publica","tag-_uniao-europeia"],"yoast_head":"<!-- This site is optimized with the Yoast SEO plugin v27.2 - https:\/\/yoast.com\/product\/yoast-seo-wordpress\/ -->\n<title>OCDE alerta que sa\u00fade mental custa 76 mil milh\u00f5es\/ano \u00e0s economias europeias - Portal Tela Portugal<\/title>\n<meta name=\"robots\" content=\"index, follow, max-snippet:-1, max-image-preview:large, max-video-preview:-1\" \/>\n<meta property=\"og:locale\" content=\"pt_PT\" \/>\n<meta property=\"og:type\" content=\"article\" \/>\n<meta property=\"og:title\" content=\"OCDE alerta que sa\u00fade mental custa 76 mil milh\u00f5es\/ano \u00e0s economias europeias - Portal Tela Portugal\" \/>\n<meta property=\"og:description\" content=\"A m\u00e1 sa\u00fade mental custa cerca de 76 mil milh\u00f5es de euros por ano \u00e0s economias europeias, representando cerca de 6% dos or\u00e7amentos totais da sa\u00fade. O impacto econ\u00f3mico inclui uma redu\u00e7\u00e3o prevista do PIB de 1,7% por ano entre 2025 e 2050, devido a menor participa\u00e7\u00e3o no mercado de trabalho e menor produtividade. Em termos de sa\u00fade, a UE pode perder aproximadamente 28 mil mortes prematuras por ano e 2,5 anos de esperan\u00e7a de vida saud\u00e1vel nas pr\u00f3ximas duas d\u00e9cadas devido a perturba\u00e7\u00f5es como ansiedade, depress\u00e3o e consumo de \u00e1lcool. As perturba\u00e7\u00f5es mentais afetam mais de um em cada cinco pessoas na OCDE\/UE, com ansiedade a representar cerca de 40% dos casos, depress\u00f5es 20% e perturba\u00e7\u00f5es associadas ao consumo de subst\u00e2ncias 17%; a incid\u00eancia tem vindo a aumentar, especialmente entre jovens. Cerca de 67,5% das pessoas que necessitam de cuidados de sa\u00fade mental na UE n\u00e3o recebem tratamento; as reformas apontam para interven\u00e7\u00f5es comunit\u00e1rias e de cuidados prim\u00e1rios para acelerar o acesso e reduzir custos.\" \/>\n<meta property=\"og:url\" content=\"https:\/\/portaltela.pt\/noticias\/2026\/04\/30\/ocde-alerta-que-saude-mental-custa-76-mil-milhoes-ano-as-economias-europeias\/\" \/>\n<meta property=\"og:site_name\" content=\"Portal Tela Portugal\" \/>\n<meta property=\"article:published_time\" content=\"2026-04-30T13:33:15+00:00\" \/>\n<meta name=\"author\" content=\"Telinha\" \/>\n<meta name=\"twitter:card\" content=\"summary_large_image\" \/>\n<meta name=\"twitter:label1\" content=\"Escrito por\" \/>\n\t<meta name=\"twitter:data1\" content=\"Telinha\" \/>\n\t<meta name=\"twitter:label2\" content=\"Tempo estimado de leitura\" \/>\n\t<meta name=\"twitter:data2\" content=\"2 minutos\" \/>\n<script type=\"application\/ld+json\" class=\"yoast-schema-graph\">{\"@context\":\"https:\/\/schema.org\",\"@graph\":[{\"@type\":\"Article\",\"@id\":\"https:\/\/portaltela.pt\/noticias\/2026\/04\/30\/ocde-alerta-que-saude-mental-custa-76-mil-milhoes-ano-as-economias-europeias\/#article\",\"isPartOf\":{\"@id\":\"https:\/\/portaltela.pt\/noticias\/2026\/04\/30\/ocde-alerta-que-saude-mental-custa-76-mil-milhoes-ano-as-economias-europeias\/\"},\"author\":{\"name\":\"Telinha\",\"@id\":\"https:\/\/portaltela.pt\/#\/schema\/person\/c4278d4a6028830caff9ee44b42d32ed\"},\"headline\":\"OCDE alerta que sa\u00fade mental custa 76 mil milh\u00f5es\/ano \u00e0s economias europeias\",\"datePublished\":\"2026-04-30T13:33:15+00:00\",\"mainEntityOfPage\":{\"@id\":\"https:\/\/portaltela.pt\/noticias\/2026\/04\/30\/ocde-alerta-que-saude-mental-custa-76-mil-milhoes-ano-as-economias-europeias\/\"},\"wordCount\":495,\"image\":{\"@id\":\"https:\/\/portaltela.pt\/noticias\/2026\/04\/30\/ocde-alerta-que-saude-mental-custa-76-mil-milhoes-ano-as-economias-europeias\/#primaryimage\"},\"thumbnailUrl\":\"https:\/\/portaltela.pt\/s.01k8rhncp4jt1\/2026\/04\/1536x864_cmsv2_d40974f7-1c18-5389-a336-5c1b944b6da8-9742256.jpg\",\"keywords\":[\"_desenvolvimento econ\u00f3mico\",\"_economia\",\"_pol\u00edtica p\u00fablica\",\"_sa\u00fade mental\",\"_sa\u00fade p\u00fablica\",\"_Uni\u00e3o Europeia\"],\"articleSection\":[\"Not\u00edcias\",\"Sa\u00fade\"],\"inLanguage\":\"pt-PT\"},{\"@type\":\"WebPage\",\"@id\":\"https:\/\/portaltela.pt\/noticias\/2026\/04\/30\/ocde-alerta-que-saude-mental-custa-76-mil-milhoes-ano-as-economias-europeias\/\",\"url\":\"https:\/\/portaltela.pt\/noticias\/2026\/04\/30\/ocde-alerta-que-saude-mental-custa-76-mil-milhoes-ano-as-economias-europeias\/\",\"name\":\"OCDE alerta que sa\u00fade mental custa 76 mil milh\u00f5es\/ano \u00e0s economias europeias - Portal Tela Portugal\",\"isPartOf\":{\"@id\":\"https:\/\/portaltela.pt\/#website\"},\"primaryImageOfPage\":{\"@id\":\"https:\/\/portaltela.pt\/noticias\/2026\/04\/30\/ocde-alerta-que-saude-mental-custa-76-mil-milhoes-ano-as-economias-europeias\/#primaryimage\"},\"image\":{\"@id\":\"https:\/\/portaltela.pt\/noticias\/2026\/04\/30\/ocde-alerta-que-saude-mental-custa-76-mil-milhoes-ano-as-economias-europeias\/#primaryimage\"},\"thumbnailUrl\":\"https:\/\/portaltela.pt\/s.01k8rhncp4jt1\/2026\/04\/1536x864_cmsv2_d40974f7-1c18-5389-a336-5c1b944b6da8-9742256.jpg\",\"datePublished\":\"2026-04-30T13:33:15+00:00\",\"author\":{\"@id\":\"https:\/\/portaltela.pt\/#\/schema\/person\/c4278d4a6028830caff9ee44b42d32ed\"},\"breadcrumb\":{\"@id\":\"https:\/\/portaltela.pt\/noticias\/2026\/04\/30\/ocde-alerta-que-saude-mental-custa-76-mil-milhoes-ano-as-economias-europeias\/#breadcrumb\"},\"inLanguage\":\"pt-PT\",\"potentialAction\":[{\"@type\":\"ReadAction\",\"target\":[\"https:\/\/portaltela.pt\/noticias\/2026\/04\/30\/ocde-alerta-que-saude-mental-custa-76-mil-milhoes-ano-as-economias-europeias\/\"]}]},{\"@type\":\"ImageObject\",\"inLanguage\":\"pt-PT\",\"@id\":\"https:\/\/portaltela.pt\/noticias\/2026\/04\/30\/ocde-alerta-que-saude-mental-custa-76-mil-milhoes-ano-as-economias-europeias\/#primaryimage\",\"url\":\"https:\/\/portaltela.pt\/s.01k8rhncp4jt1\/2026\/04\/1536x864_cmsv2_d40974f7-1c18-5389-a336-5c1b944b6da8-9742256.jpg\",\"contentUrl\":\"https:\/\/portaltela.pt\/s.01k8rhncp4jt1\/2026\/04\/1536x864_cmsv2_d40974f7-1c18-5389-a336-5c1b944b6da8-9742256.jpg\",\"width\":796,\"height\":448,\"caption\":\"Crise de sa\u00fade mental custa \u00e0s economias europeias 76 mil milh\u00f5es de euros por ano\"},{\"@type\":\"BreadcrumbList\",\"@id\":\"https:\/\/portaltela.pt\/noticias\/2026\/04\/30\/ocde-alerta-que-saude-mental-custa-76-mil-milhoes-ano-as-economias-europeias\/#breadcrumb\",\"itemListElement\":[{\"@type\":\"ListItem\",\"position\":1,\"name\":\"In\u00edcio\",\"item\":\"https:\/\/portaltela.pt\/\"},{\"@type\":\"ListItem\",\"position\":2,\"name\":\"OCDE alerta que sa\u00fade mental custa 76 mil milh\u00f5es\/ano \u00e0s economias europeias\"}]},{\"@type\":\"WebSite\",\"@id\":\"https:\/\/portaltela.pt\/#website\",\"url\":\"https:\/\/portaltela.pt\/\",\"name\":\"Portal Tela Portugal\",\"description\":\"\",\"potentialAction\":[{\"@type\":\"SearchAction\",\"target\":{\"@type\":\"EntryPoint\",\"urlTemplate\":\"https:\/\/portaltela.pt\/?s={search_term_string}\"},\"query-input\":{\"@type\":\"PropertyValueSpecification\",\"valueRequired\":true,\"valueName\":\"search_term_string\"}}],\"inLanguage\":\"pt-PT\"},{\"@type\":\"Person\",\"@id\":\"https:\/\/portaltela.pt\/#\/schema\/person\/c4278d4a6028830caff9ee44b42d32ed\",\"name\":\"Telinha\",\"image\":{\"@type\":\"ImageObject\",\"inLanguage\":\"pt-PT\",\"@id\":\"https:\/\/portaltela.pt\/s.01k8rhncp4jt1\/2025\/11\/talking-bot-125x125.png\",\"url\":\"https:\/\/portaltela.pt\/s.01k8rhncp4jt1\/2025\/11\/talking-bot-125x125.png\",\"contentUrl\":\"https:\/\/portaltela.pt\/s.01k8rhncp4jt1\/2025\/11\/talking-bot-125x125.png\",\"caption\":\"Telinha\"},\"sameAs\":[\"https:\/\/portaltela.pt\/\"],\"url\":\"https:\/\/portaltela.pt\/por\/367410592786\/\"}]}<\/script>\n<!-- \/ Yoast SEO plugin. -->","yoast_head_json":{"title":"OCDE alerta que sa\u00fade mental custa 76 mil milh\u00f5es\/ano \u00e0s economias europeias - Portal Tela Portugal","robots":{"index":"index","follow":"follow","max-snippet":"max-snippet:-1","max-image-preview":"max-image-preview:large","max-video-preview":"max-video-preview:-1"},"og_locale":"pt_PT","og_type":"article","og_title":"OCDE alerta que sa\u00fade mental custa 76 mil milh\u00f5es\/ano \u00e0s economias europeias - Portal Tela Portugal","og_description":"A m\u00e1 sa\u00fade mental custa cerca de 76 mil milh\u00f5es de euros por ano \u00e0s economias europeias, representando cerca de 6% dos or\u00e7amentos totais da sa\u00fade. O impacto econ\u00f3mico inclui uma redu\u00e7\u00e3o prevista do PIB de 1,7% por ano entre 2025 e 2050, devido a menor participa\u00e7\u00e3o no mercado de trabalho e menor produtividade. Em termos de sa\u00fade, a UE pode perder aproximadamente 28 mil mortes prematuras por ano e 2,5 anos de esperan\u00e7a de vida saud\u00e1vel nas pr\u00f3ximas duas d\u00e9cadas devido a perturba\u00e7\u00f5es como ansiedade, depress\u00e3o e consumo de \u00e1lcool. As perturba\u00e7\u00f5es mentais afetam mais de um em cada cinco pessoas na OCDE\/UE, com ansiedade a representar cerca de 40% dos casos, depress\u00f5es 20% e perturba\u00e7\u00f5es associadas ao consumo de subst\u00e2ncias 17%; a incid\u00eancia tem vindo a aumentar, especialmente entre jovens. Cerca de 67,5% das pessoas que necessitam de cuidados de sa\u00fade mental na UE n\u00e3o recebem tratamento; as reformas apontam para interven\u00e7\u00f5es comunit\u00e1rias e de cuidados prim\u00e1rios para acelerar o acesso e reduzir custos.","og_url":"https:\/\/portaltela.pt\/noticias\/2026\/04\/30\/ocde-alerta-que-saude-mental-custa-76-mil-milhoes-ano-as-economias-europeias\/","og_site_name":"Portal Tela Portugal","article_published_time":"2026-04-30T13:33:15+00:00","author":"Telinha","twitter_card":"summary_large_image","twitter_misc":{"Escrito por":"Telinha","Tempo estimado de leitura":"2 minutos"},"schema":{"@context":"https:\/\/schema.org","@graph":[{"@type":"Article","@id":"https:\/\/portaltela.pt\/noticias\/2026\/04\/30\/ocde-alerta-que-saude-mental-custa-76-mil-milhoes-ano-as-economias-europeias\/#article","isPartOf":{"@id":"https:\/\/portaltela.pt\/noticias\/2026\/04\/30\/ocde-alerta-que-saude-mental-custa-76-mil-milhoes-ano-as-economias-europeias\/"},"author":{"name":"Telinha","@id":"https:\/\/portaltela.pt\/#\/schema\/person\/c4278d4a6028830caff9ee44b42d32ed"},"headline":"OCDE alerta que sa\u00fade mental custa 76 mil milh\u00f5es\/ano \u00e0s economias europeias","datePublished":"2026-04-30T13:33:15+00:00","mainEntityOfPage":{"@id":"https:\/\/portaltela.pt\/noticias\/2026\/04\/30\/ocde-alerta-que-saude-mental-custa-76-mil-milhoes-ano-as-economias-europeias\/"},"wordCount":495,"image":{"@id":"https:\/\/portaltela.pt\/noticias\/2026\/04\/30\/ocde-alerta-que-saude-mental-custa-76-mil-milhoes-ano-as-economias-europeias\/#primaryimage"},"thumbnailUrl":"https:\/\/portaltela.pt\/s.01k8rhncp4jt1\/2026\/04\/1536x864_cmsv2_d40974f7-1c18-5389-a336-5c1b944b6da8-9742256.jpg","keywords":["_desenvolvimento econ\u00f3mico","_economia","_pol\u00edtica p\u00fablica","_sa\u00fade mental","_sa\u00fade p\u00fablica","_Uni\u00e3o Europeia"],"articleSection":["Not\u00edcias","Sa\u00fade"],"inLanguage":"pt-PT"},{"@type":"WebPage","@id":"https:\/\/portaltela.pt\/noticias\/2026\/04\/30\/ocde-alerta-que-saude-mental-custa-76-mil-milhoes-ano-as-economias-europeias\/","url":"https:\/\/portaltela.pt\/noticias\/2026\/04\/30\/ocde-alerta-que-saude-mental-custa-76-mil-milhoes-ano-as-economias-europeias\/","name":"OCDE alerta que sa\u00fade mental custa 76 mil milh\u00f5es\/ano \u00e0s economias europeias - Portal Tela Portugal","isPartOf":{"@id":"https:\/\/portaltela.pt\/#website"},"primaryImageOfPage":{"@id":"https:\/\/portaltela.pt\/noticias\/2026\/04\/30\/ocde-alerta-que-saude-mental-custa-76-mil-milhoes-ano-as-economias-europeias\/#primaryimage"},"image":{"@id":"https:\/\/portaltela.pt\/noticias\/2026\/04\/30\/ocde-alerta-que-saude-mental-custa-76-mil-milhoes-ano-as-economias-europeias\/#primaryimage"},"thumbnailUrl":"https:\/\/portaltela.pt\/s.01k8rhncp4jt1\/2026\/04\/1536x864_cmsv2_d40974f7-1c18-5389-a336-5c1b944b6da8-9742256.jpg","datePublished":"2026-04-30T13:33:15+00:00","author":{"@id":"https:\/\/portaltela.pt\/#\/schema\/person\/c4278d4a6028830caff9ee44b42d32ed"},"breadcrumb":{"@id":"https:\/\/portaltela.pt\/noticias\/2026\/04\/30\/ocde-alerta-que-saude-mental-custa-76-mil-milhoes-ano-as-economias-europeias\/#breadcrumb"},"inLanguage":"pt-PT","potentialAction":[{"@type":"ReadAction","target":["https:\/\/portaltela.pt\/noticias\/2026\/04\/30\/ocde-alerta-que-saude-mental-custa-76-mil-milhoes-ano-as-economias-europeias\/"]}]},{"@type":"ImageObject","inLanguage":"pt-PT","@id":"https:\/\/portaltela.pt\/noticias\/2026\/04\/30\/ocde-alerta-que-saude-mental-custa-76-mil-milhoes-ano-as-economias-europeias\/#primaryimage","url":"https:\/\/portaltela.pt\/s.01k8rhncp4jt1\/2026\/04\/1536x864_cmsv2_d40974f7-1c18-5389-a336-5c1b944b6da8-9742256.jpg","contentUrl":"https:\/\/portaltela.pt\/s.01k8rhncp4jt1\/2026\/04\/1536x864_cmsv2_d40974f7-1c18-5389-a336-5c1b944b6da8-9742256.jpg","width":796,"height":448,"caption":"Crise de sa\u00fade mental custa \u00e0s economias europeias 76 mil milh\u00f5es de euros por ano"},{"@type":"BreadcrumbList","@id":"https:\/\/portaltela.pt\/noticias\/2026\/04\/30\/ocde-alerta-que-saude-mental-custa-76-mil-milhoes-ano-as-economias-europeias\/#breadcrumb","itemListElement":[{"@type":"ListItem","position":1,"name":"In\u00edcio","item":"https:\/\/portaltela.pt\/"},{"@type":"ListItem","position":2,"name":"OCDE alerta que sa\u00fade mental custa 76 mil milh\u00f5es\/ano \u00e0s economias europeias"}]},{"@type":"WebSite","@id":"https:\/\/portaltela.pt\/#website","url":"https:\/\/portaltela.pt\/","name":"Portal Tela Portugal","description":"","potentialAction":[{"@type":"SearchAction","target":{"@type":"EntryPoint","urlTemplate":"https:\/\/portaltela.pt\/?s={search_term_string}"},"query-input":{"@type":"PropertyValueSpecification","valueRequired":true,"valueName":"search_term_string"}}],"inLanguage":"pt-PT"},{"@type":"Person","@id":"https:\/\/portaltela.pt\/#\/schema\/person\/c4278d4a6028830caff9ee44b42d32ed","name":"Telinha","image":{"@type":"ImageObject","inLanguage":"pt-PT","@id":"https:\/\/portaltela.pt\/s.01k8rhncp4jt1\/2025\/11\/talking-bot-125x125.png","url":"https:\/\/portaltela.pt\/s.01k8rhncp4jt1\/2025\/11\/talking-bot-125x125.png","contentUrl":"https:\/\/portaltela.pt\/s.01k8rhncp4jt1\/2025\/11\/talking-bot-125x125.png","caption":"Telinha"},"sameAs":["https:\/\/portaltela.pt\/"],"url":"https:\/\/portaltela.pt\/por\/367410592786\/"}]}},"_links":{"self":[{"href":"https:\/\/portaltela.pt\/api\/wp\/v2\/posts\/462490","targetHints":{"allow":["GET"]}}],"collection":[{"href":"https:\/\/portaltela.pt\/api\/wp\/v2\/posts"}],"about":[{"href":"https:\/\/portaltela.pt\/api\/wp\/v2\/types\/post"}],"author":[{"embeddable":true,"href":"https:\/\/portaltela.pt\/api\/wp\/v2\/users\/2"}],"replies":[{"embeddable":true,"href":"https:\/\/portaltela.pt\/api\/wp\/v2\/comments?post=462490"}],"version-history":[{"count":0,"href":"https:\/\/portaltela.pt\/api\/wp\/v2\/posts\/462490\/revisions"}],"wp:featuredmedia":[{"embeddable":true,"href":"https:\/\/portaltela.pt\/api\/wp\/v2\/media\/462497"}],"wp:attachment":[{"href":"https:\/\/portaltela.pt\/api\/wp\/v2\/media?parent=462490"}],"wp:term":[{"taxonomy":"category","embeddable":true,"href":"https:\/\/portaltela.pt\/api\/wp\/v2\/categories?post=462490"},{"taxonomy":"post_tag","embeddable":true,"href":"https:\/\/portaltela.pt\/api\/wp\/v2\/tags?post=462490"}],"curies":[{"name":"wp","href":"https:\/\/api.w.org\/{rel}","templated":true}]}}