{"id":462487,"date":"2026-04-30T10:33:10","date_gmt":"2026-04-30T13:33:10","guid":{"rendered":"https:\/\/portaltela.pt\/noticias\/2026\/04\/30\/cimeira-ecologica-assegura-2-mil-milhoes-de-euros-para-a-transicao\/"},"modified":"2026-04-30T10:33:10","modified_gmt":"2026-04-30T13:33:10","slug":"cimeira-ecologica-assegura-2-mil-milhoes-de-euros-para-a-transicao","status":"publish","type":"post","link":"https:\/\/portaltela.pt\/meio-ambiente\/2026\/04\/30\/cimeira-ecologica-assegura-2-mil-milhoes-de-euros-para-a-transicao\/","title":{"rendered":"Cimeira ecol\u00f3gica assegura 2 mil milh\u00f5es de euros para a transi\u00e7\u00e3o"},"content":{"rendered":"<p>A Cimeira Ecol\u00f3gica Regional, realizada em Astana, no Cazaquist\u00e3o, reuniu os chefes de Estado da \u00c1sia Central para coordenar posi\u00e7\u00f5es sobre o ambiente antes de negocia\u00e7\u00f5es internacionais. O evento contou com a participa\u00e7\u00e3o de organiza\u00e7\u00f5es internacionais e entidades financeiras.<\/p>\n<p>Os l\u00edderes discutiram temas como prote\u00e7\u00e3o ambiental, biodiversidade, gest\u00e3o de res\u00edduos, qualidade do ar e desertifica\u00e7\u00e3o. Os acordos visam refor\u00e7ar a coopera\u00e7\u00e3o regional e avan\u00e7ar medidas de sustentabilidade entre os cinco pa\u00edses da regi\u00e3o.<\/p>\n<p>Como resultado, ficou anunciada uma doa\u00e7\u00e3o e financiamento que totalizam 2 mil milh\u00f5es de euros para apoiar a transi\u00e7\u00e3o ecol\u00f3gica na regi\u00e3o, conforme metas acordadas no f\u00f3rum. Al\u00e9m disso, ficou aprovada uma declara\u00e7\u00e3o conjunta sobre a Solidariedade Ambiental da \u00c1sia Central.<\/p>\n<p>Os pa\u00edses envolvidos s\u00e3o Cazaquist\u00e3o, Uzbequist\u00e3o, Quirguizist\u00e3o, Turquemenist\u00e3o e Tajiquist\u00e3o. O objetivo \u00e9 consolidar uma vis\u00e3o comum diante de desafios ecol\u00f3gicos partilhados e de compromissos de longo prazo.<\/p>\n<p>Outro eixo do encontro foi a proposta do Presidente Kassym-Jomart Tokayev de criar uma organiza\u00e7\u00e3o internacional da \u00e1gua sob a \u00e9gide das Na\u00e7\u00f5es Unidas. Foi tamb\u00e9m apresentado um plano de a\u00e7\u00e3o regional quinquenal para o ambiente, desenvolvido com apoio das Na\u00e7\u00f5es Unidas.<\/p>\n<p>A cimeira consolidou a coopera\u00e7\u00e3o entre os Estados da regi\u00e3o e sublinhou a import\u00e2ncia de financiamento est\u00e1vel para projetos de conserva\u00e7\u00e3o, gest\u00e3o de solos e melhoria da qualidade do ar. O evento marca um marco para esfor\u00e7os ambientais regionais.<\/p>\n","protected":false},"excerpt":{"rendered":"<ul>\n<li>A Cimeira Ecol\u00f3gica Regional em Astana, no Cazaquist\u00e3o, reuniu l\u00edderes da \u00c1sia Central para alinharem posi\u00e7\u00f5es ambientais antes de negocia\u00e7\u00f5es internacionais.<\/li>\n<li>A reuni\u00e3o contou com o Cazaquist\u00e3o, Uzbequist\u00e3o, Quirguizist\u00e3o, Turquemenist\u00e3o e Tajiquist\u00e3o, resultando numa declara\u00e7\u00e3o conjunta sobre a \u201cSolidariedade Ambiental da \u00c1sia Central\u201d.<\/li>\n<li>Os chefes de Estado comprometeram-se a refor\u00e7ar a coopera\u00e7\u00e3o em prote\u00e7\u00e3o do ambiente, biodiversidade, seguran\u00e7a qu\u00edmica, gest\u00e3o de res\u00edduos, qualidade do ar, degrada\u00e7\u00e3o dos solos e desertifica\u00e7\u00e3o.<\/li>\n<li>Foi aprovada a proposta do Presidente Kassym-Jomart Tokayev de criar uma organiza\u00e7\u00e3o internacional da \u00e1gua no \u00e2mbito das Na\u00e7\u00f5es Unidas.<\/li>\n<li>Tamb\u00e9m foi aprovado um plano de a\u00e7\u00e3o regional quinquenal para o ambiente, elaborado em parceria com as Na\u00e7\u00f5es Unidas, apoiado pela cimeira que garante 2 mil milh\u00f5es de euros para a transi\u00e7\u00e3o ecol\u00f3gica.<\/li>\n<\/ul>\n","protected":false},"author":2,"featured_media":462494,"comment_status":"closed","ping_status":"closed","sticky":false,"template":"","format":"standard","meta":{"footnotes":""},"categories":[6725],"tags":[7923,8238,7980,8463,10017,8635],"class_list":["post-462487","post","type-post","status-publish","format-standard","has-post-thumbnail","hentry","category-meio-ambiente","tag-_agua","tag-_ambiente","tag-_asia","tag-_biodiversidade","tag-_desertificacao","tag-_gestao-de-residuos"],"yoast_head":"<!-- This site is optimized with the Yoast SEO plugin v27.2 - https:\/\/yoast.com\/product\/yoast-seo-wordpress\/ -->\n<title>Cimeira ecol\u00f3gica assegura 2 mil milh\u00f5es de euros para a transi\u00e7\u00e3o - Portal Tela Portugal<\/title>\n<meta name=\"robots\" content=\"index, follow, max-snippet:-1, max-image-preview:large, max-video-preview:-1\" \/>\n<meta property=\"og:locale\" content=\"pt_PT\" \/>\n<meta property=\"og:type\" content=\"article\" \/>\n<meta property=\"og:title\" content=\"Cimeira ecol\u00f3gica assegura 2 mil milh\u00f5es de euros para a transi\u00e7\u00e3o - Portal Tela Portugal\" \/>\n<meta property=\"og:description\" content=\"A Cimeira Ecol\u00f3gica Regional em Astana, no Cazaquist\u00e3o, reuniu l\u00edderes da \u00c1sia Central para alinharem posi\u00e7\u00f5es ambientais antes de negocia\u00e7\u00f5es internacionais. A reuni\u00e3o contou com o Cazaquist\u00e3o, Uzbequist\u00e3o, Quirguizist\u00e3o, Turquemenist\u00e3o e Tajiquist\u00e3o, resultando numa declara\u00e7\u00e3o conjunta sobre a \u201cSolidariedade Ambiental da \u00c1sia Central\u201d. Os chefes de Estado comprometeram-se a refor\u00e7ar a coopera\u00e7\u00e3o em prote\u00e7\u00e3o do ambiente, biodiversidade, seguran\u00e7a qu\u00edmica, gest\u00e3o de res\u00edduos, qualidade do ar, degrada\u00e7\u00e3o dos solos e desertifica\u00e7\u00e3o. Foi aprovada a proposta do Presidente Kassym-Jomart Tokayev de criar uma organiza\u00e7\u00e3o internacional da \u00e1gua no \u00e2mbito das Na\u00e7\u00f5es Unidas. Tamb\u00e9m foi aprovado um plano de a\u00e7\u00e3o regional quinquenal para o ambiente, elaborado em parceria com as Na\u00e7\u00f5es Unidas, apoiado pela cimeira que garante 2 mil milh\u00f5es de euros para a transi\u00e7\u00e3o ecol\u00f3gica.\" \/>\n<meta property=\"og:url\" content=\"https:\/\/portaltela.pt\/noticias\/2026\/04\/30\/cimeira-ecologica-assegura-2-mil-milhoes-de-euros-para-a-transicao\/\" \/>\n<meta property=\"og:site_name\" content=\"Portal Tela Portugal\" \/>\n<meta property=\"article:published_time\" content=\"2026-04-30T13:33:10+00:00\" \/>\n<meta name=\"author\" content=\"Telinha\" \/>\n<meta name=\"twitter:card\" content=\"summary_large_image\" \/>\n<meta name=\"twitter:label1\" content=\"Escrito por\" \/>\n\t<meta name=\"twitter:data1\" content=\"Telinha\" \/>\n\t<meta name=\"twitter:label2\" content=\"Tempo estimado de leitura\" \/>\n\t<meta name=\"twitter:data2\" content=\"1 minuto\" \/>\n<script type=\"application\/ld+json\" class=\"yoast-schema-graph\">{\"@context\":\"https:\/\/schema.org\",\"@graph\":[{\"@type\":\"Article\",\"@id\":\"https:\/\/portaltela.pt\/noticias\/2026\/04\/30\/cimeira-ecologica-assegura-2-mil-milhoes-de-euros-para-a-transicao\/#article\",\"isPartOf\":{\"@id\":\"https:\/\/portaltela.pt\/noticias\/2026\/04\/30\/cimeira-ecologica-assegura-2-mil-milhoes-de-euros-para-a-transicao\/\"},\"author\":{\"name\":\"Telinha\",\"@id\":\"https:\/\/portaltela.pt\/#\/schema\/person\/c4278d4a6028830caff9ee44b42d32ed\"},\"headline\":\"Cimeira ecol\u00f3gica assegura 2 mil milh\u00f5es de euros para a transi\u00e7\u00e3o\",\"datePublished\":\"2026-04-30T13:33:10+00:00\",\"mainEntityOfPage\":{\"@id\":\"https:\/\/portaltela.pt\/noticias\/2026\/04\/30\/cimeira-ecologica-assegura-2-mil-milhoes-de-euros-para-a-transicao\/\"},\"wordCount\":279,\"image\":{\"@id\":\"https:\/\/portaltela.pt\/noticias\/2026\/04\/30\/cimeira-ecologica-assegura-2-mil-milhoes-de-euros-para-a-transicao\/#primaryimage\"},\"thumbnailUrl\":\"https:\/\/portaltela.pt\/s.01k8rhncp4jt1\/2026\/04\/1536x864_cmsv2_c5c50956-31d8-5903-9346-1a5f49cef95e-9731183.jpg\",\"keywords\":[\"_\u00e1gua\",\"_ambiente\",\"_\u00c1sia\",\"_biodiversidade\",\"_desertifica\u00e7\u00e3o\",\"_gest\u00e3o de res\u00edduos\"],\"articleSection\":[\"Meio Ambiente\"],\"inLanguage\":\"pt-PT\"},{\"@type\":\"WebPage\",\"@id\":\"https:\/\/portaltela.pt\/noticias\/2026\/04\/30\/cimeira-ecologica-assegura-2-mil-milhoes-de-euros-para-a-transicao\/\",\"url\":\"https:\/\/portaltela.pt\/noticias\/2026\/04\/30\/cimeira-ecologica-assegura-2-mil-milhoes-de-euros-para-a-transicao\/\",\"name\":\"Cimeira ecol\u00f3gica assegura 2 mil milh\u00f5es de euros para a transi\u00e7\u00e3o - Portal Tela Portugal\",\"isPartOf\":{\"@id\":\"https:\/\/portaltela.pt\/#website\"},\"primaryImageOfPage\":{\"@id\":\"https:\/\/portaltela.pt\/noticias\/2026\/04\/30\/cimeira-ecologica-assegura-2-mil-milhoes-de-euros-para-a-transicao\/#primaryimage\"},\"image\":{\"@id\":\"https:\/\/portaltela.pt\/noticias\/2026\/04\/30\/cimeira-ecologica-assegura-2-mil-milhoes-de-euros-para-a-transicao\/#primaryimage\"},\"thumbnailUrl\":\"https:\/\/portaltela.pt\/s.01k8rhncp4jt1\/2026\/04\/1536x864_cmsv2_c5c50956-31d8-5903-9346-1a5f49cef95e-9731183.jpg\",\"datePublished\":\"2026-04-30T13:33:10+00:00\",\"author\":{\"@id\":\"https:\/\/portaltela.pt\/#\/schema\/person\/c4278d4a6028830caff9ee44b42d32ed\"},\"breadcrumb\":{\"@id\":\"https:\/\/portaltela.pt\/noticias\/2026\/04\/30\/cimeira-ecologica-assegura-2-mil-milhoes-de-euros-para-a-transicao\/#breadcrumb\"},\"inLanguage\":\"pt-PT\",\"potentialAction\":[{\"@type\":\"ReadAction\",\"target\":[\"https:\/\/portaltela.pt\/noticias\/2026\/04\/30\/cimeira-ecologica-assegura-2-mil-milhoes-de-euros-para-a-transicao\/\"]}]},{\"@type\":\"ImageObject\",\"inLanguage\":\"pt-PT\",\"@id\":\"https:\/\/portaltela.pt\/noticias\/2026\/04\/30\/cimeira-ecologica-assegura-2-mil-milhoes-de-euros-para-a-transicao\/#primaryimage\",\"url\":\"https:\/\/portaltela.pt\/s.01k8rhncp4jt1\/2026\/04\/1536x864_cmsv2_c5c50956-31d8-5903-9346-1a5f49cef95e-9731183.jpg\",\"contentUrl\":\"https:\/\/portaltela.pt\/s.01k8rhncp4jt1\/2026\/04\/1536x864_cmsv2_c5c50956-31d8-5903-9346-1a5f49cef95e-9731183.jpg\",\"width\":796,\"height\":448,\"caption\":\"Cimeira ecol\u00f3gica garante 2 mil milh\u00f5es de euros para a transi\u00e7\u00e3o ecol\u00f3gica\"},{\"@type\":\"BreadcrumbList\",\"@id\":\"https:\/\/portaltela.pt\/noticias\/2026\/04\/30\/cimeira-ecologica-assegura-2-mil-milhoes-de-euros-para-a-transicao\/#breadcrumb\",\"itemListElement\":[{\"@type\":\"ListItem\",\"position\":1,\"name\":\"In\u00edcio\",\"item\":\"https:\/\/portaltela.pt\/\"},{\"@type\":\"ListItem\",\"position\":2,\"name\":\"Cimeira ecol\u00f3gica assegura 2 mil milh\u00f5es de euros para a transi\u00e7\u00e3o\"}]},{\"@type\":\"WebSite\",\"@id\":\"https:\/\/portaltela.pt\/#website\",\"url\":\"https:\/\/portaltela.pt\/\",\"name\":\"Portal Tela Portugal\",\"description\":\"\",\"potentialAction\":[{\"@type\":\"SearchAction\",\"target\":{\"@type\":\"EntryPoint\",\"urlTemplate\":\"https:\/\/portaltela.pt\/?s={search_term_string}\"},\"query-input\":{\"@type\":\"PropertyValueSpecification\",\"valueRequired\":true,\"valueName\":\"search_term_string\"}}],\"inLanguage\":\"pt-PT\"},{\"@type\":\"Person\",\"@id\":\"https:\/\/portaltela.pt\/#\/schema\/person\/c4278d4a6028830caff9ee44b42d32ed\",\"name\":\"Telinha\",\"image\":{\"@type\":\"ImageObject\",\"inLanguage\":\"pt-PT\",\"@id\":\"https:\/\/portaltela.pt\/s.01k8rhncp4jt1\/2025\/11\/talking-bot-125x125.png\",\"url\":\"https:\/\/portaltela.pt\/s.01k8rhncp4jt1\/2025\/11\/talking-bot-125x125.png\",\"contentUrl\":\"https:\/\/portaltela.pt\/s.01k8rhncp4jt1\/2025\/11\/talking-bot-125x125.png\",\"caption\":\"Telinha\"},\"sameAs\":[\"https:\/\/portaltela.pt\/\"],\"url\":\"https:\/\/portaltela.pt\/por\/367410592786\/\"}]}<\/script>\n<!-- \/ Yoast SEO plugin. -->","yoast_head_json":{"title":"Cimeira ecol\u00f3gica assegura 2 mil milh\u00f5es de euros para a transi\u00e7\u00e3o - Portal Tela Portugal","robots":{"index":"index","follow":"follow","max-snippet":"max-snippet:-1","max-image-preview":"max-image-preview:large","max-video-preview":"max-video-preview:-1"},"og_locale":"pt_PT","og_type":"article","og_title":"Cimeira ecol\u00f3gica assegura 2 mil milh\u00f5es de euros para a transi\u00e7\u00e3o - Portal Tela Portugal","og_description":"A Cimeira Ecol\u00f3gica Regional em Astana, no Cazaquist\u00e3o, reuniu l\u00edderes da \u00c1sia Central para alinharem posi\u00e7\u00f5es ambientais antes de negocia\u00e7\u00f5es internacionais. A reuni\u00e3o contou com o Cazaquist\u00e3o, Uzbequist\u00e3o, Quirguizist\u00e3o, Turquemenist\u00e3o e Tajiquist\u00e3o, resultando numa declara\u00e7\u00e3o conjunta sobre a \u201cSolidariedade Ambiental da \u00c1sia Central\u201d. Os chefes de Estado comprometeram-se a refor\u00e7ar a coopera\u00e7\u00e3o em prote\u00e7\u00e3o do ambiente, biodiversidade, seguran\u00e7a qu\u00edmica, gest\u00e3o de res\u00edduos, qualidade do ar, degrada\u00e7\u00e3o dos solos e desertifica\u00e7\u00e3o. Foi aprovada a proposta do Presidente Kassym-Jomart Tokayev de criar uma organiza\u00e7\u00e3o internacional da \u00e1gua no \u00e2mbito das Na\u00e7\u00f5es Unidas. Tamb\u00e9m foi aprovado um plano de a\u00e7\u00e3o regional quinquenal para o ambiente, elaborado em parceria com as Na\u00e7\u00f5es Unidas, apoiado pela cimeira que garante 2 mil milh\u00f5es de euros para a transi\u00e7\u00e3o ecol\u00f3gica.","og_url":"https:\/\/portaltela.pt\/noticias\/2026\/04\/30\/cimeira-ecologica-assegura-2-mil-milhoes-de-euros-para-a-transicao\/","og_site_name":"Portal Tela Portugal","article_published_time":"2026-04-30T13:33:10+00:00","author":"Telinha","twitter_card":"summary_large_image","twitter_misc":{"Escrito por":"Telinha","Tempo estimado de leitura":"1 minuto"},"schema":{"@context":"https:\/\/schema.org","@graph":[{"@type":"Article","@id":"https:\/\/portaltela.pt\/noticias\/2026\/04\/30\/cimeira-ecologica-assegura-2-mil-milhoes-de-euros-para-a-transicao\/#article","isPartOf":{"@id":"https:\/\/portaltela.pt\/noticias\/2026\/04\/30\/cimeira-ecologica-assegura-2-mil-milhoes-de-euros-para-a-transicao\/"},"author":{"name":"Telinha","@id":"https:\/\/portaltela.pt\/#\/schema\/person\/c4278d4a6028830caff9ee44b42d32ed"},"headline":"Cimeira ecol\u00f3gica assegura 2 mil milh\u00f5es de euros para a transi\u00e7\u00e3o","datePublished":"2026-04-30T13:33:10+00:00","mainEntityOfPage":{"@id":"https:\/\/portaltela.pt\/noticias\/2026\/04\/30\/cimeira-ecologica-assegura-2-mil-milhoes-de-euros-para-a-transicao\/"},"wordCount":279,"image":{"@id":"https:\/\/portaltela.pt\/noticias\/2026\/04\/30\/cimeira-ecologica-assegura-2-mil-milhoes-de-euros-para-a-transicao\/#primaryimage"},"thumbnailUrl":"https:\/\/portaltela.pt\/s.01k8rhncp4jt1\/2026\/04\/1536x864_cmsv2_c5c50956-31d8-5903-9346-1a5f49cef95e-9731183.jpg","keywords":["_\u00e1gua","_ambiente","_\u00c1sia","_biodiversidade","_desertifica\u00e7\u00e3o","_gest\u00e3o de res\u00edduos"],"articleSection":["Meio Ambiente"],"inLanguage":"pt-PT"},{"@type":"WebPage","@id":"https:\/\/portaltela.pt\/noticias\/2026\/04\/30\/cimeira-ecologica-assegura-2-mil-milhoes-de-euros-para-a-transicao\/","url":"https:\/\/portaltela.pt\/noticias\/2026\/04\/30\/cimeira-ecologica-assegura-2-mil-milhoes-de-euros-para-a-transicao\/","name":"Cimeira ecol\u00f3gica assegura 2 mil milh\u00f5es de euros para a transi\u00e7\u00e3o - Portal Tela Portugal","isPartOf":{"@id":"https:\/\/portaltela.pt\/#website"},"primaryImageOfPage":{"@id":"https:\/\/portaltela.pt\/noticias\/2026\/04\/30\/cimeira-ecologica-assegura-2-mil-milhoes-de-euros-para-a-transicao\/#primaryimage"},"image":{"@id":"https:\/\/portaltela.pt\/noticias\/2026\/04\/30\/cimeira-ecologica-assegura-2-mil-milhoes-de-euros-para-a-transicao\/#primaryimage"},"thumbnailUrl":"https:\/\/portaltela.pt\/s.01k8rhncp4jt1\/2026\/04\/1536x864_cmsv2_c5c50956-31d8-5903-9346-1a5f49cef95e-9731183.jpg","datePublished":"2026-04-30T13:33:10+00:00","author":{"@id":"https:\/\/portaltela.pt\/#\/schema\/person\/c4278d4a6028830caff9ee44b42d32ed"},"breadcrumb":{"@id":"https:\/\/portaltela.pt\/noticias\/2026\/04\/30\/cimeira-ecologica-assegura-2-mil-milhoes-de-euros-para-a-transicao\/#breadcrumb"},"inLanguage":"pt-PT","potentialAction":[{"@type":"ReadAction","target":["https:\/\/portaltela.pt\/noticias\/2026\/04\/30\/cimeira-ecologica-assegura-2-mil-milhoes-de-euros-para-a-transicao\/"]}]},{"@type":"ImageObject","inLanguage":"pt-PT","@id":"https:\/\/portaltela.pt\/noticias\/2026\/04\/30\/cimeira-ecologica-assegura-2-mil-milhoes-de-euros-para-a-transicao\/#primaryimage","url":"https:\/\/portaltela.pt\/s.01k8rhncp4jt1\/2026\/04\/1536x864_cmsv2_c5c50956-31d8-5903-9346-1a5f49cef95e-9731183.jpg","contentUrl":"https:\/\/portaltela.pt\/s.01k8rhncp4jt1\/2026\/04\/1536x864_cmsv2_c5c50956-31d8-5903-9346-1a5f49cef95e-9731183.jpg","width":796,"height":448,"caption":"Cimeira ecol\u00f3gica garante 2 mil milh\u00f5es de euros para a transi\u00e7\u00e3o ecol\u00f3gica"},{"@type":"BreadcrumbList","@id":"https:\/\/portaltela.pt\/noticias\/2026\/04\/30\/cimeira-ecologica-assegura-2-mil-milhoes-de-euros-para-a-transicao\/#breadcrumb","itemListElement":[{"@type":"ListItem","position":1,"name":"In\u00edcio","item":"https:\/\/portaltela.pt\/"},{"@type":"ListItem","position":2,"name":"Cimeira ecol\u00f3gica assegura 2 mil milh\u00f5es de euros para a transi\u00e7\u00e3o"}]},{"@type":"WebSite","@id":"https:\/\/portaltela.pt\/#website","url":"https:\/\/portaltela.pt\/","name":"Portal Tela Portugal","description":"","potentialAction":[{"@type":"SearchAction","target":{"@type":"EntryPoint","urlTemplate":"https:\/\/portaltela.pt\/?s={search_term_string}"},"query-input":{"@type":"PropertyValueSpecification","valueRequired":true,"valueName":"search_term_string"}}],"inLanguage":"pt-PT"},{"@type":"Person","@id":"https:\/\/portaltela.pt\/#\/schema\/person\/c4278d4a6028830caff9ee44b42d32ed","name":"Telinha","image":{"@type":"ImageObject","inLanguage":"pt-PT","@id":"https:\/\/portaltela.pt\/s.01k8rhncp4jt1\/2025\/11\/talking-bot-125x125.png","url":"https:\/\/portaltela.pt\/s.01k8rhncp4jt1\/2025\/11\/talking-bot-125x125.png","contentUrl":"https:\/\/portaltela.pt\/s.01k8rhncp4jt1\/2025\/11\/talking-bot-125x125.png","caption":"Telinha"},"sameAs":["https:\/\/portaltela.pt\/"],"url":"https:\/\/portaltela.pt\/por\/367410592786\/"}]}},"_links":{"self":[{"href":"https:\/\/portaltela.pt\/api\/wp\/v2\/posts\/462487","targetHints":{"allow":["GET"]}}],"collection":[{"href":"https:\/\/portaltela.pt\/api\/wp\/v2\/posts"}],"about":[{"href":"https:\/\/portaltela.pt\/api\/wp\/v2\/types\/post"}],"author":[{"embeddable":true,"href":"https:\/\/portaltela.pt\/api\/wp\/v2\/users\/2"}],"replies":[{"embeddable":true,"href":"https:\/\/portaltela.pt\/api\/wp\/v2\/comments?post=462487"}],"version-history":[{"count":0,"href":"https:\/\/portaltela.pt\/api\/wp\/v2\/posts\/462487\/revisions"}],"wp:featuredmedia":[{"embeddable":true,"href":"https:\/\/portaltela.pt\/api\/wp\/v2\/media\/462494"}],"wp:attachment":[{"href":"https:\/\/portaltela.pt\/api\/wp\/v2\/media?parent=462487"}],"wp:term":[{"taxonomy":"category","embeddable":true,"href":"https:\/\/portaltela.pt\/api\/wp\/v2\/categories?post=462487"},{"taxonomy":"post_tag","embeddable":true,"href":"https:\/\/portaltela.pt\/api\/wp\/v2\/tags?post=462487"}],"curies":[{"name":"wp","href":"https:\/\/api.w.org\/{rel}","templated":true}]}}