{"id":462486,"date":"2026-04-30T10:33:07","date_gmt":"2026-04-30T13:33:07","guid":{"rendered":"https:\/\/portaltela.pt\/noticias\/2026\/04\/30\/primeiro-ministro-compromete-se-a-ligar-beja-evora-e-portalegre-por-autoestrada\/"},"modified":"2026-04-30T10:33:07","modified_gmt":"2026-04-30T13:33:07","slug":"primeiro-ministro-compromete-se-a-ligar-beja-evora-e-portalegre-por-autoestrada","status":"publish","type":"post","link":"https:\/\/portaltela.pt\/noticias\/politica\/2026\/04\/30\/primeiro-ministro-compromete-se-a-ligar-beja-evora-e-portalegre-por-autoestrada\/","title":{"rendered":"Primeiro-ministro compromete-se a ligar Beja, \u00c9vora e Portalegre por autoestrada"},"content":{"rendered":"<p>O primeiro-ministro, Lu\u00eds Montenegro, assumiu o compromisso de ligar Beja, \u00c9vora e Portalegre por autoestrada, visando aproximar o territ\u00f3rio e acelerar a competitividade econ\u00f3mica.<\/p>\n<p>No Centro de Ci\u00eancia do Caf\u00e9, em Campo Maior, Montenegro informou que o objetivo \u00e9 ter todas as capitais de distrito ligadas por autoestrada. A ideia partiu do ministro da Economia, Manuel Castro Almeida, e ser\u00e1 cumprida pelo Governo.<\/p>\n<p>Recordou que j\u00e1 existem estudos em curso para a liga\u00e7\u00e3o de Portalegre por via rodovi\u00e1ria. O encontro coincidiu com o an\u00fancio de investimentos da Delta, superiores a 20 milh\u00f5es de euros, para ampliar a capacidade da f\u00e1brica na regi\u00e3o.<\/p>\n<h3>Investimento e pr\u00f3ximos passos<\/h3>\n<p>A Delta anunciou melhorias nas instala\u00e7\u00f5es de Campo Maior para aumentar produ\u00e7\u00e3o e emprego local. As an\u00e1lises para a futura liga\u00e7\u00e3o por autoestrada continuam em desenvolvimento, sem prazos oficiais anunciados.<\/p>\n<p>A desloca\u00e7\u00e3o dos respons\u00e1veis envolve autoridades nacionais e regionais, com foco em planeamento e financiamento. O objetivo \u00e9 tornar a regi\u00e3o mais integrada e atrativa para neg\u00f3cios.<\/p>\n","protected":false},"excerpt":{"rendered":"<ul>\n<li>O primeiro-ministro Lu\u00eds Montenegro comprometeu o Governo a ligar por autoestrada Beja, \u00c9vora e Portalegre.<\/li>\n<li>O objetivo \u00e9 ter todas as capitais de distrito servidas e ligadas por autoestrada, para o territ\u00f3rio ficar mais pr\u00f3ximo e competir economicamente.<\/li>\n<li>O compromisso foi assumido pelo ministro da Economia, Manuel Castro Almeida, e ser\u00e1 cumprido pelo Governo.<\/li>\n<li>Montenegro indicou que j\u00e1 est\u00e3o a ser desenvolvidos estudos para uma liga\u00e7\u00e3o por autoestrada a Portalegre.<\/li>\n<li>Em Campo Maior, no Centro de Ci\u00eancia do Caf\u00e9, o grupo Delta anunciou investimentos superiores a 20 milh\u00f5es de euros para aumentar a capacidade da f\u00e1brica.<\/li>\n<\/ul>\n","protected":false},"author":2,"featured_media":462488,"comment_status":"closed","ping_status":"closed","sticky":false,"template":"","format":"standard","meta":{"footnotes":""},"categories":[1,5],"tags":[9148,8768,10016,8212,8077,8886],"class_list":["post-462486","post","type-post","status-publish","format-standard","has-post-thumbnail","hentry","category-noticias","category-politica","tag-_autoestradas","tag-_beja","tag-_delta-cafes","tag-_desenvolvimento-regional","tag-_evora","tag-_portalegre"],"yoast_head":"<!-- This site is optimized with the Yoast SEO plugin v27.2 - https:\/\/yoast.com\/product\/yoast-seo-wordpress\/ -->\n<title>Primeiro-ministro compromete-se a ligar Beja, \u00c9vora e Portalegre por autoestrada - Portal Tela Portugal<\/title>\n<meta name=\"robots\" content=\"index, follow, max-snippet:-1, max-image-preview:large, max-video-preview:-1\" \/>\n<meta property=\"og:locale\" content=\"pt_PT\" \/>\n<meta property=\"og:type\" content=\"article\" \/>\n<meta property=\"og:title\" content=\"Primeiro-ministro compromete-se a ligar Beja, \u00c9vora e Portalegre por autoestrada - Portal Tela Portugal\" \/>\n<meta property=\"og:description\" content=\"O primeiro-ministro Lu\u00eds Montenegro comprometeu o Governo a ligar por autoestrada Beja, \u00c9vora e Portalegre. O objetivo \u00e9 ter todas as capitais de distrito servidas e ligadas por autoestrada, para o territ\u00f3rio ficar mais pr\u00f3ximo e competir economicamente. O compromisso foi assumido pelo ministro da Economia, Manuel Castro Almeida, e ser\u00e1 cumprido pelo Governo. Montenegro indicou que j\u00e1 est\u00e3o a ser desenvolvidos estudos para uma liga\u00e7\u00e3o por autoestrada a Portalegre. Em Campo Maior, no Centro de Ci\u00eancia do Caf\u00e9, o grupo Delta anunciou investimentos superiores a 20 milh\u00f5es de euros para aumentar a capacidade da f\u00e1brica.\" \/>\n<meta property=\"og:url\" content=\"https:\/\/portaltela.pt\/noticias\/2026\/04\/30\/primeiro-ministro-compromete-se-a-ligar-beja-evora-e-portalegre-por-autoestrada\/\" \/>\n<meta property=\"og:site_name\" content=\"Portal Tela Portugal\" \/>\n<meta property=\"article:published_time\" content=\"2026-04-30T13:33:07+00:00\" \/>\n<meta name=\"author\" content=\"Telinha\" \/>\n<meta name=\"twitter:card\" content=\"summary_large_image\" \/>\n<meta name=\"twitter:label1\" content=\"Escrito por\" \/>\n\t<meta name=\"twitter:data1\" content=\"Telinha\" \/>\n\t<meta name=\"twitter:label2\" content=\"Tempo estimado de leitura\" \/>\n\t<meta name=\"twitter:data2\" content=\"1 minuto\" \/>\n<script type=\"application\/ld+json\" class=\"yoast-schema-graph\">{\"@context\":\"https:\/\/schema.org\",\"@graph\":[{\"@type\":\"Article\",\"@id\":\"https:\/\/portaltela.pt\/noticias\/2026\/04\/30\/primeiro-ministro-compromete-se-a-ligar-beja-evora-e-portalegre-por-autoestrada\/#article\",\"isPartOf\":{\"@id\":\"https:\/\/portaltela.pt\/noticias\/2026\/04\/30\/primeiro-ministro-compromete-se-a-ligar-beja-evora-e-portalegre-por-autoestrada\/\"},\"author\":{\"name\":\"Telinha\",\"@id\":\"https:\/\/portaltela.pt\/#\/schema\/person\/c4278d4a6028830caff9ee44b42d32ed\"},\"headline\":\"Primeiro-ministro compromete-se a ligar Beja, \u00c9vora e Portalegre por autoestrada\",\"datePublished\":\"2026-04-30T13:33:07+00:00\",\"mainEntityOfPage\":{\"@id\":\"https:\/\/portaltela.pt\/noticias\/2026\/04\/30\/primeiro-ministro-compromete-se-a-ligar-beja-evora-e-portalegre-por-autoestrada\/\"},\"wordCount\":189,\"image\":{\"@id\":\"https:\/\/portaltela.pt\/noticias\/2026\/04\/30\/primeiro-ministro-compromete-se-a-ligar-beja-evora-e-portalegre-por-autoestrada\/#primaryimage\"},\"thumbnailUrl\":\"https:\/\/portaltela.pt\/s.01k8rhncp4jt1\/2026\/04\/img_1500x1000uu2026-04-29-16-53-44-2281873.jpg\",\"keywords\":[\"_autoestradas\",\"_Beja\",\"_Delta Caf\u00e9s\",\"_desenvolvimento regional\",\"_\u00c9vora\",\"_Portalegre\"],\"articleSection\":[\"Not\u00edcias\",\"Pol\u00edtica\"],\"inLanguage\":\"pt-PT\"},{\"@type\":\"WebPage\",\"@id\":\"https:\/\/portaltela.pt\/noticias\/2026\/04\/30\/primeiro-ministro-compromete-se-a-ligar-beja-evora-e-portalegre-por-autoestrada\/\",\"url\":\"https:\/\/portaltela.pt\/noticias\/2026\/04\/30\/primeiro-ministro-compromete-se-a-ligar-beja-evora-e-portalegre-por-autoestrada\/\",\"name\":\"Primeiro-ministro compromete-se a ligar Beja, \u00c9vora e Portalegre por autoestrada - Portal Tela Portugal\",\"isPartOf\":{\"@id\":\"https:\/\/portaltela.pt\/#website\"},\"primaryImageOfPage\":{\"@id\":\"https:\/\/portaltela.pt\/noticias\/2026\/04\/30\/primeiro-ministro-compromete-se-a-ligar-beja-evora-e-portalegre-por-autoestrada\/#primaryimage\"},\"image\":{\"@id\":\"https:\/\/portaltela.pt\/noticias\/2026\/04\/30\/primeiro-ministro-compromete-se-a-ligar-beja-evora-e-portalegre-por-autoestrada\/#primaryimage\"},\"thumbnailUrl\":\"https:\/\/portaltela.pt\/s.01k8rhncp4jt1\/2026\/04\/img_1500x1000uu2026-04-29-16-53-44-2281873.jpg\",\"datePublished\":\"2026-04-30T13:33:07+00:00\",\"author\":{\"@id\":\"https:\/\/portaltela.pt\/#\/schema\/person\/c4278d4a6028830caff9ee44b42d32ed\"},\"breadcrumb\":{\"@id\":\"https:\/\/portaltela.pt\/noticias\/2026\/04\/30\/primeiro-ministro-compromete-se-a-ligar-beja-evora-e-portalegre-por-autoestrada\/#breadcrumb\"},\"inLanguage\":\"pt-PT\",\"potentialAction\":[{\"@type\":\"ReadAction\",\"target\":[\"https:\/\/portaltela.pt\/noticias\/2026\/04\/30\/primeiro-ministro-compromete-se-a-ligar-beja-evora-e-portalegre-por-autoestrada\/\"]}]},{\"@type\":\"ImageObject\",\"inLanguage\":\"pt-PT\",\"@id\":\"https:\/\/portaltela.pt\/noticias\/2026\/04\/30\/primeiro-ministro-compromete-se-a-ligar-beja-evora-e-portalegre-por-autoestrada\/#primaryimage\",\"url\":\"https:\/\/portaltela.pt\/s.01k8rhncp4jt1\/2026\/04\/img_1500x1000uu2026-04-29-16-53-44-2281873.jpg\",\"contentUrl\":\"https:\/\/portaltela.pt\/s.01k8rhncp4jt1\/2026\/04\/img_1500x1000uu2026-04-29-16-53-44-2281873.jpg\",\"width\":796,\"height\":448,\"caption\":\"Lu\u00eds Montenegro no Parlamento\"},{\"@type\":\"BreadcrumbList\",\"@id\":\"https:\/\/portaltela.pt\/noticias\/2026\/04\/30\/primeiro-ministro-compromete-se-a-ligar-beja-evora-e-portalegre-por-autoestrada\/#breadcrumb\",\"itemListElement\":[{\"@type\":\"ListItem\",\"position\":1,\"name\":\"In\u00edcio\",\"item\":\"https:\/\/portaltela.pt\/\"},{\"@type\":\"ListItem\",\"position\":2,\"name\":\"Primeiro-ministro compromete-se a ligar Beja, \u00c9vora e Portalegre por autoestrada\"}]},{\"@type\":\"WebSite\",\"@id\":\"https:\/\/portaltela.pt\/#website\",\"url\":\"https:\/\/portaltela.pt\/\",\"name\":\"Portal Tela Portugal\",\"description\":\"\",\"potentialAction\":[{\"@type\":\"SearchAction\",\"target\":{\"@type\":\"EntryPoint\",\"urlTemplate\":\"https:\/\/portaltela.pt\/?s={search_term_string}\"},\"query-input\":{\"@type\":\"PropertyValueSpecification\",\"valueRequired\":true,\"valueName\":\"search_term_string\"}}],\"inLanguage\":\"pt-PT\"},{\"@type\":\"Person\",\"@id\":\"https:\/\/portaltela.pt\/#\/schema\/person\/c4278d4a6028830caff9ee44b42d32ed\",\"name\":\"Telinha\",\"image\":{\"@type\":\"ImageObject\",\"inLanguage\":\"pt-PT\",\"@id\":\"https:\/\/portaltela.pt\/s.01k8rhncp4jt1\/2025\/11\/talking-bot-125x125.png\",\"url\":\"https:\/\/portaltela.pt\/s.01k8rhncp4jt1\/2025\/11\/talking-bot-125x125.png\",\"contentUrl\":\"https:\/\/portaltela.pt\/s.01k8rhncp4jt1\/2025\/11\/talking-bot-125x125.png\",\"caption\":\"Telinha\"},\"sameAs\":[\"https:\/\/portaltela.pt\/\"],\"url\":\"https:\/\/portaltela.pt\/por\/367410592786\/\"}]}<\/script>\n<!-- \/ Yoast SEO plugin. -->","yoast_head_json":{"title":"Primeiro-ministro compromete-se a ligar Beja, \u00c9vora e Portalegre por autoestrada - Portal Tela Portugal","robots":{"index":"index","follow":"follow","max-snippet":"max-snippet:-1","max-image-preview":"max-image-preview:large","max-video-preview":"max-video-preview:-1"},"og_locale":"pt_PT","og_type":"article","og_title":"Primeiro-ministro compromete-se a ligar Beja, \u00c9vora e Portalegre por autoestrada - Portal Tela Portugal","og_description":"O primeiro-ministro Lu\u00eds Montenegro comprometeu o Governo a ligar por autoestrada Beja, \u00c9vora e Portalegre. O objetivo \u00e9 ter todas as capitais de distrito servidas e ligadas por autoestrada, para o territ\u00f3rio ficar mais pr\u00f3ximo e competir economicamente. O compromisso foi assumido pelo ministro da Economia, Manuel Castro Almeida, e ser\u00e1 cumprido pelo Governo. Montenegro indicou que j\u00e1 est\u00e3o a ser desenvolvidos estudos para uma liga\u00e7\u00e3o por autoestrada a Portalegre. Em Campo Maior, no Centro de Ci\u00eancia do Caf\u00e9, o grupo Delta anunciou investimentos superiores a 20 milh\u00f5es de euros para aumentar a capacidade da f\u00e1brica.","og_url":"https:\/\/portaltela.pt\/noticias\/2026\/04\/30\/primeiro-ministro-compromete-se-a-ligar-beja-evora-e-portalegre-por-autoestrada\/","og_site_name":"Portal Tela Portugal","article_published_time":"2026-04-30T13:33:07+00:00","author":"Telinha","twitter_card":"summary_large_image","twitter_misc":{"Escrito por":"Telinha","Tempo estimado de leitura":"1 minuto"},"schema":{"@context":"https:\/\/schema.org","@graph":[{"@type":"Article","@id":"https:\/\/portaltela.pt\/noticias\/2026\/04\/30\/primeiro-ministro-compromete-se-a-ligar-beja-evora-e-portalegre-por-autoestrada\/#article","isPartOf":{"@id":"https:\/\/portaltela.pt\/noticias\/2026\/04\/30\/primeiro-ministro-compromete-se-a-ligar-beja-evora-e-portalegre-por-autoestrada\/"},"author":{"name":"Telinha","@id":"https:\/\/portaltela.pt\/#\/schema\/person\/c4278d4a6028830caff9ee44b42d32ed"},"headline":"Primeiro-ministro compromete-se a ligar Beja, \u00c9vora e Portalegre por autoestrada","datePublished":"2026-04-30T13:33:07+00:00","mainEntityOfPage":{"@id":"https:\/\/portaltela.pt\/noticias\/2026\/04\/30\/primeiro-ministro-compromete-se-a-ligar-beja-evora-e-portalegre-por-autoestrada\/"},"wordCount":189,"image":{"@id":"https:\/\/portaltela.pt\/noticias\/2026\/04\/30\/primeiro-ministro-compromete-se-a-ligar-beja-evora-e-portalegre-por-autoestrada\/#primaryimage"},"thumbnailUrl":"https:\/\/portaltela.pt\/s.01k8rhncp4jt1\/2026\/04\/img_1500x1000uu2026-04-29-16-53-44-2281873.jpg","keywords":["_autoestradas","_Beja","_Delta Caf\u00e9s","_desenvolvimento regional","_\u00c9vora","_Portalegre"],"articleSection":["Not\u00edcias","Pol\u00edtica"],"inLanguage":"pt-PT"},{"@type":"WebPage","@id":"https:\/\/portaltela.pt\/noticias\/2026\/04\/30\/primeiro-ministro-compromete-se-a-ligar-beja-evora-e-portalegre-por-autoestrada\/","url":"https:\/\/portaltela.pt\/noticias\/2026\/04\/30\/primeiro-ministro-compromete-se-a-ligar-beja-evora-e-portalegre-por-autoestrada\/","name":"Primeiro-ministro compromete-se a ligar Beja, \u00c9vora e Portalegre por autoestrada - Portal Tela Portugal","isPartOf":{"@id":"https:\/\/portaltela.pt\/#website"},"primaryImageOfPage":{"@id":"https:\/\/portaltela.pt\/noticias\/2026\/04\/30\/primeiro-ministro-compromete-se-a-ligar-beja-evora-e-portalegre-por-autoestrada\/#primaryimage"},"image":{"@id":"https:\/\/portaltela.pt\/noticias\/2026\/04\/30\/primeiro-ministro-compromete-se-a-ligar-beja-evora-e-portalegre-por-autoestrada\/#primaryimage"},"thumbnailUrl":"https:\/\/portaltela.pt\/s.01k8rhncp4jt1\/2026\/04\/img_1500x1000uu2026-04-29-16-53-44-2281873.jpg","datePublished":"2026-04-30T13:33:07+00:00","author":{"@id":"https:\/\/portaltela.pt\/#\/schema\/person\/c4278d4a6028830caff9ee44b42d32ed"},"breadcrumb":{"@id":"https:\/\/portaltela.pt\/noticias\/2026\/04\/30\/primeiro-ministro-compromete-se-a-ligar-beja-evora-e-portalegre-por-autoestrada\/#breadcrumb"},"inLanguage":"pt-PT","potentialAction":[{"@type":"ReadAction","target":["https:\/\/portaltela.pt\/noticias\/2026\/04\/30\/primeiro-ministro-compromete-se-a-ligar-beja-evora-e-portalegre-por-autoestrada\/"]}]},{"@type":"ImageObject","inLanguage":"pt-PT","@id":"https:\/\/portaltela.pt\/noticias\/2026\/04\/30\/primeiro-ministro-compromete-se-a-ligar-beja-evora-e-portalegre-por-autoestrada\/#primaryimage","url":"https:\/\/portaltela.pt\/s.01k8rhncp4jt1\/2026\/04\/img_1500x1000uu2026-04-29-16-53-44-2281873.jpg","contentUrl":"https:\/\/portaltela.pt\/s.01k8rhncp4jt1\/2026\/04\/img_1500x1000uu2026-04-29-16-53-44-2281873.jpg","width":796,"height":448,"caption":"Lu\u00eds Montenegro no Parlamento"},{"@type":"BreadcrumbList","@id":"https:\/\/portaltela.pt\/noticias\/2026\/04\/30\/primeiro-ministro-compromete-se-a-ligar-beja-evora-e-portalegre-por-autoestrada\/#breadcrumb","itemListElement":[{"@type":"ListItem","position":1,"name":"In\u00edcio","item":"https:\/\/portaltela.pt\/"},{"@type":"ListItem","position":2,"name":"Primeiro-ministro compromete-se a ligar Beja, \u00c9vora e Portalegre por autoestrada"}]},{"@type":"WebSite","@id":"https:\/\/portaltela.pt\/#website","url":"https:\/\/portaltela.pt\/","name":"Portal Tela Portugal","description":"","potentialAction":[{"@type":"SearchAction","target":{"@type":"EntryPoint","urlTemplate":"https:\/\/portaltela.pt\/?s={search_term_string}"},"query-input":{"@type":"PropertyValueSpecification","valueRequired":true,"valueName":"search_term_string"}}],"inLanguage":"pt-PT"},{"@type":"Person","@id":"https:\/\/portaltela.pt\/#\/schema\/person\/c4278d4a6028830caff9ee44b42d32ed","name":"Telinha","image":{"@type":"ImageObject","inLanguage":"pt-PT","@id":"https:\/\/portaltela.pt\/s.01k8rhncp4jt1\/2025\/11\/talking-bot-125x125.png","url":"https:\/\/portaltela.pt\/s.01k8rhncp4jt1\/2025\/11\/talking-bot-125x125.png","contentUrl":"https:\/\/portaltela.pt\/s.01k8rhncp4jt1\/2025\/11\/talking-bot-125x125.png","caption":"Telinha"},"sameAs":["https:\/\/portaltela.pt\/"],"url":"https:\/\/portaltela.pt\/por\/367410592786\/"}]}},"_links":{"self":[{"href":"https:\/\/portaltela.pt\/api\/wp\/v2\/posts\/462486","targetHints":{"allow":["GET"]}}],"collection":[{"href":"https:\/\/portaltela.pt\/api\/wp\/v2\/posts"}],"about":[{"href":"https:\/\/portaltela.pt\/api\/wp\/v2\/types\/post"}],"author":[{"embeddable":true,"href":"https:\/\/portaltela.pt\/api\/wp\/v2\/users\/2"}],"replies":[{"embeddable":true,"href":"https:\/\/portaltela.pt\/api\/wp\/v2\/comments?post=462486"}],"version-history":[{"count":0,"href":"https:\/\/portaltela.pt\/api\/wp\/v2\/posts\/462486\/revisions"}],"wp:featuredmedia":[{"embeddable":true,"href":"https:\/\/portaltela.pt\/api\/wp\/v2\/media\/462488"}],"wp:attachment":[{"href":"https:\/\/portaltela.pt\/api\/wp\/v2\/media?parent=462486"}],"wp:term":[{"taxonomy":"category","embeddable":true,"href":"https:\/\/portaltela.pt\/api\/wp\/v2\/categories?post=462486"},{"taxonomy":"post_tag","embeddable":true,"href":"https:\/\/portaltela.pt\/api\/wp\/v2\/tags?post=462486"}],"curies":[{"name":"wp","href":"https:\/\/api.w.org\/{rel}","templated":true}]}}