{"id":462479,"date":"2026-04-30T10:18:25","date_gmt":"2026-04-30T13:18:25","guid":{"rendered":"https:\/\/portaltela.pt\/noticias\/2026\/04\/30\/pinotes-batista-acusa-sporting-de-nao-acautelar-para-estar-em-todas-as-frentes\/"},"modified":"2026-04-30T10:18:25","modified_gmt":"2026-04-30T13:18:25","slug":"pinotes-batista-acusa-sporting-de-nao-acautelar-para-estar-em-todas-as-frentes","status":"publish","type":"post","link":"https:\/\/portaltela.pt\/desporto\/futebol\/2026\/04\/30\/pinotes-batista-acusa-sporting-de-nao-acautelar-para-estar-em-todas-as-frentes\/","title":{"rendered":"Pinotes Batista acusa Sporting de n\u00e3o acautelar para estar em todas as frentes"},"content":{"rendered":"<p>O adepto Andr\u00e9 Pinotes Batista, deputado do PS, comentou o momento do Sporting \u00e0 RECORD ap\u00f3s o empate frente ao Tondela, em Alvalade, que terminou 2-2 e foi o quinto jogo sem vit\u00f3ria da equipa.<\/p>\n<p>Pinotes Batista afirmou que o clube n\u00e3o se preparou bem para a segunda metade da temporada.<\/p>\n<p>O deputado destacou a necessidade de uma reflex\u00e3o interna para reequilibrar o clube e tra\u00e7ar caminhos para o futuro.<\/p>\n<h3>Rea\u00e7\u00e3o ao momento atual<\/h3>\n<p>Na entrevista, o foco recai sobre a estrat\u00e9gia a seguir para a fase decisiva da temporada, com \u00eanfase na gest\u00e3o interna e na condu\u00e7\u00e3o desportiva do plantel.<\/p>\n<p>A an\u00e1lise p\u00fablica do momento do clube surge no contexto de uma sequ\u00eancia sem triunfos que aumenta a press\u00e3o sobre o corpo t\u00e9cnico e a dire\u00e7\u00e3o, segundo o deputado.<\/p>\n","protected":false},"excerpt":{"rendered":"<ul>\n<li>Andr\u00e9 Pinotes Batista, adepto do Sporting e deputado do PS, falou \u00e0 Record sobre o momento do clube.<\/li>\n<li>O Sporting empatou com o Tondela, na quarta-feira, a 2-2, num jogo que marcou o quinto encontro consecutivo sem vencer.<\/li>\n<li>O deputado acusa a equipa de n\u00e3o ter preparado bem a segunda metade da temporada.<\/li>\n<li>O coment\u00e1rio surge em contexto de cr\u00edticas internas ao que o clube tem feito recentemente.<\/li>\n<\/ul>\n","protected":false},"author":2,"featured_media":462482,"comment_status":"closed","ping_status":"closed","sticky":false,"template":"","format":"standard","meta":{"footnotes":""},"categories":[21,24],"tags":[152,32,7120,2832,2144,1652],"class_list":["post-462479","post","type-post","status-publish","format-standard","has-post-thumbnail","hentry","category-desporto","category-futebol","tag-desporto","tag-futebol","tag-gestao-desportiva","tag-politica","tag-ps","tag-sporting"],"yoast_head":"<!-- This site is optimized with the Yoast SEO plugin v27.2 - https:\/\/yoast.com\/product\/yoast-seo-wordpress\/ -->\n<title>Pinotes Batista acusa Sporting de n\u00e3o acautelar para estar em todas as frentes - Portal Tela Portugal<\/title>\n<meta name=\"robots\" content=\"index, follow, max-snippet:-1, max-image-preview:large, max-video-preview:-1\" \/>\n<meta property=\"og:locale\" content=\"pt_PT\" \/>\n<meta property=\"og:type\" content=\"article\" \/>\n<meta property=\"og:title\" content=\"Pinotes Batista acusa Sporting de n\u00e3o acautelar para estar em todas as frentes - Portal Tela Portugal\" \/>\n<meta property=\"og:description\" content=\"Andr\u00e9 Pinotes Batista, adepto do Sporting e deputado do PS, falou \u00e0 Record sobre o momento do clube. O Sporting empatou com o Tondela, na quarta-feira, a 2-2, num jogo que marcou o quinto encontro consecutivo sem vencer. O deputado acusa a equipa de n\u00e3o ter preparado bem a segunda metade da temporada. O coment\u00e1rio surge em contexto de cr\u00edticas internas ao que o clube tem feito recentemente.\" \/>\n<meta property=\"og:url\" content=\"https:\/\/portaltela.pt\/noticias\/2026\/04\/30\/pinotes-batista-acusa-sporting-de-nao-acautelar-para-estar-em-todas-as-frentes\/\" \/>\n<meta property=\"og:site_name\" content=\"Portal Tela Portugal\" \/>\n<meta property=\"article:published_time\" content=\"2026-04-30T13:18:25+00:00\" \/>\n<meta name=\"author\" content=\"Telinha\" \/>\n<meta name=\"twitter:card\" content=\"summary_large_image\" \/>\n<meta name=\"twitter:label1\" content=\"Escrito por\" \/>\n\t<meta name=\"twitter:data1\" content=\"Telinha\" \/>\n\t<meta name=\"twitter:label2\" content=\"Tempo estimado de leitura\" \/>\n\t<meta name=\"twitter:data2\" content=\"1 minuto\" \/>\n<script type=\"application\/ld+json\" class=\"yoast-schema-graph\">{\"@context\":\"https:\/\/schema.org\",\"@graph\":[{\"@type\":\"Article\",\"@id\":\"https:\/\/portaltela.pt\/noticias\/2026\/04\/30\/pinotes-batista-acusa-sporting-de-nao-acautelar-para-estar-em-todas-as-frentes\/#article\",\"isPartOf\":{\"@id\":\"https:\/\/portaltela.pt\/noticias\/2026\/04\/30\/pinotes-batista-acusa-sporting-de-nao-acautelar-para-estar-em-todas-as-frentes\/\"},\"author\":{\"name\":\"Telinha\",\"@id\":\"https:\/\/portaltela.pt\/#\/schema\/person\/c4278d4a6028830caff9ee44b42d32ed\"},\"headline\":\"Pinotes Batista acusa Sporting de n\u00e3o acautelar para estar em todas as frentes\",\"datePublished\":\"2026-04-30T13:18:25+00:00\",\"mainEntityOfPage\":{\"@id\":\"https:\/\/portaltela.pt\/noticias\/2026\/04\/30\/pinotes-batista-acusa-sporting-de-nao-acautelar-para-estar-em-todas-as-frentes\/\"},\"wordCount\":158,\"image\":{\"@id\":\"https:\/\/portaltela.pt\/noticias\/2026\/04\/30\/pinotes-batista-acusa-sporting-de-nao-acautelar-para-estar-em-todas-as-frentes\/#primaryimage\"},\"thumbnailUrl\":\"https:\/\/portaltela.pt\/s.01k8rhncp4jt1\/2026\/04\/img_920x518uu2026-04-30-14-03-35-2436097.jpg\",\"keywords\":[\"desporto\",\"futebol\",\"gest\u00e3o desportiva\",\"pol\u00edtica\",\"PS\",\"Sporting\"],\"articleSection\":[\"Desporto\",\"Futebol\"],\"inLanguage\":\"pt-PT\"},{\"@type\":\"WebPage\",\"@id\":\"https:\/\/portaltela.pt\/noticias\/2026\/04\/30\/pinotes-batista-acusa-sporting-de-nao-acautelar-para-estar-em-todas-as-frentes\/\",\"url\":\"https:\/\/portaltela.pt\/noticias\/2026\/04\/30\/pinotes-batista-acusa-sporting-de-nao-acautelar-para-estar-em-todas-as-frentes\/\",\"name\":\"Pinotes Batista acusa Sporting de n\u00e3o acautelar para estar em todas as frentes - Portal Tela Portugal\",\"isPartOf\":{\"@id\":\"https:\/\/portaltela.pt\/#website\"},\"primaryImageOfPage\":{\"@id\":\"https:\/\/portaltela.pt\/noticias\/2026\/04\/30\/pinotes-batista-acusa-sporting-de-nao-acautelar-para-estar-em-todas-as-frentes\/#primaryimage\"},\"image\":{\"@id\":\"https:\/\/portaltela.pt\/noticias\/2026\/04\/30\/pinotes-batista-acusa-sporting-de-nao-acautelar-para-estar-em-todas-as-frentes\/#primaryimage\"},\"thumbnailUrl\":\"https:\/\/portaltela.pt\/s.01k8rhncp4jt1\/2026\/04\/img_920x518uu2026-04-30-14-03-35-2436097.jpg\",\"datePublished\":\"2026-04-30T13:18:25+00:00\",\"author\":{\"@id\":\"https:\/\/portaltela.pt\/#\/schema\/person\/c4278d4a6028830caff9ee44b42d32ed\"},\"breadcrumb\":{\"@id\":\"https:\/\/portaltela.pt\/noticias\/2026\/04\/30\/pinotes-batista-acusa-sporting-de-nao-acautelar-para-estar-em-todas-as-frentes\/#breadcrumb\"},\"inLanguage\":\"pt-PT\",\"potentialAction\":[{\"@type\":\"ReadAction\",\"target\":[\"https:\/\/portaltela.pt\/noticias\/2026\/04\/30\/pinotes-batista-acusa-sporting-de-nao-acautelar-para-estar-em-todas-as-frentes\/\"]}]},{\"@type\":\"ImageObject\",\"inLanguage\":\"pt-PT\",\"@id\":\"https:\/\/portaltela.pt\/noticias\/2026\/04\/30\/pinotes-batista-acusa-sporting-de-nao-acautelar-para-estar-em-todas-as-frentes\/#primaryimage\",\"url\":\"https:\/\/portaltela.pt\/s.01k8rhncp4jt1\/2026\/04\/img_920x518uu2026-04-30-14-03-35-2436097.jpg\",\"contentUrl\":\"https:\/\/portaltela.pt\/s.01k8rhncp4jt1\/2026\/04\/img_920x518uu2026-04-30-14-03-35-2436097.jpg\",\"width\":796,\"height\":448,\"caption\":\"Desilus\u00e3o leonina com o empate frente ao Tondela\"},{\"@type\":\"BreadcrumbList\",\"@id\":\"https:\/\/portaltela.pt\/noticias\/2026\/04\/30\/pinotes-batista-acusa-sporting-de-nao-acautelar-para-estar-em-todas-as-frentes\/#breadcrumb\",\"itemListElement\":[{\"@type\":\"ListItem\",\"position\":1,\"name\":\"In\u00edcio\",\"item\":\"https:\/\/portaltela.pt\/\"},{\"@type\":\"ListItem\",\"position\":2,\"name\":\"Pinotes Batista acusa Sporting de n\u00e3o acautelar para estar em todas as frentes\"}]},{\"@type\":\"WebSite\",\"@id\":\"https:\/\/portaltela.pt\/#website\",\"url\":\"https:\/\/portaltela.pt\/\",\"name\":\"Portal Tela Portugal\",\"description\":\"\",\"potentialAction\":[{\"@type\":\"SearchAction\",\"target\":{\"@type\":\"EntryPoint\",\"urlTemplate\":\"https:\/\/portaltela.pt\/?s={search_term_string}\"},\"query-input\":{\"@type\":\"PropertyValueSpecification\",\"valueRequired\":true,\"valueName\":\"search_term_string\"}}],\"inLanguage\":\"pt-PT\"},{\"@type\":\"Person\",\"@id\":\"https:\/\/portaltela.pt\/#\/schema\/person\/c4278d4a6028830caff9ee44b42d32ed\",\"name\":\"Telinha\",\"image\":{\"@type\":\"ImageObject\",\"inLanguage\":\"pt-PT\",\"@id\":\"https:\/\/portaltela.pt\/s.01k8rhncp4jt1\/2025\/11\/talking-bot-125x125.png\",\"url\":\"https:\/\/portaltela.pt\/s.01k8rhncp4jt1\/2025\/11\/talking-bot-125x125.png\",\"contentUrl\":\"https:\/\/portaltela.pt\/s.01k8rhncp4jt1\/2025\/11\/talking-bot-125x125.png\",\"caption\":\"Telinha\"},\"sameAs\":[\"https:\/\/portaltela.pt\/\"],\"url\":\"https:\/\/portaltela.pt\/por\/367410592786\/\"}]}<\/script>\n<!-- \/ Yoast SEO plugin. -->","yoast_head_json":{"title":"Pinotes Batista acusa Sporting de n\u00e3o acautelar para estar em todas as frentes - Portal Tela Portugal","robots":{"index":"index","follow":"follow","max-snippet":"max-snippet:-1","max-image-preview":"max-image-preview:large","max-video-preview":"max-video-preview:-1"},"og_locale":"pt_PT","og_type":"article","og_title":"Pinotes Batista acusa Sporting de n\u00e3o acautelar para estar em todas as frentes - Portal Tela Portugal","og_description":"Andr\u00e9 Pinotes Batista, adepto do Sporting e deputado do PS, falou \u00e0 Record sobre o momento do clube. O Sporting empatou com o Tondela, na quarta-feira, a 2-2, num jogo que marcou o quinto encontro consecutivo sem vencer. O deputado acusa a equipa de n\u00e3o ter preparado bem a segunda metade da temporada. O coment\u00e1rio surge em contexto de cr\u00edticas internas ao que o clube tem feito recentemente.","og_url":"https:\/\/portaltela.pt\/noticias\/2026\/04\/30\/pinotes-batista-acusa-sporting-de-nao-acautelar-para-estar-em-todas-as-frentes\/","og_site_name":"Portal Tela Portugal","article_published_time":"2026-04-30T13:18:25+00:00","author":"Telinha","twitter_card":"summary_large_image","twitter_misc":{"Escrito por":"Telinha","Tempo estimado de leitura":"1 minuto"},"schema":{"@context":"https:\/\/schema.org","@graph":[{"@type":"Article","@id":"https:\/\/portaltela.pt\/noticias\/2026\/04\/30\/pinotes-batista-acusa-sporting-de-nao-acautelar-para-estar-em-todas-as-frentes\/#article","isPartOf":{"@id":"https:\/\/portaltela.pt\/noticias\/2026\/04\/30\/pinotes-batista-acusa-sporting-de-nao-acautelar-para-estar-em-todas-as-frentes\/"},"author":{"name":"Telinha","@id":"https:\/\/portaltela.pt\/#\/schema\/person\/c4278d4a6028830caff9ee44b42d32ed"},"headline":"Pinotes Batista acusa Sporting de n\u00e3o acautelar para estar em todas as frentes","datePublished":"2026-04-30T13:18:25+00:00","mainEntityOfPage":{"@id":"https:\/\/portaltela.pt\/noticias\/2026\/04\/30\/pinotes-batista-acusa-sporting-de-nao-acautelar-para-estar-em-todas-as-frentes\/"},"wordCount":158,"image":{"@id":"https:\/\/portaltela.pt\/noticias\/2026\/04\/30\/pinotes-batista-acusa-sporting-de-nao-acautelar-para-estar-em-todas-as-frentes\/#primaryimage"},"thumbnailUrl":"https:\/\/portaltela.pt\/s.01k8rhncp4jt1\/2026\/04\/img_920x518uu2026-04-30-14-03-35-2436097.jpg","keywords":["desporto","futebol","gest\u00e3o desportiva","pol\u00edtica","PS","Sporting"],"articleSection":["Desporto","Futebol"],"inLanguage":"pt-PT"},{"@type":"WebPage","@id":"https:\/\/portaltela.pt\/noticias\/2026\/04\/30\/pinotes-batista-acusa-sporting-de-nao-acautelar-para-estar-em-todas-as-frentes\/","url":"https:\/\/portaltela.pt\/noticias\/2026\/04\/30\/pinotes-batista-acusa-sporting-de-nao-acautelar-para-estar-em-todas-as-frentes\/","name":"Pinotes Batista acusa Sporting de n\u00e3o acautelar para estar em todas as frentes - Portal Tela Portugal","isPartOf":{"@id":"https:\/\/portaltela.pt\/#website"},"primaryImageOfPage":{"@id":"https:\/\/portaltela.pt\/noticias\/2026\/04\/30\/pinotes-batista-acusa-sporting-de-nao-acautelar-para-estar-em-todas-as-frentes\/#primaryimage"},"image":{"@id":"https:\/\/portaltela.pt\/noticias\/2026\/04\/30\/pinotes-batista-acusa-sporting-de-nao-acautelar-para-estar-em-todas-as-frentes\/#primaryimage"},"thumbnailUrl":"https:\/\/portaltela.pt\/s.01k8rhncp4jt1\/2026\/04\/img_920x518uu2026-04-30-14-03-35-2436097.jpg","datePublished":"2026-04-30T13:18:25+00:00","author":{"@id":"https:\/\/portaltela.pt\/#\/schema\/person\/c4278d4a6028830caff9ee44b42d32ed"},"breadcrumb":{"@id":"https:\/\/portaltela.pt\/noticias\/2026\/04\/30\/pinotes-batista-acusa-sporting-de-nao-acautelar-para-estar-em-todas-as-frentes\/#breadcrumb"},"inLanguage":"pt-PT","potentialAction":[{"@type":"ReadAction","target":["https:\/\/portaltela.pt\/noticias\/2026\/04\/30\/pinotes-batista-acusa-sporting-de-nao-acautelar-para-estar-em-todas-as-frentes\/"]}]},{"@type":"ImageObject","inLanguage":"pt-PT","@id":"https:\/\/portaltela.pt\/noticias\/2026\/04\/30\/pinotes-batista-acusa-sporting-de-nao-acautelar-para-estar-em-todas-as-frentes\/#primaryimage","url":"https:\/\/portaltela.pt\/s.01k8rhncp4jt1\/2026\/04\/img_920x518uu2026-04-30-14-03-35-2436097.jpg","contentUrl":"https:\/\/portaltela.pt\/s.01k8rhncp4jt1\/2026\/04\/img_920x518uu2026-04-30-14-03-35-2436097.jpg","width":796,"height":448,"caption":"Desilus\u00e3o leonina com o empate frente ao Tondela"},{"@type":"BreadcrumbList","@id":"https:\/\/portaltela.pt\/noticias\/2026\/04\/30\/pinotes-batista-acusa-sporting-de-nao-acautelar-para-estar-em-todas-as-frentes\/#breadcrumb","itemListElement":[{"@type":"ListItem","position":1,"name":"In\u00edcio","item":"https:\/\/portaltela.pt\/"},{"@type":"ListItem","position":2,"name":"Pinotes Batista acusa Sporting de n\u00e3o acautelar para estar em todas as frentes"}]},{"@type":"WebSite","@id":"https:\/\/portaltela.pt\/#website","url":"https:\/\/portaltela.pt\/","name":"Portal Tela Portugal","description":"","potentialAction":[{"@type":"SearchAction","target":{"@type":"EntryPoint","urlTemplate":"https:\/\/portaltela.pt\/?s={search_term_string}"},"query-input":{"@type":"PropertyValueSpecification","valueRequired":true,"valueName":"search_term_string"}}],"inLanguage":"pt-PT"},{"@type":"Person","@id":"https:\/\/portaltela.pt\/#\/schema\/person\/c4278d4a6028830caff9ee44b42d32ed","name":"Telinha","image":{"@type":"ImageObject","inLanguage":"pt-PT","@id":"https:\/\/portaltela.pt\/s.01k8rhncp4jt1\/2025\/11\/talking-bot-125x125.png","url":"https:\/\/portaltela.pt\/s.01k8rhncp4jt1\/2025\/11\/talking-bot-125x125.png","contentUrl":"https:\/\/portaltela.pt\/s.01k8rhncp4jt1\/2025\/11\/talking-bot-125x125.png","caption":"Telinha"},"sameAs":["https:\/\/portaltela.pt\/"],"url":"https:\/\/portaltela.pt\/por\/367410592786\/"}]}},"_links":{"self":[{"href":"https:\/\/portaltela.pt\/api\/wp\/v2\/posts\/462479","targetHints":{"allow":["GET"]}}],"collection":[{"href":"https:\/\/portaltela.pt\/api\/wp\/v2\/posts"}],"about":[{"href":"https:\/\/portaltela.pt\/api\/wp\/v2\/types\/post"}],"author":[{"embeddable":true,"href":"https:\/\/portaltela.pt\/api\/wp\/v2\/users\/2"}],"replies":[{"embeddable":true,"href":"https:\/\/portaltela.pt\/api\/wp\/v2\/comments?post=462479"}],"version-history":[{"count":0,"href":"https:\/\/portaltela.pt\/api\/wp\/v2\/posts\/462479\/revisions"}],"wp:featuredmedia":[{"embeddable":true,"href":"https:\/\/portaltela.pt\/api\/wp\/v2\/media\/462482"}],"wp:attachment":[{"href":"https:\/\/portaltela.pt\/api\/wp\/v2\/media?parent=462479"}],"wp:term":[{"taxonomy":"category","embeddable":true,"href":"https:\/\/portaltela.pt\/api\/wp\/v2\/categories?post=462479"},{"taxonomy":"post_tag","embeddable":true,"href":"https:\/\/portaltela.pt\/api\/wp\/v2\/tags?post=462479"}],"curies":[{"name":"wp","href":"https:\/\/api.w.org\/{rel}","templated":true}]}}