{"id":462477,"date":"2026-04-30T10:18:21","date_gmt":"2026-04-30T13:18:21","guid":{"rendered":"https:\/\/portaltela.pt\/noticias\/2026\/04\/30\/andreia-nunes-l-or-e-a-primeira-mulher-portuguesa-com-maioria-de-capital-numa-sad\/"},"modified":"2026-04-30T10:18:21","modified_gmt":"2026-04-30T13:18:21","slug":"andreia-nunes-l-or-e-a-primeira-mulher-portuguesa-com-maioria-de-capital-numa-sad","status":"publish","type":"post","link":"https:\/\/portaltela.pt\/desporto\/futebol\/2026\/04\/30\/andreia-nunes-l-or-e-a-primeira-mulher-portuguesa-com-maioria-de-capital-numa-sad\/","title":{"rendered":"Andreia Nunes L&#8217;or \u00e9 a primeira mulher portuguesa com maioria de capital numa SAD"},"content":{"rendered":"<p>Andreia Nunes L&#8217;or tornou-se a propriet\u00e1ria com maior participa\u00e7\u00e3o do grupo que gere o Grupo Desportivo Alcochetense, tornando-se a primeira mulher portuguesa a deter a maioria do capital de uma SAD. A formaliza\u00e7\u00e3o foi conclu\u00edda ap\u00f3s a aprova\u00e7\u00e3o na Assembleia Geral de fim de 2025.<\/p>\n<p>Quem est\u00e1 envolvido: a acionista principal \u00e9 Andreia Nunes Lor, e o antigo dirigente do Sporting, Andr\u00e9 Geraldes, assume a presid\u00eancia da SAD. O objetivo partilhado \u00e9 profissionalizar o clube e refor\u00e7ar o seu car\u00e1cter competitivo no futebol distrital de Set\u00fabal.<\/p>\n<p>Quando e onde: a Assembleia ocorreu no final de 2025, com a valida\u00e7\u00e3o formal desta posi\u00e7\u00e3o. O clube situa-se em Alcochetense, distrito de Set\u00fabal, Portugal.<\/p>\n<p>Porqu\u00ea: o projeto visa elevar o Alcochetense a um patamar superior, atrair novas parcerias e investimentos, e dar o salto definitivo para o pr\u00f3ximo n\u00edvel de profissionaliza\u00e7\u00e3o, segundo a pr\u00f3pria dirigente.<\/p>\n<h3>Contexto no futebol portugu\u00eas<\/h3>\n<p>No panorama nacional, j\u00e1 houve mulheres em cargos de topo, como Alexandrina Cruz, que presidiu o Rio Ave e a respetiva SAD. No entanto, o controlo acionista desta opera\u00e7\u00e3o est\u00e1 hoje nas m\u00e3os de Andreia Nunes L&#8217;or.<\/p>\n","protected":false},"excerpt":{"rendered":"<ul>\n<li>Andreia Nunes L&#8217;or tornou-se na primeira mulher portuguesa a deter a maioria do capital de uma SAD, no Grupo Desportivo Alcochetense, ap\u00f3s aprova\u00e7\u00e3o em Assembleia Geral no final de 2025.<\/li>\n<li>A empres\u00e1ria \u00e9 acionista principal da sociedade, cuja presid\u00eancia fica a cargo de Andr\u00e9 Geraldes, antigo dirigente do Sporting.<\/li>\n<li>O objetivo do projeto \u00e9 elevar o clube a um novo patamar de profissionalismo e torn\u00e1-lo refer\u00eancia no distrito de Set\u00fabal, segundo o comunicado ao qual o Record teve acesso.<\/li>\n<li>A empres\u00e1ria sublinha que, apesar do bom desempenho deste ano, ainda h\u00e1 caminho por percorrer e pretende atrair novas parcerias e investimentos para o salto definitivo.<\/li>\n<li>Em contexto nacional, h\u00e1 exemplos de mulheres em cargos de topo no futebol, como Alexandrina Cruz no Rio Ave, ainda que a maioria do capital possa pertencer a terceiros.<\/li>\n<\/ul>\n","protected":false},"author":2,"featured_media":462480,"comment_status":"closed","ping_status":"closed","sticky":false,"template":"","format":"standard","meta":{"footnotes":""},"categories":[21,24],"tags":[7902,7755,8095,7947,8169,1014],"class_list":["post-462477","post","type-post","status-publish","format-standard","has-post-thumbnail","hentry","category-desporto","category-futebol","tag-_desporto","tag-_futebol","tag-_lideranca","tag-_mulheres","tag-_setubal","tag-portugal"],"yoast_head":"<!-- This site is optimized with the Yoast SEO plugin v27.2 - https:\/\/yoast.com\/product\/yoast-seo-wordpress\/ -->\n<title>Andreia Nunes L&#039;or \u00e9 a primeira mulher portuguesa com maioria de capital numa SAD - Portal Tela Portugal<\/title>\n<meta name=\"robots\" content=\"index, follow, max-snippet:-1, max-image-preview:large, max-video-preview:-1\" \/>\n<meta property=\"og:locale\" content=\"pt_PT\" \/>\n<meta property=\"og:type\" content=\"article\" \/>\n<meta property=\"og:title\" content=\"Andreia Nunes L&#039;or \u00e9 a primeira mulher portuguesa com maioria de capital numa SAD - Portal Tela Portugal\" \/>\n<meta property=\"og:description\" content=\"Andreia Nunes L&#039;or tornou-se na primeira mulher portuguesa a deter a maioria do capital de uma SAD, no Grupo Desportivo Alcochetense, ap\u00f3s aprova\u00e7\u00e3o em Assembleia Geral no final de 2025. A empres\u00e1ria \u00e9 acionista principal da sociedade, cuja presid\u00eancia fica a cargo de Andr\u00e9 Geraldes, antigo dirigente do Sporting. O objetivo do projeto \u00e9 elevar o clube a um novo patamar de profissionalismo e torn\u00e1-lo refer\u00eancia no distrito de Set\u00fabal, segundo o comunicado ao qual o Record teve acesso. A empres\u00e1ria sublinha que, apesar do bom desempenho deste ano, ainda h\u00e1 caminho por percorrer e pretende atrair novas parcerias e investimentos para o salto definitivo. Em contexto nacional, h\u00e1 exemplos de mulheres em cargos de topo no futebol, como Alexandrina Cruz no Rio Ave, ainda que a maioria do capital possa pertencer a terceiros.\" \/>\n<meta property=\"og:url\" content=\"https:\/\/portaltela.pt\/noticias\/2026\/04\/30\/andreia-nunes-l-or-e-a-primeira-mulher-portuguesa-com-maioria-de-capital-numa-sad\/\" \/>\n<meta property=\"og:site_name\" content=\"Portal Tela Portugal\" \/>\n<meta property=\"article:published_time\" content=\"2026-04-30T13:18:21+00:00\" \/>\n<meta name=\"author\" content=\"Telinha\" \/>\n<meta name=\"twitter:card\" content=\"summary_large_image\" \/>\n<meta name=\"twitter:label1\" content=\"Escrito por\" \/>\n\t<meta name=\"twitter:data1\" content=\"Telinha\" \/>\n\t<meta name=\"twitter:label2\" content=\"Tempo estimado de leitura\" \/>\n\t<meta name=\"twitter:data2\" content=\"1 minuto\" \/>\n<script type=\"application\/ld+json\" class=\"yoast-schema-graph\">{\"@context\":\"https:\/\/schema.org\",\"@graph\":[{\"@type\":\"Article\",\"@id\":\"https:\/\/portaltela.pt\/noticias\/2026\/04\/30\/andreia-nunes-l-or-e-a-primeira-mulher-portuguesa-com-maioria-de-capital-numa-sad\/#article\",\"isPartOf\":{\"@id\":\"https:\/\/portaltela.pt\/noticias\/2026\/04\/30\/andreia-nunes-l-or-e-a-primeira-mulher-portuguesa-com-maioria-de-capital-numa-sad\/\"},\"author\":{\"name\":\"Telinha\",\"@id\":\"https:\/\/portaltela.pt\/#\/schema\/person\/c4278d4a6028830caff9ee44b42d32ed\"},\"headline\":\"Andreia Nunes L&#8217;or \u00e9 a primeira mulher portuguesa com maioria de capital numa SAD\",\"datePublished\":\"2026-04-30T13:18:21+00:00\",\"mainEntityOfPage\":{\"@id\":\"https:\/\/portaltela.pt\/noticias\/2026\/04\/30\/andreia-nunes-l-or-e-a-primeira-mulher-portuguesa-com-maioria-de-capital-numa-sad\/\"},\"wordCount\":215,\"image\":{\"@id\":\"https:\/\/portaltela.pt\/noticias\/2026\/04\/30\/andreia-nunes-l-or-e-a-primeira-mulher-portuguesa-com-maioria-de-capital-numa-sad\/#primaryimage\"},\"thumbnailUrl\":\"https:\/\/portaltela.pt\/s.01k8rhncp4jt1\/2026\/04\/img_920x518uu2026-04-30-14-16-39-2436099.jpg\",\"keywords\":[\"_desporto\",\"_futebol\",\"_lideran\u00e7a\",\"_mulheres\",\"_Set\u00fabal\",\"Portugal\"],\"articleSection\":[\"Desporto\",\"Futebol\"],\"inLanguage\":\"pt-PT\"},{\"@type\":\"WebPage\",\"@id\":\"https:\/\/portaltela.pt\/noticias\/2026\/04\/30\/andreia-nunes-l-or-e-a-primeira-mulher-portuguesa-com-maioria-de-capital-numa-sad\/\",\"url\":\"https:\/\/portaltela.pt\/noticias\/2026\/04\/30\/andreia-nunes-l-or-e-a-primeira-mulher-portuguesa-com-maioria-de-capital-numa-sad\/\",\"name\":\"Andreia Nunes L'or \u00e9 a primeira mulher portuguesa com maioria de capital numa SAD - Portal Tela Portugal\",\"isPartOf\":{\"@id\":\"https:\/\/portaltela.pt\/#website\"},\"primaryImageOfPage\":{\"@id\":\"https:\/\/portaltela.pt\/noticias\/2026\/04\/30\/andreia-nunes-l-or-e-a-primeira-mulher-portuguesa-com-maioria-de-capital-numa-sad\/#primaryimage\"},\"image\":{\"@id\":\"https:\/\/portaltela.pt\/noticias\/2026\/04\/30\/andreia-nunes-l-or-e-a-primeira-mulher-portuguesa-com-maioria-de-capital-numa-sad\/#primaryimage\"},\"thumbnailUrl\":\"https:\/\/portaltela.pt\/s.01k8rhncp4jt1\/2026\/04\/img_920x518uu2026-04-30-14-16-39-2436099.jpg\",\"datePublished\":\"2026-04-30T13:18:21+00:00\",\"author\":{\"@id\":\"https:\/\/portaltela.pt\/#\/schema\/person\/c4278d4a6028830caff9ee44b42d32ed\"},\"breadcrumb\":{\"@id\":\"https:\/\/portaltela.pt\/noticias\/2026\/04\/30\/andreia-nunes-l-or-e-a-primeira-mulher-portuguesa-com-maioria-de-capital-numa-sad\/#breadcrumb\"},\"inLanguage\":\"pt-PT\",\"potentialAction\":[{\"@type\":\"ReadAction\",\"target\":[\"https:\/\/portaltela.pt\/noticias\/2026\/04\/30\/andreia-nunes-l-or-e-a-primeira-mulher-portuguesa-com-maioria-de-capital-numa-sad\/\"]}]},{\"@type\":\"ImageObject\",\"inLanguage\":\"pt-PT\",\"@id\":\"https:\/\/portaltela.pt\/noticias\/2026\/04\/30\/andreia-nunes-l-or-e-a-primeira-mulher-portuguesa-com-maioria-de-capital-numa-sad\/#primaryimage\",\"url\":\"https:\/\/portaltela.pt\/s.01k8rhncp4jt1\/2026\/04\/img_920x518uu2026-04-30-14-16-39-2436099.jpg\",\"contentUrl\":\"https:\/\/portaltela.pt\/s.01k8rhncp4jt1\/2026\/04\/img_920x518uu2026-04-30-14-16-39-2436099.jpg\",\"width\":796,\"height\":448,\"caption\":\"Andreia Nunes L'or\"},{\"@type\":\"BreadcrumbList\",\"@id\":\"https:\/\/portaltela.pt\/noticias\/2026\/04\/30\/andreia-nunes-l-or-e-a-primeira-mulher-portuguesa-com-maioria-de-capital-numa-sad\/#breadcrumb\",\"itemListElement\":[{\"@type\":\"ListItem\",\"position\":1,\"name\":\"In\u00edcio\",\"item\":\"https:\/\/portaltela.pt\/\"},{\"@type\":\"ListItem\",\"position\":2,\"name\":\"Andreia Nunes L&#8217;or \u00e9 a primeira mulher portuguesa com maioria de capital numa SAD\"}]},{\"@type\":\"WebSite\",\"@id\":\"https:\/\/portaltela.pt\/#website\",\"url\":\"https:\/\/portaltela.pt\/\",\"name\":\"Portal Tela Portugal\",\"description\":\"\",\"potentialAction\":[{\"@type\":\"SearchAction\",\"target\":{\"@type\":\"EntryPoint\",\"urlTemplate\":\"https:\/\/portaltela.pt\/?s={search_term_string}\"},\"query-input\":{\"@type\":\"PropertyValueSpecification\",\"valueRequired\":true,\"valueName\":\"search_term_string\"}}],\"inLanguage\":\"pt-PT\"},{\"@type\":\"Person\",\"@id\":\"https:\/\/portaltela.pt\/#\/schema\/person\/c4278d4a6028830caff9ee44b42d32ed\",\"name\":\"Telinha\",\"image\":{\"@type\":\"ImageObject\",\"inLanguage\":\"pt-PT\",\"@id\":\"https:\/\/portaltela.pt\/s.01k8rhncp4jt1\/2025\/11\/talking-bot-125x125.png\",\"url\":\"https:\/\/portaltela.pt\/s.01k8rhncp4jt1\/2025\/11\/talking-bot-125x125.png\",\"contentUrl\":\"https:\/\/portaltela.pt\/s.01k8rhncp4jt1\/2025\/11\/talking-bot-125x125.png\",\"caption\":\"Telinha\"},\"sameAs\":[\"https:\/\/portaltela.pt\/\"],\"url\":\"https:\/\/portaltela.pt\/por\/367410592786\/\"}]}<\/script>\n<!-- \/ Yoast SEO plugin. -->","yoast_head_json":{"title":"Andreia Nunes L'or \u00e9 a primeira mulher portuguesa com maioria de capital numa SAD - Portal Tela Portugal","robots":{"index":"index","follow":"follow","max-snippet":"max-snippet:-1","max-image-preview":"max-image-preview:large","max-video-preview":"max-video-preview:-1"},"og_locale":"pt_PT","og_type":"article","og_title":"Andreia Nunes L'or \u00e9 a primeira mulher portuguesa com maioria de capital numa SAD - Portal Tela Portugal","og_description":"Andreia Nunes L'or tornou-se na primeira mulher portuguesa a deter a maioria do capital de uma SAD, no Grupo Desportivo Alcochetense, ap\u00f3s aprova\u00e7\u00e3o em Assembleia Geral no final de 2025. A empres\u00e1ria \u00e9 acionista principal da sociedade, cuja presid\u00eancia fica a cargo de Andr\u00e9 Geraldes, antigo dirigente do Sporting. O objetivo do projeto \u00e9 elevar o clube a um novo patamar de profissionalismo e torn\u00e1-lo refer\u00eancia no distrito de Set\u00fabal, segundo o comunicado ao qual o Record teve acesso. A empres\u00e1ria sublinha que, apesar do bom desempenho deste ano, ainda h\u00e1 caminho por percorrer e pretende atrair novas parcerias e investimentos para o salto definitivo. Em contexto nacional, h\u00e1 exemplos de mulheres em cargos de topo no futebol, como Alexandrina Cruz no Rio Ave, ainda que a maioria do capital possa pertencer a terceiros.","og_url":"https:\/\/portaltela.pt\/noticias\/2026\/04\/30\/andreia-nunes-l-or-e-a-primeira-mulher-portuguesa-com-maioria-de-capital-numa-sad\/","og_site_name":"Portal Tela Portugal","article_published_time":"2026-04-30T13:18:21+00:00","author":"Telinha","twitter_card":"summary_large_image","twitter_misc":{"Escrito por":"Telinha","Tempo estimado de leitura":"1 minuto"},"schema":{"@context":"https:\/\/schema.org","@graph":[{"@type":"Article","@id":"https:\/\/portaltela.pt\/noticias\/2026\/04\/30\/andreia-nunes-l-or-e-a-primeira-mulher-portuguesa-com-maioria-de-capital-numa-sad\/#article","isPartOf":{"@id":"https:\/\/portaltela.pt\/noticias\/2026\/04\/30\/andreia-nunes-l-or-e-a-primeira-mulher-portuguesa-com-maioria-de-capital-numa-sad\/"},"author":{"name":"Telinha","@id":"https:\/\/portaltela.pt\/#\/schema\/person\/c4278d4a6028830caff9ee44b42d32ed"},"headline":"Andreia Nunes L&#8217;or \u00e9 a primeira mulher portuguesa com maioria de capital numa SAD","datePublished":"2026-04-30T13:18:21+00:00","mainEntityOfPage":{"@id":"https:\/\/portaltela.pt\/noticias\/2026\/04\/30\/andreia-nunes-l-or-e-a-primeira-mulher-portuguesa-com-maioria-de-capital-numa-sad\/"},"wordCount":215,"image":{"@id":"https:\/\/portaltela.pt\/noticias\/2026\/04\/30\/andreia-nunes-l-or-e-a-primeira-mulher-portuguesa-com-maioria-de-capital-numa-sad\/#primaryimage"},"thumbnailUrl":"https:\/\/portaltela.pt\/s.01k8rhncp4jt1\/2026\/04\/img_920x518uu2026-04-30-14-16-39-2436099.jpg","keywords":["_desporto","_futebol","_lideran\u00e7a","_mulheres","_Set\u00fabal","Portugal"],"articleSection":["Desporto","Futebol"],"inLanguage":"pt-PT"},{"@type":"WebPage","@id":"https:\/\/portaltela.pt\/noticias\/2026\/04\/30\/andreia-nunes-l-or-e-a-primeira-mulher-portuguesa-com-maioria-de-capital-numa-sad\/","url":"https:\/\/portaltela.pt\/noticias\/2026\/04\/30\/andreia-nunes-l-or-e-a-primeira-mulher-portuguesa-com-maioria-de-capital-numa-sad\/","name":"Andreia Nunes L'or \u00e9 a primeira mulher portuguesa com maioria de capital numa SAD - Portal Tela Portugal","isPartOf":{"@id":"https:\/\/portaltela.pt\/#website"},"primaryImageOfPage":{"@id":"https:\/\/portaltela.pt\/noticias\/2026\/04\/30\/andreia-nunes-l-or-e-a-primeira-mulher-portuguesa-com-maioria-de-capital-numa-sad\/#primaryimage"},"image":{"@id":"https:\/\/portaltela.pt\/noticias\/2026\/04\/30\/andreia-nunes-l-or-e-a-primeira-mulher-portuguesa-com-maioria-de-capital-numa-sad\/#primaryimage"},"thumbnailUrl":"https:\/\/portaltela.pt\/s.01k8rhncp4jt1\/2026\/04\/img_920x518uu2026-04-30-14-16-39-2436099.jpg","datePublished":"2026-04-30T13:18:21+00:00","author":{"@id":"https:\/\/portaltela.pt\/#\/schema\/person\/c4278d4a6028830caff9ee44b42d32ed"},"breadcrumb":{"@id":"https:\/\/portaltela.pt\/noticias\/2026\/04\/30\/andreia-nunes-l-or-e-a-primeira-mulher-portuguesa-com-maioria-de-capital-numa-sad\/#breadcrumb"},"inLanguage":"pt-PT","potentialAction":[{"@type":"ReadAction","target":["https:\/\/portaltela.pt\/noticias\/2026\/04\/30\/andreia-nunes-l-or-e-a-primeira-mulher-portuguesa-com-maioria-de-capital-numa-sad\/"]}]},{"@type":"ImageObject","inLanguage":"pt-PT","@id":"https:\/\/portaltela.pt\/noticias\/2026\/04\/30\/andreia-nunes-l-or-e-a-primeira-mulher-portuguesa-com-maioria-de-capital-numa-sad\/#primaryimage","url":"https:\/\/portaltela.pt\/s.01k8rhncp4jt1\/2026\/04\/img_920x518uu2026-04-30-14-16-39-2436099.jpg","contentUrl":"https:\/\/portaltela.pt\/s.01k8rhncp4jt1\/2026\/04\/img_920x518uu2026-04-30-14-16-39-2436099.jpg","width":796,"height":448,"caption":"Andreia Nunes L'or"},{"@type":"BreadcrumbList","@id":"https:\/\/portaltela.pt\/noticias\/2026\/04\/30\/andreia-nunes-l-or-e-a-primeira-mulher-portuguesa-com-maioria-de-capital-numa-sad\/#breadcrumb","itemListElement":[{"@type":"ListItem","position":1,"name":"In\u00edcio","item":"https:\/\/portaltela.pt\/"},{"@type":"ListItem","position":2,"name":"Andreia Nunes L&#8217;or \u00e9 a primeira mulher portuguesa com maioria de capital numa SAD"}]},{"@type":"WebSite","@id":"https:\/\/portaltela.pt\/#website","url":"https:\/\/portaltela.pt\/","name":"Portal Tela Portugal","description":"","potentialAction":[{"@type":"SearchAction","target":{"@type":"EntryPoint","urlTemplate":"https:\/\/portaltela.pt\/?s={search_term_string}"},"query-input":{"@type":"PropertyValueSpecification","valueRequired":true,"valueName":"search_term_string"}}],"inLanguage":"pt-PT"},{"@type":"Person","@id":"https:\/\/portaltela.pt\/#\/schema\/person\/c4278d4a6028830caff9ee44b42d32ed","name":"Telinha","image":{"@type":"ImageObject","inLanguage":"pt-PT","@id":"https:\/\/portaltela.pt\/s.01k8rhncp4jt1\/2025\/11\/talking-bot-125x125.png","url":"https:\/\/portaltela.pt\/s.01k8rhncp4jt1\/2025\/11\/talking-bot-125x125.png","contentUrl":"https:\/\/portaltela.pt\/s.01k8rhncp4jt1\/2025\/11\/talking-bot-125x125.png","caption":"Telinha"},"sameAs":["https:\/\/portaltela.pt\/"],"url":"https:\/\/portaltela.pt\/por\/367410592786\/"}]}},"_links":{"self":[{"href":"https:\/\/portaltela.pt\/api\/wp\/v2\/posts\/462477","targetHints":{"allow":["GET"]}}],"collection":[{"href":"https:\/\/portaltela.pt\/api\/wp\/v2\/posts"}],"about":[{"href":"https:\/\/portaltela.pt\/api\/wp\/v2\/types\/post"}],"author":[{"embeddable":true,"href":"https:\/\/portaltela.pt\/api\/wp\/v2\/users\/2"}],"replies":[{"embeddable":true,"href":"https:\/\/portaltela.pt\/api\/wp\/v2\/comments?post=462477"}],"version-history":[{"count":0,"href":"https:\/\/portaltela.pt\/api\/wp\/v2\/posts\/462477\/revisions"}],"wp:featuredmedia":[{"embeddable":true,"href":"https:\/\/portaltela.pt\/api\/wp\/v2\/media\/462480"}],"wp:attachment":[{"href":"https:\/\/portaltela.pt\/api\/wp\/v2\/media?parent=462477"}],"wp:term":[{"taxonomy":"category","embeddable":true,"href":"https:\/\/portaltela.pt\/api\/wp\/v2\/categories?post=462477"},{"taxonomy":"post_tag","embeddable":true,"href":"https:\/\/portaltela.pt\/api\/wp\/v2\/tags?post=462477"}],"curies":[{"name":"wp","href":"https:\/\/api.w.org\/{rel}","templated":true}]}}