{"id":462474,"date":"2026-04-30T10:18:06","date_gmt":"2026-04-30T13:18:06","guid":{"rendered":"https:\/\/portaltela.pt\/noticias\/2026\/04\/30\/praias-com-bandeira-azul-para-este-verao-conhecidas-veja-se-a-sua-esta-na-lista\/"},"modified":"2026-04-30T10:18:06","modified_gmt":"2026-04-30T13:18:06","slug":"praias-com-bandeira-azul-para-este-verao-conhecidas-veja-se-a-sua-esta-na-lista","status":"publish","type":"post","link":"https:\/\/portaltela.pt\/meio-ambiente\/2026\/04\/30\/praias-com-bandeira-azul-para-este-verao-conhecidas-veja-se-a-sua-esta-na-lista\/","title":{"rendered":"Praias com Bandeira Azul para este Ver\u00e3o conhecidas; veja se a sua est\u00e1 na lista"},"content":{"rendered":"<p>Na pr\u00f3xima \u00e9poca balnear v\u00e3o hastear a Bandeira Azul a 396 praias em Portugal \u2014 350 costeiras e 46 interiores \u2014 segundo a Associa\u00e7\u00e3o Bandeira Azul da Europa (ABAE). O an\u00fancio foi feito no Estoril, a 15 de junho, pelo presidente da ABAE, Jos\u00e9 Archer.<\/p>\n<p>Este ano, Portugal soma 438 praias, marinas e embarca\u00e7\u00f5es com Bandeira Azul, distribu\u00eddas por 100 concelhos. Destaca-se a Sert\u00e3, que se candidatou pela primeira vez, numa experi\u00eancia que marca o in\u00edcio de um per\u00edodo de transi\u00e7\u00e3o nos crit\u00e9rios de atribui\u00e7\u00e3o.<\/p>\n<p>Mudan\u00e7as nos crit\u00e9rios<\/p>\n<p>A novidade principal \u00e9 a altera\u00e7\u00e3o a aplicar a partir de 2027, com mais crit\u00e9rios e uma nova metodologia de valida\u00e7\u00e3o por auditores externos. O ano de 2026 funciona como ponte para a transi\u00e7\u00e3o, que seguir\u00e1 a nova directiva do consumidor que entra em vigor em setembro.<\/p>\n<p>Candidaturas e datas-chave<\/p>\n<p>Para 2027 haver\u00e1 um per\u00edodo extraordin\u00e1rio de candidaturas em julho e agosto. Os textos de candidaturas ser\u00e3o analisados na reuni\u00e3o do J\u00fari Internacional, a 16 de setembro, para decidir sobre novas entradas e reentradas.<\/p>\n<p>Perspetivas internacionais e primeiras datas<\/p>\n<p>Portugal continua entre os melhores em termos internacionais: ocupa o quinto lugar entre praias costeiras galardoadas e o segundo lugar mundial entre praias do interior. O hastear da primeira bandeira costeira est\u00e1 marcado para 8 de junho na Praia de Mira; a fluvial de Mour\u00e3o, no Alentejo, em 13 de junho. Angra do Hero\u00edsmo, na Ilha Terceira, A\u00e7ores, ser\u00e1 a primeira marina a hastear a bandeira, a 15 de junho.<\/p>\n<p>Centros Azuis e crit\u00e9rios de qualidade<\/p>\n<p>Foram reconhecidos 31 Centros Azuis, localizados junto a praias, com fun\u00e7\u00f5es de informa\u00e7\u00e3o e educa\u00e7\u00e3o ambiental. O galard\u00e3o depende de crit\u00e9rios como qualidade da \u00e1gua, ordenamento, seguran\u00e7a, servi\u00e7os, vigil\u00e2ncia e educa\u00e7\u00e3o ambiental.<\/p>\n","protected":false},"excerpt":{"rendered":"<ul>\n<li>V\u00e3o hastear a Bandeira Azul em 396 praias neste Ver\u00e3o (350 costeiras e 46 interiores), totalizando 438 praias, marinas e embarca\u00e7\u00f5es com o galard\u00e3o em Portugal.<\/li>\n<li>O an\u00fancio foi feito no Estoril pelo presidente da Associa\u00e7\u00e3o Bandeira Azul da Europa, Jos\u00e9 Archer.<\/li>\n<li>Este ano \u00e9 de transi\u00e7\u00e3o para crit\u00e9rios que entram em vigor em 2027, com mais requisitos e auditores externos na valida\u00e7\u00e3o das candidaturas, devido a uma nova diretiva do consumidor.<\/li>\n<li>Haver\u00e1 um per\u00edodo extraordin\u00e1rio de candidaturas em julho e agosto para 2027, com an\u00e1lise no J\u00fari Internacional a 16 de setembro.<\/li>\n<li>As primeiras hastea\u00e7\u00f5es est\u00e3o previstas para Mira (8 de junho, costeira), Mour\u00e3o (13 de junho, fluvial) e Angra do Hero\u00edsmo (15 de junho, marina).<\/li>\n<\/ul>\n","protected":false},"author":2,"featured_media":462476,"comment_status":"closed","ping_status":"closed","sticky":false,"template":"","format":"standard","meta":{"footnotes":""},"categories":[6725],"tags":[8118,7923,10014,167,7546,169],"class_list":["post-462474","post","type-post","status-publish","format-standard","has-post-thumbnail","hentry","category-meio-ambiente","tag-_acores","tag-_agua","tag-_angra-do-heroismo","tag-ambiente","tag-bandeiras","tag-turismo"],"yoast_head":"<!-- This site is optimized with the Yoast SEO plugin v27.2 - https:\/\/yoast.com\/product\/yoast-seo-wordpress\/ -->\n<title>Praias com Bandeira Azul para este Ver\u00e3o conhecidas; veja se a sua est\u00e1 na lista - Portal Tela Portugal<\/title>\n<meta name=\"robots\" content=\"index, follow, max-snippet:-1, max-image-preview:large, max-video-preview:-1\" \/>\n<meta property=\"og:locale\" content=\"pt_PT\" \/>\n<meta property=\"og:type\" content=\"article\" \/>\n<meta property=\"og:title\" content=\"Praias com Bandeira Azul para este Ver\u00e3o conhecidas; veja se a sua est\u00e1 na lista - Portal Tela Portugal\" \/>\n<meta property=\"og:description\" content=\"V\u00e3o hastear a Bandeira Azul em 396 praias neste Ver\u00e3o (350 costeiras e 46 interiores), totalizando 438 praias, marinas e embarca\u00e7\u00f5es com o galard\u00e3o em Portugal. O an\u00fancio foi feito no Estoril pelo presidente da Associa\u00e7\u00e3o Bandeira Azul da Europa, Jos\u00e9 Archer. Este ano \u00e9 de transi\u00e7\u00e3o para crit\u00e9rios que entram em vigor em 2027, com mais requisitos e auditores externos na valida\u00e7\u00e3o das candidaturas, devido a uma nova diretiva do consumidor. Haver\u00e1 um per\u00edodo extraordin\u00e1rio de candidaturas em julho e agosto para 2027, com an\u00e1lise no J\u00fari Internacional a 16 de setembro. As primeiras hastea\u00e7\u00f5es est\u00e3o previstas para Mira (8 de junho, costeira), Mour\u00e3o (13 de junho, fluvial) e Angra do Hero\u00edsmo (15 de junho, marina).\" \/>\n<meta property=\"og:url\" content=\"https:\/\/portaltela.pt\/noticias\/2026\/04\/30\/praias-com-bandeira-azul-para-este-verao-conhecidas-veja-se-a-sua-esta-na-lista\/\" \/>\n<meta property=\"og:site_name\" content=\"Portal Tela Portugal\" \/>\n<meta property=\"article:published_time\" content=\"2026-04-30T13:18:06+00:00\" \/>\n<meta name=\"author\" content=\"Telinha\" \/>\n<meta name=\"twitter:card\" content=\"summary_large_image\" \/>\n<meta name=\"twitter:label1\" content=\"Escrito por\" \/>\n\t<meta name=\"twitter:data1\" content=\"Telinha\" \/>\n\t<meta name=\"twitter:label2\" content=\"Tempo estimado de leitura\" \/>\n\t<meta name=\"twitter:data2\" content=\"2 minutos\" \/>\n<script type=\"application\/ld+json\" class=\"yoast-schema-graph\">{\"@context\":\"https:\/\/schema.org\",\"@graph\":[{\"@type\":\"Article\",\"@id\":\"https:\/\/portaltela.pt\/noticias\/2026\/04\/30\/praias-com-bandeira-azul-para-este-verao-conhecidas-veja-se-a-sua-esta-na-lista\/#article\",\"isPartOf\":{\"@id\":\"https:\/\/portaltela.pt\/noticias\/2026\/04\/30\/praias-com-bandeira-azul-para-este-verao-conhecidas-veja-se-a-sua-esta-na-lista\/\"},\"author\":{\"name\":\"Telinha\",\"@id\":\"https:\/\/portaltela.pt\/#\/schema\/person\/c4278d4a6028830caff9ee44b42d32ed\"},\"headline\":\"Praias com Bandeira Azul para este Ver\u00e3o conhecidas; veja se a sua est\u00e1 na lista\",\"datePublished\":\"2026-04-30T13:18:06+00:00\",\"mainEntityOfPage\":{\"@id\":\"https:\/\/portaltela.pt\/noticias\/2026\/04\/30\/praias-com-bandeira-azul-para-este-verao-conhecidas-veja-se-a-sua-esta-na-lista\/\"},\"wordCount\":320,\"image\":{\"@id\":\"https:\/\/portaltela.pt\/noticias\/2026\/04\/30\/praias-com-bandeira-azul-para-este-verao-conhecidas-veja-se-a-sua-esta-na-lista\/#primaryimage\"},\"thumbnailUrl\":\"https:\/\/portaltela.pt\/s.01k8rhncp4jt1\/2026\/04\/2085227.jpg\",\"keywords\":[\"_A\u00e7ores\",\"_\u00e1gua\",\"_Angra do Hero\u00edsmo\",\"ambiente\",\"bandeiras\",\"turismo\"],\"articleSection\":[\"Meio Ambiente\"],\"inLanguage\":\"pt-PT\"},{\"@type\":\"WebPage\",\"@id\":\"https:\/\/portaltela.pt\/noticias\/2026\/04\/30\/praias-com-bandeira-azul-para-este-verao-conhecidas-veja-se-a-sua-esta-na-lista\/\",\"url\":\"https:\/\/portaltela.pt\/noticias\/2026\/04\/30\/praias-com-bandeira-azul-para-este-verao-conhecidas-veja-se-a-sua-esta-na-lista\/\",\"name\":\"Praias com Bandeira Azul para este Ver\u00e3o conhecidas; veja se a sua est\u00e1 na lista - Portal Tela Portugal\",\"isPartOf\":{\"@id\":\"https:\/\/portaltela.pt\/#website\"},\"primaryImageOfPage\":{\"@id\":\"https:\/\/portaltela.pt\/noticias\/2026\/04\/30\/praias-com-bandeira-azul-para-este-verao-conhecidas-veja-se-a-sua-esta-na-lista\/#primaryimage\"},\"image\":{\"@id\":\"https:\/\/portaltela.pt\/noticias\/2026\/04\/30\/praias-com-bandeira-azul-para-este-verao-conhecidas-veja-se-a-sua-esta-na-lista\/#primaryimage\"},\"thumbnailUrl\":\"https:\/\/portaltela.pt\/s.01k8rhncp4jt1\/2026\/04\/2085227.jpg\",\"datePublished\":\"2026-04-30T13:18:06+00:00\",\"author\":{\"@id\":\"https:\/\/portaltela.pt\/#\/schema\/person\/c4278d4a6028830caff9ee44b42d32ed\"},\"breadcrumb\":{\"@id\":\"https:\/\/portaltela.pt\/noticias\/2026\/04\/30\/praias-com-bandeira-azul-para-este-verao-conhecidas-veja-se-a-sua-esta-na-lista\/#breadcrumb\"},\"inLanguage\":\"pt-PT\",\"potentialAction\":[{\"@type\":\"ReadAction\",\"target\":[\"https:\/\/portaltela.pt\/noticias\/2026\/04\/30\/praias-com-bandeira-azul-para-este-verao-conhecidas-veja-se-a-sua-esta-na-lista\/\"]}]},{\"@type\":\"ImageObject\",\"inLanguage\":\"pt-PT\",\"@id\":\"https:\/\/portaltela.pt\/noticias\/2026\/04\/30\/praias-com-bandeira-azul-para-este-verao-conhecidas-veja-se-a-sua-esta-na-lista\/#primaryimage\",\"url\":\"https:\/\/portaltela.pt\/s.01k8rhncp4jt1\/2026\/04\/2085227.jpg\",\"contentUrl\":\"https:\/\/portaltela.pt\/s.01k8rhncp4jt1\/2026\/04\/2085227.jpg\",\"width\":796,\"height\":448,\"caption\":\"Zona balnear na praia da Foz do Arelho, concelho de Caldas da Rainha\"},{\"@type\":\"BreadcrumbList\",\"@id\":\"https:\/\/portaltela.pt\/noticias\/2026\/04\/30\/praias-com-bandeira-azul-para-este-verao-conhecidas-veja-se-a-sua-esta-na-lista\/#breadcrumb\",\"itemListElement\":[{\"@type\":\"ListItem\",\"position\":1,\"name\":\"In\u00edcio\",\"item\":\"https:\/\/portaltela.pt\/\"},{\"@type\":\"ListItem\",\"position\":2,\"name\":\"Praias com Bandeira Azul para este Ver\u00e3o conhecidas; veja se a sua est\u00e1 na lista\"}]},{\"@type\":\"WebSite\",\"@id\":\"https:\/\/portaltela.pt\/#website\",\"url\":\"https:\/\/portaltela.pt\/\",\"name\":\"Portal Tela Portugal\",\"description\":\"\",\"potentialAction\":[{\"@type\":\"SearchAction\",\"target\":{\"@type\":\"EntryPoint\",\"urlTemplate\":\"https:\/\/portaltela.pt\/?s={search_term_string}\"},\"query-input\":{\"@type\":\"PropertyValueSpecification\",\"valueRequired\":true,\"valueName\":\"search_term_string\"}}],\"inLanguage\":\"pt-PT\"},{\"@type\":\"Person\",\"@id\":\"https:\/\/portaltela.pt\/#\/schema\/person\/c4278d4a6028830caff9ee44b42d32ed\",\"name\":\"Telinha\",\"image\":{\"@type\":\"ImageObject\",\"inLanguage\":\"pt-PT\",\"@id\":\"https:\/\/portaltela.pt\/s.01k8rhncp4jt1\/2025\/11\/talking-bot-125x125.png\",\"url\":\"https:\/\/portaltela.pt\/s.01k8rhncp4jt1\/2025\/11\/talking-bot-125x125.png\",\"contentUrl\":\"https:\/\/portaltela.pt\/s.01k8rhncp4jt1\/2025\/11\/talking-bot-125x125.png\",\"caption\":\"Telinha\"},\"sameAs\":[\"https:\/\/portaltela.pt\/\"],\"url\":\"https:\/\/portaltela.pt\/por\/367410592786\/\"}]}<\/script>\n<!-- \/ Yoast SEO plugin. -->","yoast_head_json":{"title":"Praias com Bandeira Azul para este Ver\u00e3o conhecidas; veja se a sua est\u00e1 na lista - Portal Tela Portugal","robots":{"index":"index","follow":"follow","max-snippet":"max-snippet:-1","max-image-preview":"max-image-preview:large","max-video-preview":"max-video-preview:-1"},"og_locale":"pt_PT","og_type":"article","og_title":"Praias com Bandeira Azul para este Ver\u00e3o conhecidas; veja se a sua est\u00e1 na lista - Portal Tela Portugal","og_description":"V\u00e3o hastear a Bandeira Azul em 396 praias neste Ver\u00e3o (350 costeiras e 46 interiores), totalizando 438 praias, marinas e embarca\u00e7\u00f5es com o galard\u00e3o em Portugal. O an\u00fancio foi feito no Estoril pelo presidente da Associa\u00e7\u00e3o Bandeira Azul da Europa, Jos\u00e9 Archer. Este ano \u00e9 de transi\u00e7\u00e3o para crit\u00e9rios que entram em vigor em 2027, com mais requisitos e auditores externos na valida\u00e7\u00e3o das candidaturas, devido a uma nova diretiva do consumidor. Haver\u00e1 um per\u00edodo extraordin\u00e1rio de candidaturas em julho e agosto para 2027, com an\u00e1lise no J\u00fari Internacional a 16 de setembro. As primeiras hastea\u00e7\u00f5es est\u00e3o previstas para Mira (8 de junho, costeira), Mour\u00e3o (13 de junho, fluvial) e Angra do Hero\u00edsmo (15 de junho, marina).","og_url":"https:\/\/portaltela.pt\/noticias\/2026\/04\/30\/praias-com-bandeira-azul-para-este-verao-conhecidas-veja-se-a-sua-esta-na-lista\/","og_site_name":"Portal Tela Portugal","article_published_time":"2026-04-30T13:18:06+00:00","author":"Telinha","twitter_card":"summary_large_image","twitter_misc":{"Escrito por":"Telinha","Tempo estimado de leitura":"2 minutos"},"schema":{"@context":"https:\/\/schema.org","@graph":[{"@type":"Article","@id":"https:\/\/portaltela.pt\/noticias\/2026\/04\/30\/praias-com-bandeira-azul-para-este-verao-conhecidas-veja-se-a-sua-esta-na-lista\/#article","isPartOf":{"@id":"https:\/\/portaltela.pt\/noticias\/2026\/04\/30\/praias-com-bandeira-azul-para-este-verao-conhecidas-veja-se-a-sua-esta-na-lista\/"},"author":{"name":"Telinha","@id":"https:\/\/portaltela.pt\/#\/schema\/person\/c4278d4a6028830caff9ee44b42d32ed"},"headline":"Praias com Bandeira Azul para este Ver\u00e3o conhecidas; veja se a sua est\u00e1 na lista","datePublished":"2026-04-30T13:18:06+00:00","mainEntityOfPage":{"@id":"https:\/\/portaltela.pt\/noticias\/2026\/04\/30\/praias-com-bandeira-azul-para-este-verao-conhecidas-veja-se-a-sua-esta-na-lista\/"},"wordCount":320,"image":{"@id":"https:\/\/portaltela.pt\/noticias\/2026\/04\/30\/praias-com-bandeira-azul-para-este-verao-conhecidas-veja-se-a-sua-esta-na-lista\/#primaryimage"},"thumbnailUrl":"https:\/\/portaltela.pt\/s.01k8rhncp4jt1\/2026\/04\/2085227.jpg","keywords":["_A\u00e7ores","_\u00e1gua","_Angra do Hero\u00edsmo","ambiente","bandeiras","turismo"],"articleSection":["Meio Ambiente"],"inLanguage":"pt-PT"},{"@type":"WebPage","@id":"https:\/\/portaltela.pt\/noticias\/2026\/04\/30\/praias-com-bandeira-azul-para-este-verao-conhecidas-veja-se-a-sua-esta-na-lista\/","url":"https:\/\/portaltela.pt\/noticias\/2026\/04\/30\/praias-com-bandeira-azul-para-este-verao-conhecidas-veja-se-a-sua-esta-na-lista\/","name":"Praias com Bandeira Azul para este Ver\u00e3o conhecidas; veja se a sua est\u00e1 na lista - Portal Tela Portugal","isPartOf":{"@id":"https:\/\/portaltela.pt\/#website"},"primaryImageOfPage":{"@id":"https:\/\/portaltela.pt\/noticias\/2026\/04\/30\/praias-com-bandeira-azul-para-este-verao-conhecidas-veja-se-a-sua-esta-na-lista\/#primaryimage"},"image":{"@id":"https:\/\/portaltela.pt\/noticias\/2026\/04\/30\/praias-com-bandeira-azul-para-este-verao-conhecidas-veja-se-a-sua-esta-na-lista\/#primaryimage"},"thumbnailUrl":"https:\/\/portaltela.pt\/s.01k8rhncp4jt1\/2026\/04\/2085227.jpg","datePublished":"2026-04-30T13:18:06+00:00","author":{"@id":"https:\/\/portaltela.pt\/#\/schema\/person\/c4278d4a6028830caff9ee44b42d32ed"},"breadcrumb":{"@id":"https:\/\/portaltela.pt\/noticias\/2026\/04\/30\/praias-com-bandeira-azul-para-este-verao-conhecidas-veja-se-a-sua-esta-na-lista\/#breadcrumb"},"inLanguage":"pt-PT","potentialAction":[{"@type":"ReadAction","target":["https:\/\/portaltela.pt\/noticias\/2026\/04\/30\/praias-com-bandeira-azul-para-este-verao-conhecidas-veja-se-a-sua-esta-na-lista\/"]}]},{"@type":"ImageObject","inLanguage":"pt-PT","@id":"https:\/\/portaltela.pt\/noticias\/2026\/04\/30\/praias-com-bandeira-azul-para-este-verao-conhecidas-veja-se-a-sua-esta-na-lista\/#primaryimage","url":"https:\/\/portaltela.pt\/s.01k8rhncp4jt1\/2026\/04\/2085227.jpg","contentUrl":"https:\/\/portaltela.pt\/s.01k8rhncp4jt1\/2026\/04\/2085227.jpg","width":796,"height":448,"caption":"Zona balnear na praia da Foz do Arelho, concelho de Caldas da Rainha"},{"@type":"BreadcrumbList","@id":"https:\/\/portaltela.pt\/noticias\/2026\/04\/30\/praias-com-bandeira-azul-para-este-verao-conhecidas-veja-se-a-sua-esta-na-lista\/#breadcrumb","itemListElement":[{"@type":"ListItem","position":1,"name":"In\u00edcio","item":"https:\/\/portaltela.pt\/"},{"@type":"ListItem","position":2,"name":"Praias com Bandeira Azul para este Ver\u00e3o conhecidas; veja se a sua est\u00e1 na lista"}]},{"@type":"WebSite","@id":"https:\/\/portaltela.pt\/#website","url":"https:\/\/portaltela.pt\/","name":"Portal Tela Portugal","description":"","potentialAction":[{"@type":"SearchAction","target":{"@type":"EntryPoint","urlTemplate":"https:\/\/portaltela.pt\/?s={search_term_string}"},"query-input":{"@type":"PropertyValueSpecification","valueRequired":true,"valueName":"search_term_string"}}],"inLanguage":"pt-PT"},{"@type":"Person","@id":"https:\/\/portaltela.pt\/#\/schema\/person\/c4278d4a6028830caff9ee44b42d32ed","name":"Telinha","image":{"@type":"ImageObject","inLanguage":"pt-PT","@id":"https:\/\/portaltela.pt\/s.01k8rhncp4jt1\/2025\/11\/talking-bot-125x125.png","url":"https:\/\/portaltela.pt\/s.01k8rhncp4jt1\/2025\/11\/talking-bot-125x125.png","contentUrl":"https:\/\/portaltela.pt\/s.01k8rhncp4jt1\/2025\/11\/talking-bot-125x125.png","caption":"Telinha"},"sameAs":["https:\/\/portaltela.pt\/"],"url":"https:\/\/portaltela.pt\/por\/367410592786\/"}]}},"_links":{"self":[{"href":"https:\/\/portaltela.pt\/api\/wp\/v2\/posts\/462474","targetHints":{"allow":["GET"]}}],"collection":[{"href":"https:\/\/portaltela.pt\/api\/wp\/v2\/posts"}],"about":[{"href":"https:\/\/portaltela.pt\/api\/wp\/v2\/types\/post"}],"author":[{"embeddable":true,"href":"https:\/\/portaltela.pt\/api\/wp\/v2\/users\/2"}],"replies":[{"embeddable":true,"href":"https:\/\/portaltela.pt\/api\/wp\/v2\/comments?post=462474"}],"version-history":[{"count":0,"href":"https:\/\/portaltela.pt\/api\/wp\/v2\/posts\/462474\/revisions"}],"wp:featuredmedia":[{"embeddable":true,"href":"https:\/\/portaltela.pt\/api\/wp\/v2\/media\/462476"}],"wp:attachment":[{"href":"https:\/\/portaltela.pt\/api\/wp\/v2\/media?parent=462474"}],"wp:term":[{"taxonomy":"category","embeddable":true,"href":"https:\/\/portaltela.pt\/api\/wp\/v2\/categories?post=462474"},{"taxonomy":"post_tag","embeddable":true,"href":"https:\/\/portaltela.pt\/api\/wp\/v2\/tags?post=462474"}],"curies":[{"name":"wp","href":"https:\/\/api.w.org\/{rel}","templated":true}]}}