{"id":462457,"date":"2026-04-30T10:03:40","date_gmt":"2026-04-30T13:03:40","guid":{"rendered":"https:\/\/portaltela.pt\/noticias\/2026\/04\/30\/precos-do-turismo-em-cabo-verde-sobem-73-no-1o-trimestre\/"},"modified":"2026-04-30T10:03:40","modified_gmt":"2026-04-30T13:03:40","slug":"precos-do-turismo-em-cabo-verde-sobem-73-no-1o-trimestre","status":"publish","type":"post","link":"https:\/\/portaltela.pt\/noticias\/economia\/2026\/04\/30\/precos-do-turismo-em-cabo-verde-sobem-73-no-1o-trimestre\/","title":{"rendered":"Pre\u00e7os do turismo em Cabo Verde sobem 7,3% no 1\u00ba trimestre"},"content":{"rendered":"<p>O pre\u00e7o da oferta tur\u00edstica em Cabo Verde subiu 7,3% no 1\u00ba trimestre de 2026 face ao mesmo per\u00edodo de 2025, segundo o Instituto Nacional de Estat\u00edstica (INE).<\/p>\n<p>Os dados refletem a varia\u00e7\u00e3o hom\u00f3loga do conjunto de servi\u00e7os tur\u00edsticos dispon\u00edveis no arquip\u00e9lago.<\/p>\n<p>A divulga\u00e7\u00e3o foi feita pelo INE, que regista as mudan\u00e7as no setor tur\u00edstico nacional durante os tr\u00eas primeiros meses do ano.<\/p>\n<p>O indicador abrange atividades ligadas a alojamento, servi\u00e7os de alimenta\u00e7\u00e3o e outras ofertas associadas ao turismo.<\/p>\n<p>N\u00e3o foram apresentadas causas espec\u00edficas para o aumento nem desagrega\u00e7\u00f5es por atividade dentro do turismo.<\/p>\n<p>O INE n\u00e3o forneceu proje\u00e7\u00f5es ou cen\u00e1rios para o curto prazo com base neste indicador.<\/p>\n<p>O comunicado oficial limita-se a reportar a varia\u00e7\u00e3o estat\u00edstica do trimestre, sem coment\u00e1rios adicionais sobre impactos regionais ou setoriais.<\/p>\n<p>Fonte: Instituto Nacional de Estat\u00edstica (INE).<\/p>\n","protected":false},"excerpt":{"rendered":"<ul>\n<li>Pre\u00e7os da oferta tur\u00edstica em Cabo Verde subiram 7,3% no primeiro trimestre de 2026 em rela\u00e7\u00e3o ao mesmo per\u00edodo de 2025.<\/li>\n<li>A subida foi anunciada pelo Instituto Nacional de Estat\u00edstica (INE).<\/li>\n<\/ul>\n","protected":false},"author":2,"featured_media":462470,"comment_status":"closed","ping_status":"closed","sticky":false,"template":"","format":"standard","meta":{"footnotes":""},"categories":[2,6850],"tags":[5227,5887,2329,28,169,5621],"class_list":["post-462457","post","type-post","status-publish","format-standard","has-post-thumbnail","hentry","category-economia","category-financas","tag-africa","tag-alojamentos","tag-cabo-verde","tag-economia","tag-turismo","tag-turismo-internacional"],"yoast_head":"<!-- This site is optimized with the Yoast SEO plugin v27.2 - https:\/\/yoast.com\/product\/yoast-seo-wordpress\/ -->\n<title>Pre\u00e7os do turismo em Cabo Verde sobem 7,3% no 1\u00ba trimestre - Portal Tela Portugal<\/title>\n<meta name=\"robots\" content=\"index, follow, max-snippet:-1, max-image-preview:large, max-video-preview:-1\" \/>\n<meta property=\"og:locale\" content=\"pt_PT\" \/>\n<meta property=\"og:type\" content=\"article\" \/>\n<meta property=\"og:title\" content=\"Pre\u00e7os do turismo em Cabo Verde sobem 7,3% no 1\u00ba trimestre - Portal Tela Portugal\" \/>\n<meta property=\"og:description\" content=\"Pre\u00e7os da oferta tur\u00edstica em Cabo Verde subiram 7,3% no primeiro trimestre de 2026 em rela\u00e7\u00e3o ao mesmo per\u00edodo de 2025. A subida foi anunciada pelo Instituto Nacional de Estat\u00edstica (INE).\" \/>\n<meta property=\"og:url\" content=\"https:\/\/portaltela.pt\/noticias\/2026\/04\/30\/precos-do-turismo-em-cabo-verde-sobem-73-no-1o-trimestre\/\" \/>\n<meta property=\"og:site_name\" content=\"Portal Tela Portugal\" \/>\n<meta property=\"article:published_time\" content=\"2026-04-30T13:03:40+00:00\" \/>\n<meta name=\"author\" content=\"Telinha\" \/>\n<meta name=\"twitter:card\" content=\"summary_large_image\" \/>\n<meta name=\"twitter:label1\" content=\"Escrito por\" \/>\n\t<meta name=\"twitter:data1\" content=\"Telinha\" \/>\n\t<meta name=\"twitter:label2\" content=\"Tempo estimado de leitura\" \/>\n\t<meta name=\"twitter:data2\" content=\"1 minuto\" \/>\n<script type=\"application\/ld+json\" class=\"yoast-schema-graph\">{\"@context\":\"https:\/\/schema.org\",\"@graph\":[{\"@type\":\"Article\",\"@id\":\"https:\/\/portaltela.pt\/noticias\/2026\/04\/30\/precos-do-turismo-em-cabo-verde-sobem-73-no-1o-trimestre\/#article\",\"isPartOf\":{\"@id\":\"https:\/\/portaltela.pt\/noticias\/2026\/04\/30\/precos-do-turismo-em-cabo-verde-sobem-73-no-1o-trimestre\/\"},\"author\":{\"name\":\"Telinha\",\"@id\":\"https:\/\/portaltela.pt\/#\/schema\/person\/c4278d4a6028830caff9ee44b42d32ed\"},\"headline\":\"Pre\u00e7os do turismo em Cabo Verde sobem 7,3% no 1\u00ba trimestre\",\"datePublished\":\"2026-04-30T13:03:40+00:00\",\"mainEntityOfPage\":{\"@id\":\"https:\/\/portaltela.pt\/noticias\/2026\/04\/30\/precos-do-turismo-em-cabo-verde-sobem-73-no-1o-trimestre\/\"},\"wordCount\":166,\"image\":{\"@id\":\"https:\/\/portaltela.pt\/noticias\/2026\/04\/30\/precos-do-turismo-em-cabo-verde-sobem-73-no-1o-trimestre\/#primaryimage\"},\"thumbnailUrl\":\"https:\/\/portaltela.pt\/s.01k8rhncp4jt1\/2026\/04\/CACHE_780X1200_ANALOG_WATERMARKED_40572619_3211103_04042023053254.jpg\",\"keywords\":[\"\u00c1frica\",\"alojamentos\",\"Cabo Verde\",\"economia\",\"turismo\",\"turismo internacional\"],\"articleSection\":[\"Economia\",\"Finan\u00e7as\"],\"inLanguage\":\"pt-PT\"},{\"@type\":\"WebPage\",\"@id\":\"https:\/\/portaltela.pt\/noticias\/2026\/04\/30\/precos-do-turismo-em-cabo-verde-sobem-73-no-1o-trimestre\/\",\"url\":\"https:\/\/portaltela.pt\/noticias\/2026\/04\/30\/precos-do-turismo-em-cabo-verde-sobem-73-no-1o-trimestre\/\",\"name\":\"Pre\u00e7os do turismo em Cabo Verde sobem 7,3% no 1\u00ba trimestre - Portal Tela Portugal\",\"isPartOf\":{\"@id\":\"https:\/\/portaltela.pt\/#website\"},\"primaryImageOfPage\":{\"@id\":\"https:\/\/portaltela.pt\/noticias\/2026\/04\/30\/precos-do-turismo-em-cabo-verde-sobem-73-no-1o-trimestre\/#primaryimage\"},\"image\":{\"@id\":\"https:\/\/portaltela.pt\/noticias\/2026\/04\/30\/precos-do-turismo-em-cabo-verde-sobem-73-no-1o-trimestre\/#primaryimage\"},\"thumbnailUrl\":\"https:\/\/portaltela.pt\/s.01k8rhncp4jt1\/2026\/04\/CACHE_780X1200_ANALOG_WATERMARKED_40572619_3211103_04042023053254.jpg\",\"datePublished\":\"2026-04-30T13:03:40+00:00\",\"author\":{\"@id\":\"https:\/\/portaltela.pt\/#\/schema\/person\/c4278d4a6028830caff9ee44b42d32ed\"},\"breadcrumb\":{\"@id\":\"https:\/\/portaltela.pt\/noticias\/2026\/04\/30\/precos-do-turismo-em-cabo-verde-sobem-73-no-1o-trimestre\/#breadcrumb\"},\"inLanguage\":\"pt-PT\",\"potentialAction\":[{\"@type\":\"ReadAction\",\"target\":[\"https:\/\/portaltela.pt\/noticias\/2026\/04\/30\/precos-do-turismo-em-cabo-verde-sobem-73-no-1o-trimestre\/\"]}]},{\"@type\":\"ImageObject\",\"inLanguage\":\"pt-PT\",\"@id\":\"https:\/\/portaltela.pt\/noticias\/2026\/04\/30\/precos-do-turismo-em-cabo-verde-sobem-73-no-1o-trimestre\/#primaryimage\",\"url\":\"https:\/\/portaltela.pt\/s.01k8rhncp4jt1\/2026\/04\/CACHE_780X1200_ANALOG_WATERMARKED_40572619_3211103_04042023053254.jpg\",\"contentUrl\":\"https:\/\/portaltela.pt\/s.01k8rhncp4jt1\/2026\/04\/CACHE_780X1200_ANALOG_WATERMARKED_40572619_3211103_04042023053254.jpg\",\"width\":796,\"height\":448,\"caption\":\"Pre\u00e7os do turismo em Cabo Verde sobem 7,3% no primeiro trimestre\"},{\"@type\":\"BreadcrumbList\",\"@id\":\"https:\/\/portaltela.pt\/noticias\/2026\/04\/30\/precos-do-turismo-em-cabo-verde-sobem-73-no-1o-trimestre\/#breadcrumb\",\"itemListElement\":[{\"@type\":\"ListItem\",\"position\":1,\"name\":\"In\u00edcio\",\"item\":\"https:\/\/portaltela.pt\/\"},{\"@type\":\"ListItem\",\"position\":2,\"name\":\"Pre\u00e7os do turismo em Cabo Verde sobem 7,3% no 1\u00ba trimestre\"}]},{\"@type\":\"WebSite\",\"@id\":\"https:\/\/portaltela.pt\/#website\",\"url\":\"https:\/\/portaltela.pt\/\",\"name\":\"Portal Tela Portugal\",\"description\":\"\",\"potentialAction\":[{\"@type\":\"SearchAction\",\"target\":{\"@type\":\"EntryPoint\",\"urlTemplate\":\"https:\/\/portaltela.pt\/?s={search_term_string}\"},\"query-input\":{\"@type\":\"PropertyValueSpecification\",\"valueRequired\":true,\"valueName\":\"search_term_string\"}}],\"inLanguage\":\"pt-PT\"},{\"@type\":\"Person\",\"@id\":\"https:\/\/portaltela.pt\/#\/schema\/person\/c4278d4a6028830caff9ee44b42d32ed\",\"name\":\"Telinha\",\"image\":{\"@type\":\"ImageObject\",\"inLanguage\":\"pt-PT\",\"@id\":\"https:\/\/portaltela.pt\/s.01k8rhncp4jt1\/2025\/11\/talking-bot-125x125.png\",\"url\":\"https:\/\/portaltela.pt\/s.01k8rhncp4jt1\/2025\/11\/talking-bot-125x125.png\",\"contentUrl\":\"https:\/\/portaltela.pt\/s.01k8rhncp4jt1\/2025\/11\/talking-bot-125x125.png\",\"caption\":\"Telinha\"},\"sameAs\":[\"https:\/\/portaltela.pt\/\"],\"url\":\"https:\/\/portaltela.pt\/por\/367410592786\/\"}]}<\/script>\n<!-- \/ Yoast SEO plugin. -->","yoast_head_json":{"title":"Pre\u00e7os do turismo em Cabo Verde sobem 7,3% no 1\u00ba trimestre - Portal Tela Portugal","robots":{"index":"index","follow":"follow","max-snippet":"max-snippet:-1","max-image-preview":"max-image-preview:large","max-video-preview":"max-video-preview:-1"},"og_locale":"pt_PT","og_type":"article","og_title":"Pre\u00e7os do turismo em Cabo Verde sobem 7,3% no 1\u00ba trimestre - Portal Tela Portugal","og_description":"Pre\u00e7os da oferta tur\u00edstica em Cabo Verde subiram 7,3% no primeiro trimestre de 2026 em rela\u00e7\u00e3o ao mesmo per\u00edodo de 2025. A subida foi anunciada pelo Instituto Nacional de Estat\u00edstica (INE).","og_url":"https:\/\/portaltela.pt\/noticias\/2026\/04\/30\/precos-do-turismo-em-cabo-verde-sobem-73-no-1o-trimestre\/","og_site_name":"Portal Tela Portugal","article_published_time":"2026-04-30T13:03:40+00:00","author":"Telinha","twitter_card":"summary_large_image","twitter_misc":{"Escrito por":"Telinha","Tempo estimado de leitura":"1 minuto"},"schema":{"@context":"https:\/\/schema.org","@graph":[{"@type":"Article","@id":"https:\/\/portaltela.pt\/noticias\/2026\/04\/30\/precos-do-turismo-em-cabo-verde-sobem-73-no-1o-trimestre\/#article","isPartOf":{"@id":"https:\/\/portaltela.pt\/noticias\/2026\/04\/30\/precos-do-turismo-em-cabo-verde-sobem-73-no-1o-trimestre\/"},"author":{"name":"Telinha","@id":"https:\/\/portaltela.pt\/#\/schema\/person\/c4278d4a6028830caff9ee44b42d32ed"},"headline":"Pre\u00e7os do turismo em Cabo Verde sobem 7,3% no 1\u00ba trimestre","datePublished":"2026-04-30T13:03:40+00:00","mainEntityOfPage":{"@id":"https:\/\/portaltela.pt\/noticias\/2026\/04\/30\/precos-do-turismo-em-cabo-verde-sobem-73-no-1o-trimestre\/"},"wordCount":166,"image":{"@id":"https:\/\/portaltela.pt\/noticias\/2026\/04\/30\/precos-do-turismo-em-cabo-verde-sobem-73-no-1o-trimestre\/#primaryimage"},"thumbnailUrl":"https:\/\/portaltela.pt\/s.01k8rhncp4jt1\/2026\/04\/CACHE_780X1200_ANALOG_WATERMARKED_40572619_3211103_04042023053254.jpg","keywords":["\u00c1frica","alojamentos","Cabo Verde","economia","turismo","turismo internacional"],"articleSection":["Economia","Finan\u00e7as"],"inLanguage":"pt-PT"},{"@type":"WebPage","@id":"https:\/\/portaltela.pt\/noticias\/2026\/04\/30\/precos-do-turismo-em-cabo-verde-sobem-73-no-1o-trimestre\/","url":"https:\/\/portaltela.pt\/noticias\/2026\/04\/30\/precos-do-turismo-em-cabo-verde-sobem-73-no-1o-trimestre\/","name":"Pre\u00e7os do turismo em Cabo Verde sobem 7,3% no 1\u00ba trimestre - Portal Tela Portugal","isPartOf":{"@id":"https:\/\/portaltela.pt\/#website"},"primaryImageOfPage":{"@id":"https:\/\/portaltela.pt\/noticias\/2026\/04\/30\/precos-do-turismo-em-cabo-verde-sobem-73-no-1o-trimestre\/#primaryimage"},"image":{"@id":"https:\/\/portaltela.pt\/noticias\/2026\/04\/30\/precos-do-turismo-em-cabo-verde-sobem-73-no-1o-trimestre\/#primaryimage"},"thumbnailUrl":"https:\/\/portaltela.pt\/s.01k8rhncp4jt1\/2026\/04\/CACHE_780X1200_ANALOG_WATERMARKED_40572619_3211103_04042023053254.jpg","datePublished":"2026-04-30T13:03:40+00:00","author":{"@id":"https:\/\/portaltela.pt\/#\/schema\/person\/c4278d4a6028830caff9ee44b42d32ed"},"breadcrumb":{"@id":"https:\/\/portaltela.pt\/noticias\/2026\/04\/30\/precos-do-turismo-em-cabo-verde-sobem-73-no-1o-trimestre\/#breadcrumb"},"inLanguage":"pt-PT","potentialAction":[{"@type":"ReadAction","target":["https:\/\/portaltela.pt\/noticias\/2026\/04\/30\/precos-do-turismo-em-cabo-verde-sobem-73-no-1o-trimestre\/"]}]},{"@type":"ImageObject","inLanguage":"pt-PT","@id":"https:\/\/portaltela.pt\/noticias\/2026\/04\/30\/precos-do-turismo-em-cabo-verde-sobem-73-no-1o-trimestre\/#primaryimage","url":"https:\/\/portaltela.pt\/s.01k8rhncp4jt1\/2026\/04\/CACHE_780X1200_ANALOG_WATERMARKED_40572619_3211103_04042023053254.jpg","contentUrl":"https:\/\/portaltela.pt\/s.01k8rhncp4jt1\/2026\/04\/CACHE_780X1200_ANALOG_WATERMARKED_40572619_3211103_04042023053254.jpg","width":796,"height":448,"caption":"Pre\u00e7os do turismo em Cabo Verde sobem 7,3% no primeiro trimestre"},{"@type":"BreadcrumbList","@id":"https:\/\/portaltela.pt\/noticias\/2026\/04\/30\/precos-do-turismo-em-cabo-verde-sobem-73-no-1o-trimestre\/#breadcrumb","itemListElement":[{"@type":"ListItem","position":1,"name":"In\u00edcio","item":"https:\/\/portaltela.pt\/"},{"@type":"ListItem","position":2,"name":"Pre\u00e7os do turismo em Cabo Verde sobem 7,3% no 1\u00ba trimestre"}]},{"@type":"WebSite","@id":"https:\/\/portaltela.pt\/#website","url":"https:\/\/portaltela.pt\/","name":"Portal Tela Portugal","description":"","potentialAction":[{"@type":"SearchAction","target":{"@type":"EntryPoint","urlTemplate":"https:\/\/portaltela.pt\/?s={search_term_string}"},"query-input":{"@type":"PropertyValueSpecification","valueRequired":true,"valueName":"search_term_string"}}],"inLanguage":"pt-PT"},{"@type":"Person","@id":"https:\/\/portaltela.pt\/#\/schema\/person\/c4278d4a6028830caff9ee44b42d32ed","name":"Telinha","image":{"@type":"ImageObject","inLanguage":"pt-PT","@id":"https:\/\/portaltela.pt\/s.01k8rhncp4jt1\/2025\/11\/talking-bot-125x125.png","url":"https:\/\/portaltela.pt\/s.01k8rhncp4jt1\/2025\/11\/talking-bot-125x125.png","contentUrl":"https:\/\/portaltela.pt\/s.01k8rhncp4jt1\/2025\/11\/talking-bot-125x125.png","caption":"Telinha"},"sameAs":["https:\/\/portaltela.pt\/"],"url":"https:\/\/portaltela.pt\/por\/367410592786\/"}]}},"_links":{"self":[{"href":"https:\/\/portaltela.pt\/api\/wp\/v2\/posts\/462457","targetHints":{"allow":["GET"]}}],"collection":[{"href":"https:\/\/portaltela.pt\/api\/wp\/v2\/posts"}],"about":[{"href":"https:\/\/portaltela.pt\/api\/wp\/v2\/types\/post"}],"author":[{"embeddable":true,"href":"https:\/\/portaltela.pt\/api\/wp\/v2\/users\/2"}],"replies":[{"embeddable":true,"href":"https:\/\/portaltela.pt\/api\/wp\/v2\/comments?post=462457"}],"version-history":[{"count":0,"href":"https:\/\/portaltela.pt\/api\/wp\/v2\/posts\/462457\/revisions"}],"wp:featuredmedia":[{"embeddable":true,"href":"https:\/\/portaltela.pt\/api\/wp\/v2\/media\/462470"}],"wp:attachment":[{"href":"https:\/\/portaltela.pt\/api\/wp\/v2\/media?parent=462457"}],"wp:term":[{"taxonomy":"category","embeddable":true,"href":"https:\/\/portaltela.pt\/api\/wp\/v2\/categories?post=462457"},{"taxonomy":"post_tag","embeddable":true,"href":"https:\/\/portaltela.pt\/api\/wp\/v2\/tags?post=462457"}],"curies":[{"name":"wp","href":"https:\/\/api.w.org\/{rel}","templated":true}]}}