{"id":462454,"date":"2026-04-30T10:03:34","date_gmt":"2026-04-30T13:03:34","guid":{"rendered":"https:\/\/portaltela.pt\/noticias\/2026\/04\/30\/lider-supremo-iraniano-afirma-que-teerao-mantera-capacidades-nuclear-e-balistica\/"},"modified":"2026-04-30T10:03:34","modified_gmt":"2026-04-30T13:03:34","slug":"lider-supremo-iraniano-afirma-que-teerao-mantera-capacidades-nuclear-e-balistica","status":"publish","type":"post","link":"https:\/\/portaltela.pt\/geopolitica\/2026\/04\/30\/lider-supremo-iraniano-afirma-que-teerao-mantera-capacidades-nuclear-e-balistica\/","title":{"rendered":"L\u00edder supremo iraniano afirma que Teer\u00e3o manter\u00e1 capacidades nuclear e bal\u00edstica"},"content":{"rendered":"<p>O l\u00edder supremo do Ir\u00e3o afirmou que o pa\u00eds vai proteger as suas capacidades nuclear e bal\u00edstica como ativos nacionais e indicou que os EUA n\u00e3o t\u00eam lugar no Golfo P\u00e9rsico. A declara\u00e7\u00e3o foi lida por um apresentador da televis\u00e3o estatal.<\/p>\n<p>Khamenei alegou, numa mensagem escrita, que o futuro da regi\u00e3o passa por um novo cap\u00edtulo, mantendo firme a posi\u00e7\u00e3o de rejeitar a presen\u00e7a norte-americana nas \u00e1guas do Golfo. A leitura ocorreu ap\u00f3s o falecimento do aiatola Ali Khamenei.<\/p>\n<p>As afirma\u00e7\u00f5es surgem num contexto de press\u00e3o sobre a ind\u00fastria petrol\u00edfera iraniana, com um bloqueio naval dos EUA que impede navios petroleiros iranianos de navegar. O Ir\u00e3o continua a controlar o estreito de Ormuz, rota crucial para o petr\u00f3leo.<\/p>\n<p>Na evolu\u00e7\u00e3o do cen\u00e1rio, o barril Brent para entrega em junho atingiu cota pr\u00f3xima dos 126 d\u00f3lares, refletindo tens\u00f5es regionais e impactos na economia global. A situa\u00e7\u00e3o acontece num momento de avalia\u00e7\u00f5es de pol\u00edticas por parte de Washington.<\/p>\n<p>Khamenei afirmou ainda que, com a ajuda de Deus, o Golfo P\u00e9rsico ter\u00e1 um futuro sem a interven\u00e7\u00e3o norte-americana, destacando que a coopera\u00e7\u00e3o entre pa\u00edses vizinhos do Golfo \u00e9 parte de um destino comum.<\/p>\n","protected":false},"excerpt":{"rendered":"<ul>\n<li>O l\u00edder supremo do Ir\u00e3o afirmou que o pa\u00eds vai proteger as suas capacidades nuclear e bal\u00edstica como ativo nacional, afirmando que os norte-americanos n\u00e3o t\u00eam lugar no Golfo P\u00e9rsico.<\/li>\n<li>A declara\u00e7\u00e3o, lida numa transmiss\u00e3o da televis\u00e3o estatal, foi feita pelo aiatola Mojtaba Khamenei, filho do falecido aiatola Ali Khamenei.<\/li>\n<li>As palavras surgem num contexto de press\u00e3o econ\u00f3mica iraniana, com um bloqueio da Marinha dos Estados Unidos que impede navios petroleiros iranianos de sa\u00edrem para o mar.<\/li>\n<li>O pre\u00e7o do Brent para junho chegou a atingir 126 d\u00f3lares por barril, enquanto o Ir\u00e3o mant\u00e9m o controlo do estreito de Ormuz, estrat\u00e9gicamente crucial para o petr\u00f3leo.<\/li>\n<li>Khamenei disse que o futuro da regi\u00e3o do Golfo P\u00e9rsico ser\u00e1 sem a Am\u00e9rica, defendendo que estrangeiros com gan\u00e2ncia n\u00e3o t\u00eam lugar na regi\u00e3o.<\/li>\n<\/ul>\n","protected":false},"author":2,"featured_media":462461,"comment_status":"closed","ping_status":"closed","sticky":false,"template":"","format":"standard","meta":{"footnotes":""},"categories":[6814],"tags":[8959,8193,8132,7962,8544,8397],"class_list":["post-462454","post","type-post","status-publish","format-standard","has-post-thumbnail","hentry","category-geopolitica","tag-_diplomacia-internacional","tag-_ira","tag-_iran","tag-_politica-externa","tag-_precos","tag-_sancoes-internacionais"],"yoast_head":"<!-- This site is optimized with the Yoast SEO plugin v27.2 - https:\/\/yoast.com\/product\/yoast-seo-wordpress\/ -->\n<title>L\u00edder supremo iraniano afirma que Teer\u00e3o manter\u00e1 capacidades nuclear e bal\u00edstica - Portal Tela Portugal<\/title>\n<meta name=\"robots\" content=\"index, follow, max-snippet:-1, max-image-preview:large, max-video-preview:-1\" \/>\n<meta property=\"og:locale\" content=\"pt_PT\" \/>\n<meta property=\"og:type\" content=\"article\" \/>\n<meta property=\"og:title\" content=\"L\u00edder supremo iraniano afirma que Teer\u00e3o manter\u00e1 capacidades nuclear e bal\u00edstica - Portal Tela Portugal\" \/>\n<meta property=\"og:description\" content=\"O l\u00edder supremo do Ir\u00e3o afirmou que o pa\u00eds vai proteger as suas capacidades nuclear e bal\u00edstica como ativo nacional, afirmando que os norte-americanos n\u00e3o t\u00eam lugar no Golfo P\u00e9rsico. A declara\u00e7\u00e3o, lida numa transmiss\u00e3o da televis\u00e3o estatal, foi feita pelo aiatola Mojtaba Khamenei, filho do falecido aiatola Ali Khamenei. As palavras surgem num contexto de press\u00e3o econ\u00f3mica iraniana, com um bloqueio da Marinha dos Estados Unidos que impede navios petroleiros iranianos de sa\u00edrem para o mar. O pre\u00e7o do Brent para junho chegou a atingir 126 d\u00f3lares por barril, enquanto o Ir\u00e3o mant\u00e9m o controlo do estreito de Ormuz, estrat\u00e9gicamente crucial para o petr\u00f3leo. Khamenei disse que o futuro da regi\u00e3o do Golfo P\u00e9rsico ser\u00e1 sem a Am\u00e9rica, defendendo que estrangeiros com gan\u00e2ncia n\u00e3o t\u00eam lugar na regi\u00e3o.\" \/>\n<meta property=\"og:url\" content=\"https:\/\/portaltela.pt\/noticias\/2026\/04\/30\/lider-supremo-iraniano-afirma-que-teerao-mantera-capacidades-nuclear-e-balistica\/\" \/>\n<meta property=\"og:site_name\" content=\"Portal Tela Portugal\" \/>\n<meta property=\"article:published_time\" content=\"2026-04-30T13:03:34+00:00\" \/>\n<meta name=\"author\" content=\"Telinha\" \/>\n<meta name=\"twitter:card\" content=\"summary_large_image\" \/>\n<meta name=\"twitter:label1\" content=\"Escrito por\" \/>\n\t<meta name=\"twitter:data1\" content=\"Telinha\" \/>\n\t<meta name=\"twitter:label2\" content=\"Tempo estimado de leitura\" \/>\n\t<meta name=\"twitter:data2\" content=\"1 minuto\" \/>\n<script type=\"application\/ld+json\" class=\"yoast-schema-graph\">{\"@context\":\"https:\/\/schema.org\",\"@graph\":[{\"@type\":\"Article\",\"@id\":\"https:\/\/portaltela.pt\/noticias\/2026\/04\/30\/lider-supremo-iraniano-afirma-que-teerao-mantera-capacidades-nuclear-e-balistica\/#article\",\"isPartOf\":{\"@id\":\"https:\/\/portaltela.pt\/noticias\/2026\/04\/30\/lider-supremo-iraniano-afirma-que-teerao-mantera-capacidades-nuclear-e-balistica\/\"},\"author\":{\"name\":\"Telinha\",\"@id\":\"https:\/\/portaltela.pt\/#\/schema\/person\/c4278d4a6028830caff9ee44b42d32ed\"},\"headline\":\"L\u00edder supremo iraniano afirma que Teer\u00e3o manter\u00e1 capacidades nuclear e bal\u00edstica\",\"datePublished\":\"2026-04-30T13:03:34+00:00\",\"mainEntityOfPage\":{\"@id\":\"https:\/\/portaltela.pt\/noticias\/2026\/04\/30\/lider-supremo-iraniano-afirma-que-teerao-mantera-capacidades-nuclear-e-balistica\/\"},\"wordCount\":234,\"image\":{\"@id\":\"https:\/\/portaltela.pt\/noticias\/2026\/04\/30\/lider-supremo-iraniano-afirma-que-teerao-mantera-capacidades-nuclear-e-balistica\/#primaryimage\"},\"thumbnailUrl\":\"https:\/\/portaltela.pt\/s.01k8rhncp4jt1\/2026\/04\/img_1280x721uu2020-11-27-18-49-24-994055.jpg\",\"keywords\":[\"_diplomacia internacional\",\"_Ir\u00e3\",\"_\u00cdr\u00e1n\",\"_pol\u00edtica externa\",\"_pre\u00e7os\",\"_san\u00e7\u00f5es internacionais\"],\"articleSection\":[\"Geopol\u00edtica\"],\"inLanguage\":\"pt-PT\"},{\"@type\":\"WebPage\",\"@id\":\"https:\/\/portaltela.pt\/noticias\/2026\/04\/30\/lider-supremo-iraniano-afirma-que-teerao-mantera-capacidades-nuclear-e-balistica\/\",\"url\":\"https:\/\/portaltela.pt\/noticias\/2026\/04\/30\/lider-supremo-iraniano-afirma-que-teerao-mantera-capacidades-nuclear-e-balistica\/\",\"name\":\"L\u00edder supremo iraniano afirma que Teer\u00e3o manter\u00e1 capacidades nuclear e bal\u00edstica - Portal Tela Portugal\",\"isPartOf\":{\"@id\":\"https:\/\/portaltela.pt\/#website\"},\"primaryImageOfPage\":{\"@id\":\"https:\/\/portaltela.pt\/noticias\/2026\/04\/30\/lider-supremo-iraniano-afirma-que-teerao-mantera-capacidades-nuclear-e-balistica\/#primaryimage\"},\"image\":{\"@id\":\"https:\/\/portaltela.pt\/noticias\/2026\/04\/30\/lider-supremo-iraniano-afirma-que-teerao-mantera-capacidades-nuclear-e-balistica\/#primaryimage\"},\"thumbnailUrl\":\"https:\/\/portaltela.pt\/s.01k8rhncp4jt1\/2026\/04\/img_1280x721uu2020-11-27-18-49-24-994055.jpg\",\"datePublished\":\"2026-04-30T13:03:34+00:00\",\"author\":{\"@id\":\"https:\/\/portaltela.pt\/#\/schema\/person\/c4278d4a6028830caff9ee44b42d32ed\"},\"breadcrumb\":{\"@id\":\"https:\/\/portaltela.pt\/noticias\/2026\/04\/30\/lider-supremo-iraniano-afirma-que-teerao-mantera-capacidades-nuclear-e-balistica\/#breadcrumb\"},\"inLanguage\":\"pt-PT\",\"potentialAction\":[{\"@type\":\"ReadAction\",\"target\":[\"https:\/\/portaltela.pt\/noticias\/2026\/04\/30\/lider-supremo-iraniano-afirma-que-teerao-mantera-capacidades-nuclear-e-balistica\/\"]}]},{\"@type\":\"ImageObject\",\"inLanguage\":\"pt-PT\",\"@id\":\"https:\/\/portaltela.pt\/noticias\/2026\/04\/30\/lider-supremo-iraniano-afirma-que-teerao-mantera-capacidades-nuclear-e-balistica\/#primaryimage\",\"url\":\"https:\/\/portaltela.pt\/s.01k8rhncp4jt1\/2026\/04\/img_1280x721uu2020-11-27-18-49-24-994055.jpg\",\"contentUrl\":\"https:\/\/portaltela.pt\/s.01k8rhncp4jt1\/2026\/04\/img_1280x721uu2020-11-27-18-49-24-994055.jpg\",\"width\":796,\"height\":448,\"caption\":\"Bandeira do Ir\u00e3o\"},{\"@type\":\"BreadcrumbList\",\"@id\":\"https:\/\/portaltela.pt\/noticias\/2026\/04\/30\/lider-supremo-iraniano-afirma-que-teerao-mantera-capacidades-nuclear-e-balistica\/#breadcrumb\",\"itemListElement\":[{\"@type\":\"ListItem\",\"position\":1,\"name\":\"In\u00edcio\",\"item\":\"https:\/\/portaltela.pt\/\"},{\"@type\":\"ListItem\",\"position\":2,\"name\":\"L\u00edder supremo iraniano afirma que Teer\u00e3o manter\u00e1 capacidades nuclear e bal\u00edstica\"}]},{\"@type\":\"WebSite\",\"@id\":\"https:\/\/portaltela.pt\/#website\",\"url\":\"https:\/\/portaltela.pt\/\",\"name\":\"Portal Tela Portugal\",\"description\":\"\",\"potentialAction\":[{\"@type\":\"SearchAction\",\"target\":{\"@type\":\"EntryPoint\",\"urlTemplate\":\"https:\/\/portaltela.pt\/?s={search_term_string}\"},\"query-input\":{\"@type\":\"PropertyValueSpecification\",\"valueRequired\":true,\"valueName\":\"search_term_string\"}}],\"inLanguage\":\"pt-PT\"},{\"@type\":\"Person\",\"@id\":\"https:\/\/portaltela.pt\/#\/schema\/person\/c4278d4a6028830caff9ee44b42d32ed\",\"name\":\"Telinha\",\"image\":{\"@type\":\"ImageObject\",\"inLanguage\":\"pt-PT\",\"@id\":\"https:\/\/portaltela.pt\/s.01k8rhncp4jt1\/2025\/11\/talking-bot-125x125.png\",\"url\":\"https:\/\/portaltela.pt\/s.01k8rhncp4jt1\/2025\/11\/talking-bot-125x125.png\",\"contentUrl\":\"https:\/\/portaltela.pt\/s.01k8rhncp4jt1\/2025\/11\/talking-bot-125x125.png\",\"caption\":\"Telinha\"},\"sameAs\":[\"https:\/\/portaltela.pt\/\"],\"url\":\"https:\/\/portaltela.pt\/por\/367410592786\/\"}]}<\/script>\n<!-- \/ Yoast SEO plugin. -->","yoast_head_json":{"title":"L\u00edder supremo iraniano afirma que Teer\u00e3o manter\u00e1 capacidades nuclear e bal\u00edstica - Portal Tela Portugal","robots":{"index":"index","follow":"follow","max-snippet":"max-snippet:-1","max-image-preview":"max-image-preview:large","max-video-preview":"max-video-preview:-1"},"og_locale":"pt_PT","og_type":"article","og_title":"L\u00edder supremo iraniano afirma que Teer\u00e3o manter\u00e1 capacidades nuclear e bal\u00edstica - Portal Tela Portugal","og_description":"O l\u00edder supremo do Ir\u00e3o afirmou que o pa\u00eds vai proteger as suas capacidades nuclear e bal\u00edstica como ativo nacional, afirmando que os norte-americanos n\u00e3o t\u00eam lugar no Golfo P\u00e9rsico. A declara\u00e7\u00e3o, lida numa transmiss\u00e3o da televis\u00e3o estatal, foi feita pelo aiatola Mojtaba Khamenei, filho do falecido aiatola Ali Khamenei. As palavras surgem num contexto de press\u00e3o econ\u00f3mica iraniana, com um bloqueio da Marinha dos Estados Unidos que impede navios petroleiros iranianos de sa\u00edrem para o mar. O pre\u00e7o do Brent para junho chegou a atingir 126 d\u00f3lares por barril, enquanto o Ir\u00e3o mant\u00e9m o controlo do estreito de Ormuz, estrat\u00e9gicamente crucial para o petr\u00f3leo. Khamenei disse que o futuro da regi\u00e3o do Golfo P\u00e9rsico ser\u00e1 sem a Am\u00e9rica, defendendo que estrangeiros com gan\u00e2ncia n\u00e3o t\u00eam lugar na regi\u00e3o.","og_url":"https:\/\/portaltela.pt\/noticias\/2026\/04\/30\/lider-supremo-iraniano-afirma-que-teerao-mantera-capacidades-nuclear-e-balistica\/","og_site_name":"Portal Tela Portugal","article_published_time":"2026-04-30T13:03:34+00:00","author":"Telinha","twitter_card":"summary_large_image","twitter_misc":{"Escrito por":"Telinha","Tempo estimado de leitura":"1 minuto"},"schema":{"@context":"https:\/\/schema.org","@graph":[{"@type":"Article","@id":"https:\/\/portaltela.pt\/noticias\/2026\/04\/30\/lider-supremo-iraniano-afirma-que-teerao-mantera-capacidades-nuclear-e-balistica\/#article","isPartOf":{"@id":"https:\/\/portaltela.pt\/noticias\/2026\/04\/30\/lider-supremo-iraniano-afirma-que-teerao-mantera-capacidades-nuclear-e-balistica\/"},"author":{"name":"Telinha","@id":"https:\/\/portaltela.pt\/#\/schema\/person\/c4278d4a6028830caff9ee44b42d32ed"},"headline":"L\u00edder supremo iraniano afirma que Teer\u00e3o manter\u00e1 capacidades nuclear e bal\u00edstica","datePublished":"2026-04-30T13:03:34+00:00","mainEntityOfPage":{"@id":"https:\/\/portaltela.pt\/noticias\/2026\/04\/30\/lider-supremo-iraniano-afirma-que-teerao-mantera-capacidades-nuclear-e-balistica\/"},"wordCount":234,"image":{"@id":"https:\/\/portaltela.pt\/noticias\/2026\/04\/30\/lider-supremo-iraniano-afirma-que-teerao-mantera-capacidades-nuclear-e-balistica\/#primaryimage"},"thumbnailUrl":"https:\/\/portaltela.pt\/s.01k8rhncp4jt1\/2026\/04\/img_1280x721uu2020-11-27-18-49-24-994055.jpg","keywords":["_diplomacia internacional","_Ir\u00e3","_\u00cdr\u00e1n","_pol\u00edtica externa","_pre\u00e7os","_san\u00e7\u00f5es internacionais"],"articleSection":["Geopol\u00edtica"],"inLanguage":"pt-PT"},{"@type":"WebPage","@id":"https:\/\/portaltela.pt\/noticias\/2026\/04\/30\/lider-supremo-iraniano-afirma-que-teerao-mantera-capacidades-nuclear-e-balistica\/","url":"https:\/\/portaltela.pt\/noticias\/2026\/04\/30\/lider-supremo-iraniano-afirma-que-teerao-mantera-capacidades-nuclear-e-balistica\/","name":"L\u00edder supremo iraniano afirma que Teer\u00e3o manter\u00e1 capacidades nuclear e bal\u00edstica - Portal Tela Portugal","isPartOf":{"@id":"https:\/\/portaltela.pt\/#website"},"primaryImageOfPage":{"@id":"https:\/\/portaltela.pt\/noticias\/2026\/04\/30\/lider-supremo-iraniano-afirma-que-teerao-mantera-capacidades-nuclear-e-balistica\/#primaryimage"},"image":{"@id":"https:\/\/portaltela.pt\/noticias\/2026\/04\/30\/lider-supremo-iraniano-afirma-que-teerao-mantera-capacidades-nuclear-e-balistica\/#primaryimage"},"thumbnailUrl":"https:\/\/portaltela.pt\/s.01k8rhncp4jt1\/2026\/04\/img_1280x721uu2020-11-27-18-49-24-994055.jpg","datePublished":"2026-04-30T13:03:34+00:00","author":{"@id":"https:\/\/portaltela.pt\/#\/schema\/person\/c4278d4a6028830caff9ee44b42d32ed"},"breadcrumb":{"@id":"https:\/\/portaltela.pt\/noticias\/2026\/04\/30\/lider-supremo-iraniano-afirma-que-teerao-mantera-capacidades-nuclear-e-balistica\/#breadcrumb"},"inLanguage":"pt-PT","potentialAction":[{"@type":"ReadAction","target":["https:\/\/portaltela.pt\/noticias\/2026\/04\/30\/lider-supremo-iraniano-afirma-que-teerao-mantera-capacidades-nuclear-e-balistica\/"]}]},{"@type":"ImageObject","inLanguage":"pt-PT","@id":"https:\/\/portaltela.pt\/noticias\/2026\/04\/30\/lider-supremo-iraniano-afirma-que-teerao-mantera-capacidades-nuclear-e-balistica\/#primaryimage","url":"https:\/\/portaltela.pt\/s.01k8rhncp4jt1\/2026\/04\/img_1280x721uu2020-11-27-18-49-24-994055.jpg","contentUrl":"https:\/\/portaltela.pt\/s.01k8rhncp4jt1\/2026\/04\/img_1280x721uu2020-11-27-18-49-24-994055.jpg","width":796,"height":448,"caption":"Bandeira do Ir\u00e3o"},{"@type":"BreadcrumbList","@id":"https:\/\/portaltela.pt\/noticias\/2026\/04\/30\/lider-supremo-iraniano-afirma-que-teerao-mantera-capacidades-nuclear-e-balistica\/#breadcrumb","itemListElement":[{"@type":"ListItem","position":1,"name":"In\u00edcio","item":"https:\/\/portaltela.pt\/"},{"@type":"ListItem","position":2,"name":"L\u00edder supremo iraniano afirma que Teer\u00e3o manter\u00e1 capacidades nuclear e bal\u00edstica"}]},{"@type":"WebSite","@id":"https:\/\/portaltela.pt\/#website","url":"https:\/\/portaltela.pt\/","name":"Portal Tela Portugal","description":"","potentialAction":[{"@type":"SearchAction","target":{"@type":"EntryPoint","urlTemplate":"https:\/\/portaltela.pt\/?s={search_term_string}"},"query-input":{"@type":"PropertyValueSpecification","valueRequired":true,"valueName":"search_term_string"}}],"inLanguage":"pt-PT"},{"@type":"Person","@id":"https:\/\/portaltela.pt\/#\/schema\/person\/c4278d4a6028830caff9ee44b42d32ed","name":"Telinha","image":{"@type":"ImageObject","inLanguage":"pt-PT","@id":"https:\/\/portaltela.pt\/s.01k8rhncp4jt1\/2025\/11\/talking-bot-125x125.png","url":"https:\/\/portaltela.pt\/s.01k8rhncp4jt1\/2025\/11\/talking-bot-125x125.png","contentUrl":"https:\/\/portaltela.pt\/s.01k8rhncp4jt1\/2025\/11\/talking-bot-125x125.png","caption":"Telinha"},"sameAs":["https:\/\/portaltela.pt\/"],"url":"https:\/\/portaltela.pt\/por\/367410592786\/"}]}},"_links":{"self":[{"href":"https:\/\/portaltela.pt\/api\/wp\/v2\/posts\/462454","targetHints":{"allow":["GET"]}}],"collection":[{"href":"https:\/\/portaltela.pt\/api\/wp\/v2\/posts"}],"about":[{"href":"https:\/\/portaltela.pt\/api\/wp\/v2\/types\/post"}],"author":[{"embeddable":true,"href":"https:\/\/portaltela.pt\/api\/wp\/v2\/users\/2"}],"replies":[{"embeddable":true,"href":"https:\/\/portaltela.pt\/api\/wp\/v2\/comments?post=462454"}],"version-history":[{"count":0,"href":"https:\/\/portaltela.pt\/api\/wp\/v2\/posts\/462454\/revisions"}],"wp:featuredmedia":[{"embeddable":true,"href":"https:\/\/portaltela.pt\/api\/wp\/v2\/media\/462461"}],"wp:attachment":[{"href":"https:\/\/portaltela.pt\/api\/wp\/v2\/media?parent=462454"}],"wp:term":[{"taxonomy":"category","embeddable":true,"href":"https:\/\/portaltela.pt\/api\/wp\/v2\/categories?post=462454"},{"taxonomy":"post_tag","embeddable":true,"href":"https:\/\/portaltela.pt\/api\/wp\/v2\/tags?post=462454"}],"curies":[{"name":"wp","href":"https:\/\/api.w.org\/{rel}","templated":true}]}}