{"id":462449,"date":"2026-04-30T10:03:29","date_gmt":"2026-04-30T13:03:29","guid":{"rendered":"https:\/\/portaltela.pt\/noticias\/2026\/04\/30\/ministra-do-desporto-espanhol-defende-final-do-mundial-2030-em-espanha\/"},"modified":"2026-04-30T10:03:29","modified_gmt":"2026-04-30T13:03:29","slug":"ministra-do-desporto-espanhol-defende-final-do-mundial-2030-em-espanha","status":"publish","type":"post","link":"https:\/\/portaltela.pt\/desporto\/copa-do-mundo\/2026\/04\/30\/ministra-do-desporto-espanhol-defende-final-do-mundial-2030-em-espanha\/","title":{"rendered":"Ministra do Desporto espanhol defende final do Mundial 2030 em Espanha"},"content":{"rendered":"<p>Milagros Tol\u00f3n, ministra do Desporto de Espanha, afirmou numa interven\u00e7\u00e3o em evento organizado pela Europa Press que a final do Mundial 2030 tem de decorrer em territ\u00f3rio espanhol. A declara\u00e7\u00e3o ocorreu esta quinta-feira durante o evento.<\/p>\n<p>A dirigente reiterou que o governo est\u00e1 a trabalhar para que a final seja disputada em Espanha, sublinhando que o Mundial de 2030 \u00e9 coorganizado por Portugal, Espanha e Marrocos. Tol\u00f3n deixou claro que o objetivo passa pela casa-ocidente e destacou o papel de Espanha neste processo.<\/p>\n<p>No decorrer do encontro, Tol\u00f3n comentou ainda um dos desafios presentes no universo do futebol, dizendo que existe uma assimetria de g\u00e9nero com uma maior presen\u00e7a de homens no desporto. A ministra n\u00e3o detalhou medidas espec\u00edficas, mas apontou a necessidade de abordar este desequil\u00edbrio no setor.<\/p>\n","protected":false},"excerpt":{"rendered":"<ul>\n<li>A ministra do desporto de Espanha, Milagros Tol\u00f3n, afirmou que a final do Mundial de 2030 tem de ser em Espanha e que o governo est\u00e1 a trabalhar para isso.<\/li>\n<li>O Mundial de 2030 ser\u00e1 organizado por Portugal, Espanha e Marrocos.<\/li>\n<li>Tol\u00f3n disse que ir\u00e1 envidar esfor\u00e7os para que a final ocorra em Espanha, durante um evento da Europa Press.<\/li>\n<li>Reiterou que existem dois outros pa\u00edses na organiza\u00e7\u00e3o do Mundial.<\/li>\n<li>A ministra gerou controv\u00e9rsia ao afirmar que &#8220;h\u00e1 homens a mais&#8221; numa das quest\u00f5es mais complicadas do futebol.<\/li>\n<\/ul>\n","protected":false},"author":2,"featured_media":462468,"comment_status":"closed","ping_status":"closed","sticky":false,"template":"","format":"standard","meta":{"footnotes":""},"categories":[6695,21],"tags":[152,2189,32,3027,1015,1014],"class_list":["post-462449","post","type-post","status-publish","format-standard","has-post-thumbnail","hentry","category-copa-do-mundo","category-desporto","tag-desporto","tag-espana","tag-futebol","tag-igualdade-de-genero-desafios-na-atualidade","tag-marrocos","tag-portugal"],"yoast_head":"<!-- This site is optimized with the Yoast SEO plugin v27.2 - https:\/\/yoast.com\/product\/yoast-seo-wordpress\/ -->\n<title>Ministra do Desporto espanhol defende final do Mundial 2030 em Espanha - Portal Tela Portugal<\/title>\n<meta name=\"robots\" content=\"index, follow, max-snippet:-1, max-image-preview:large, max-video-preview:-1\" \/>\n<meta property=\"og:locale\" content=\"pt_PT\" \/>\n<meta property=\"og:type\" content=\"article\" \/>\n<meta property=\"og:title\" content=\"Ministra do Desporto espanhol defende final do Mundial 2030 em Espanha - Portal Tela Portugal\" \/>\n<meta property=\"og:description\" content=\"A ministra do desporto de Espanha, Milagros Tol\u00f3n, afirmou que a final do Mundial de 2030 tem de ser em Espanha e que o governo est\u00e1 a trabalhar para isso. O Mundial de 2030 ser\u00e1 organizado por Portugal, Espanha e Marrocos. Tol\u00f3n disse que ir\u00e1 envidar esfor\u00e7os para que a final ocorra em Espanha, durante um evento da Europa Press. Reiterou que existem dois outros pa\u00edses na organiza\u00e7\u00e3o do Mundial. A ministra gerou controv\u00e9rsia ao afirmar que &quot;h\u00e1 homens a mais&quot; numa das quest\u00f5es mais complicadas do futebol.\" \/>\n<meta property=\"og:url\" content=\"https:\/\/portaltela.pt\/noticias\/2026\/04\/30\/ministra-do-desporto-espanhol-defende-final-do-mundial-2030-em-espanha\/\" \/>\n<meta property=\"og:site_name\" content=\"Portal Tela Portugal\" \/>\n<meta property=\"article:published_time\" content=\"2026-04-30T13:03:29+00:00\" \/>\n<meta name=\"author\" content=\"Telinha\" \/>\n<meta name=\"twitter:card\" content=\"summary_large_image\" \/>\n<meta name=\"twitter:label1\" content=\"Escrito por\" \/>\n\t<meta name=\"twitter:data1\" content=\"Telinha\" \/>\n\t<meta name=\"twitter:label2\" content=\"Tempo estimado de leitura\" \/>\n\t<meta name=\"twitter:data2\" content=\"1 minuto\" \/>\n<script type=\"application\/ld+json\" class=\"yoast-schema-graph\">{\"@context\":\"https:\/\/schema.org\",\"@graph\":[{\"@type\":\"Article\",\"@id\":\"https:\/\/portaltela.pt\/noticias\/2026\/04\/30\/ministra-do-desporto-espanhol-defende-final-do-mundial-2030-em-espanha\/#article\",\"isPartOf\":{\"@id\":\"https:\/\/portaltela.pt\/noticias\/2026\/04\/30\/ministra-do-desporto-espanhol-defende-final-do-mundial-2030-em-espanha\/\"},\"author\":{\"name\":\"Telinha\",\"@id\":\"https:\/\/portaltela.pt\/#\/schema\/person\/c4278d4a6028830caff9ee44b42d32ed\"},\"headline\":\"Ministra do Desporto espanhol defende final do Mundial 2030 em Espanha\",\"datePublished\":\"2026-04-30T13:03:29+00:00\",\"mainEntityOfPage\":{\"@id\":\"https:\/\/portaltela.pt\/noticias\/2026\/04\/30\/ministra-do-desporto-espanhol-defende-final-do-mundial-2030-em-espanha\/\"},\"wordCount\":147,\"image\":{\"@id\":\"https:\/\/portaltela.pt\/noticias\/2026\/04\/30\/ministra-do-desporto-espanhol-defende-final-do-mundial-2030-em-espanha\/#primaryimage\"},\"thumbnailUrl\":\"https:\/\/portaltela.pt\/s.01k8rhncp4jt1\/2026\/04\/img_920x518uu2026-04-30-13-53-14-2436096.jpg\",\"keywords\":[\"desporto\",\"Espa\u00f1a\",\"futebol\",\"Igualdade de G\u00e9nero \u2013 Desafios na Atualidade\",\"Marrocos\",\"Portugal\"],\"articleSection\":[\"Copa do Mundo\",\"Desporto\"],\"inLanguage\":\"pt-PT\"},{\"@type\":\"WebPage\",\"@id\":\"https:\/\/portaltela.pt\/noticias\/2026\/04\/30\/ministra-do-desporto-espanhol-defende-final-do-mundial-2030-em-espanha\/\",\"url\":\"https:\/\/portaltela.pt\/noticias\/2026\/04\/30\/ministra-do-desporto-espanhol-defende-final-do-mundial-2030-em-espanha\/\",\"name\":\"Ministra do Desporto espanhol defende final do Mundial 2030 em Espanha - Portal Tela Portugal\",\"isPartOf\":{\"@id\":\"https:\/\/portaltela.pt\/#website\"},\"primaryImageOfPage\":{\"@id\":\"https:\/\/portaltela.pt\/noticias\/2026\/04\/30\/ministra-do-desporto-espanhol-defende-final-do-mundial-2030-em-espanha\/#primaryimage\"},\"image\":{\"@id\":\"https:\/\/portaltela.pt\/noticias\/2026\/04\/30\/ministra-do-desporto-espanhol-defende-final-do-mundial-2030-em-espanha\/#primaryimage\"},\"thumbnailUrl\":\"https:\/\/portaltela.pt\/s.01k8rhncp4jt1\/2026\/04\/img_920x518uu2026-04-30-13-53-14-2436096.jpg\",\"datePublished\":\"2026-04-30T13:03:29+00:00\",\"author\":{\"@id\":\"https:\/\/portaltela.pt\/#\/schema\/person\/c4278d4a6028830caff9ee44b42d32ed\"},\"breadcrumb\":{\"@id\":\"https:\/\/portaltela.pt\/noticias\/2026\/04\/30\/ministra-do-desporto-espanhol-defende-final-do-mundial-2030-em-espanha\/#breadcrumb\"},\"inLanguage\":\"pt-PT\",\"potentialAction\":[{\"@type\":\"ReadAction\",\"target\":[\"https:\/\/portaltela.pt\/noticias\/2026\/04\/30\/ministra-do-desporto-espanhol-defende-final-do-mundial-2030-em-espanha\/\"]}]},{\"@type\":\"ImageObject\",\"inLanguage\":\"pt-PT\",\"@id\":\"https:\/\/portaltela.pt\/noticias\/2026\/04\/30\/ministra-do-desporto-espanhol-defende-final-do-mundial-2030-em-espanha\/#primaryimage\",\"url\":\"https:\/\/portaltela.pt\/s.01k8rhncp4jt1\/2026\/04\/img_920x518uu2026-04-30-13-53-14-2436096.jpg\",\"contentUrl\":\"https:\/\/portaltela.pt\/s.01k8rhncp4jt1\/2026\/04\/img_920x518uu2026-04-30-13-53-14-2436096.jpg\",\"width\":796,\"height\":448,\"caption\":\"Milagros Tol\u00f3n\"},{\"@type\":\"BreadcrumbList\",\"@id\":\"https:\/\/portaltela.pt\/noticias\/2026\/04\/30\/ministra-do-desporto-espanhol-defende-final-do-mundial-2030-em-espanha\/#breadcrumb\",\"itemListElement\":[{\"@type\":\"ListItem\",\"position\":1,\"name\":\"In\u00edcio\",\"item\":\"https:\/\/portaltela.pt\/\"},{\"@type\":\"ListItem\",\"position\":2,\"name\":\"Ministra do Desporto espanhol defende final do Mundial 2030 em Espanha\"}]},{\"@type\":\"WebSite\",\"@id\":\"https:\/\/portaltela.pt\/#website\",\"url\":\"https:\/\/portaltela.pt\/\",\"name\":\"Portal Tela Portugal\",\"description\":\"\",\"potentialAction\":[{\"@type\":\"SearchAction\",\"target\":{\"@type\":\"EntryPoint\",\"urlTemplate\":\"https:\/\/portaltela.pt\/?s={search_term_string}\"},\"query-input\":{\"@type\":\"PropertyValueSpecification\",\"valueRequired\":true,\"valueName\":\"search_term_string\"}}],\"inLanguage\":\"pt-PT\"},{\"@type\":\"Person\",\"@id\":\"https:\/\/portaltela.pt\/#\/schema\/person\/c4278d4a6028830caff9ee44b42d32ed\",\"name\":\"Telinha\",\"image\":{\"@type\":\"ImageObject\",\"inLanguage\":\"pt-PT\",\"@id\":\"https:\/\/portaltela.pt\/s.01k8rhncp4jt1\/2025\/11\/talking-bot-125x125.png\",\"url\":\"https:\/\/portaltela.pt\/s.01k8rhncp4jt1\/2025\/11\/talking-bot-125x125.png\",\"contentUrl\":\"https:\/\/portaltela.pt\/s.01k8rhncp4jt1\/2025\/11\/talking-bot-125x125.png\",\"caption\":\"Telinha\"},\"sameAs\":[\"https:\/\/portaltela.pt\/\"],\"url\":\"https:\/\/portaltela.pt\/por\/367410592786\/\"}]}<\/script>\n<!-- \/ Yoast SEO plugin. -->","yoast_head_json":{"title":"Ministra do Desporto espanhol defende final do Mundial 2030 em Espanha - Portal Tela Portugal","robots":{"index":"index","follow":"follow","max-snippet":"max-snippet:-1","max-image-preview":"max-image-preview:large","max-video-preview":"max-video-preview:-1"},"og_locale":"pt_PT","og_type":"article","og_title":"Ministra do Desporto espanhol defende final do Mundial 2030 em Espanha - Portal Tela Portugal","og_description":"A ministra do desporto de Espanha, Milagros Tol\u00f3n, afirmou que a final do Mundial de 2030 tem de ser em Espanha e que o governo est\u00e1 a trabalhar para isso. O Mundial de 2030 ser\u00e1 organizado por Portugal, Espanha e Marrocos. Tol\u00f3n disse que ir\u00e1 envidar esfor\u00e7os para que a final ocorra em Espanha, durante um evento da Europa Press. Reiterou que existem dois outros pa\u00edses na organiza\u00e7\u00e3o do Mundial. A ministra gerou controv\u00e9rsia ao afirmar que \"h\u00e1 homens a mais\" numa das quest\u00f5es mais complicadas do futebol.","og_url":"https:\/\/portaltela.pt\/noticias\/2026\/04\/30\/ministra-do-desporto-espanhol-defende-final-do-mundial-2030-em-espanha\/","og_site_name":"Portal Tela Portugal","article_published_time":"2026-04-30T13:03:29+00:00","author":"Telinha","twitter_card":"summary_large_image","twitter_misc":{"Escrito por":"Telinha","Tempo estimado de leitura":"1 minuto"},"schema":{"@context":"https:\/\/schema.org","@graph":[{"@type":"Article","@id":"https:\/\/portaltela.pt\/noticias\/2026\/04\/30\/ministra-do-desporto-espanhol-defende-final-do-mundial-2030-em-espanha\/#article","isPartOf":{"@id":"https:\/\/portaltela.pt\/noticias\/2026\/04\/30\/ministra-do-desporto-espanhol-defende-final-do-mundial-2030-em-espanha\/"},"author":{"name":"Telinha","@id":"https:\/\/portaltela.pt\/#\/schema\/person\/c4278d4a6028830caff9ee44b42d32ed"},"headline":"Ministra do Desporto espanhol defende final do Mundial 2030 em Espanha","datePublished":"2026-04-30T13:03:29+00:00","mainEntityOfPage":{"@id":"https:\/\/portaltela.pt\/noticias\/2026\/04\/30\/ministra-do-desporto-espanhol-defende-final-do-mundial-2030-em-espanha\/"},"wordCount":147,"image":{"@id":"https:\/\/portaltela.pt\/noticias\/2026\/04\/30\/ministra-do-desporto-espanhol-defende-final-do-mundial-2030-em-espanha\/#primaryimage"},"thumbnailUrl":"https:\/\/portaltela.pt\/s.01k8rhncp4jt1\/2026\/04\/img_920x518uu2026-04-30-13-53-14-2436096.jpg","keywords":["desporto","Espa\u00f1a","futebol","Igualdade de G\u00e9nero \u2013 Desafios na Atualidade","Marrocos","Portugal"],"articleSection":["Copa do Mundo","Desporto"],"inLanguage":"pt-PT"},{"@type":"WebPage","@id":"https:\/\/portaltela.pt\/noticias\/2026\/04\/30\/ministra-do-desporto-espanhol-defende-final-do-mundial-2030-em-espanha\/","url":"https:\/\/portaltela.pt\/noticias\/2026\/04\/30\/ministra-do-desporto-espanhol-defende-final-do-mundial-2030-em-espanha\/","name":"Ministra do Desporto espanhol defende final do Mundial 2030 em Espanha - Portal Tela Portugal","isPartOf":{"@id":"https:\/\/portaltela.pt\/#website"},"primaryImageOfPage":{"@id":"https:\/\/portaltela.pt\/noticias\/2026\/04\/30\/ministra-do-desporto-espanhol-defende-final-do-mundial-2030-em-espanha\/#primaryimage"},"image":{"@id":"https:\/\/portaltela.pt\/noticias\/2026\/04\/30\/ministra-do-desporto-espanhol-defende-final-do-mundial-2030-em-espanha\/#primaryimage"},"thumbnailUrl":"https:\/\/portaltela.pt\/s.01k8rhncp4jt1\/2026\/04\/img_920x518uu2026-04-30-13-53-14-2436096.jpg","datePublished":"2026-04-30T13:03:29+00:00","author":{"@id":"https:\/\/portaltela.pt\/#\/schema\/person\/c4278d4a6028830caff9ee44b42d32ed"},"breadcrumb":{"@id":"https:\/\/portaltela.pt\/noticias\/2026\/04\/30\/ministra-do-desporto-espanhol-defende-final-do-mundial-2030-em-espanha\/#breadcrumb"},"inLanguage":"pt-PT","potentialAction":[{"@type":"ReadAction","target":["https:\/\/portaltela.pt\/noticias\/2026\/04\/30\/ministra-do-desporto-espanhol-defende-final-do-mundial-2030-em-espanha\/"]}]},{"@type":"ImageObject","inLanguage":"pt-PT","@id":"https:\/\/portaltela.pt\/noticias\/2026\/04\/30\/ministra-do-desporto-espanhol-defende-final-do-mundial-2030-em-espanha\/#primaryimage","url":"https:\/\/portaltela.pt\/s.01k8rhncp4jt1\/2026\/04\/img_920x518uu2026-04-30-13-53-14-2436096.jpg","contentUrl":"https:\/\/portaltela.pt\/s.01k8rhncp4jt1\/2026\/04\/img_920x518uu2026-04-30-13-53-14-2436096.jpg","width":796,"height":448,"caption":"Milagros Tol\u00f3n"},{"@type":"BreadcrumbList","@id":"https:\/\/portaltela.pt\/noticias\/2026\/04\/30\/ministra-do-desporto-espanhol-defende-final-do-mundial-2030-em-espanha\/#breadcrumb","itemListElement":[{"@type":"ListItem","position":1,"name":"In\u00edcio","item":"https:\/\/portaltela.pt\/"},{"@type":"ListItem","position":2,"name":"Ministra do Desporto espanhol defende final do Mundial 2030 em Espanha"}]},{"@type":"WebSite","@id":"https:\/\/portaltela.pt\/#website","url":"https:\/\/portaltela.pt\/","name":"Portal Tela Portugal","description":"","potentialAction":[{"@type":"SearchAction","target":{"@type":"EntryPoint","urlTemplate":"https:\/\/portaltela.pt\/?s={search_term_string}"},"query-input":{"@type":"PropertyValueSpecification","valueRequired":true,"valueName":"search_term_string"}}],"inLanguage":"pt-PT"},{"@type":"Person","@id":"https:\/\/portaltela.pt\/#\/schema\/person\/c4278d4a6028830caff9ee44b42d32ed","name":"Telinha","image":{"@type":"ImageObject","inLanguage":"pt-PT","@id":"https:\/\/portaltela.pt\/s.01k8rhncp4jt1\/2025\/11\/talking-bot-125x125.png","url":"https:\/\/portaltela.pt\/s.01k8rhncp4jt1\/2025\/11\/talking-bot-125x125.png","contentUrl":"https:\/\/portaltela.pt\/s.01k8rhncp4jt1\/2025\/11\/talking-bot-125x125.png","caption":"Telinha"},"sameAs":["https:\/\/portaltela.pt\/"],"url":"https:\/\/portaltela.pt\/por\/367410592786\/"}]}},"_links":{"self":[{"href":"https:\/\/portaltela.pt\/api\/wp\/v2\/posts\/462449","targetHints":{"allow":["GET"]}}],"collection":[{"href":"https:\/\/portaltela.pt\/api\/wp\/v2\/posts"}],"about":[{"href":"https:\/\/portaltela.pt\/api\/wp\/v2\/types\/post"}],"author":[{"embeddable":true,"href":"https:\/\/portaltela.pt\/api\/wp\/v2\/users\/2"}],"replies":[{"embeddable":true,"href":"https:\/\/portaltela.pt\/api\/wp\/v2\/comments?post=462449"}],"version-history":[{"count":0,"href":"https:\/\/portaltela.pt\/api\/wp\/v2\/posts\/462449\/revisions"}],"wp:featuredmedia":[{"embeddable":true,"href":"https:\/\/portaltela.pt\/api\/wp\/v2\/media\/462468"}],"wp:attachment":[{"href":"https:\/\/portaltela.pt\/api\/wp\/v2\/media?parent=462449"}],"wp:term":[{"taxonomy":"category","embeddable":true,"href":"https:\/\/portaltela.pt\/api\/wp\/v2\/categories?post=462449"},{"taxonomy":"post_tag","embeddable":true,"href":"https:\/\/portaltela.pt\/api\/wp\/v2\/tags?post=462449"}],"curies":[{"name":"wp","href":"https:\/\/api.w.org\/{rel}","templated":true}]}}