{"id":462444,"date":"2026-04-30T10:03:26","date_gmt":"2026-04-30T13:03:26","guid":{"rendered":"https:\/\/portaltela.pt\/noticias\/2026\/04\/30\/nobel-da-paz-2026-registra-287-nomeados-50-a-menos-que-em-2025\/"},"modified":"2026-04-30T10:03:26","modified_gmt":"2026-04-30T13:03:26","slug":"nobel-da-paz-2026-registra-287-nomeados-50-a-menos-que-em-2025","status":"publish","type":"post","link":"https:\/\/portaltela.pt\/noticias\/internacional\/2026\/04\/30\/nobel-da-paz-2026-registra-287-nomeados-50-a-menos-que-em-2025\/","title":{"rendered":"Nobel da Paz 2026 registra 287 nomeados, 50 a menos que em 2025"},"content":{"rendered":"<p>O Nobel da Paz de 2026 tem 287 nomeados, menos 50 do que no ano anterior. A informa\u00e7\u00e3o foi anunciada pela institui\u00e7\u00e3o respons\u00e1vel pela atribui\u00e7\u00e3o do pr\u00e9mio.<\/p>\n<p>Segundo os dados divulgados, o n\u00famero de nomeados em 2026 caiu face ao registo de 2025, sem que a organiza\u00e7\u00e3o tenha adiantado os motivos da varia\u00e7\u00e3o. A lista completa dos nomeados n\u00e3o \u00e9 publicada no texto.<\/p>\n<p>A negocia\u00e7\u00e3o de nomea\u00e7\u00f5es envolve institui\u00e7\u00f5es internacionais e personalidades de v\u00e1rias \u00e1reas, com o objetivo de reconhecer quem tem contribu\u00eddo para a promo\u00e7\u00e3o da paz mundial. A divulga\u00e7\u00e3o p\u00fablica dos detalhes adicionais continua a depender de fontes oficiais.<\/p>\n","protected":false},"excerpt":{"rendered":"<ul>\n<li>O Pr\u00e9mio Nobel da Paz de 2026 tem 287 nomeados, menos 50 do que no ano passado.<\/li>\n<li>O conte\u00fado completo est\u00e1 dispon\u00edvel apenas para subscritores.<\/li>\n<\/ul>\n","protected":false},"author":2,"featured_media":462456,"comment_status":"closed","ping_status":"closed","sticky":false,"template":"","format":"standard","meta":{"footnotes":""},"categories":[4,1],"tags":[256,6703,2127,5123,2023,5661],"class_list":["post-462444","post","type-post","status-publish","format-standard","has-post-thumbnail","hentry","category-internacional","category-noticias","tag-cooperacao-internacional","tag-diplomacia-internacional","tag-nacoes-unidas","tag-onu","tag-organizacoes-internacionais","tag-pessoas-publicas"],"yoast_head":"<!-- This site is optimized with the Yoast SEO plugin v27.2 - https:\/\/yoast.com\/product\/yoast-seo-wordpress\/ -->\n<title>Nobel da Paz 2026 registra 287 nomeados, 50 a menos que em 2025 - Portal Tela Portugal<\/title>\n<meta name=\"robots\" content=\"index, follow, max-snippet:-1, max-image-preview:large, max-video-preview:-1\" \/>\n<meta property=\"og:locale\" content=\"pt_PT\" \/>\n<meta property=\"og:type\" content=\"article\" \/>\n<meta property=\"og:title\" content=\"Nobel da Paz 2026 registra 287 nomeados, 50 a menos que em 2025 - Portal Tela Portugal\" \/>\n<meta property=\"og:description\" content=\"O Pr\u00e9mio Nobel da Paz de 2026 tem 287 nomeados, menos 50 do que no ano passado. O conte\u00fado completo est\u00e1 dispon\u00edvel apenas para subscritores.\" \/>\n<meta property=\"og:url\" content=\"https:\/\/portaltela.pt\/noticias\/2026\/04\/30\/nobel-da-paz-2026-registra-287-nomeados-50-a-menos-que-em-2025\/\" \/>\n<meta property=\"og:site_name\" content=\"Portal Tela Portugal\" \/>\n<meta property=\"article:published_time\" content=\"2026-04-30T13:03:26+00:00\" \/>\n<meta name=\"author\" content=\"Telinha\" \/>\n<meta name=\"twitter:card\" content=\"summary_large_image\" \/>\n<meta name=\"twitter:label1\" content=\"Escrito por\" \/>\n\t<meta name=\"twitter:data1\" content=\"Telinha\" \/>\n\t<meta name=\"twitter:label2\" content=\"Tempo estimado de leitura\" \/>\n\t<meta name=\"twitter:data2\" content=\"1 minuto\" \/>\n<script type=\"application\/ld+json\" class=\"yoast-schema-graph\">{\"@context\":\"https:\/\/schema.org\",\"@graph\":[{\"@type\":\"Article\",\"@id\":\"https:\/\/portaltela.pt\/noticias\/2026\/04\/30\/nobel-da-paz-2026-registra-287-nomeados-50-a-menos-que-em-2025\/#article\",\"isPartOf\":{\"@id\":\"https:\/\/portaltela.pt\/noticias\/2026\/04\/30\/nobel-da-paz-2026-registra-287-nomeados-50-a-menos-que-em-2025\/\"},\"author\":{\"name\":\"Telinha\",\"@id\":\"https:\/\/portaltela.pt\/#\/schema\/person\/c4278d4a6028830caff9ee44b42d32ed\"},\"headline\":\"Nobel da Paz 2026 registra 287 nomeados, 50 a menos que em 2025\",\"datePublished\":\"2026-04-30T13:03:26+00:00\",\"mainEntityOfPage\":{\"@id\":\"https:\/\/portaltela.pt\/noticias\/2026\/04\/30\/nobel-da-paz-2026-registra-287-nomeados-50-a-menos-que-em-2025\/\"},\"wordCount\":121,\"image\":{\"@id\":\"https:\/\/portaltela.pt\/noticias\/2026\/04\/30\/nobel-da-paz-2026-registra-287-nomeados-50-a-menos-que-em-2025\/#primaryimage\"},\"thumbnailUrl\":\"https:\/\/portaltela.pt\/s.01k8rhncp4jt1\/2026\/04\/CACHE_780X1200_ANALOG_WATERMARKED_29762855_10406582_07102021093654.jpg\",\"keywords\":[\"coopera\u00e7\u00e3o internacional\",\"diplomacia internacional\",\"Na\u00e7\u00f5es Unidas\",\"ONU\",\"organiza\u00e7\u00f5es internacionais\",\"pessoas p\u00fablicas\"],\"articleSection\":[\"Internacional\",\"Not\u00edcias\"],\"inLanguage\":\"pt-PT\"},{\"@type\":\"WebPage\",\"@id\":\"https:\/\/portaltela.pt\/noticias\/2026\/04\/30\/nobel-da-paz-2026-registra-287-nomeados-50-a-menos-que-em-2025\/\",\"url\":\"https:\/\/portaltela.pt\/noticias\/2026\/04\/30\/nobel-da-paz-2026-registra-287-nomeados-50-a-menos-que-em-2025\/\",\"name\":\"Nobel da Paz 2026 registra 287 nomeados, 50 a menos que em 2025 - Portal Tela Portugal\",\"isPartOf\":{\"@id\":\"https:\/\/portaltela.pt\/#website\"},\"primaryImageOfPage\":{\"@id\":\"https:\/\/portaltela.pt\/noticias\/2026\/04\/30\/nobel-da-paz-2026-registra-287-nomeados-50-a-menos-que-em-2025\/#primaryimage\"},\"image\":{\"@id\":\"https:\/\/portaltela.pt\/noticias\/2026\/04\/30\/nobel-da-paz-2026-registra-287-nomeados-50-a-menos-que-em-2025\/#primaryimage\"},\"thumbnailUrl\":\"https:\/\/portaltela.pt\/s.01k8rhncp4jt1\/2026\/04\/CACHE_780X1200_ANALOG_WATERMARKED_29762855_10406582_07102021093654.jpg\",\"datePublished\":\"2026-04-30T13:03:26+00:00\",\"author\":{\"@id\":\"https:\/\/portaltela.pt\/#\/schema\/person\/c4278d4a6028830caff9ee44b42d32ed\"},\"breadcrumb\":{\"@id\":\"https:\/\/portaltela.pt\/noticias\/2026\/04\/30\/nobel-da-paz-2026-registra-287-nomeados-50-a-menos-que-em-2025\/#breadcrumb\"},\"inLanguage\":\"pt-PT\",\"potentialAction\":[{\"@type\":\"ReadAction\",\"target\":[\"https:\/\/portaltela.pt\/noticias\/2026\/04\/30\/nobel-da-paz-2026-registra-287-nomeados-50-a-menos-que-em-2025\/\"]}]},{\"@type\":\"ImageObject\",\"inLanguage\":\"pt-PT\",\"@id\":\"https:\/\/portaltela.pt\/noticias\/2026\/04\/30\/nobel-da-paz-2026-registra-287-nomeados-50-a-menos-que-em-2025\/#primaryimage\",\"url\":\"https:\/\/portaltela.pt\/s.01k8rhncp4jt1\/2026\/04\/CACHE_780X1200_ANALOG_WATERMARKED_29762855_10406582_07102021093654.jpg\",\"contentUrl\":\"https:\/\/portaltela.pt\/s.01k8rhncp4jt1\/2026\/04\/CACHE_780X1200_ANALOG_WATERMARKED_29762855_10406582_07102021093654.jpg\",\"width\":768,\"height\":512,\"caption\":\"Nobel da Paz de 2026 tem 287 nomeados, menos 50 que no ano passado\"},{\"@type\":\"BreadcrumbList\",\"@id\":\"https:\/\/portaltela.pt\/noticias\/2026\/04\/30\/nobel-da-paz-2026-registra-287-nomeados-50-a-menos-que-em-2025\/#breadcrumb\",\"itemListElement\":[{\"@type\":\"ListItem\",\"position\":1,\"name\":\"In\u00edcio\",\"item\":\"https:\/\/portaltela.pt\/\"},{\"@type\":\"ListItem\",\"position\":2,\"name\":\"Nobel da Paz 2026 registra 287 nomeados, 50 a menos que em 2025\"}]},{\"@type\":\"WebSite\",\"@id\":\"https:\/\/portaltela.pt\/#website\",\"url\":\"https:\/\/portaltela.pt\/\",\"name\":\"Portal Tela Portugal\",\"description\":\"\",\"potentialAction\":[{\"@type\":\"SearchAction\",\"target\":{\"@type\":\"EntryPoint\",\"urlTemplate\":\"https:\/\/portaltela.pt\/?s={search_term_string}\"},\"query-input\":{\"@type\":\"PropertyValueSpecification\",\"valueRequired\":true,\"valueName\":\"search_term_string\"}}],\"inLanguage\":\"pt-PT\"},{\"@type\":\"Person\",\"@id\":\"https:\/\/portaltela.pt\/#\/schema\/person\/c4278d4a6028830caff9ee44b42d32ed\",\"name\":\"Telinha\",\"image\":{\"@type\":\"ImageObject\",\"inLanguage\":\"pt-PT\",\"@id\":\"https:\/\/portaltela.pt\/s.01k8rhncp4jt1\/2025\/11\/talking-bot-125x125.png\",\"url\":\"https:\/\/portaltela.pt\/s.01k8rhncp4jt1\/2025\/11\/talking-bot-125x125.png\",\"contentUrl\":\"https:\/\/portaltela.pt\/s.01k8rhncp4jt1\/2025\/11\/talking-bot-125x125.png\",\"caption\":\"Telinha\"},\"sameAs\":[\"https:\/\/portaltela.pt\/\"],\"url\":\"https:\/\/portaltela.pt\/por\/367410592786\/\"}]}<\/script>\n<!-- \/ Yoast SEO plugin. -->","yoast_head_json":{"title":"Nobel da Paz 2026 registra 287 nomeados, 50 a menos que em 2025 - Portal Tela Portugal","robots":{"index":"index","follow":"follow","max-snippet":"max-snippet:-1","max-image-preview":"max-image-preview:large","max-video-preview":"max-video-preview:-1"},"og_locale":"pt_PT","og_type":"article","og_title":"Nobel da Paz 2026 registra 287 nomeados, 50 a menos que em 2025 - Portal Tela Portugal","og_description":"O Pr\u00e9mio Nobel da Paz de 2026 tem 287 nomeados, menos 50 do que no ano passado. O conte\u00fado completo est\u00e1 dispon\u00edvel apenas para subscritores.","og_url":"https:\/\/portaltela.pt\/noticias\/2026\/04\/30\/nobel-da-paz-2026-registra-287-nomeados-50-a-menos-que-em-2025\/","og_site_name":"Portal Tela Portugal","article_published_time":"2026-04-30T13:03:26+00:00","author":"Telinha","twitter_card":"summary_large_image","twitter_misc":{"Escrito por":"Telinha","Tempo estimado de leitura":"1 minuto"},"schema":{"@context":"https:\/\/schema.org","@graph":[{"@type":"Article","@id":"https:\/\/portaltela.pt\/noticias\/2026\/04\/30\/nobel-da-paz-2026-registra-287-nomeados-50-a-menos-que-em-2025\/#article","isPartOf":{"@id":"https:\/\/portaltela.pt\/noticias\/2026\/04\/30\/nobel-da-paz-2026-registra-287-nomeados-50-a-menos-que-em-2025\/"},"author":{"name":"Telinha","@id":"https:\/\/portaltela.pt\/#\/schema\/person\/c4278d4a6028830caff9ee44b42d32ed"},"headline":"Nobel da Paz 2026 registra 287 nomeados, 50 a menos que em 2025","datePublished":"2026-04-30T13:03:26+00:00","mainEntityOfPage":{"@id":"https:\/\/portaltela.pt\/noticias\/2026\/04\/30\/nobel-da-paz-2026-registra-287-nomeados-50-a-menos-que-em-2025\/"},"wordCount":121,"image":{"@id":"https:\/\/portaltela.pt\/noticias\/2026\/04\/30\/nobel-da-paz-2026-registra-287-nomeados-50-a-menos-que-em-2025\/#primaryimage"},"thumbnailUrl":"https:\/\/portaltela.pt\/s.01k8rhncp4jt1\/2026\/04\/CACHE_780X1200_ANALOG_WATERMARKED_29762855_10406582_07102021093654.jpg","keywords":["coopera\u00e7\u00e3o internacional","diplomacia internacional","Na\u00e7\u00f5es Unidas","ONU","organiza\u00e7\u00f5es internacionais","pessoas p\u00fablicas"],"articleSection":["Internacional","Not\u00edcias"],"inLanguage":"pt-PT"},{"@type":"WebPage","@id":"https:\/\/portaltela.pt\/noticias\/2026\/04\/30\/nobel-da-paz-2026-registra-287-nomeados-50-a-menos-que-em-2025\/","url":"https:\/\/portaltela.pt\/noticias\/2026\/04\/30\/nobel-da-paz-2026-registra-287-nomeados-50-a-menos-que-em-2025\/","name":"Nobel da Paz 2026 registra 287 nomeados, 50 a menos que em 2025 - Portal Tela Portugal","isPartOf":{"@id":"https:\/\/portaltela.pt\/#website"},"primaryImageOfPage":{"@id":"https:\/\/portaltela.pt\/noticias\/2026\/04\/30\/nobel-da-paz-2026-registra-287-nomeados-50-a-menos-que-em-2025\/#primaryimage"},"image":{"@id":"https:\/\/portaltela.pt\/noticias\/2026\/04\/30\/nobel-da-paz-2026-registra-287-nomeados-50-a-menos-que-em-2025\/#primaryimage"},"thumbnailUrl":"https:\/\/portaltela.pt\/s.01k8rhncp4jt1\/2026\/04\/CACHE_780X1200_ANALOG_WATERMARKED_29762855_10406582_07102021093654.jpg","datePublished":"2026-04-30T13:03:26+00:00","author":{"@id":"https:\/\/portaltela.pt\/#\/schema\/person\/c4278d4a6028830caff9ee44b42d32ed"},"breadcrumb":{"@id":"https:\/\/portaltela.pt\/noticias\/2026\/04\/30\/nobel-da-paz-2026-registra-287-nomeados-50-a-menos-que-em-2025\/#breadcrumb"},"inLanguage":"pt-PT","potentialAction":[{"@type":"ReadAction","target":["https:\/\/portaltela.pt\/noticias\/2026\/04\/30\/nobel-da-paz-2026-registra-287-nomeados-50-a-menos-que-em-2025\/"]}]},{"@type":"ImageObject","inLanguage":"pt-PT","@id":"https:\/\/portaltela.pt\/noticias\/2026\/04\/30\/nobel-da-paz-2026-registra-287-nomeados-50-a-menos-que-em-2025\/#primaryimage","url":"https:\/\/portaltela.pt\/s.01k8rhncp4jt1\/2026\/04\/CACHE_780X1200_ANALOG_WATERMARKED_29762855_10406582_07102021093654.jpg","contentUrl":"https:\/\/portaltela.pt\/s.01k8rhncp4jt1\/2026\/04\/CACHE_780X1200_ANALOG_WATERMARKED_29762855_10406582_07102021093654.jpg","width":768,"height":512,"caption":"Nobel da Paz de 2026 tem 287 nomeados, menos 50 que no ano passado"},{"@type":"BreadcrumbList","@id":"https:\/\/portaltela.pt\/noticias\/2026\/04\/30\/nobel-da-paz-2026-registra-287-nomeados-50-a-menos-que-em-2025\/#breadcrumb","itemListElement":[{"@type":"ListItem","position":1,"name":"In\u00edcio","item":"https:\/\/portaltela.pt\/"},{"@type":"ListItem","position":2,"name":"Nobel da Paz 2026 registra 287 nomeados, 50 a menos que em 2025"}]},{"@type":"WebSite","@id":"https:\/\/portaltela.pt\/#website","url":"https:\/\/portaltela.pt\/","name":"Portal Tela Portugal","description":"","potentialAction":[{"@type":"SearchAction","target":{"@type":"EntryPoint","urlTemplate":"https:\/\/portaltela.pt\/?s={search_term_string}"},"query-input":{"@type":"PropertyValueSpecification","valueRequired":true,"valueName":"search_term_string"}}],"inLanguage":"pt-PT"},{"@type":"Person","@id":"https:\/\/portaltela.pt\/#\/schema\/person\/c4278d4a6028830caff9ee44b42d32ed","name":"Telinha","image":{"@type":"ImageObject","inLanguage":"pt-PT","@id":"https:\/\/portaltela.pt\/s.01k8rhncp4jt1\/2025\/11\/talking-bot-125x125.png","url":"https:\/\/portaltela.pt\/s.01k8rhncp4jt1\/2025\/11\/talking-bot-125x125.png","contentUrl":"https:\/\/portaltela.pt\/s.01k8rhncp4jt1\/2025\/11\/talking-bot-125x125.png","caption":"Telinha"},"sameAs":["https:\/\/portaltela.pt\/"],"url":"https:\/\/portaltela.pt\/por\/367410592786\/"}]}},"_links":{"self":[{"href":"https:\/\/portaltela.pt\/api\/wp\/v2\/posts\/462444","targetHints":{"allow":["GET"]}}],"collection":[{"href":"https:\/\/portaltela.pt\/api\/wp\/v2\/posts"}],"about":[{"href":"https:\/\/portaltela.pt\/api\/wp\/v2\/types\/post"}],"author":[{"embeddable":true,"href":"https:\/\/portaltela.pt\/api\/wp\/v2\/users\/2"}],"replies":[{"embeddable":true,"href":"https:\/\/portaltela.pt\/api\/wp\/v2\/comments?post=462444"}],"version-history":[{"count":0,"href":"https:\/\/portaltela.pt\/api\/wp\/v2\/posts\/462444\/revisions"}],"wp:featuredmedia":[{"embeddable":true,"href":"https:\/\/portaltela.pt\/api\/wp\/v2\/media\/462456"}],"wp:attachment":[{"href":"https:\/\/portaltela.pt\/api\/wp\/v2\/media?parent=462444"}],"wp:term":[{"taxonomy":"category","embeddable":true,"href":"https:\/\/portaltela.pt\/api\/wp\/v2\/categories?post=462444"},{"taxonomy":"post_tag","embeddable":true,"href":"https:\/\/portaltela.pt\/api\/wp\/v2\/tags?post=462444"}],"curies":[{"name":"wp","href":"https:\/\/api.w.org\/{rel}","templated":true}]}}