{"id":462443,"date":"2026-04-30T10:03:25","date_gmt":"2026-04-30T13:03:25","guid":{"rendered":"https:\/\/portaltela.pt\/noticias\/2026\/04\/30\/belgica-quer-controlar-reatores-nucleares-para-gerir-energia\/"},"modified":"2026-04-30T10:03:25","modified_gmt":"2026-04-30T13:03:25","slug":"belgica-quer-controlar-reatores-nucleares-para-gerir-energia","status":"publish","type":"post","link":"https:\/\/portaltela.pt\/energia\/2026\/04\/30\/belgica-quer-controlar-reatores-nucleares-para-gerir-energia\/","title":{"rendered":"B\u00e9lgica quer controlar reatores nucleares para gerir energia"},"content":{"rendered":"<p>O governo belga anunciou a inten\u00e7\u00e3o de assumir o controlo de todas as centrais nucleares do pa\u00eds, actualmente detidas pela francesa Engie e pela sua subsidi\u00e1ria Electrabel. O objetivo \u00e9 garantir o controlo nacional do abastecimento energ\u00e9tico, com negocia\u00e7\u00f5es em curso desde que o acordo foi colocado em marcha.<\/p>\n<p>O primeiro-ministro Bart De Wever revelou, via X, que o acordo com a ENGIE j\u00e1 foi alcan\u00e7ado para definir condi\u00e7\u00f5es e iniciar os estudos necess\u00e1rios \u00e0 aquisi\u00e7\u00e3o total do parque nuclear belga. O objetivo aut\u00e1rquico passa por reduzir a depend\u00eancia de combust\u00edveis f\u00f3sseis e assegurar energia est\u00e1vel e sustent\u00e1vel.<\/p>\n<p>Cinco das sete centrais situam-se em Doel, perto de Antu\u00e9rpia, e em Tihange, na regi\u00e3o de Li\u00e8ge. Entre 2022 e 2025, estas opera\u00e7\u00f5es foram encerradas, mantendo ativos dois reatores cujas licen\u00e7as foram prorrogadas at\u00e9 2035, sob um acordo de 2023.<\/p>\n<h3>Estado atual das centrais<\/h3>\n<p>A Engie op\u00f4s-se \u00e0 mudan\u00e7a de controlo, preferindo investimentos em energia solar, baterias e g\u00e1s. O governo belga afirma que a transi\u00e7\u00e3o busca maior previsibilidade de custos e de fornecimento, com menor depend\u00eancia externa.<\/p>\n<h3>Pr\u00f3ximos passos<\/h3>\n<p>As negocia\u00e7\u00f5es visam concluir a aquisi\u00e7\u00e3o total ainda em outubro, mantendo a continuidade das opera\u00e7\u00f5es onde existirem licen\u00e7as vigentes. O movimento insere-se num debate europeu mais amplo sobre o papel da energia nuclear ap\u00f3s a crise energ\u00e9tica provocada pela invas\u00e3o da Ucr\u00e2nia.<\/p>\n<h3>Contexto e perspetivas<\/h3>\n<p>A discuss\u00e3o sobre nuclear como fonte principal voltou a ganhar for\u00e7a na Europa, impulsionada por press\u00f5es de pre\u00e7os de energia e pela instabilidade geopol\u00edtica. O governo belga sustenta que o controlo estrat\u00e9gico sobre o fornecimento energ\u00e9tico \u00e9 uma pe\u00e7a-chave da pol\u00edtica interna.<\/p>\n","protected":false},"excerpt":{"rendered":"<ul>\n<li>O governo belga come\u00e7ou negocia\u00e7\u00f5es para assumir o controlo total do parque nuclear junto da ENGIE e da Electrabel, de forma a assegurar o abastecimento energ\u00e9tico.<\/li>\n<li>O primeiro-ministro Bart De Wever afirmou, numa publica\u00e7\u00e3o no X, que foi alcan\u00e7ado um acordo para definir condi\u00e7\u00f5es e iniciar os estudos necess\u00e1rios para a aquisi\u00e7\u00e3o completa do parque nuclear belga.<\/li>\n<li>Cinco das sete centrais el\u00e9tricas, situadas em Doel e Tihange, foram encerradas entre 2022 e 2025; dois reatores permanecem ativos com licen\u00e7as prorrogadas at\u00e9 2035.<\/li>\n<li>A ENGIE op\u00f4s-se ao projeto, preferindo investir em centrais solares, baterias e g\u00e1s; De Wever afirmou que n\u00e3o \u00e9 boa combina\u00e7\u00e3o ter um operador que quer sair.<\/li>\n<li>As negocia\u00e7\u00f5es devem ficar conclu\u00eddas em outubro; os planos de desmantelamento das opera\u00e7\u00f5es nucleares, iniciados pela ENGIE, est\u00e3o momentaneamente parados.<\/li>\n<\/ul>\n","protected":false},"author":2,"featured_media":462466,"comment_status":"closed","ping_status":"closed","sticky":false,"template":"","format":"standard","meta":{"footnotes":""},"categories":[6806],"tags":[4729,1599,174,3603,34,7892],"class_list":["post-462443","post","type-post","status-publish","format-standard","has-post-thumbnail","hentry","category-energia","tag-abastecimento-de-energia","tag-belgica","tag-energia","tag-energias-renovaveis","tag-governo","tag-politica-interna"],"yoast_head":"<!-- This site is optimized with the Yoast SEO plugin v27.2 - https:\/\/yoast.com\/product\/yoast-seo-wordpress\/ -->\n<title>B\u00e9lgica quer controlar reatores nucleares para gerir energia - Portal Tela Portugal<\/title>\n<meta name=\"robots\" content=\"index, follow, max-snippet:-1, max-image-preview:large, max-video-preview:-1\" \/>\n<meta property=\"og:locale\" content=\"pt_PT\" \/>\n<meta property=\"og:type\" content=\"article\" \/>\n<meta property=\"og:title\" content=\"B\u00e9lgica quer controlar reatores nucleares para gerir energia - Portal Tela Portugal\" \/>\n<meta property=\"og:description\" content=\"O governo belga come\u00e7ou negocia\u00e7\u00f5es para assumir o controlo total do parque nuclear junto da ENGIE e da Electrabel, de forma a assegurar o abastecimento energ\u00e9tico. O primeiro-ministro Bart De Wever afirmou, numa publica\u00e7\u00e3o no X, que foi alcan\u00e7ado um acordo para definir condi\u00e7\u00f5es e iniciar os estudos necess\u00e1rios para a aquisi\u00e7\u00e3o completa do parque nuclear belga. Cinco das sete centrais el\u00e9tricas, situadas em Doel e Tihange, foram encerradas entre 2022 e 2025; dois reatores permanecem ativos com licen\u00e7as prorrogadas at\u00e9 2035. A ENGIE op\u00f4s-se ao projeto, preferindo investir em centrais solares, baterias e g\u00e1s; De Wever afirmou que n\u00e3o \u00e9 boa combina\u00e7\u00e3o ter um operador que quer sair. As negocia\u00e7\u00f5es devem ficar conclu\u00eddas em outubro; os planos de desmantelamento das opera\u00e7\u00f5es nucleares, iniciados pela ENGIE, est\u00e3o momentaneamente parados.\" \/>\n<meta property=\"og:url\" content=\"https:\/\/portaltela.pt\/noticias\/2026\/04\/30\/belgica-quer-controlar-reatores-nucleares-para-gerir-energia\/\" \/>\n<meta property=\"og:site_name\" content=\"Portal Tela Portugal\" \/>\n<meta property=\"article:published_time\" content=\"2026-04-30T13:03:25+00:00\" \/>\n<meta name=\"author\" content=\"Telinha\" \/>\n<meta name=\"twitter:card\" content=\"summary_large_image\" \/>\n<meta name=\"twitter:label1\" content=\"Escrito por\" \/>\n\t<meta name=\"twitter:data1\" content=\"Telinha\" \/>\n\t<meta name=\"twitter:label2\" content=\"Tempo estimado de leitura\" \/>\n\t<meta name=\"twitter:data2\" content=\"2 minutos\" \/>\n<script type=\"application\/ld+json\" class=\"yoast-schema-graph\">{\"@context\":\"https:\/\/schema.org\",\"@graph\":[{\"@type\":\"Article\",\"@id\":\"https:\/\/portaltela.pt\/noticias\/2026\/04\/30\/belgica-quer-controlar-reatores-nucleares-para-gerir-energia\/#article\",\"isPartOf\":{\"@id\":\"https:\/\/portaltela.pt\/noticias\/2026\/04\/30\/belgica-quer-controlar-reatores-nucleares-para-gerir-energia\/\"},\"author\":{\"name\":\"Telinha\",\"@id\":\"https:\/\/portaltela.pt\/#\/schema\/person\/c4278d4a6028830caff9ee44b42d32ed\"},\"headline\":\"B\u00e9lgica quer controlar reatores nucleares para gerir energia\",\"datePublished\":\"2026-04-30T13:03:25+00:00\",\"mainEntityOfPage\":{\"@id\":\"https:\/\/portaltela.pt\/noticias\/2026\/04\/30\/belgica-quer-controlar-reatores-nucleares-para-gerir-energia\/\"},\"wordCount\":309,\"image\":{\"@id\":\"https:\/\/portaltela.pt\/noticias\/2026\/04\/30\/belgica-quer-controlar-reatores-nucleares-para-gerir-energia\/#primaryimage\"},\"thumbnailUrl\":\"https:\/\/portaltela.pt\/s.01k8rhncp4jt1\/2026\/04\/1536x864_cmsv2_029f8699-705c-57c5-95da-7abedd621923-9741987.jpg\",\"keywords\":[\"abastecimento de energia\",\"B\u00e9lgica\",\"energia\",\"energias renov\u00e1veis\",\"governo\",\"pol\u00edtica interna\"],\"articleSection\":[\"Energia\"],\"inLanguage\":\"pt-PT\"},{\"@type\":\"WebPage\",\"@id\":\"https:\/\/portaltela.pt\/noticias\/2026\/04\/30\/belgica-quer-controlar-reatores-nucleares-para-gerir-energia\/\",\"url\":\"https:\/\/portaltela.pt\/noticias\/2026\/04\/30\/belgica-quer-controlar-reatores-nucleares-para-gerir-energia\/\",\"name\":\"B\u00e9lgica quer controlar reatores nucleares para gerir energia - Portal Tela Portugal\",\"isPartOf\":{\"@id\":\"https:\/\/portaltela.pt\/#website\"},\"primaryImageOfPage\":{\"@id\":\"https:\/\/portaltela.pt\/noticias\/2026\/04\/30\/belgica-quer-controlar-reatores-nucleares-para-gerir-energia\/#primaryimage\"},\"image\":{\"@id\":\"https:\/\/portaltela.pt\/noticias\/2026\/04\/30\/belgica-quer-controlar-reatores-nucleares-para-gerir-energia\/#primaryimage\"},\"thumbnailUrl\":\"https:\/\/portaltela.pt\/s.01k8rhncp4jt1\/2026\/04\/1536x864_cmsv2_029f8699-705c-57c5-95da-7abedd621923-9741987.jpg\",\"datePublished\":\"2026-04-30T13:03:25+00:00\",\"author\":{\"@id\":\"https:\/\/portaltela.pt\/#\/schema\/person\/c4278d4a6028830caff9ee44b42d32ed\"},\"breadcrumb\":{\"@id\":\"https:\/\/portaltela.pt\/noticias\/2026\/04\/30\/belgica-quer-controlar-reatores-nucleares-para-gerir-energia\/#breadcrumb\"},\"inLanguage\":\"pt-PT\",\"potentialAction\":[{\"@type\":\"ReadAction\",\"target\":[\"https:\/\/portaltela.pt\/noticias\/2026\/04\/30\/belgica-quer-controlar-reatores-nucleares-para-gerir-energia\/\"]}]},{\"@type\":\"ImageObject\",\"inLanguage\":\"pt-PT\",\"@id\":\"https:\/\/portaltela.pt\/noticias\/2026\/04\/30\/belgica-quer-controlar-reatores-nucleares-para-gerir-energia\/#primaryimage\",\"url\":\"https:\/\/portaltela.pt\/s.01k8rhncp4jt1\/2026\/04\/1536x864_cmsv2_029f8699-705c-57c5-95da-7abedd621923-9741987.jpg\",\"contentUrl\":\"https:\/\/portaltela.pt\/s.01k8rhncp4jt1\/2026\/04\/1536x864_cmsv2_029f8699-705c-57c5-95da-7abedd621923-9741987.jpg\",\"width\":796,\"height\":448,\"caption\":\"Vapor emana de uma central nuclear junto a linhas de eletricidade em Doel, 11 de outubro de 2021\"},{\"@type\":\"BreadcrumbList\",\"@id\":\"https:\/\/portaltela.pt\/noticias\/2026\/04\/30\/belgica-quer-controlar-reatores-nucleares-para-gerir-energia\/#breadcrumb\",\"itemListElement\":[{\"@type\":\"ListItem\",\"position\":1,\"name\":\"In\u00edcio\",\"item\":\"https:\/\/portaltela.pt\/\"},{\"@type\":\"ListItem\",\"position\":2,\"name\":\"B\u00e9lgica quer controlar reatores nucleares para gerir energia\"}]},{\"@type\":\"WebSite\",\"@id\":\"https:\/\/portaltela.pt\/#website\",\"url\":\"https:\/\/portaltela.pt\/\",\"name\":\"Portal Tela Portugal\",\"description\":\"\",\"potentialAction\":[{\"@type\":\"SearchAction\",\"target\":{\"@type\":\"EntryPoint\",\"urlTemplate\":\"https:\/\/portaltela.pt\/?s={search_term_string}\"},\"query-input\":{\"@type\":\"PropertyValueSpecification\",\"valueRequired\":true,\"valueName\":\"search_term_string\"}}],\"inLanguage\":\"pt-PT\"},{\"@type\":\"Person\",\"@id\":\"https:\/\/portaltela.pt\/#\/schema\/person\/c4278d4a6028830caff9ee44b42d32ed\",\"name\":\"Telinha\",\"image\":{\"@type\":\"ImageObject\",\"inLanguage\":\"pt-PT\",\"@id\":\"https:\/\/portaltela.pt\/s.01k8rhncp4jt1\/2025\/11\/talking-bot-125x125.png\",\"url\":\"https:\/\/portaltela.pt\/s.01k8rhncp4jt1\/2025\/11\/talking-bot-125x125.png\",\"contentUrl\":\"https:\/\/portaltela.pt\/s.01k8rhncp4jt1\/2025\/11\/talking-bot-125x125.png\",\"caption\":\"Telinha\"},\"sameAs\":[\"https:\/\/portaltela.pt\/\"],\"url\":\"https:\/\/portaltela.pt\/por\/367410592786\/\"}]}<\/script>\n<!-- \/ Yoast SEO plugin. -->","yoast_head_json":{"title":"B\u00e9lgica quer controlar reatores nucleares para gerir energia - Portal Tela Portugal","robots":{"index":"index","follow":"follow","max-snippet":"max-snippet:-1","max-image-preview":"max-image-preview:large","max-video-preview":"max-video-preview:-1"},"og_locale":"pt_PT","og_type":"article","og_title":"B\u00e9lgica quer controlar reatores nucleares para gerir energia - Portal Tela Portugal","og_description":"O governo belga come\u00e7ou negocia\u00e7\u00f5es para assumir o controlo total do parque nuclear junto da ENGIE e da Electrabel, de forma a assegurar o abastecimento energ\u00e9tico. O primeiro-ministro Bart De Wever afirmou, numa publica\u00e7\u00e3o no X, que foi alcan\u00e7ado um acordo para definir condi\u00e7\u00f5es e iniciar os estudos necess\u00e1rios para a aquisi\u00e7\u00e3o completa do parque nuclear belga. Cinco das sete centrais el\u00e9tricas, situadas em Doel e Tihange, foram encerradas entre 2022 e 2025; dois reatores permanecem ativos com licen\u00e7as prorrogadas at\u00e9 2035. A ENGIE op\u00f4s-se ao projeto, preferindo investir em centrais solares, baterias e g\u00e1s; De Wever afirmou que n\u00e3o \u00e9 boa combina\u00e7\u00e3o ter um operador que quer sair. As negocia\u00e7\u00f5es devem ficar conclu\u00eddas em outubro; os planos de desmantelamento das opera\u00e7\u00f5es nucleares, iniciados pela ENGIE, est\u00e3o momentaneamente parados.","og_url":"https:\/\/portaltela.pt\/noticias\/2026\/04\/30\/belgica-quer-controlar-reatores-nucleares-para-gerir-energia\/","og_site_name":"Portal Tela Portugal","article_published_time":"2026-04-30T13:03:25+00:00","author":"Telinha","twitter_card":"summary_large_image","twitter_misc":{"Escrito por":"Telinha","Tempo estimado de leitura":"2 minutos"},"schema":{"@context":"https:\/\/schema.org","@graph":[{"@type":"Article","@id":"https:\/\/portaltela.pt\/noticias\/2026\/04\/30\/belgica-quer-controlar-reatores-nucleares-para-gerir-energia\/#article","isPartOf":{"@id":"https:\/\/portaltela.pt\/noticias\/2026\/04\/30\/belgica-quer-controlar-reatores-nucleares-para-gerir-energia\/"},"author":{"name":"Telinha","@id":"https:\/\/portaltela.pt\/#\/schema\/person\/c4278d4a6028830caff9ee44b42d32ed"},"headline":"B\u00e9lgica quer controlar reatores nucleares para gerir energia","datePublished":"2026-04-30T13:03:25+00:00","mainEntityOfPage":{"@id":"https:\/\/portaltela.pt\/noticias\/2026\/04\/30\/belgica-quer-controlar-reatores-nucleares-para-gerir-energia\/"},"wordCount":309,"image":{"@id":"https:\/\/portaltela.pt\/noticias\/2026\/04\/30\/belgica-quer-controlar-reatores-nucleares-para-gerir-energia\/#primaryimage"},"thumbnailUrl":"https:\/\/portaltela.pt\/s.01k8rhncp4jt1\/2026\/04\/1536x864_cmsv2_029f8699-705c-57c5-95da-7abedd621923-9741987.jpg","keywords":["abastecimento de energia","B\u00e9lgica","energia","energias renov\u00e1veis","governo","pol\u00edtica interna"],"articleSection":["Energia"],"inLanguage":"pt-PT"},{"@type":"WebPage","@id":"https:\/\/portaltela.pt\/noticias\/2026\/04\/30\/belgica-quer-controlar-reatores-nucleares-para-gerir-energia\/","url":"https:\/\/portaltela.pt\/noticias\/2026\/04\/30\/belgica-quer-controlar-reatores-nucleares-para-gerir-energia\/","name":"B\u00e9lgica quer controlar reatores nucleares para gerir energia - Portal Tela Portugal","isPartOf":{"@id":"https:\/\/portaltela.pt\/#website"},"primaryImageOfPage":{"@id":"https:\/\/portaltela.pt\/noticias\/2026\/04\/30\/belgica-quer-controlar-reatores-nucleares-para-gerir-energia\/#primaryimage"},"image":{"@id":"https:\/\/portaltela.pt\/noticias\/2026\/04\/30\/belgica-quer-controlar-reatores-nucleares-para-gerir-energia\/#primaryimage"},"thumbnailUrl":"https:\/\/portaltela.pt\/s.01k8rhncp4jt1\/2026\/04\/1536x864_cmsv2_029f8699-705c-57c5-95da-7abedd621923-9741987.jpg","datePublished":"2026-04-30T13:03:25+00:00","author":{"@id":"https:\/\/portaltela.pt\/#\/schema\/person\/c4278d4a6028830caff9ee44b42d32ed"},"breadcrumb":{"@id":"https:\/\/portaltela.pt\/noticias\/2026\/04\/30\/belgica-quer-controlar-reatores-nucleares-para-gerir-energia\/#breadcrumb"},"inLanguage":"pt-PT","potentialAction":[{"@type":"ReadAction","target":["https:\/\/portaltela.pt\/noticias\/2026\/04\/30\/belgica-quer-controlar-reatores-nucleares-para-gerir-energia\/"]}]},{"@type":"ImageObject","inLanguage":"pt-PT","@id":"https:\/\/portaltela.pt\/noticias\/2026\/04\/30\/belgica-quer-controlar-reatores-nucleares-para-gerir-energia\/#primaryimage","url":"https:\/\/portaltela.pt\/s.01k8rhncp4jt1\/2026\/04\/1536x864_cmsv2_029f8699-705c-57c5-95da-7abedd621923-9741987.jpg","contentUrl":"https:\/\/portaltela.pt\/s.01k8rhncp4jt1\/2026\/04\/1536x864_cmsv2_029f8699-705c-57c5-95da-7abedd621923-9741987.jpg","width":796,"height":448,"caption":"Vapor emana de uma central nuclear junto a linhas de eletricidade em Doel, 11 de outubro de 2021"},{"@type":"BreadcrumbList","@id":"https:\/\/portaltela.pt\/noticias\/2026\/04\/30\/belgica-quer-controlar-reatores-nucleares-para-gerir-energia\/#breadcrumb","itemListElement":[{"@type":"ListItem","position":1,"name":"In\u00edcio","item":"https:\/\/portaltela.pt\/"},{"@type":"ListItem","position":2,"name":"B\u00e9lgica quer controlar reatores nucleares para gerir energia"}]},{"@type":"WebSite","@id":"https:\/\/portaltela.pt\/#website","url":"https:\/\/portaltela.pt\/","name":"Portal Tela Portugal","description":"","potentialAction":[{"@type":"SearchAction","target":{"@type":"EntryPoint","urlTemplate":"https:\/\/portaltela.pt\/?s={search_term_string}"},"query-input":{"@type":"PropertyValueSpecification","valueRequired":true,"valueName":"search_term_string"}}],"inLanguage":"pt-PT"},{"@type":"Person","@id":"https:\/\/portaltela.pt\/#\/schema\/person\/c4278d4a6028830caff9ee44b42d32ed","name":"Telinha","image":{"@type":"ImageObject","inLanguage":"pt-PT","@id":"https:\/\/portaltela.pt\/s.01k8rhncp4jt1\/2025\/11\/talking-bot-125x125.png","url":"https:\/\/portaltela.pt\/s.01k8rhncp4jt1\/2025\/11\/talking-bot-125x125.png","contentUrl":"https:\/\/portaltela.pt\/s.01k8rhncp4jt1\/2025\/11\/talking-bot-125x125.png","caption":"Telinha"},"sameAs":["https:\/\/portaltela.pt\/"],"url":"https:\/\/portaltela.pt\/por\/367410592786\/"}]}},"_links":{"self":[{"href":"https:\/\/portaltela.pt\/api\/wp\/v2\/posts\/462443","targetHints":{"allow":["GET"]}}],"collection":[{"href":"https:\/\/portaltela.pt\/api\/wp\/v2\/posts"}],"about":[{"href":"https:\/\/portaltela.pt\/api\/wp\/v2\/types\/post"}],"author":[{"embeddable":true,"href":"https:\/\/portaltela.pt\/api\/wp\/v2\/users\/2"}],"replies":[{"embeddable":true,"href":"https:\/\/portaltela.pt\/api\/wp\/v2\/comments?post=462443"}],"version-history":[{"count":0,"href":"https:\/\/portaltela.pt\/api\/wp\/v2\/posts\/462443\/revisions"}],"wp:featuredmedia":[{"embeddable":true,"href":"https:\/\/portaltela.pt\/api\/wp\/v2\/media\/462466"}],"wp:attachment":[{"href":"https:\/\/portaltela.pt\/api\/wp\/v2\/media?parent=462443"}],"wp:term":[{"taxonomy":"category","embeddable":true,"href":"https:\/\/portaltela.pt\/api\/wp\/v2\/categories?post=462443"},{"taxonomy":"post_tag","embeddable":true,"href":"https:\/\/portaltela.pt\/api\/wp\/v2\/tags?post=462443"}],"curies":[{"name":"wp","href":"https:\/\/api.w.org\/{rel}","templated":true}]}}